{"id":29231,"date":"2020-12-04T12:40:20","date_gmt":"2020-12-04T12:40:20","guid":{"rendered":"https:\/\/revistaidees.cat\/?p=29231"},"modified":"2020-12-11T14:35:04","modified_gmt":"2020-12-11T14:35:04","slug":"from-the-multi-dimensional-to-the-personal-approaching-intersectional-discrimination-against-roma-women","status":"publish","type":"post","link":"https:\/\/revistaidees.cat\/en\/from-the-multi-dimensional-to-the-personal-approaching-intersectional-discrimination-against-roma-women\/","title":{"rendered":"From the multi-dimensional to the personal: approaching intersectional discrimination against Roma women"},"content":{"rendered":"\n<p>The North American author Kimberl\u00e9 Crenshaw was the first person to introduce the concept of intersectionality through her legal studies and the paper she wrote in 1989 on black feminism. Prior to this, many Chicana and Afro-descendent women who were active in anti-racist, anti-colonialist and feminist movements had expressed their unease due to the two-fold oppression which they were suffering, for their ethnic origin and status as women, both with respect to the majority &#8211; or privileged &#8211; population, as well as at the heart of the movements themselves. We would like to take this opportunity to recognise the efforts of women who have played a vital role in the fight against racism and sexism, without intending to provide an exhaustive list. Here are the names of some of these women: Maria Stewart, Sojourner Truth, Anna Nieto G\u00f3mez, Cherr\u00ede Moraga, Gloria Anzald\u00faa, Angela Davis, bell hooks, Gloria T. Hull, Patricia Bell Scott, Kum-Kum Bhavnani and Margaret Coulson. <\/p>\n\n\n\n<h5 class=\"wp-block-heading\">The concept of intersectional discrimination <span class=\"note-item\"><a href=\"#note-01\" class=\"scroll-to\">[1]<\/a><span class=\"note-item-tooltip\">1 \u2014 Per a una definici\u00f3 conceptual m\u00e9s \u00e0mplia de la discriminaci\u00f3 interseccional, vegeu Fundaci\u00f3 Secretariat Gitano (2018), Gu\u00eda sobre Discriminaci\u00f3n Interseccional. El caso de las Mujeres Gitanas (redacci\u00f3 i coordinaci\u00f3 de Tania Sordo Ruz, amb qui tant hem apr\u00e8s sobre interseccionalitat). Disponible en l\u00ednia.\n<\/span><\/span><\/h5>\n\n\n\n<p>However, as previously mentioned, we owe the theoretical and academic recognition of this concept to the law professor Kimberl\u00e9 Crenshaw. Although she initially used this concept to define the different ways in which race and gender interact to shape the experiences of North American black women in the labour market, she has gradually employed it more broadly over the years, regarding many discriminatory situations. Out of all the definitions of this term, we chose to use the following one, mentioned during an interview conducted in 2017 to mark the 20th anniversary of the founding of the African American Policy Forum (AAPF):<\/p>\n\n\n\n<p><em>\u201cIntersectionality is a lens through which you can see where power comes and collides, where it interlocks and intersects. It\u2019s not simply that there\u2019s a race problem here, a gender problem here, and a class or LBGTQ problem there. Many times that framework erases what happens to people who are subject to all of these things.\u201d<\/em><\/p>\n\n\n\n<p>The issue of intersectional discrimination has also been discussed by Roma authors engaged in the fight against anti-Gypsism and sexism, such as Ang\u00e9la K\u00f3cz\u00e9, Nicoleta Bitu and Ethel Brooks. K\u00f3cz\u00e9, a professor at the Central European University, describes the unique circumstances typically faced by Roma women in Europe as follows (Jovanovi\u0107, K\u00f3cz\u00e9 y Balogh, 2015, p.23):<\/p>\n\n\n\n<p><em>\u201cRoma women are exposed to multi-dimensional inequalities, which silence and weaken them. There are undoubtedly many differences between Romani women. However, several worrying general tendencies can be identified [\u2026]. In some European countries, the majority of Roma women fail to complete secondary education. Across Europe, only a small minority manage to pursue higher education (secondary education, bachelor\u2019s degree or post-graduate studies). When they manage to find work, Romani women are often restricted to jobs in the bottom end of the labour market. Their sexual and reproductive lives are threatened by the violence inflicted upon them by public officials and medical service providers, among others, and, sometimes, by their own families and communities. The combined effects of racism, sexism and poverty that shape the social environment surrounding many Roma women prevent them from taking a stand against internal gender oppression so that they do not suffer personally and fuel further stigmatisation from their own families and communities.\u201d <\/em><\/p>\n\n\n\n<p>Following the tenets of the theoretical and academic recognition of this concept, many international and European organisations specialised in protecting human rights have been coining the term \u2018intersectional\u2019 or \u2018multiple\u2019 discrimination over the past few years <span class=\"note-item\"><a href=\"#note-02\" class=\"scroll-to\">[2]<\/a><span class=\"note-item-tooltip\">2 \u2014 Existeix un ampli debat sobre quin terme \u00e9s m\u00e9s apropiat: \u201cdiscriminaci\u00f3 interseccional\u201d, \u201cdiscriminaci\u00f3 m\u00faltiple\u201d o, fins i tot en alguns textos de la Comissi\u00f3 Europea, \u201cdiscriminaci\u00f3 d&#8217;addici\u00f3\u201d. Nosaltres preferim utilitzar el terme d&#8217;interseccionalitat perqu\u00e8 en tots els casos de discriminaci\u00f3 en els quals hem vist que es dona aquest fenomen, en la nostra experi\u00e8ncia d&#8217;assist\u00e8ncia a v\u00edctimes, veiem clar que la situaci\u00f3 es deu a la intersecci\u00f3 (que no suma) del g\u00e8nere i de l&#8217;origen \u00e8tnic (o d&#8217;altres elements, com la classe social); per tant, si elimin\u00e9ssim un d&#8217;aquests factors, la situaci\u00f3 discriminat\u00f2ria no es donaria o seria diferent. Ara b\u00e9: m\u00e9s que l&#8217;\u00fas d&#8217;un o un altre concepte, li donem import\u00e0ncia a la necessitat que les autoritats i tots els agents claus en la lluita contra el racisme, el masclisme, la pobresa i altres formes de desigualtat siguin capa\u00e7os d&#8217;adaptar la seva resposta a les realitats que afecten les diferents persones, en els termes d&#8217;all\u00f2 que expliquem en aquest article.\n<\/span><\/span>. On various occasions, the United Nations Committee on the Elimination of Racial Discrimination (CERD) has mentioned the fact that both racism and anti-Gypsism affect women in different ways. This phenomenon of intersectionality, of how sexism affects racial and ethnic minority women, has also received the specific attention of the United Nations Committee on the Elimination of Discrimination against Women (CEDAW), which, in 2010, stated that \u201cIntersectionality is a basic concept for understanding the scope of the general obligations of States [\u2026]. The discrimination of women based on sex and gender is inextricably linked with other factors that affect women, such as race, ethnicity, religion or beliefs, health, status, age, class, caste, and sexual orientation and gender identity\u201d. The European Court of Human Rights has also explored the issue of multiple and intersectional discrimination in several of its judgements (see the judgements of the ECHR in the cases Beauty Solomon v. Spain or Carvalho Pinto de Sousa Morais v. Portugal).<\/p>\n\n\n\n<div class=\"wp-block-columns is-layout-flex wp-container-core-columns-is-layout-9d6595d7 wp-block-columns-is-layout-flex\">\n<div class=\"wp-block-column is-layout-flow wp-block-column-is-layout-flow\" style=\"flex-basis:33.33%\">\n<blockquote class=\"wp-block-quote is-style-large is-layout-flow wp-block-quote-is-layout-flow\"><p>In the case of Roma women, the patriarchal system, historical anti-Gypsism, poverty, and in some cases their immigration status, interact and coalesce<\/p><\/blockquote>\n<\/div>\n\n\n\n<div class=\"wp-block-column is-layout-flow wp-block-column-is-layout-flow\" style=\"flex-basis:66.66%\">\n<p>By focusing specifically on intersectionality, we have been addressing the specific plight of Roma women for several years at the Gypsy Secretariat Foundation (FSG), in order to respond more effectively to the various forms of discrimination that they face and to adapt the support that we provide to the reality of their situation, in which historical anti-Gypsism and the patriarchal system (and, most often, poverty, and, in the case of Romanian gypsies, their immigration status) interact and coalesce. We have been doing this since 2016, more specifically through the Cal\u00ed Programme for the Equality of Roma Women (<em>Programa Cal\u00ed, por la Igualdad de las Mujeres Gitanas<\/em> in Spanish), with the support of the 30 or so equality technicians present across Spain.<\/p>\n\n\n\n<p>To better understand the reality of these situations and the human impact of the intersectional discrimination from which they suffer, we will now provide several real examples of situations faced by Roma women with whom we work at the FSG <span class=\"note-item\"><a href=\"#note-03\" class=\"scroll-to\">[3]<\/a><span class=\"note-item-tooltip\">3 \u2014 Per a m\u00e9s detalls sobre els casos de discriminaci\u00f3 i antigitanisme que atenem a la Fundaci\u00f3 Secretariat Gitano (FSG), es poden consultar els nostres informes anuals de \u201cDiscriminaci\u00f3 i Comunitat Gitana\u201d, disponibles en l\u00ednia.\n<\/span><\/span>.<\/p>\n<\/div>\n<\/div>\n\n\n\n<h4 class=\"wp-block-heading\">Intersectionality at play in situations faced by Roma women <\/h4>\n\n\n\n<h5 class=\"wp-block-heading\">The case of a young Roma woman who was wrongly convicted of theft in a shopping centre in Madrid<\/h5>\n\n\n\n<p>The first example is of a young Roma woman who visited Carrefour with her baby and her sister-in-law. As she was leaving the store, she was stopped by the security guard, who was convinced that the toy her baby was holding, and which cost \u20ac6.90, had been stolen. The young woman assured the guard that she had not even visited the toy section in Carrefour on that day and that that particular toy had been given to her baby as a present during the opening of a toyshop several days earlier. However, the young woman heard the guard say to his colleague: \u201cThey&#8217;re Gypsies, of course they\u2019ve stolen it.\u201d <\/p>\n\n\n\n<p>Although the young woman pleaded her innocence, the guard kept her and her baby in the security office, in the cold, for over an hour and a half, not even allowing her to feed her baby or change its diaper until the police arrived. When the police officers arrived, they filed a complaint based solely on the guard\u2019s testimony. They did not consider the young woman\u2019s account of the situation, who asked them to look at the security cameras in order to prove that she had not even visited the toy section. She left the shop with a complaint which ordered her to face a speedy trial for theft.<\/p>\n\n\n\n<p>The speedy trial took place the following day, during which the young woman asked the judge to call the sales assistant at the toyshop to stand as a witness and asked everyone to take a look at the security cameras. However, the judge refused to grant her this request, violating her right to a fair trial. Based on the security guard\u2019s testimony &#8211; the only form of evidence provided &#8211; the young woman was ordered to pay a fine of \u20ac26 for theft, which also led to her receiving a criminal record.<\/p>\n\n\n\n<p>We at the FSG valued this case as a form of strategic litigation, and in order to represent this young woman we lodged an appeal before the Madrid Provincial Court, which was regrettably dropped. We will therefore continue to pursue this case, taking it to European and international institutions if necessary, so as to achieve effective redress for this violation of human rights, which should account for the intersectional nature of the discrimination and harm caused.<\/p>\n\n\n\n<p>This case represents a clear example of intersectional discrimination, in which ethnic origin, gender, age, motherhood and the young Roma woman\u2019s social class have coalesced.  This case occurred because the stereotype that Roma people steal from supermarkets and shops is more marked against Roma women than Roma men. Likewise, given her circumstances, the time that she and her baby spent detained by the security guard had a much greater impact on her than the situation would have had otherwise. We are also convinced that her young age and social status, coupled with her ethnic origin and gender, determined the treatment that she received from the judge and the prosecutor during the trial, during which she had barely been given the opportunity to speak, as well as from the Madrid Provincial Court itself, which confirmed the sentence in spite of the irregularity-ridden judicial process.<\/p>\n\n\n\n<h5 class=\"wp-block-heading\"> The case of a Romanian Gypsy who was refused the right to report a theft<\/h5>\n\n\n\n<p>In May 2020, a young Romanian Gypsy woman went to a police station in Barcelona to file a complaint, having been a victim of theft. On this very day, her bag had been stolen from inside her vehicle, which contained various belongings, including electronic purse receipts, health cards, a social services card and two mobile phones.<\/p>\n\n\n\n<p>The women visited a <em>Mossos d\u2019Esquadra<\/em> (Catalan Autonomous Police) station, where she was twice denied the opportunity to file a complaint by officers, who claimed that they first needed to prove her ownership of the two mobile phones by checking the receipts. Despite being the victim of a crime, and thus wanting to exercise her right to file a complaint at a police station as would any other person, she ended up being deemed a suspect. This being the year 2020 and in a country such as Spain, it is difficult to imagine someone needing to prove their ownership of an object before being allowed to lodge a complaint, even when strong xenophobic prejudice and anti-Gypsy stereotypes are involved as was the case here.<\/p>\n\n\n\n<p>The young woman was therefore denied the right to information as well as the right to lodge a complaint and to receive fair treatment without facing any form of discrimination, which constitute fundamental rights for all people. For this reason, we at the FSG lodged a complaint with the <em>S\u00edndic de Greuges<\/em> (Catalan Ombudsman), which launched an investigation. This investigation concluded that the young woman was treated inappropriately, urging chiefs at this station to improve the training provided to the officers who attended to the young Romanian Gypsy in this way.<\/p>\n\n\n\n<p>In this case, an act of discrimination took place in which ethnic origin, nationality, the woman\u2019s status as a female immigrant and her belonging to a highly stigmatised neighbourhood in the province of Barcelona intersected.<\/p>\n\n\n\n<h5 class=\"wp-block-heading\"><br>Cases of forced sterilisation of Romani\/Roma women in Europe<\/h5>\n\n\n\n<p>Reproductive rights are a part of the international basic human rights principles. These include the right to life, physical integrity, health services, not to be subjected to torture, liberty and security of the person, a private and family life, to decide freely on the number and spacing of one&#8217;s children, freedom of expression, to receive and impart information, to marry and found a family, and education, which are all guaranteed by various international covenants and conventions. One of the most serious breaches and violations of human rights against women is the practice of coercive sterilisation. This practice has been carried out specifically on Roma women across Europe <span class=\"note-item\"><a href=\"#note-04\" class=\"scroll-to\">[4]<\/a><span class=\"note-item-tooltip\">4 \u2014 En efecte, aquestes pr\u00e0ctiques han continuat vigents fins fa pocs anys en pa\u00efsos com Alemanya, Su\u00e8cia, Su\u00efssa, Noruega, Eslov\u00e0quia, Rep\u00fablica Txeca, Romania, Hongria o Bulg\u00e0ria. Per a m\u00e9s informaci\u00f3, consulteu l&#8217;article &#8220;Historia de las gitanas&#8221; de l&#8217;aula de joves de al web de l&#8217;Skola Feminista Romani. Tamb\u00e9 resulta molt esclaridor aquest informe de l&#8217;European Roma Rights Centre.\n<\/span><\/span>, representing one of the most violent examples of intersectional discrimination.<\/p>\n\n\n\n<p>We sadly discovered a while ago that one of our participants suffered from a human rights violation. This particular participant was a Romanian Gypsy woman who asked us at the FSG to accompany her when she consulted reproductive health services, given her inability to express herself due to the language barrier. This woman wanted more children and had been trying for more babies for many years. She therefore wanted to know if she was suffering from a medical condition that prevented her from getting pregnant, and if that were the case, to begin treatment for it. <\/p>\n\n\n\n<div class=\"wp-block-columns is-layout-flex wp-container-core-columns-is-layout-9d6595d7 wp-block-columns-is-layout-flex\">\n<div class=\"wp-block-column is-layout-flow wp-block-column-is-layout-flow\" style=\"flex-basis:33.33%\">\n<blockquote class=\"wp-block-quote is-style-large is-layout-flow wp-block-quote-is-layout-flow\"><p>One of the most violent examples of intersectional discrimination is coercive sterilization, a practice carried out specifically on Roma women across Europe<\/p><\/blockquote>\n<\/div>\n\n\n\n<div class=\"wp-block-column is-layout-flow wp-block-column-is-layout-flow\" style=\"flex-basis:66.66%\">\n<p>Following many deep medical examinations, it was found that she had been sterilised the last time that she gave birth in Romania. For her, this discovery was absolutely devastating. <\/p>\n\n\n\n<p>When we delved deeper into this story with her, she told us that she remembered being asked a question that she did not understand very well at the time, but that these people had explained that they were going to operate on her for the good of her reproductive health, and that she gave her consent for the procedure to go ahead. At no point did they explain that they were going to carry out a sterilisation and that she would not be able to have more children in the future. She assured us that she would never have consented to this practice had she been aware of the consequences.<\/p>\n\n\n\n<p>In this case, various vulnerability factors intersected once again: gender, ethnicity, social class and socio-educational status. This case represents a very serious act of discrimination exacerbated by the victim\u2019s lack of awareness of her rights and her highly vulnerable profile.<\/p>\n<\/div>\n<\/div>\n\n\n\n<h5 class=\"wp-block-heading\">Conclusions: how institutions should approach intersectionality<\/h5>\n\n\n\n<p>As we discussed in the introduction, the approach towards intersectionality requires a multi-dimensional perspective, ensuring an effective response to the discrimination and inequities faced by Roma women due to their ethnic origin and gender, and as a result of other potential factors such as their socio-economic status, immigration status and health situation, among others. This institutional response should be based on the experiences of women and should follow the guidelines set out by international human rights organisations, with the CEDAW doubtlessly being the body that has most explored this issue.<\/p>\n\n\n\n<p>In fact, in the words of this committee, \u201cStates parties must legally recognize such intersecting forms of discrimination and their compounded negative impact on the women concerned and prohibit them. They also need to adopt and pursue policies and programmes designed to eliminate such occurrences, including, where appropriate, temporary special measures\u201d ensuring a positive impact (General Recommendation 28, par. 18).<\/p>\n\n\n\n<p>Delving deeper into this issue, the CEDAW recently developed its opinion on State obligations regarding intersectional discrimination in a judgement issued against North Macedonia (S.N. i E.R. against North Macedonia, Decision of the CEDAW of 24 February 2020 [CEDAW\/C\/75\/D\/107\/2016]). In a case involving the forced eviction of adolescent Roma women, who were pregnant and had no access to any form of health coverage, and the demolition of all the dwellings found in a particular settlement (without respecting any legal guarantee), the CEDAW condemned the North Macedonian State for intersectional discrimination based on the gender, ethnic origin, age and health condition of these young women. Despite these personal circumstances, the North Macedonian State, in this case, was deemed to have treated the young women equally to other residents of this settlement, claiming that the principle of non-discrimination \u201cdoes not only involve treating people equally when they find themselves in similar situations, but also involves treating them differently when they find themselves in different situations.\u201d <\/p>\n\n\n\n<p>The authorities are ultimately obligated to adapt their policies and legislative measures to the specific circumstances of different people, adopting a multidimensional approach in the process, because if they treat different things equally, if they tackle different forms of discrimination and inequities separately, they will not properly guarantee access to rights. Policies promoting gender equality should not ignore the ethnic component, in the same way that anti-racist policies should not overlook gender. Both of these types of policies should also be pursued within the framework of the fight against poverty and the promotion of equal opportunities. <\/p>\n\n\n\n<div class=\"wp-block-columns is-layout-flex wp-container-core-columns-is-layout-9d6595d7 wp-block-columns-is-layout-flex\">\n<div class=\"wp-block-column is-layout-flow wp-block-column-is-layout-flow\" style=\"flex-basis:33.33%\">\n<blockquote class=\"wp-block-quote is-style-large is-layout-flow wp-block-quote-is-layout-flow\"><p>Policies promoting gender equality should not ignore the ethnic component, in the same way that anti-racist policies should not overlook gender<\/p><\/blockquote>\n<\/div>\n\n\n\n<div class=\"wp-block-column is-layout-flow wp-block-column-is-layout-flow\" style=\"flex-basis:66.66%\">\n<p>The upcoming comprehensive equality of treatment law (<em>Ley integral de igualdad de trato<\/em> in Spanish), which we hope will soon be processed and approved, should therefore incorporate this intersectional approach in order to respond appropriately to specific forms of discrimination faced by Roma women. Moreover, all the political and regulatory initiatives related to discrimination and hate crimes should also take into account, with regard to redress for the harm caused by intersectional discrimination, the fact that the violation of rights usually has a greater impact when various factors coalesce (and all the aforementioned examples illustrate this point extremely well). It is only in this way that we will manage to have a real positive impact on the lives of Roma women.<\/p>\n<\/div>\n<\/div>\n","protected":false},"excerpt":{"rendered":"<p>The North American author Kimberl\u00e9 Crenshaw was the first person to introduce the concept of intersectionality through her legal studies and the paper she wrote in 1989 on black feminism. Prior to this, many Chicana and Afro-descendent women who were active in anti-racist, anti-colonialist and feminist movements had expressed their unease due to the two-fold oppression which they were suffering, for their ethnic origin and status as women, both with respect to the majority &#8211; or privileged &#8211; population, as well as at the heart of the movements themselves. We would like to take this opportunity to recognise the efforts\u2026<\/p>\n","protected":false},"author":3,"featured_media":62221,"parent":0,"comment_status":"closed","ping_status":"closed","sticky":false,"template":"","format":"standard","meta":{"_acf_changed":false,"inline_featured_image":false,"_jetpack_memberships_contains_paid_content":false,"footnotes":""},"categories":[281],"tags":[],"segment":[],"subject":[],"class_list":["post-29231","post","type-post","status-publish","format-standard","has-post-thumbnail","hentry","category-drets-de-ciutadania-dret-de-vot-immigracio-i-mobilitat-en"],"acf":[],"yoast_head":"<!-- This site is optimized with the Yoast SEO plugin v27.4 - https:\/\/yoast.com\/product\/yoast-seo-wordpress\/ -->\n<title>From the multi-dimensional to the personal: approaching intersectional discrimination against Roma women &#8211; IDEES<\/title>\n<meta name=\"robots\" content=\"index, follow, max-snippet:-1, max-image-preview:large, max-video-preview:-1\" \/>\n<link rel=\"canonical\" href=\"https:\/\/revistaidees.cat\/en\/from-the-multi-dimensional-to-the-personal-approaching-intersectional-discrimination-against-roma-women\/\" \/>\n<meta property=\"og:locale\" content=\"en_US\" \/>\n<meta property=\"og:type\" content=\"article\" \/>\n<meta property=\"og:title\" content=\"From the multi-dimensional to the personal: approaching intersectional discrimination against Roma women &#8211; IDEES\" \/>\n<meta property=\"og:description\" content=\"The North American author Kimberl\u00e9 Crenshaw was the first person to introduce the concept of intersectionality through her legal studies and the paper she wrote in 1989 on black feminism. Prior to this, many Chicana and Afro-descendent women who were active in anti-racist, anti-colonialist and feminist movements had expressed their unease due to the two-fold oppression which they were suffering, for their ethnic origin and status as women, both with respect to the majority &#8211; or privileged &#8211; population, as well as at the heart of the movements themselves. We would like to take this opportunity to recognise the efforts\u2026\" \/>\n<meta property=\"og:url\" content=\"https:\/\/revistaidees.cat\/en\/from-the-multi-dimensional-to-the-personal-approaching-intersectional-discrimination-against-roma-women\/\" \/>\n<meta property=\"og:site_name\" content=\"IDEES\" \/>\n<meta property=\"article:published_time\" content=\"2020-12-04T12:40:20+00:00\" \/>\n<meta property=\"article:modified_time\" content=\"2020-12-11T14:35:04+00:00\" \/>\n<meta property=\"og:image\" content=\"https:\/\/i0.wp.com\/revistaidees.cat\/wp-content\/uploads\/2020\/12\/TW_Labordatge-de-la-discriminacio-interseccional-que-pateixen-les-dones-gitanes-1.jpg?fit=1200%2C800&ssl=1\" \/>\n\t<meta property=\"og:image:width\" content=\"1200\" \/>\n\t<meta property=\"og:image:height\" content=\"800\" \/>\n\t<meta property=\"og:image:type\" content=\"image\/jpeg\" \/>\n<meta name=\"author\" content=\"maria\" \/>\n<meta name=\"twitter:card\" content=\"summary_large_image\" \/>\n<meta name=\"twitter:label1\" content=\"Written by\" \/>\n\t<meta name=\"twitter:data1\" content=\"maria\" \/>\n\t<meta name=\"twitter:label2\" content=\"Est. reading time\" \/>\n\t<meta name=\"twitter:data2\" content=\"14 minutes\" \/>\n<script type=\"application\/ld+json\" class=\"yoast-schema-graph\">{\"@context\":\"https:\\\/\\\/schema.org\",\"@graph\":[{\"@type\":\"Article\",\"@id\":\"https:\\\/\\\/revistaidees.cat\\\/en\\\/from-the-multi-dimensional-to-the-personal-approaching-intersectional-discrimination-against-roma-women\\\/#article\",\"isPartOf\":{\"@id\":\"https:\\\/\\\/revistaidees.cat\\\/en\\\/from-the-multi-dimensional-to-the-personal-approaching-intersectional-discrimination-against-roma-women\\\/\"},\"author\":{\"name\":\"maria\",\"@id\":\"https:\\\/\\\/revistaidees.cat\\\/#\\\/schema\\\/person\\\/23b13c8d154c858b03b5b4905ae0d5f6\"},\"headline\":\"From the multi-dimensional to the personal: approaching intersectional discrimination against Roma women\",\"datePublished\":\"2020-12-04T12:40:20+00:00\",\"dateModified\":\"2020-12-11T14:35:04+00:00\",\"mainEntityOfPage\":{\"@id\":\"https:\\\/\\\/revistaidees.cat\\\/en\\\/from-the-multi-dimensional-to-the-personal-approaching-intersectional-discrimination-against-roma-women\\\/\"},\"wordCount\":2797,\"image\":{\"@id\":\"https:\\\/\\\/revistaidees.cat\\\/en\\\/from-the-multi-dimensional-to-the-personal-approaching-intersectional-discrimination-against-roma-women\\\/#primaryimage\"},\"thumbnailUrl\":\"https:\\\/\\\/i0.wp.com\\\/revistaidees.cat\\\/wp-content\\\/uploads\\\/2020\\\/12\\\/TW_Labordatge-de-la-discriminacio-interseccional-que-pateixen-les-dones-gitanes-1.jpg?fit=1200%2C800&ssl=1\",\"articleSection\":[\"Citizenship rights, voting rights, migration and mobility\"],\"inLanguage\":\"en-US\"},{\"@type\":\"WebPage\",\"@id\":\"https:\\\/\\\/revistaidees.cat\\\/en\\\/from-the-multi-dimensional-to-the-personal-approaching-intersectional-discrimination-against-roma-women\\\/\",\"url\":\"https:\\\/\\\/revistaidees.cat\\\/en\\\/from-the-multi-dimensional-to-the-personal-approaching-intersectional-discrimination-against-roma-women\\\/\",\"name\":\"From the multi-dimensional to the personal: approaching intersectional discrimination against Roma women &#8211; IDEES\",\"isPartOf\":{\"@id\":\"https:\\\/\\\/revistaidees.cat\\\/#website\"},\"primaryImageOfPage\":{\"@id\":\"https:\\\/\\\/revistaidees.cat\\\/en\\\/from-the-multi-dimensional-to-the-personal-approaching-intersectional-discrimination-against-roma-women\\\/#primaryimage\"},\"image\":{\"@id\":\"https:\\\/\\\/revistaidees.cat\\\/en\\\/from-the-multi-dimensional-to-the-personal-approaching-intersectional-discrimination-against-roma-women\\\/#primaryimage\"},\"thumbnailUrl\":\"https:\\\/\\\/i0.wp.com\\\/revistaidees.cat\\\/wp-content\\\/uploads\\\/2020\\\/12\\\/TW_Labordatge-de-la-discriminacio-interseccional-que-pateixen-les-dones-gitanes-1.jpg?fit=1200%2C800&ssl=1\",\"datePublished\":\"2020-12-04T12:40:20+00:00\",\"dateModified\":\"2020-12-11T14:35:04+00:00\",\"author\":{\"@id\":\"https:\\\/\\\/revistaidees.cat\\\/#\\\/schema\\\/person\\\/23b13c8d154c858b03b5b4905ae0d5f6\"},\"breadcrumb\":{\"@id\":\"https:\\\/\\\/revistaidees.cat\\\/en\\\/from-the-multi-dimensional-to-the-personal-approaching-intersectional-discrimination-against-roma-women\\\/#breadcrumb\"},\"inLanguage\":\"en-US\",\"potentialAction\":[{\"@type\":\"ReadAction\",\"target\":[\"https:\\\/\\\/revistaidees.cat\\\/en\\\/from-the-multi-dimensional-to-the-personal-approaching-intersectional-discrimination-against-roma-women\\\/\"]}]},{\"@type\":\"ImageObject\",\"inLanguage\":\"en-US\",\"@id\":\"https:\\\/\\\/revistaidees.cat\\\/en\\\/from-the-multi-dimensional-to-the-personal-approaching-intersectional-discrimination-against-roma-women\\\/#primaryimage\",\"url\":\"https:\\\/\\\/i0.wp.com\\\/revistaidees.cat\\\/wp-content\\\/uploads\\\/2020\\\/12\\\/TW_Labordatge-de-la-discriminacio-interseccional-que-pateixen-les-dones-gitanes-1.jpg?fit=1200%2C800&ssl=1\",\"contentUrl\":\"https:\\\/\\\/i0.wp.com\\\/revistaidees.cat\\\/wp-content\\\/uploads\\\/2020\\\/12\\\/TW_Labordatge-de-la-discriminacio-interseccional-que-pateixen-les-dones-gitanes-1.jpg?fit=1200%2C800&ssl=1\",\"width\":1200,\"height\":800,\"caption\":\"Associacions de dones gitanes de Madrid entreguen la seva bandera a la delegada de Pol\u00edtiques de G\u00e8nere i Diversitat, Celia Mayer, el 24 de maig de 2018, en la commemoraci\u00f3 del Dia de les gitanes i els gitanos de Madrid. Fotografia: Diario de Madrid\\\/CC BY 4.0\"},{\"@type\":\"BreadcrumbList\",\"@id\":\"https:\\\/\\\/revistaidees.cat\\\/en\\\/from-the-multi-dimensional-to-the-personal-approaching-intersectional-discrimination-against-roma-women\\\/#breadcrumb\",\"itemListElement\":[{\"@type\":\"ListItem\",\"position\":1,\"name\":\"Inici\",\"item\":\"https:\\\/\\\/revistaidees.cat\\\/en\\\/\"},{\"@type\":\"ListItem\",\"position\":2,\"name\":\"From the multi-dimensional to the personal: approaching intersectional discrimination against Roma women\"}]},{\"@type\":\"WebSite\",\"@id\":\"https:\\\/\\\/revistaidees.cat\\\/#website\",\"url\":\"https:\\\/\\\/revistaidees.cat\\\/\",\"name\":\"IDEES\",\"description\":\"Contemporary global issues\",\"potentialAction\":[{\"@type\":\"SearchAction\",\"target\":{\"@type\":\"EntryPoint\",\"urlTemplate\":\"https:\\\/\\\/revistaidees.cat\\\/?s={search_term_string}\"},\"query-input\":{\"@type\":\"PropertyValueSpecification\",\"valueRequired\":true,\"valueName\":\"search_term_string\"}}],\"inLanguage\":\"en-US\"},{\"@type\":\"Person\",\"@id\":\"https:\\\/\\\/revistaidees.cat\\\/#\\\/schema\\\/person\\\/23b13c8d154c858b03b5b4905ae0d5f6\",\"name\":\"maria\",\"image\":{\"@type\":\"ImageObject\",\"inLanguage\":\"en-US\",\"@id\":\"https:\\\/\\\/secure.gravatar.com\\\/avatar\\\/4abe985cb800e0b75c4c7bfc4fd0973825f533e0620f989a75661b23c3255192?s=96&d=mm&r=g\",\"url\":\"https:\\\/\\\/secure.gravatar.com\\\/avatar\\\/4abe985cb800e0b75c4c7bfc4fd0973825f533e0620f989a75661b23c3255192?s=96&d=mm&r=g\",\"contentUrl\":\"https:\\\/\\\/secure.gravatar.com\\\/avatar\\\/4abe985cb800e0b75c4c7bfc4fd0973825f533e0620f989a75661b23c3255192?s=96&d=mm&r=g\",\"caption\":\"maria\"}}]}<\/script>\n<!-- \/ Yoast SEO plugin. -->","yoast_head_json":{"title":"From the multi-dimensional to the personal: approaching intersectional discrimination against Roma women &#8211; IDEES","robots":{"index":"index","follow":"follow","max-snippet":"max-snippet:-1","max-image-preview":"max-image-preview:large","max-video-preview":"max-video-preview:-1"},"canonical":"https:\/\/revistaidees.cat\/en\/from-the-multi-dimensional-to-the-personal-approaching-intersectional-discrimination-against-roma-women\/","og_locale":"en_US","og_type":"article","og_title":"From the multi-dimensional to the personal: approaching intersectional discrimination against Roma women &#8211; IDEES","og_description":"The North American author Kimberl\u00e9 Crenshaw was the first person to introduce the concept of intersectionality through her legal studies and the paper she wrote in 1989 on black feminism. Prior to this, many Chicana and Afro-descendent women who were active in anti-racist, anti-colonialist and feminist movements had expressed their unease due to the two-fold oppression which they were suffering, for their ethnic origin and status as women, both with respect to the majority &#8211; or privileged &#8211; population, as well as at the heart of the movements themselves. We would like to take this opportunity to recognise the efforts\u2026","og_url":"https:\/\/revistaidees.cat\/en\/from-the-multi-dimensional-to-the-personal-approaching-intersectional-discrimination-against-roma-women\/","og_site_name":"IDEES","article_published_time":"2020-12-04T12:40:20+00:00","article_modified_time":"2020-12-11T14:35:04+00:00","og_image":[{"width":1200,"height":800,"url":"https:\/\/i0.wp.com\/revistaidees.cat\/wp-content\/uploads\/2020\/12\/TW_Labordatge-de-la-discriminacio-interseccional-que-pateixen-les-dones-gitanes-1.jpg?fit=1200%2C800&ssl=1","type":"image\/jpeg"}],"author":"maria","twitter_card":"summary_large_image","twitter_misc":{"Written by":"maria","Est. reading time":"14 minutes"},"schema":{"@context":"https:\/\/schema.org","@graph":[{"@type":"Article","@id":"https:\/\/revistaidees.cat\/en\/from-the-multi-dimensional-to-the-personal-approaching-intersectional-discrimination-against-roma-women\/#article","isPartOf":{"@id":"https:\/\/revistaidees.cat\/en\/from-the-multi-dimensional-to-the-personal-approaching-intersectional-discrimination-against-roma-women\/"},"author":{"name":"maria","@id":"https:\/\/revistaidees.cat\/#\/schema\/person\/23b13c8d154c858b03b5b4905ae0d5f6"},"headline":"From the multi-dimensional to the personal: approaching intersectional discrimination against Roma women","datePublished":"2020-12-04T12:40:20+00:00","dateModified":"2020-12-11T14:35:04+00:00","mainEntityOfPage":{"@id":"https:\/\/revistaidees.cat\/en\/from-the-multi-dimensional-to-the-personal-approaching-intersectional-discrimination-against-roma-women\/"},"wordCount":2797,"image":{"@id":"https:\/\/revistaidees.cat\/en\/from-the-multi-dimensional-to-the-personal-approaching-intersectional-discrimination-against-roma-women\/#primaryimage"},"thumbnailUrl":"https:\/\/i0.wp.com\/revistaidees.cat\/wp-content\/uploads\/2020\/12\/TW_Labordatge-de-la-discriminacio-interseccional-que-pateixen-les-dones-gitanes-1.jpg?fit=1200%2C800&ssl=1","articleSection":["Citizenship rights, voting rights, migration and mobility"],"inLanguage":"en-US"},{"@type":"WebPage","@id":"https:\/\/revistaidees.cat\/en\/from-the-multi-dimensional-to-the-personal-approaching-intersectional-discrimination-against-roma-women\/","url":"https:\/\/revistaidees.cat\/en\/from-the-multi-dimensional-to-the-personal-approaching-intersectional-discrimination-against-roma-women\/","name":"From the multi-dimensional to the personal: approaching intersectional discrimination against Roma women &#8211; IDEES","isPartOf":{"@id":"https:\/\/revistaidees.cat\/#website"},"primaryImageOfPage":{"@id":"https:\/\/revistaidees.cat\/en\/from-the-multi-dimensional-to-the-personal-approaching-intersectional-discrimination-against-roma-women\/#primaryimage"},"image":{"@id":"https:\/\/revistaidees.cat\/en\/from-the-multi-dimensional-to-the-personal-approaching-intersectional-discrimination-against-roma-women\/#primaryimage"},"thumbnailUrl":"https:\/\/i0.wp.com\/revistaidees.cat\/wp-content\/uploads\/2020\/12\/TW_Labordatge-de-la-discriminacio-interseccional-que-pateixen-les-dones-gitanes-1.jpg?fit=1200%2C800&ssl=1","datePublished":"2020-12-04T12:40:20+00:00","dateModified":"2020-12-11T14:35:04+00:00","author":{"@id":"https:\/\/revistaidees.cat\/#\/schema\/person\/23b13c8d154c858b03b5b4905ae0d5f6"},"breadcrumb":{"@id":"https:\/\/revistaidees.cat\/en\/from-the-multi-dimensional-to-the-personal-approaching-intersectional-discrimination-against-roma-women\/#breadcrumb"},"inLanguage":"en-US","potentialAction":[{"@type":"ReadAction","target":["https:\/\/revistaidees.cat\/en\/from-the-multi-dimensional-to-the-personal-approaching-intersectional-discrimination-against-roma-women\/"]}]},{"@type":"ImageObject","inLanguage":"en-US","@id":"https:\/\/revistaidees.cat\/en\/from-the-multi-dimensional-to-the-personal-approaching-intersectional-discrimination-against-roma-women\/#primaryimage","url":"https:\/\/i0.wp.com\/revistaidees.cat\/wp-content\/uploads\/2020\/12\/TW_Labordatge-de-la-discriminacio-interseccional-que-pateixen-les-dones-gitanes-1.jpg?fit=1200%2C800&ssl=1","contentUrl":"https:\/\/i0.wp.com\/revistaidees.cat\/wp-content\/uploads\/2020\/12\/TW_Labordatge-de-la-discriminacio-interseccional-que-pateixen-les-dones-gitanes-1.jpg?fit=1200%2C800&ssl=1","width":1200,"height":800,"caption":"Associacions de dones gitanes de Madrid entreguen la seva bandera a la delegada de Pol\u00edtiques de G\u00e8nere i Diversitat, Celia Mayer, el 24 de maig de 2018, en la commemoraci\u00f3 del Dia de les gitanes i els gitanos de Madrid. Fotografia: Diario de Madrid\/CC BY 4.0"},{"@type":"BreadcrumbList","@id":"https:\/\/revistaidees.cat\/en\/from-the-multi-dimensional-to-the-personal-approaching-intersectional-discrimination-against-roma-women\/#breadcrumb","itemListElement":[{"@type":"ListItem","position":1,"name":"Inici","item":"https:\/\/revistaidees.cat\/en\/"},{"@type":"ListItem","position":2,"name":"From the multi-dimensional to the personal: approaching intersectional discrimination against Roma women"}]},{"@type":"WebSite","@id":"https:\/\/revistaidees.cat\/#website","url":"https:\/\/revistaidees.cat\/","name":"IDEES","description":"Contemporary global issues","potentialAction":[{"@type":"SearchAction","target":{"@type":"EntryPoint","urlTemplate":"https:\/\/revistaidees.cat\/?s={search_term_string}"},"query-input":{"@type":"PropertyValueSpecification","valueRequired":true,"valueName":"search_term_string"}}],"inLanguage":"en-US"},{"@type":"Person","@id":"https:\/\/revistaidees.cat\/#\/schema\/person\/23b13c8d154c858b03b5b4905ae0d5f6","name":"maria","image":{"@type":"ImageObject","inLanguage":"en-US","@id":"https:\/\/secure.gravatar.com\/avatar\/4abe985cb800e0b75c4c7bfc4fd0973825f533e0620f989a75661b23c3255192?s=96&d=mm&r=g","url":"https:\/\/secure.gravatar.com\/avatar\/4abe985cb800e0b75c4c7bfc4fd0973825f533e0620f989a75661b23c3255192?s=96&d=mm&r=g","contentUrl":"https:\/\/secure.gravatar.com\/avatar\/4abe985cb800e0b75c4c7bfc4fd0973825f533e0620f989a75661b23c3255192?s=96&d=mm&r=g","caption":"maria"}}]}},"jetpack_featured_media_url":"https:\/\/i0.wp.com\/revistaidees.cat\/wp-content\/uploads\/2020\/12\/TW_Labordatge-de-la-discriminacio-interseccional-que-pateixen-les-dones-gitanes-1.jpg?fit=1200%2C800&ssl=1","jetpack_sharing_enabled":true,"_links":{"self":[{"href":"https:\/\/revistaidees.cat\/en\/wp-json\/wp\/v2\/posts\/29231","targetHints":{"allow":["GET"]}}],"collection":[{"href":"https:\/\/revistaidees.cat\/en\/wp-json\/wp\/v2\/posts"}],"about":[{"href":"https:\/\/revistaidees.cat\/en\/wp-json\/wp\/v2\/types\/post"}],"author":[{"embeddable":true,"href":"https:\/\/revistaidees.cat\/en\/wp-json\/wp\/v2\/users\/3"}],"replies":[{"embeddable":true,"href":"https:\/\/revistaidees.cat\/en\/wp-json\/wp\/v2\/comments?post=29231"}],"version-history":[{"count":5,"href":"https:\/\/revistaidees.cat\/en\/wp-json\/wp\/v2\/posts\/29231\/revisions"}],"predecessor-version":[{"id":29724,"href":"https:\/\/revistaidees.cat\/en\/wp-json\/wp\/v2\/posts\/29231\/revisions\/29724"}],"wp:featuredmedia":[{"embeddable":true,"href":"https:\/\/revistaidees.cat\/en\/wp-json\/wp\/v2\/media\/62221"}],"wp:attachment":[{"href":"https:\/\/revistaidees.cat\/en\/wp-json\/wp\/v2\/media?parent=29231"}],"wp:term":[{"taxonomy":"category","embeddable":true,"href":"https:\/\/revistaidees.cat\/en\/wp-json\/wp\/v2\/categories?post=29231"},{"taxonomy":"post_tag","embeddable":true,"href":"https:\/\/revistaidees.cat\/en\/wp-json\/wp\/v2\/tags?post=29231"},{"taxonomy":"segment","embeddable":true,"href":"https:\/\/revistaidees.cat\/en\/wp-json\/wp\/v2\/segment?post=29231"},{"taxonomy":"subject","embeddable":true,"href":"https:\/\/revistaidees.cat\/en\/wp-json\/wp\/v2\/subject?post=29231"}],"curies":[{"name":"wp","href":"https:\/\/api.w.org\/{rel}","templated":true}]}}