{"id":59909,"date":"2022-09-20T17:03:00","date_gmt":"2022-09-20T15:03:00","guid":{"rendered":"https:\/\/revistaidees.cat\/?p=59909"},"modified":"2023-01-26T11:28:59","modified_gmt":"2023-01-26T09:28:59","slug":"wilsonianism-in-catalonia-and-the-catalanist-attempts-to-take-part-in-the-paris-peace-conference","status":"publish","type":"post","link":"https:\/\/revistaidees.cat\/en\/wilsonianism-in-catalonia-and-the-catalanist-attempts-to-take-part-in-the-paris-peace-conference\/","title":{"rendered":"Wilsonianism in Catalonia and the Catalanist Attempts to take part in the Paris Peace Conference"},"content":{"rendered":"\n<h5 class=\"wp-block-heading\">The attempts to internationalise Catalan aspirations for self-government. Union des Nationalit\u00e9s and the Catalan volunteers in the First World War<\/h5>\n\n\n\n<p>Before the outbreak of the Great War, certain sectors within Catalan nationalism began the process to internationalise their aspirations for self-government. In 1912, the architect and Lliga Regionalista leader Josep Puig i Cadafalch, who would later become the second president of the Mancomunitat, represented the Catalanists at the Union des Nationalit\u00e9s (UdN). This organisation acted as an information, publicity and propaganda centre and as a lobby for those who identified themselves as oppressed nationalities, particularly European nationalities, fostering a current of opinion favourable to nationalities\u2019 right to self-determination <span class=\"note-item\"><a href=\"#note-01\" class=\"scroll-to\">[1]<\/a><span class=\"note-item-tooltip\">1 \u2014 Pich, J., Mart\u00ednez Fiol, D., Contreras, J. I Pastrana, J. (2020) \u201cLa Lliga Regionalista y la Union des Nationalit\u00e9s (1912-1919)\u201d, Ucelay-Da Cal, E. N\u00fa\u00f1ez Seixas, X.M. i Gonz\u00e0lez i Vilalta, A., \u00bfPatrias diversas misma lucha? Alianzas transnacionalistas en el mundo de entreguerras (1912-1939). Barcelona: Bellaterra: 307-324.\n<\/span><\/span>.<\/p>\n\n\n\n<p>In the autumn of 1916, <em>Les Annales des Nationalit\u00e9s<\/em>, the mouthpiece of the Union des Nationalit\u00e9s, devoted a monographic issue to studying the \u201cCatalan nation\u201d. The writer and journalist Alfons Maseras might have had a hand in this. Previously, other issues had been devoted to studying different nationalities, such as the Ukrainian, Lithuanian Latvian or Czech nationalities.<\/p>\n\n\n\n<p>With the outbreak of the Great War, the more radical sectors of Catalan nationalism viewed the global conflict as an opportunity to attain Catalan self-government by aligning with the Triple Entente (a military coalition formed by France, Great Britain and Russia), and especially with France. A not very large group of these radical Catalanists decided to enrol voluntarily in the French Foreign Legion to fight, with the leitmotiv \u201cFor World Freedom\u201d. Their military endeavour received moral and material support from the Brotherhood Committee with the Catalan Volunteers, created in February 1916 by Dr Joan Sol\u00e9 i Pla, a member of the Uni\u00f3 Catalanista and friend of Francesc Maci\u00e0. A majority of the Catalanist Francophiles expressed enthusiasm for the potential offered by the Catalan volunteers for the national cause of Catalonia and built the mirage of a Catalonia that had fought in the Great War alongside the victorious Powers, with the fanciful figure of ten or twelve thousand volunteers. The actual figure was much more modest: the volunteers born in Catalonia numbered just 546; if we add those who considered themselves to be Catalans in one way or another, this would give a maximum figure of 954 volunteers <span class=\"note-item\"><a href=\"#note-02\" class=\"scroll-to\">[2]<\/a><span class=\"note-item-tooltip\">2 \u2014 Mart\u00ednez Fiol, D. (1991) Els voluntaris catalans a la Gran Guerra. Barcelona: PAM. Esculies, J. i Mart\u00ednez Fiol, D. (2014) 12.000. Els catalans a la primera Guerra Mundial. Barcelona: Ara llibres.\n<\/span><\/span>.<\/p>\n\n\n\n<h5 class=\"wp-block-heading\"><em>Messidor <\/em>or the competition of Wilsonianism with Francophile<\/h5>\n\n\n\n<p>In January 1918, the president of the United States of America, Woodrow Wilson, announced his 14 points on how the world should be organised in the post-war future. They were received enthusiastically by a part of the Catalanist intelligentsia who favoured the Allied cause: Wilson defended peoples\u2019 right to self-determination and the creation of a League of Nations. The Treaty of Brest-Litovsk signed between the Russian Bolsheviks and Germany in March 1918 was presented as an alternative to Wilson\u2019s 14 points: while the Bolshevik proposal advocated the construction of independent nation states which, like Poland, would be favourable to Germany, Wilson proposed a pro-Entente Poland and a reformed Austro-Hungarian Empire. The Catalan liberal, socialist and republican left voiced its preference for Wilson\u2019s project <span class=\"note-item\"><a href=\"#note-03\" class=\"scroll-to\">[3]<\/a><span class=\"note-item-tooltip\">3 \u2014 Ucelay-da Cal (9\/10\/1978), &#8220;E. Wilson, i no Lenin: l\u2019esquerra catalana i l\u2019any 1917&#8221;. L\u2019Aven\u00e7: 53-58. Tooze, A. (2016) El Diluvio. La Gran Guerra y la reconstrucci\u00f3n del orden mundial (1916-1931). Barcelona: Cr\u00edtica, 2016. Herman, A. (2017), 1917. Lenin, Wilson, and the Birth of the New World Disorder. New York: Harper Collins Publishers.\n<\/span><\/span>. <\/p>\n\n\n\n<p>The Wilsonian inclinations of a large part of the Catalan pro-Allies intelligentsia were formalised on 1 January 1918 when they published the journal <em>Messidor. Revista quinzenal, regionalisme, solidaritat internacional, iberisme<\/em>. The publication\u2019s title reflected its alignment with the Union des Nationalit\u00e9s, as this organisation\u2019s headquarters in Switzerland was called \u201cVilla Messidor\u201d. The journal, edited by the intellectual Pau M. Turull (1878-1972) from Sabadell <span class=\"note-item\"><a href=\"#note-04\" class=\"scroll-to\">[4]<\/a><span class=\"note-item-tooltip\">4 \u2014 Casanovas, P. (2003) Pau Maria Turull Fournols i la Societat de Nacions, en Montserrat Molas, J. i Pompeu CASANOVAS (eds.) Pensament i filosofia a Catalunya. Vol. 2, Barcelona: INEHCA. Societat catalana de Filosofia: 55-59. N\u00fa\u00f1ez Seixas, X.M. (2010) El catalanisme, el pacifisme liberal i la futura Societat de Nacions. Internacionalitzant el nacionalisme. El catalanisme pol\u00edtic i la q\u00fcesti\u00f3 de les minories nacionals a Europa (1914-1936). Valencia: Afers: 64-75. Pich, J., Mart\u00ednez Fiol, D., Contreras, J. I Pastrana, J. (2020) \u201cInternacionalismo, nacionalismo y pacifismo: los amigos de la unidad moral de Europa, Maseras, Messidor, Turull y la Sociedad de Naciones\u201d, Ucelay-Da Cal, E. N\u00fa\u00f1ez Seixas, X.M. i Gonz\u00e0lez i Vilalta, A., \u00bfPatrias diversas misma lucha?&#8230;: 325-342.\n<\/span><\/span>, published 25 issues and received contributions from all sectors of Catalanism, from the progressivism of Antoni Rovira i Virgili and Alfons Maseras to the regionalism of Eugeni d&#8217;Ors or Manuel de Montoliu. The latter had been openly Germanophile during the War. Turull\u2019s initiatives were also supported by Camb\u00f3\u2019s secretary, Joan Estelrich (1896-1958), who founded the Office for Catalan Expansion in Paris in 1919, with the participation of Maseras <span class=\"note-item\"><a href=\"#note-05\" class=\"scroll-to\">[5]<\/a><span class=\"note-item-tooltip\">5 \u2014 Cattini, Giovanni, \u201cJoan Estelrich i l\u2019Expansi\u00f3 Catalana. La traducci\u00f3n de Prat de la Riba i Camb\u00f3 en la It\u00e0lia feixista\u201d, Cercles. Revista d\u2019hist\u00f2ria cultural, No. 12, January 2009, pp. 75-89.\n<\/span><\/span>. <\/p>\n\n\n\n<p>The primary goal of the review edited by Turull was to advocate the ideal of the League of Nations and was influenced by the thinking of Wilson and other leading figures in international politics at the time, such as Leon Bourgeois, a d\u00e9put\u00e9 for the French Radical Party and future Nobel Peace laureate in 1920, Paul Otlet, a Belgian writer and bibliographer, Edgard Milhaud, a French economist and socialist, and the English politicians Lord Edward Grey, Herbert Henry Asquith and Lord Cecil, among others. However, Turull\u2019s initiative was questioned in Barcelona for its internationalism and in Madrid for its Catalanism. The review\u2019s last issue was a monographic issue on the International Conference on Communications and Transit held by the League of Nations in Barcelona between 20 March and 10 April 1921.<\/p>\n\n\n\n<div class=\"wp-block-columns is-layout-flex wp-container-core-columns-is-layout-9d6595d7 wp-block-columns-is-layout-flex\">\n<div class=\"wp-block-column is-layout-flow wp-block-column-is-layout-flow\" style=\"flex-basis:33.33%\">\n<blockquote class=\"wp-block-quote is-style-large is-layout-flow wp-block-quote-is-layout-flow\">\n<p>During the closing months of the Great War, Wilsonianism pursued the unspoken aim of boosting the morale of pro-Allied Catalanism and, above all, of radical Catalan nationalism<\/p>\n<\/blockquote>\n<\/div>\n\n\n\n<div class=\"wp-block-column is-layout-flow wp-block-column-is-layout-flow\" style=\"flex-basis:66.66%\">\n<p>During the closing months of the Great War, Wilsonianism pursued the unspoken aim of boosting the morale of pro-Allied Catalanism and, above all, of radical Catalan nationalism, particularly among those sectors who had considered intervention in the War as the cornerstone of Catalanist international strategy. Thus, for Dr Sol\u00e9 i Pla, the guiding light of the Catalan volunteers, or Alfons Maseras, who was also a member of the Brotherhood Committee with the Catalan Volunteers, Wilsonianism became a new, modernised rallying point for pro-Allied sentiment, based on the belief that Wilson\u2019s support for the self-determination of nationalities would be applied around the world. Maseras had also been a member of the Committee for the Moral Unity of Europe; in spite of being accused of being pro-German, Maseras had no hesitation in affirming that the Committee would have defended Wilson\u2019s ideas.<\/p>\n<\/div>\n<\/div>\n\n\n\n<h5 class=\"wp-block-heading\">The end of the War<\/h5>\n\n\n\n<p>With the victory of the Entente, expectations of a possible national liberation (people had spoken of the Great War as the \u201cWar of Nations\u201d) rose considerably among Catalanist Francophiles and Wilsonians. The radical nationalists of the Uni\u00f3 Catalanista and the young intellectuals and professionals of the Lliga Regionalista\u2019s Nationalist Youth declared themselves in favour of the republic and formed the Pro Catalunya Committee in an attempt to internationalise the Catalan problem and attain self-government. This Committee was proposed as a sort of watch for the Catalan volunteers who had fought in the French Foreign Legion.<\/p>\n\n\n\n<p>The proponents of the Pro Catalunya Committee and the Uni\u00f3 Catalanista were aware that the prospects of internationalising the Catalan national cause would be nil without a charismatic leader who could lobby Allied embassies on behalf of Catalonia to demand self-rule or independence, even though the separatists comprised a very small percentage of the population at that time. Two names emerged, although at that time they did not have Camb\u00f3\u2019s stature and projection as a statesman. One was Francesc Maci\u00e0, who was becoming very influential among young separatists in favour of direct action and affiliated with the Autonomist Centre of Workers in Commerce and Industry (CADCI), beyond his friendship with historic militants and leaders of the Uni\u00f3 Catalanista, such as Sol\u00e9 i Pla or Manuel Folguera. A respect that had been won, above all, because he had broken with regionalism and attempted a revolt along the lines of the Irish Easter Rising of 1916 at the Parliamentarian Assembly in the summer of 1917. The other was Marcel\u00b7l\u00ed Domingo, from Tortosa, who had taken part in the same insurrection attempt and, arrested by soldiers at the Barcelona garrison, had narrowly avoided execution. The latter could be considered a point of contact with the Catalan volunteers, as he was the cousin of 19-year-old Daniel Domingo Montserrat, who had enlisted in 1917 in the French Foreign Legion in search of adventure and the opportunity to perform heroic deeds for the Catalan cause. In 1918, Domingo was the driving force behind <em>La Trinxera Catalana<\/em>, the publication for Catalan volunteers at the front. He would also be one of the future founders of the National Catalan Committee (CNC), whose paramount obsession was to be received by President Wilson in Paris and have the opportunity to put forward the claims of Catalanism. However, unlike Maci\u00e0, Marcel\u00b7l\u00ed Domingo was not interested in being associated with such marginal political circles, at that time, as Catalan separatism <span class=\"note-item\"><a href=\"#note-06\" class=\"scroll-to\">[6]<\/a><span class=\"note-item-tooltip\">6 \u2014 Mart\u00ednez Fiol, D (1990). Daniel Domingo Montserrat (1900-1968). Entre el marxisme i el nacionalisme radical. Barcelona: Publicacions de l\u2019Abadia de Montserrat, 2001: 21-82.\n<\/span><\/span>.<\/p>\n\n\n\n<div class=\"wp-block-columns is-layout-flex wp-container-core-columns-is-layout-9d6595d7 wp-block-columns-is-layout-flex\">\n<div class=\"wp-block-column is-layout-flow wp-block-column-is-layout-flow\" style=\"flex-basis:33.33%\">\n<blockquote class=\"wp-block-quote is-style-large is-layout-flow wp-block-quote-is-layout-flow\">\n<p>In Catalonia, against a backdrop of Wilsonian and Francophile euphoria, a campaign for self-rule was launched, initially led by the Catalanist republican minority at the Spanish Congress<\/p>\n<\/blockquote>\n<\/div>\n\n\n\n<div class=\"wp-block-column is-layout-flow wp-block-column-is-layout-flow\" style=\"flex-basis:66.66%\">\n<p>While all this was going on in Paris, in Catalonia, against a backdrop of Wilsonian and Francophile euphoria (reflected in the names given to streets and squares), a campaign for self-rule was launched, initially led by the Catalanist republican minority at the Congress. Shortly after, the Lliga Regionalista, leveraging the institutional infrastructure of the Mancomunitat, would put itself at the forefront of the initiative. It was also rumoured that the Lliga Regionalista, through Camb\u00f3, might also be interested in fostering the internationalisation of the Catalan conflict, as Puig i Cadafalch had done in 1912. However, the Lliga\u2019s top leaders did not go to Paris during the Peace Conference, although they did send the former minister Ventosa i Calvell, who possibly told them that there was nothing to be gained by going there.<\/p>\n<\/div>\n<\/div>\n\n\n\n<h5 class=\"wp-block-heading\">Idealism against the reality check<\/h5>\n\n\n\n<p>Ventosa was right. The French 3rd Republic was not interested in giving support to Catalanist demands. After the military feats of the highly publicised Catalan volunteers, the Francophile Catalanists discovered, with a na\u00efve surprise, that the French preferred to include the Spanish monarchy in the new world order, ignoring Catalanist aspirations for self-government <span class=\"note-item\"><a href=\"#note-07\" class=\"scroll-to\">[7]<\/a><span class=\"note-item-tooltip\">7 \u2014 AGA Ministry of State (Foreign Affairs), Box 54\/05977, Embassy of S.M. in Paris, File No. 1078, Year 1918, Politics 2.\n<\/span><\/span>. Faced with this disappointment, there were still some sectors that trusted in the promises of self-determination made by Wilson.<\/p>\n\n\n\n<p>In any case, neither the leaders of the Lliga nor those of Catalanist republicanism went to Paris to try and internationalise the Catalan problem. In fact, it was Domingo Montserrat who agreed to represent the Catalanists at the possible peace negotiations that would start in Paris after the war had ended. He was convinced that the propaganda built around the Catalan fighters would be the only tangible evidence of what Catalonia had done for the winning powers. After proclaiming himself leader of the Catalan delegation in the corridors of power of the Entente, he got down to business and formed the National Catalan Committee (CNC) in Paris, copying the model of the Czech Action Committee Abroad. The president of the National Catalan Committee was Dr Monta\u00f1\u00e0, a Catalanist physician with socialist leanings, while Montserrat gave himself the role of propaganda secretary.<\/p>\n\n\n\n<p>However, the Catalanists\u2019 constant trips to Paris, added to the self-rule campaign, caused some concern among the Spanish Government, to the point that the president of the Council of Ministers, the liberal Count of Romanones, went to Paris to seek assurance that neither the National Catalan Committee nor the self-rule campaign would influence the so-called allied governments of the Entente Cordiale in any future peace negotiations. In fact, Romanones asked for a seat at the Peace Conference. Previously, during the first half of December, the Spanish ambassador in Paris, Jos\u00e9 Mar\u00eda Qui\u00f1ones de Le\u00f3n, expressed concern at the Catalanists\u2019 attempt to internationalise the Catalan conflict <span class=\"note-item\"><a href=\"#note-08\" class=\"scroll-to\">[8]<\/a><span class=\"note-item-tooltip\">8 \u2014 Mart\u00ednez Fiol, D (1990). Daniel Domingo Montserrat (1900-1968). Entre el marxisme i el nacionalisme radical. Barcelona: Publicacions de l\u2019Abadia de Montserrat, 2001: 21-82.\n<\/span><\/span>.<\/p>\n\n\n\n<p>Romanones arrived in Paris the morning of Friday, 20 December 1918. His first appointment was with the French Prime Minister, Georges Clemenceau, followed by a meeting with Joan Ventosa, former minister for Finance for the Lliga Regionalista, member of the Spanish Congress and a close associate of Camb\u00f3. He also met the president of the Italian Council of Ministers, Vittorio Emanuele Orlando, the Italian Foreign Minister, Sidney Sonnino, and the French Foreign Minister, Stephen Pichon. Subsequently, he had a 30-minute meeting with the North American president, Woodrow Wilson, who, it seems, told him that he knew nothing at all about the Catalan question, and he also met for one hour with the French president, Raymond Poincar\u00e9. He was unable to obtain the European leaders\u2019 approval to a seat for Spain at the Peace Conference but they would have assured him that they considered the problem with the Catalans to be a purely internal issue and, therefore, would not intervene. On the afternoon of Monday, 23 December, Romanones caught the train back to Spain. A couple of days had been sufficient to close the door to internationalisation for the Catalan nationalists, before the Peace Conference had even begun <span class=\"note-item\"><a href=\"#note-09\" class=\"scroll-to\">[9]<\/a><span class=\"note-item-tooltip\">9 \u2014 Esculies, J. i Mart\u00ednez Fiol, D. (2014) 12.000\u2026: 192.\n<\/span><\/span>.<\/p>\n\n\n\n<p>One of the Lliga Regionalista\u2019s leaders, Joan Garriga i Mass\u00f3, affirmed that when Romanones returned, he was able to reassure Alfonso XIII and the dynastic leaders of the Restoration that the Peace Conference would not affect Spain <span class=\"note-item\"><a href=\"#note-010\" class=\"scroll-to\">[10]<\/a><span class=\"note-item-tooltip\">10 \u2014 Garriga i Mass\u00f3, J. (1987) Mem\u00f2ries d\u2019un liberal catalanista (1871-1939). Barcelona: Ed. 62: 236.\n<\/span><\/span>. <\/p>\n\n\n\n<p>The Lliga\u2019s leaders were fully aware of what Romanones had achieved and did not try to take the internationalisation of the \u201cCatalan problem\u201d any further. It does not seem very logical on the part of a large number of Catalanists to think that the 3rd French Republic, a paradigm of homogenising centralism and an ally of the Spanish monarchy, should show any appreciation for their pro-French sentiments and the Catalan soldiers\u2019 lives sacrificed for the Entente\u2019s victory by pressuring the Spanish Government to accept self-government for Catalonia, although that is precisely what they attempted to achieve. There is an apocryphal story that goes to the effect that when the Catalan radical nationalists and the Basque nationalists tried to include their demands in the peace negotiations, they received an unpleasant surprise. Clemenceau would have received them but when they tried to explain the historical origins on which their respective national demands were based, he exclaimed: \u201cStop kidding yourselves!\u201d. The fact is that the French authorities were only interested in those nationalist movements that benefited their foreign policy. This explains why the same French politicians who had supported the Union des Nationalit\u00e9s in 1912 dissolved it in 1919, when it was no longer useful to them.<\/p>\n","protected":false},"excerpt":{"rendered":"<p>The attempts to internationalise Catalan aspirations for self-government. Union des Nationalit\u00e9s and the Catalan volunteers in the First World War Before the outbreak of the Great War, certain sectors within Catalan nationalism began the process to internationalise their aspirations for self-government. In 1912, the architect and Lliga Regionalista leader Josep Puig i Cadafalch, who would later become the second president of the Mancomunitat, represented the Catalanists at the Union des Nationalit\u00e9s (UdN). This organisation acted as an information, publicity and propaganda centre and as a lobby for those who identified themselves as oppressed nationalities, particularly European nationalities, fostering a current\u2026<\/p>\n","protected":false},"author":41,"featured_media":59912,"parent":0,"comment_status":"closed","ping_status":"closed","sticky":false,"template":"","format":"standard","meta":{"_acf_changed":false,"inline_featured_image":false,"_jetpack_memberships_contains_paid_content":false,"footnotes":""},"categories":[484],"tags":[],"segment":[],"subject":[506],"class_list":["post-59909","post","type-post","status-publish","format-standard","has-post-thumbnail","hentry","category-catalunya-i-la-societat-de-nacions-en","subject-catalunya-i-la-societat-de-nacions-en"],"acf":[],"yoast_head":"<!-- This site is optimized with the Yoast SEO plugin v27.5 - https:\/\/yoast.com\/product\/yoast-seo-wordpress\/ -->\n<title>Wilsonianism in Catalonia and the Catalanist Attempts to take part in the Paris Peace Conference &#8211; IDEES<\/title>\n<meta name=\"robots\" content=\"index, follow, max-snippet:-1, max-image-preview:large, max-video-preview:-1\" \/>\n<link rel=\"canonical\" href=\"https:\/\/revistaidees.cat\/en\/wilsonianism-in-catalonia-and-the-catalanist-attempts-to-take-part-in-the-paris-peace-conference\/\" \/>\n<meta property=\"og:locale\" content=\"en_US\" \/>\n<meta property=\"og:type\" content=\"article\" \/>\n<meta property=\"og:title\" content=\"Wilsonianism in Catalonia and the Catalanist Attempts to take part in the Paris Peace Conference &#8211; IDEES\" \/>\n<meta property=\"og:description\" content=\"The attempts to internationalise Catalan aspirations for self-government. Union des Nationalit\u00e9s and the Catalan volunteers in the First World War Before the outbreak of the Great War, certain sectors within Catalan nationalism began the process to internationalise their aspirations for self-government. In 1912, the architect and Lliga Regionalista leader Josep Puig i Cadafalch, who would later become the second president of the Mancomunitat, represented the Catalanists at the Union des Nationalit\u00e9s (UdN). This organisation acted as an information, publicity and propaganda centre and as a lobby for those who identified themselves as oppressed nationalities, particularly European nationalities, fostering a current\u2026\" \/>\n<meta property=\"og:url\" content=\"https:\/\/revistaidees.cat\/en\/wilsonianism-in-catalonia-and-the-catalanist-attempts-to-take-part-in-the-paris-peace-conference\/\" \/>\n<meta property=\"og:site_name\" content=\"IDEES\" \/>\n<meta property=\"article:published_time\" content=\"2022-09-20T15:03:00+00:00\" \/>\n<meta property=\"article:modified_time\" content=\"2023-01-26T09:28:59+00:00\" \/>\n<meta property=\"og:image\" content=\"https:\/\/i0.wp.com\/revistaidees.cat\/wp-content\/uploads\/2022\/07\/3a-ilustracio_2000x800-1.jpg?fit=1500%2C800&ssl=1\" \/>\n\t<meta property=\"og:image:width\" content=\"1500\" \/>\n\t<meta property=\"og:image:height\" content=\"800\" \/>\n\t<meta property=\"og:image:type\" content=\"image\/jpeg\" \/>\n<meta name=\"author\" content=\"Arnau In\u00e9s\" \/>\n<meta name=\"twitter:card\" content=\"summary_large_image\" \/>\n<meta name=\"twitter:label1\" content=\"Written by\" \/>\n\t<meta name=\"twitter:data1\" content=\"Arnau In\u00e9s\" \/>\n\t<meta name=\"twitter:label2\" content=\"Est. reading time\" \/>\n\t<meta name=\"twitter:data2\" content=\"13 minutes\" \/>\n<script type=\"application\/ld+json\" class=\"yoast-schema-graph\">{\"@context\":\"https:\\\/\\\/schema.org\",\"@graph\":[{\"@type\":\"Article\",\"@id\":\"https:\\\/\\\/revistaidees.cat\\\/en\\\/wilsonianism-in-catalonia-and-the-catalanist-attempts-to-take-part-in-the-paris-peace-conference\\\/#article\",\"isPartOf\":{\"@id\":\"https:\\\/\\\/revistaidees.cat\\\/en\\\/wilsonianism-in-catalonia-and-the-catalanist-attempts-to-take-part-in-the-paris-peace-conference\\\/\"},\"author\":{\"name\":\"Arnau In\u00e9s\",\"@id\":\"https:\\\/\\\/revistaidees.cat\\\/#\\\/schema\\\/person\\\/785fc6a55d7361164f0c0002d391ce18\"},\"headline\":\"Wilsonianism in Catalonia and the Catalanist Attempts to take part in the Paris Peace Conference\",\"datePublished\":\"2022-09-20T15:03:00+00:00\",\"dateModified\":\"2023-01-26T09:28:59+00:00\",\"mainEntityOfPage\":{\"@id\":\"https:\\\/\\\/revistaidees.cat\\\/en\\\/wilsonianism-in-catalonia-and-the-catalanist-attempts-to-take-part-in-the-paris-peace-conference\\\/\"},\"wordCount\":2297,\"image\":{\"@id\":\"https:\\\/\\\/revistaidees.cat\\\/en\\\/wilsonianism-in-catalonia-and-the-catalanist-attempts-to-take-part-in-the-paris-peace-conference\\\/#primaryimage\"},\"thumbnailUrl\":\"https:\\\/\\\/i0.wp.com\\\/revistaidees.cat\\\/wp-content\\\/uploads\\\/2022\\\/07\\\/3a-ilustracio_2000x800-1.jpg?fit=1500%2C800&ssl=1\",\"articleSection\":[\"Catalonia and the League of Nations\"],\"inLanguage\":\"en-US\"},{\"@type\":\"WebPage\",\"@id\":\"https:\\\/\\\/revistaidees.cat\\\/en\\\/wilsonianism-in-catalonia-and-the-catalanist-attempts-to-take-part-in-the-paris-peace-conference\\\/\",\"url\":\"https:\\\/\\\/revistaidees.cat\\\/en\\\/wilsonianism-in-catalonia-and-the-catalanist-attempts-to-take-part-in-the-paris-peace-conference\\\/\",\"name\":\"Wilsonianism in Catalonia and the Catalanist Attempts to take part in the Paris Peace Conference &#8211; IDEES\",\"isPartOf\":{\"@id\":\"https:\\\/\\\/revistaidees.cat\\\/#website\"},\"primaryImageOfPage\":{\"@id\":\"https:\\\/\\\/revistaidees.cat\\\/en\\\/wilsonianism-in-catalonia-and-the-catalanist-attempts-to-take-part-in-the-paris-peace-conference\\\/#primaryimage\"},\"image\":{\"@id\":\"https:\\\/\\\/revistaidees.cat\\\/en\\\/wilsonianism-in-catalonia-and-the-catalanist-attempts-to-take-part-in-the-paris-peace-conference\\\/#primaryimage\"},\"thumbnailUrl\":\"https:\\\/\\\/i0.wp.com\\\/revistaidees.cat\\\/wp-content\\\/uploads\\\/2022\\\/07\\\/3a-ilustracio_2000x800-1.jpg?fit=1500%2C800&ssl=1\",\"datePublished\":\"2022-09-20T15:03:00+00:00\",\"dateModified\":\"2023-01-26T09:28:59+00:00\",\"author\":{\"@id\":\"https:\\\/\\\/revistaidees.cat\\\/#\\\/schema\\\/person\\\/785fc6a55d7361164f0c0002d391ce18\"},\"breadcrumb\":{\"@id\":\"https:\\\/\\\/revistaidees.cat\\\/en\\\/wilsonianism-in-catalonia-and-the-catalanist-attempts-to-take-part-in-the-paris-peace-conference\\\/#breadcrumb\"},\"inLanguage\":\"en-US\",\"potentialAction\":[{\"@type\":\"ReadAction\",\"target\":[\"https:\\\/\\\/revistaidees.cat\\\/en\\\/wilsonianism-in-catalonia-and-the-catalanist-attempts-to-take-part-in-the-paris-peace-conference\\\/\"]}]},{\"@type\":\"ImageObject\",\"inLanguage\":\"en-US\",\"@id\":\"https:\\\/\\\/revistaidees.cat\\\/en\\\/wilsonianism-in-catalonia-and-the-catalanist-attempts-to-take-part-in-the-paris-peace-conference\\\/#primaryimage\",\"url\":\"https:\\\/\\\/i0.wp.com\\\/revistaidees.cat\\\/wp-content\\\/uploads\\\/2022\\\/07\\\/3a-ilustracio_2000x800-1.jpg?fit=1500%2C800&ssl=1\",\"contentUrl\":\"https:\\\/\\\/i0.wp.com\\\/revistaidees.cat\\\/wp-content\\\/uploads\\\/2022\\\/07\\\/3a-ilustracio_2000x800-1.jpg?fit=1500%2C800&ssl=1\",\"width\":1500,\"height\":800,\"caption\":\"Il\u00b7lustraci\u00f3: Jes\u00fas Gald\u00f3n\"},{\"@type\":\"BreadcrumbList\",\"@id\":\"https:\\\/\\\/revistaidees.cat\\\/en\\\/wilsonianism-in-catalonia-and-the-catalanist-attempts-to-take-part-in-the-paris-peace-conference\\\/#breadcrumb\",\"itemListElement\":[{\"@type\":\"ListItem\",\"position\":1,\"name\":\"Inici\",\"item\":\"https:\\\/\\\/revistaidees.cat\\\/en\\\/\"},{\"@type\":\"ListItem\",\"position\":2,\"name\":\"Wilsonianism in Catalonia and the Catalanist Attempts to take part in the Paris Peace Conference\"}]},{\"@type\":\"WebSite\",\"@id\":\"https:\\\/\\\/revistaidees.cat\\\/#website\",\"url\":\"https:\\\/\\\/revistaidees.cat\\\/\",\"name\":\"IDEES\",\"description\":\"Contemporary global issues\",\"potentialAction\":[{\"@type\":\"SearchAction\",\"target\":{\"@type\":\"EntryPoint\",\"urlTemplate\":\"https:\\\/\\\/revistaidees.cat\\\/?s={search_term_string}\"},\"query-input\":{\"@type\":\"PropertyValueSpecification\",\"valueRequired\":true,\"valueName\":\"search_term_string\"}}],\"inLanguage\":\"en-US\"},{\"@type\":\"Person\",\"@id\":\"https:\\\/\\\/revistaidees.cat\\\/#\\\/schema\\\/person\\\/785fc6a55d7361164f0c0002d391ce18\",\"name\":\"Arnau In\u00e9s\",\"image\":{\"@type\":\"ImageObject\",\"inLanguage\":\"en-US\",\"@id\":\"https:\\\/\\\/secure.gravatar.com\\\/avatar\\\/9b9715db4ef77f5b2d87dc7c6106028a3dacd703a7e4954f0520f4a3dfb05b1b?s=96&d=mm&r=g\",\"url\":\"https:\\\/\\\/secure.gravatar.com\\\/avatar\\\/9b9715db4ef77f5b2d87dc7c6106028a3dacd703a7e4954f0520f4a3dfb05b1b?s=96&d=mm&r=g\",\"contentUrl\":\"https:\\\/\\\/secure.gravatar.com\\\/avatar\\\/9b9715db4ef77f5b2d87dc7c6106028a3dacd703a7e4954f0520f4a3dfb05b1b?s=96&d=mm&r=g\",\"caption\":\"Arnau In\u00e9s\"}}]}<\/script>\n<!-- \/ Yoast SEO plugin. -->","yoast_head_json":{"title":"Wilsonianism in Catalonia and the Catalanist Attempts to take part in the Paris Peace Conference &#8211; IDEES","robots":{"index":"index","follow":"follow","max-snippet":"max-snippet:-1","max-image-preview":"max-image-preview:large","max-video-preview":"max-video-preview:-1"},"canonical":"https:\/\/revistaidees.cat\/en\/wilsonianism-in-catalonia-and-the-catalanist-attempts-to-take-part-in-the-paris-peace-conference\/","og_locale":"en_US","og_type":"article","og_title":"Wilsonianism in Catalonia and the Catalanist Attempts to take part in the Paris Peace Conference &#8211; IDEES","og_description":"The attempts to internationalise Catalan aspirations for self-government. Union des Nationalit\u00e9s and the Catalan volunteers in the First World War Before the outbreak of the Great War, certain sectors within Catalan nationalism began the process to internationalise their aspirations for self-government. In 1912, the architect and Lliga Regionalista leader Josep Puig i Cadafalch, who would later become the second president of the Mancomunitat, represented the Catalanists at the Union des Nationalit\u00e9s (UdN). This organisation acted as an information, publicity and propaganda centre and as a lobby for those who identified themselves as oppressed nationalities, particularly European nationalities, fostering a current\u2026","og_url":"https:\/\/revistaidees.cat\/en\/wilsonianism-in-catalonia-and-the-catalanist-attempts-to-take-part-in-the-paris-peace-conference\/","og_site_name":"IDEES","article_published_time":"2022-09-20T15:03:00+00:00","article_modified_time":"2023-01-26T09:28:59+00:00","og_image":[{"width":1500,"height":800,"url":"https:\/\/i0.wp.com\/revistaidees.cat\/wp-content\/uploads\/2022\/07\/3a-ilustracio_2000x800-1.jpg?fit=1500%2C800&ssl=1","type":"image\/jpeg"}],"author":"Arnau In\u00e9s","twitter_card":"summary_large_image","twitter_misc":{"Written by":"Arnau In\u00e9s","Est. reading time":"13 minutes"},"schema":{"@context":"https:\/\/schema.org","@graph":[{"@type":"Article","@id":"https:\/\/revistaidees.cat\/en\/wilsonianism-in-catalonia-and-the-catalanist-attempts-to-take-part-in-the-paris-peace-conference\/#article","isPartOf":{"@id":"https:\/\/revistaidees.cat\/en\/wilsonianism-in-catalonia-and-the-catalanist-attempts-to-take-part-in-the-paris-peace-conference\/"},"author":{"name":"Arnau In\u00e9s","@id":"https:\/\/revistaidees.cat\/#\/schema\/person\/785fc6a55d7361164f0c0002d391ce18"},"headline":"Wilsonianism in Catalonia and the Catalanist Attempts to take part in the Paris Peace Conference","datePublished":"2022-09-20T15:03:00+00:00","dateModified":"2023-01-26T09:28:59+00:00","mainEntityOfPage":{"@id":"https:\/\/revistaidees.cat\/en\/wilsonianism-in-catalonia-and-the-catalanist-attempts-to-take-part-in-the-paris-peace-conference\/"},"wordCount":2297,"image":{"@id":"https:\/\/revistaidees.cat\/en\/wilsonianism-in-catalonia-and-the-catalanist-attempts-to-take-part-in-the-paris-peace-conference\/#primaryimage"},"thumbnailUrl":"https:\/\/i0.wp.com\/revistaidees.cat\/wp-content\/uploads\/2022\/07\/3a-ilustracio_2000x800-1.jpg?fit=1500%2C800&ssl=1","articleSection":["Catalonia and the League of Nations"],"inLanguage":"en-US"},{"@type":"WebPage","@id":"https:\/\/revistaidees.cat\/en\/wilsonianism-in-catalonia-and-the-catalanist-attempts-to-take-part-in-the-paris-peace-conference\/","url":"https:\/\/revistaidees.cat\/en\/wilsonianism-in-catalonia-and-the-catalanist-attempts-to-take-part-in-the-paris-peace-conference\/","name":"Wilsonianism in Catalonia and the Catalanist Attempts to take part in the Paris Peace Conference &#8211; IDEES","isPartOf":{"@id":"https:\/\/revistaidees.cat\/#website"},"primaryImageOfPage":{"@id":"https:\/\/revistaidees.cat\/en\/wilsonianism-in-catalonia-and-the-catalanist-attempts-to-take-part-in-the-paris-peace-conference\/#primaryimage"},"image":{"@id":"https:\/\/revistaidees.cat\/en\/wilsonianism-in-catalonia-and-the-catalanist-attempts-to-take-part-in-the-paris-peace-conference\/#primaryimage"},"thumbnailUrl":"https:\/\/i0.wp.com\/revistaidees.cat\/wp-content\/uploads\/2022\/07\/3a-ilustracio_2000x800-1.jpg?fit=1500%2C800&ssl=1","datePublished":"2022-09-20T15:03:00+00:00","dateModified":"2023-01-26T09:28:59+00:00","author":{"@id":"https:\/\/revistaidees.cat\/#\/schema\/person\/785fc6a55d7361164f0c0002d391ce18"},"breadcrumb":{"@id":"https:\/\/revistaidees.cat\/en\/wilsonianism-in-catalonia-and-the-catalanist-attempts-to-take-part-in-the-paris-peace-conference\/#breadcrumb"},"inLanguage":"en-US","potentialAction":[{"@type":"ReadAction","target":["https:\/\/revistaidees.cat\/en\/wilsonianism-in-catalonia-and-the-catalanist-attempts-to-take-part-in-the-paris-peace-conference\/"]}]},{"@type":"ImageObject","inLanguage":"en-US","@id":"https:\/\/revistaidees.cat\/en\/wilsonianism-in-catalonia-and-the-catalanist-attempts-to-take-part-in-the-paris-peace-conference\/#primaryimage","url":"https:\/\/i0.wp.com\/revistaidees.cat\/wp-content\/uploads\/2022\/07\/3a-ilustracio_2000x800-1.jpg?fit=1500%2C800&ssl=1","contentUrl":"https:\/\/i0.wp.com\/revistaidees.cat\/wp-content\/uploads\/2022\/07\/3a-ilustracio_2000x800-1.jpg?fit=1500%2C800&ssl=1","width":1500,"height":800,"caption":"Il\u00b7lustraci\u00f3: Jes\u00fas Gald\u00f3n"},{"@type":"BreadcrumbList","@id":"https:\/\/revistaidees.cat\/en\/wilsonianism-in-catalonia-and-the-catalanist-attempts-to-take-part-in-the-paris-peace-conference\/#breadcrumb","itemListElement":[{"@type":"ListItem","position":1,"name":"Inici","item":"https:\/\/revistaidees.cat\/en\/"},{"@type":"ListItem","position":2,"name":"Wilsonianism in Catalonia and the Catalanist Attempts to take part in the Paris Peace Conference"}]},{"@type":"WebSite","@id":"https:\/\/revistaidees.cat\/#website","url":"https:\/\/revistaidees.cat\/","name":"IDEES","description":"Contemporary global issues","potentialAction":[{"@type":"SearchAction","target":{"@type":"EntryPoint","urlTemplate":"https:\/\/revistaidees.cat\/?s={search_term_string}"},"query-input":{"@type":"PropertyValueSpecification","valueRequired":true,"valueName":"search_term_string"}}],"inLanguage":"en-US"},{"@type":"Person","@id":"https:\/\/revistaidees.cat\/#\/schema\/person\/785fc6a55d7361164f0c0002d391ce18","name":"Arnau In\u00e9s","image":{"@type":"ImageObject","inLanguage":"en-US","@id":"https:\/\/secure.gravatar.com\/avatar\/9b9715db4ef77f5b2d87dc7c6106028a3dacd703a7e4954f0520f4a3dfb05b1b?s=96&d=mm&r=g","url":"https:\/\/secure.gravatar.com\/avatar\/9b9715db4ef77f5b2d87dc7c6106028a3dacd703a7e4954f0520f4a3dfb05b1b?s=96&d=mm&r=g","contentUrl":"https:\/\/secure.gravatar.com\/avatar\/9b9715db4ef77f5b2d87dc7c6106028a3dacd703a7e4954f0520f4a3dfb05b1b?s=96&d=mm&r=g","caption":"Arnau In\u00e9s"}}]}},"jetpack_featured_media_url":"https:\/\/i0.wp.com\/revistaidees.cat\/wp-content\/uploads\/2022\/07\/3a-ilustracio_2000x800-1.jpg?fit=1500%2C800&ssl=1","jetpack_sharing_enabled":true,"_links":{"self":[{"href":"https:\/\/revistaidees.cat\/en\/wp-json\/wp\/v2\/posts\/59909","targetHints":{"allow":["GET"]}}],"collection":[{"href":"https:\/\/revistaidees.cat\/en\/wp-json\/wp\/v2\/posts"}],"about":[{"href":"https:\/\/revistaidees.cat\/en\/wp-json\/wp\/v2\/types\/post"}],"author":[{"embeddable":true,"href":"https:\/\/revistaidees.cat\/en\/wp-json\/wp\/v2\/users\/41"}],"replies":[{"embeddable":true,"href":"https:\/\/revistaidees.cat\/en\/wp-json\/wp\/v2\/comments?post=59909"}],"version-history":[{"count":12,"href":"https:\/\/revistaidees.cat\/en\/wp-json\/wp\/v2\/posts\/59909\/revisions"}],"predecessor-version":[{"id":61269,"href":"https:\/\/revistaidees.cat\/en\/wp-json\/wp\/v2\/posts\/59909\/revisions\/61269"}],"wp:featuredmedia":[{"embeddable":true,"href":"https:\/\/revistaidees.cat\/en\/wp-json\/wp\/v2\/media\/59912"}],"wp:attachment":[{"href":"https:\/\/revistaidees.cat\/en\/wp-json\/wp\/v2\/media?parent=59909"}],"wp:term":[{"taxonomy":"category","embeddable":true,"href":"https:\/\/revistaidees.cat\/en\/wp-json\/wp\/v2\/categories?post=59909"},{"taxonomy":"post_tag","embeddable":true,"href":"https:\/\/revistaidees.cat\/en\/wp-json\/wp\/v2\/tags?post=59909"},{"taxonomy":"segment","embeddable":true,"href":"https:\/\/revistaidees.cat\/en\/wp-json\/wp\/v2\/segment?post=59909"},{"taxonomy":"subject","embeddable":true,"href":"https:\/\/revistaidees.cat\/en\/wp-json\/wp\/v2\/subject?post=59909"}],"curies":[{"name":"wp","href":"https:\/\/api.w.org\/{rel}","templated":true}]}}