{"id":59986,"date":"2022-09-20T09:34:07","date_gmt":"2022-09-20T07:34:07","guid":{"rendered":"https:\/\/revistaidees.cat\/j-m-batista-i-roca-un-intellectual-independentista-en-el-periode-dentreguerres-1914-1945\/"},"modified":"2023-01-27T17:18:20","modified_gmt":"2023-01-27T15:18:20","slug":"j-m-batista-i-roca-a-pro-independence-intellectual-during-the-interwar-period-1914-1945","status":"publish","type":"post","link":"https:\/\/revistaidees.cat\/en\/j-m-batista-i-roca-a-pro-independence-intellectual-during-the-interwar-period-1914-1945\/","title":{"rendered":"J.M. Batista i Roca: a Pro-independence Intellectual during the Interwar Period (1914-1945)"},"content":{"rendered":"\n<p>Josep Maria Batista i Roca (1895-1978) was the first intellectual, academic, university professor and public figure who was a lifelong proponent of Catalan independence, proclaimed it publicly and acted accordingly <span class=\"note-item\"><a href=\"#note-01\" class=\"scroll-to\">[1]<\/a><span class=\"note-item-tooltip\">1 \u2014 Porta, Frederic J. (2022\/2023), Josep Maria Batista i Roca (1895-1978) [Provisional title. Forthcoming publication]. Barcelona: Edicions de 1984.\n<\/span><\/span>. His political action was based on strengthening Catalonia and its national spirit and awareness, nurturing character and preparing the leaders of tomorrow, inspired by the British model. Batista i Roca was one of the few intellectuals who truly sought to establish a position for Catalonia in the world \u2013 Catalan geopolitics. He would do this on five levels: pan-Catalanist, pan-Occitan, Iberian, European and, lastly, Hispanic. We will briefly outline the main ones in the following pages <span class=\"note-item\"><a href=\"#note-02\" class=\"scroll-to\">[2]<\/a><span class=\"note-item-tooltip\">2 \u2014 On Iberian geopolitics, see: Porta, Frederic J. (2022?), Batista i Roca i la Galeusca (1932-1934), Actes de la VI Galeusca Hist\u00f2rica (2021). [Forthcoming publication].\n<\/span><\/span>.<\/p>\n\n\n\n<h5 class=\"wp-block-heading\">Geopolitics of the Catalan Countries<\/h5>\n\n\n\n<p>In separatist circles, the Catalan Countries (called <em>Pa\u00efsos Catalans<\/em> within Catalonia) had been viewed as a natural cultural framework since the end of the 19th century. For Batista i Roca, everywhere where Catalan was spoken should be part of the Catalan nation. Although the cultural Renaixen\u00e7a processes had followed different paths in Majorca, Valencia and Roussillon, all of the Catalan Countries had a minimum national awareness on which a cultural and linguistic unity could be built. With the association Nostra Parla first and the civic entity Palestra later, Batista i Roca would seek to increase contacts by intellectuals, especially young intellectuals, living in the Principality of Catalonia with the nation\u2019s other territories, including L\u2019Alguer.<\/p>\n\n\n\n<p>Nostra Parla (1916-1923) was an association that sought to foster Catalan language and its prestige and also to foster \u201cthe spiritual unification of the Balearic Islands, Catalonia, Roussillon and Valencia\u201d, in part as a complement to the Association for the Protection of Catalan Education (Associaci\u00f3 Protectora de l\u2019Ensenyan\u00e7a Catalana, APEC, 1898-1939). Palestra (1930-1938) would continue with the same goal but integrating it within a broader strategy; the civic entity would provide a platform for disseminating national awareness to the entire Catalan nation and, above all, to the young people who, one day, would have to lead a pan-Catalanist political project. Palestra would also extend its activities beyond the Corbi\u00e8res Massif to Occitania <span class=\"note-item\"><a href=\"#note-03\" class=\"scroll-to\">[3]<\/a><span class=\"note-item-tooltip\">3 \u2014 Duran, Llu\u00eds (2020). Qu\u00e8 va ser Palestra. Barcelona: Generalitat de Catalunya. Departament de Just\u00edcia; Duran, Llu\u00eds (2007), Intel\u00b7lig\u00e8ncia i car\u00e0cter. Palestra i la formaci\u00f3 dels joves (1928-1939). Barcelona: Afers; Gra\u00f1a, Isabel (1995). L\u2019Acci\u00f3 pancatalanista i la llengua: Nostra Parla (1916-1924). Barcelona: Publicacions de l\u2019Abadia de Montserrat; Duran, Llu\u00eds (1997). P\u00e0tria i escola, L\u2019Associaci\u00f3 Protectora de l\u2019Ensenyan\u00e7a Catalana. Catarroja-Barcelona: Editorial Afers.\n<\/span><\/span>.<\/p>\n\n\n\n<p>Little by little, with an eye on the future, a network of national awakening grew naturally and organically, through personal contacts, composed of cognizant leaders such as those who had enabled the Romantic Renaixen\u00e7a to manifest in Catalonia. It was planned to use the same structure: a cultural phase, with contacts, projects and dreams; a political phase, with the enunciation of ideas and their implementation; and, finally, state reunification with their respective independences.<\/p>\n\n\n\n<p>During the years of the Second Spanish Republic, Valencians, Majorcans and other Catalans came sporadically to the Palestra\u2019s summer camps, although Scouts groups were also organised in Valencia and a camp was run by Palestra\u2019s charitable organisation (Obra Social) in Majorca. In the meantime, the Association for the Protection of Catalan Education was also making attempts in Andorra to \u201cnurture love for the language among the Andorran people\u201d. A Catalan Committee of Friends of Andorra was also created in \u201cdefence of Andorra\u2019s independence\u201d, which sustained that \u201cdefending Andorra from foreign interference is to defend the independence of a Catalan territory\u201d.<\/p>\n\n\n\n<div class=\"wp-block-columns is-layout-flex wp-container-core-columns-is-layout-9d6595d7 wp-block-columns-is-layout-flex\">\n<div class=\"wp-block-column is-layout-flow wp-block-column-is-layout-flow\" style=\"flex-basis:33.33%\">\n<blockquote class=\"wp-block-quote is-style-large is-layout-flow wp-block-quote-is-layout-flow\">\n<p>Batista i Roca was the first intellectual, academic, university professor and public figure who was a lifelong proponent of Catalan independence, proclaimed it publicly and acted accordingly<\/p>\n<\/blockquote>\n<\/div>\n\n\n\n<div class=\"wp-block-column is-layout-flow wp-block-column-is-layout-flow\" style=\"flex-basis:66.66%\">\n<p>Batista i Roca considered the idea of coordinating each nationality\u2019s rambling and Scouts movements and even designed an organisation chart for the new alliance, with three national secretariats and one general secretariat, each one with their own headquarters, in a structure that resembled that followed internally by Palestra, the Catalan ramblers and Scouts movement and the Association for the Protection of Catalan Education. Through Batista i Roca and his closest collaborators, all of these spaces and organisations were converging on a new political culture for the entire Catalan nation. Unfortunately, the outcome of the Civil War put an abrupt stop to this growing national awareness in the Catalan Countries.<\/p>\n<\/div>\n<\/div>\n\n\n\n<h5 class=\"wp-block-heading\">Occitan geopolitics<\/h5>\n\n\n\n<p>When Romanticism took Europe back to its medieval past, the Catalans rediscovered their shared past with the Occitans, and vice-versa. Since then, they have remained enthralled by what the scholar August Rafanell has called the <em>Occitan illusion<\/em>. Throughout the 19th century, the idea of a Catalan-Occitan cultural unity, especially in terms of language, was shared by many intellectuals affiliated with the respective Renaixen\u00e7a movements. After the Great War, Batista i Roca believed that the time had come to define relationships and move on from a cultural or linguistic <em>illusion<\/em>, a romanticised, historical, almost mythical shared brotherhood in a past truncated by the Battle of Muret in 1213 \u2014a slightly esoteric idea, only accessible to intellectuals\u2014 to a modern, political idea that could appeal to the masses. To quote Rafanell, Batista i Roca created \u201cthe first programme and the first fully national campaign (not selective or elitist) for pan-Occitanism in Catalonia\u201d <span class=\"note-item\"><a href=\"#note-04\" class=\"scroll-to\">[4]<\/a><span class=\"note-item-tooltip\">4 \u2014 Rafanell, August (2006). La Il\u00b7lusi\u00f3 Occitana. Barcelona: Quaderns Crema), 1024.\n<\/span><\/span>.<\/p>\n\n\n\n<p>Through events and encounters, publishing pamphlets, and organising meetings and conferences, Batista i Roca sought to bring the two cultures together, prepare a unified cultural market, unite the two languages and encourage young people to meet so that, in the future, a shared cultural awareness could be developed, a Catalan-Occitan political project, that would be channelled through the Association for the Protection of Catalan Education, the recently formed National Federation of Catalan Students, and Palestra. Although there had been precedents, it was really during the period from 1930 to 1934, marked by relative stability and freedom on both sides of the Corbi\u00e8res Massif, that ties and links were re-established, with the endorsement of the Catalan Government, with Occitan intellectuals with the goal of building a cultural space-market that, in the future, could become a political reality <span class=\"note-item\"><a href=\"#note-05\" class=\"scroll-to\">[5]<\/a><span class=\"note-item-tooltip\">5 \u2014 Rafenell states that Batista and \u201call the \u2018idealists\u2019 who supported him had surpassed their predecessors, taking in a literal sense what the latter had preached in a literary sense\u201d. Rafanell, August (2006). La Il\u00b7lusi\u00f3 Occitana. Barcelona: Quaderns Crema, 115. For an example of the evolutionary vision of phased nationalism, see: J. M. Batista i Roca (1932), Pr\u00f2leg in Amadeu Serch, L\u2019exemple de Txecoslov\u00e0quia. Els s\u00f2kols. La lluita per la independ\u00e8ncia. Barcelona: Editorial Barcino, 5-7. On the awareness of creating cultural frameworks and a common Occitan-Catalan market: Alexandre Cirici (1973). El Temps Barrat (Barcelona: Destino, 1973), 116-126 and 203-206. On the fostering of contacts between Occitans and Catalans by para-autonomic organisations, Carbonell\u2019s Office of Meridional Relations is a good example: Vinyet Panyella (2000). Josep Carbonell i Gener (Sitges, 1897-1979). Entre les avantguardes i l\u2019humanisme. Barcelona: Edicions 62, 184-196. See, in general: Porta, Frederic J. (2022\/2023), Josep Maria Batista i Roca (1895-1978) [Provisional title. Forthcoming publication]. Barcelona: Edicions de 1984.\n<\/span><\/span>. The evolution towards the Revolution of October and the turbulence of the period between 1934 and 1939 in Catalonia, and between 1939 and 1945 in Occitania, put a temporary stop to the contacts and the dreams of unification, which Batista i Roca would pick up again in the 1950s.<\/p>\n\n\n\n<h5 class=\"wp-block-heading\">European geopolitics<\/h5>\n\n\n\n<p>Historically, more or less once a century, Europe goes through a turbulent period not only with changes in frontiers and hegemonies, but also in the conception of the world and of power. After the religious wars of the 16th century, examples of such turbulence are the Thirty Years\u2019 War (1618-1648), the War of Succession (1701-1713\/15) and the Quadruple Alliance (1718-1720), the Wars of the French Revolution and the Napoleonic Wars (1792-1802 and 1803-1815) and the period of the two World Wars (1914-1945). Each time that a post-war system weakens and collapses, Europe enters a period lasting two or three decades of instability, with shifting borders, ideas, hegemonies and power structures, from which it emerges totally transformed. Paradoxically, these are times of opportunity for Catalonia. Batista i Roca wanted to take advantage of the window opened between the First and Second World Wars to achieve independence for Catalonia.<\/p>\n\n\n\n<p>In 1919, he had already started to make university contacts in Oxford, Cambridge and Berlin, and also, unofficially, in circles close to the League of Nations. He spoke and corresponded with everyone, whether they were representatives of minorities, states, republics, monarchies or empires. He channelled his activity above all through the Office of Relations and Exchanges (ORBIS), established within Palestra. By this means, Batista i Roca sought to make up for the total or almost total absence of international relations or institutions. Between 1919 and 1945 (and beyond), Batista i Roca tried to compensate for the non-existence of an unofficial or para-official Office of International Relations or Ministry or Department of Foreign Affairs in Catalonia.<\/p>\n\n\n\n<p>Informal contacts were established through friends as well as formal contacts: reports and messages were sent to the consulates and embassies of Great Britain, France, Germany, Italy and Portugal, among others. The absence of a Catalan state-level diplomacy or advocacy of political demands before the new League of Nations led the Catalan nationalists, including Batista i Roca, to opt for indirect forms of influence. In this respect, a lot of work was done at the Congress of European Nationalities, a non-governmental organisation that sought to make up for the lack of representation of stateless nations and national minorities at the League of Nations. Batista i Roca\u2019s influence at the Congress became well-known, acquiring \u201ca certain weight in the circles of European nationalist movements after 1933-34, particularly for his sojourns in Geneva in front of the League of Nations\u2019 press room\u201d, as Nu\u00f1ez-Seixas has explained <span class=\"note-item\"><a href=\"#note-06\" class=\"scroll-to\">[6]<\/a><span class=\"note-item-tooltip\">6 \u2014 N\u00fa\u00f1ez Seixas, Xos\u00e9 M (2010). Internacionalitzant el nacionalisme. El catalanisme pol\u00edtic i la q\u00fcesti\u00f3 de les minories nacionals a Europa. Catarroja-Val\u00e8ncia: Editorial Afers-Universitat de Val\u00e8ncia. 257-258. The citation is from pages 240-241. See also: Ucelay-Da Cal, Enric, Xos\u00e9 M. N\u00fa\u00f1ez Seixas, Arnau Gonz\u00e0lez i Vilalta (eds.) (2020), Patrias diversas, \u00bfmisma lucha? Alianzas transnacionalistas en el mundo de entreguerras [1912-1939]. Barcelona: Edicions Bellaterra.\n<\/span><\/span>. <\/p>\n\n\n\n<div class=\"wp-block-columns is-layout-flex wp-container-core-columns-is-layout-9d6595d7 wp-block-columns-is-layout-flex\">\n<div class=\"wp-block-column is-layout-flow wp-block-column-is-layout-flow\" style=\"flex-basis:33.33%\">\n<blockquote class=\"wp-block-quote is-style-large is-layout-flow wp-block-quote-is-layout-flow\">\n<p>The absence of a Catalan state-level diplomacy or advocacy of political demands before the new League of Nations led the Catalan nationalists, including Batista i Roca, to opt for indirect forms of influence<\/p>\n<\/blockquote>\n<\/div>\n\n\n\n<div class=\"wp-block-column is-layout-flow wp-block-column-is-layout-flow\" style=\"flex-basis:66.66%\">\n<p>In meetings and encounters, such as that of 1935, he succeeded in getting his proposals for European peace and respect for the rights of minorities accepted by all the attendees, and they would later be presented to the president of the League of Nations Assembly. Another example of this indirect participation, which sought to influence the League of Nations member states\u2019 perception of Catalonia, took place in 1935, after the Revolution of October. During that year, as Catalonia\u2019s representative at the Congress of European Nationalities, Batista i Roca forwarded a report about Catalonia to the Portuguese delegation at the League of Nations, in which he explained the country\u2019s political situation after the failure of that uprising <span class=\"note-item\"><a href=\"#note-07\" class=\"scroll-to\">[7]<\/a><span class=\"note-item-tooltip\">7 \u2014 The document has been very kindly provided to us by Arnau Gonz\u00e0lez i Vilalta. (AHD, DGNP, Informa\u00e7\u00f5es pol\u00edticas. Espanha. 1932 e 1935, Dossier Informa\u00e7\u00f5es sobre a Catalunha, Processo 28, 1935, Delegaci\u00f3n de Portugal SDN, 26-X-1935)\n<\/span><\/span>. The hopes of a free Catalonia in a free and different Europe receded between 1936 and 1939, but after 1945, Batista i Roca would continue to interact with the re(nascent) European institutions.<\/p>\n<\/div>\n<\/div>\n\n\n\n<h5 class=\"wp-block-heading\">Hispanic geopolitics: stop the War<\/h5>\n\n\n\n<p>During the three years of the Civil War, as Arnau Gonz\u00e0lez i Vilalta has explained in his book <em>Une Catalogne ind\u00e9pendant?<\/em>: \u201cthe possible secession of Catalonia, whether for or against, became the subject of analysis and debate in chancelleries and the press alike [\u2026]. There was no forum for diplomatic or journalistic debate in which the possibility of a Catalan secession was not discussed\u201d <span class=\"note-item\"><a href=\"#note-08\" class=\"scroll-to\">[8]<\/a><span class=\"note-item-tooltip\">8 \u2014 Gonz\u00e0lez i Vilalta, Arnau (2017). Une Catalogne ind\u00e9pendant? Geopol\u00edtica europea i Guerra Civil Espanyola (1936-1939). Barcelona: Memorial Democr\u00e0tic. See also the more recent: Gonz\u00e0lez i Vilalta, Arnau (2021). Catalu\u00f1a en la crisis europea (1931-1939). \u00bfIrlanda espa\u00f1ola, pe\u00f3n franc\u00e9s o URSS mediterr\u00e1nea? Lleida: Milenio Publicaciones.\n<\/span><\/span>. The USSR, Italy and Germany took part directly in the Spanish Civil War and thousands of foreign combatants \u2014such as the International Brigades or the Corpo Truppe Volontarie\u2014 fought on the battlefields. And the international communication media also turned their gaze south of the Pyrenees.<\/p>\n\n\n\n<p>The diplomatic jigsaw puzzle of those years put Catalonia as a movable piece in dispute on the chessboard of international relations at the end of the inter-war period. In March 1938, for example, when Hitler annexed Austria, the French Government briefly considered the proposal of occupying Catalonia militarily as far as the Ebro as a protective measure. Gregori Mir says that \u201cnot since the end of the War of Spanish Succession had Catalonia figured so prominently in international politics as during the Civil War\u201d <span class=\"note-item\"><a href=\"#note-09\" class=\"scroll-to\">[9]<\/a><span class=\"note-item-tooltip\">9 \u2014 Mir, Gregori (2006). Aturar la guerra. Les gestions secretes de Llu\u00eds Companys davant el Govern brit\u00e0nic. Barcelona: Proa.\n<\/span><\/span>.<\/p>\n\n\n\n<p>President Llu\u00eds Companys sent Batista i Roca to London on a secret mission when Franco\u2019s troops entered Lleida in the spring of 1938. Thanks to the network of contacts built during previous years, he managed to reach the highest echelons of the British Empire, being seen personally by Lord Halifax, Edward Frederick Lindley Wood, at that time Foreign Secretary. However, the British kept the card of Catalan nationalism hidden from 1936 to 1945. In one of the reports sent by Batista i Roca on 23 June 1937, which he wrote in coordination with the Basque Government envoys Manuel Irujo and I\u00f1aki Lisazo as well as with the Catalan Government\u2019s delegation in Paris, he talked about a proposal to stop the war. His plan consisted of recognising the territory controlled by the Franco-led rebels and, through the League of Nations, establishing international control of Catalonia, the region of Valencia, the Balearic Islands, the parts of Aragon still controlled by the Republic, and Murcia; in other words, following almost exactly the borders of the former Crown of Aragon, applying a perspective that was more <em>Hispanic <\/em>than Spanish. \u201cThe English were very interested in the idea and even suggested that Holland be a member of this [international] committee\u201d, Batista i Roca would remembera <span class=\"note-item\"><a href=\"#note-010\" class=\"scroll-to\">[10]<\/a><span class=\"note-item-tooltip\"><\/span><\/span>. The British decided not to act on the issue of Catalan nationalism: contacts would continue beyond the end of the Civil War and until the end of the Second World War but, as we all know, the liberation of Paris and Berlin was not followed by that of Barcelona or Madrid.<\/p>\n\n\n\n<h5 class=\"wp-block-heading\">Conclusions<\/h5>\n\n\n\n<p>The scope of Batista i Roca\u2019s paradiplomacy during the inter-war period was limited by the absence of state mechanisms and direct representation at the League of Nations. However, using strategies for indirect influence, such as taking part in the Congress of European Nationalities, he attempted to make up for these shortcomings and was able to contact and send information and memorandums to the League of Nations and the delegates of several countries. The contacts made would be used during the Spanish Civil War in an attempt to obtain a separate peace with the involvement of different powers and the League of Nations. However, ultimately, this attempt failed.<\/p>\n","protected":false},"excerpt":{"rendered":"<p>Josep Maria Batista i Roca (1895-1978) was the first intellectual, academic, university professor and public figure who was a lifelong proponent of Catalan independence, proclaimed it publicly and acted accordingly . His political action was based on strengthening Catalonia and its national spirit and awareness, nurturing character and preparing the leaders of tomorrow, inspired by the British model. Batista i Roca was one of the few intellectuals who truly sought to establish a position for Catalonia in the world \u2013 Catalan geopolitics. He would do this on five levels: pan-Catalanist, pan-Occitan, Iberian, European and, lastly, Hispanic. We will briefly outline\u2026<\/p>\n","protected":false},"author":6,"featured_media":60001,"parent":0,"comment_status":"closed","ping_status":"closed","sticky":false,"template":"","format":"standard","meta":{"_acf_changed":false,"inline_featured_image":false,"_jetpack_memberships_contains_paid_content":false,"footnotes":""},"categories":[484],"tags":[],"segment":[],"subject":[506],"class_list":["post-59986","post","type-post","status-publish","format-standard","has-post-thumbnail","hentry","category-catalunya-i-la-societat-de-nacions-en","subject-catalunya-i-la-societat-de-nacions-en"],"acf":[],"yoast_head":"<!-- This site is optimized with the Yoast SEO plugin v27.5 - https:\/\/yoast.com\/product\/yoast-seo-wordpress\/ -->\n<title>J.M. Batista i Roca: a Pro-independence Intellectual during the Interwar Period (1914-1945) &#8211; IDEES<\/title>\n<meta name=\"robots\" content=\"index, follow, max-snippet:-1, max-image-preview:large, max-video-preview:-1\" \/>\n<link rel=\"canonical\" href=\"https:\/\/revistaidees.cat\/en\/j-m-batista-i-roca-a-pro-independence-intellectual-during-the-interwar-period-1914-1945\/\" \/>\n<meta property=\"og:locale\" content=\"en_US\" \/>\n<meta property=\"og:type\" content=\"article\" \/>\n<meta property=\"og:title\" content=\"J.M. Batista i Roca: a Pro-independence Intellectual during the Interwar Period (1914-1945) &#8211; IDEES\" \/>\n<meta property=\"og:description\" content=\"Josep Maria Batista i Roca (1895-1978) was the first intellectual, academic, university professor and public figure who was a lifelong proponent of Catalan independence, proclaimed it publicly and acted accordingly . His political action was based on strengthening Catalonia and its national spirit and awareness, nurturing character and preparing the leaders of tomorrow, inspired by the British model. Batista i Roca was one of the few intellectuals who truly sought to establish a position for Catalonia in the world \u2013 Catalan geopolitics. He would do this on five levels: pan-Catalanist, pan-Occitan, Iberian, European and, lastly, Hispanic. We will briefly outline\u2026\" \/>\n<meta property=\"og:url\" content=\"https:\/\/revistaidees.cat\/en\/j-m-batista-i-roca-a-pro-independence-intellectual-during-the-interwar-period-1914-1945\/\" \/>\n<meta property=\"og:site_name\" content=\"IDEES\" \/>\n<meta property=\"article:published_time\" content=\"2022-09-20T07:34:07+00:00\" \/>\n<meta property=\"article:modified_time\" content=\"2023-01-27T15:18:20+00:00\" \/>\n<meta property=\"og:image\" content=\"https:\/\/i0.wp.com\/revistaidees.cat\/wp-content\/uploads\/2022\/09\/10a-ilustracio_2000x800-1-1.jpg?fit=1500%2C800&ssl=1\" \/>\n\t<meta property=\"og:image:width\" content=\"1500\" \/>\n\t<meta property=\"og:image:height\" content=\"800\" \/>\n\t<meta property=\"og:image:type\" content=\"image\/jpeg\" \/>\n<meta name=\"author\" content=\"Guille Velasco\" \/>\n<meta name=\"twitter:card\" content=\"summary_large_image\" \/>\n<meta name=\"twitter:label1\" content=\"Written by\" \/>\n\t<meta name=\"twitter:data1\" content=\"Guille Velasco\" \/>\n\t<meta name=\"twitter:label2\" content=\"Est. reading time\" \/>\n\t<meta name=\"twitter:data2\" content=\"12 minutes\" \/>\n<script type=\"application\/ld+json\" class=\"yoast-schema-graph\">{\"@context\":\"https:\\\/\\\/schema.org\",\"@graph\":[{\"@type\":\"Article\",\"@id\":\"https:\\\/\\\/revistaidees.cat\\\/en\\\/j-m-batista-i-roca-a-pro-independence-intellectual-during-the-interwar-period-1914-1945\\\/#article\",\"isPartOf\":{\"@id\":\"https:\\\/\\\/revistaidees.cat\\\/en\\\/j-m-batista-i-roca-a-pro-independence-intellectual-during-the-interwar-period-1914-1945\\\/\"},\"author\":{\"name\":\"Guille Velasco\",\"@id\":\"https:\\\/\\\/revistaidees.cat\\\/#\\\/schema\\\/person\\\/adfa7c9b46b4f5aba1a2db263fdfd38f\"},\"headline\":\"J.M. Batista i Roca: a Pro-independence Intellectual during the Interwar Period (1914-1945)\",\"datePublished\":\"2022-09-20T07:34:07+00:00\",\"dateModified\":\"2023-01-27T15:18:20+00:00\",\"mainEntityOfPage\":{\"@id\":\"https:\\\/\\\/revistaidees.cat\\\/en\\\/j-m-batista-i-roca-a-pro-independence-intellectual-during-the-interwar-period-1914-1945\\\/\"},\"wordCount\":2175,\"image\":{\"@id\":\"https:\\\/\\\/revistaidees.cat\\\/en\\\/j-m-batista-i-roca-a-pro-independence-intellectual-during-the-interwar-period-1914-1945\\\/#primaryimage\"},\"thumbnailUrl\":\"https:\\\/\\\/i0.wp.com\\\/revistaidees.cat\\\/wp-content\\\/uploads\\\/2022\\\/09\\\/10a-ilustracio_2000x800-1-1.jpg?fit=1500%2C800&ssl=1\",\"articleSection\":[\"Catalonia and the League of Nations\"],\"inLanguage\":\"en-US\"},{\"@type\":\"WebPage\",\"@id\":\"https:\\\/\\\/revistaidees.cat\\\/en\\\/j-m-batista-i-roca-a-pro-independence-intellectual-during-the-interwar-period-1914-1945\\\/\",\"url\":\"https:\\\/\\\/revistaidees.cat\\\/en\\\/j-m-batista-i-roca-a-pro-independence-intellectual-during-the-interwar-period-1914-1945\\\/\",\"name\":\"J.M. Batista i Roca: a Pro-independence Intellectual during the Interwar Period (1914-1945) &#8211; IDEES\",\"isPartOf\":{\"@id\":\"https:\\\/\\\/revistaidees.cat\\\/#website\"},\"primaryImageOfPage\":{\"@id\":\"https:\\\/\\\/revistaidees.cat\\\/en\\\/j-m-batista-i-roca-a-pro-independence-intellectual-during-the-interwar-period-1914-1945\\\/#primaryimage\"},\"image\":{\"@id\":\"https:\\\/\\\/revistaidees.cat\\\/en\\\/j-m-batista-i-roca-a-pro-independence-intellectual-during-the-interwar-period-1914-1945\\\/#primaryimage\"},\"thumbnailUrl\":\"https:\\\/\\\/i0.wp.com\\\/revistaidees.cat\\\/wp-content\\\/uploads\\\/2022\\\/09\\\/10a-ilustracio_2000x800-1-1.jpg?fit=1500%2C800&ssl=1\",\"datePublished\":\"2022-09-20T07:34:07+00:00\",\"dateModified\":\"2023-01-27T15:18:20+00:00\",\"author\":{\"@id\":\"https:\\\/\\\/revistaidees.cat\\\/#\\\/schema\\\/person\\\/adfa7c9b46b4f5aba1a2db263fdfd38f\"},\"breadcrumb\":{\"@id\":\"https:\\\/\\\/revistaidees.cat\\\/en\\\/j-m-batista-i-roca-a-pro-independence-intellectual-during-the-interwar-period-1914-1945\\\/#breadcrumb\"},\"inLanguage\":\"en-US\",\"potentialAction\":[{\"@type\":\"ReadAction\",\"target\":[\"https:\\\/\\\/revistaidees.cat\\\/en\\\/j-m-batista-i-roca-a-pro-independence-intellectual-during-the-interwar-period-1914-1945\\\/\"]}]},{\"@type\":\"ImageObject\",\"inLanguage\":\"en-US\",\"@id\":\"https:\\\/\\\/revistaidees.cat\\\/en\\\/j-m-batista-i-roca-a-pro-independence-intellectual-during-the-interwar-period-1914-1945\\\/#primaryimage\",\"url\":\"https:\\\/\\\/i0.wp.com\\\/revistaidees.cat\\\/wp-content\\\/uploads\\\/2022\\\/09\\\/10a-ilustracio_2000x800-1-1.jpg?fit=1500%2C800&ssl=1\",\"contentUrl\":\"https:\\\/\\\/i0.wp.com\\\/revistaidees.cat\\\/wp-content\\\/uploads\\\/2022\\\/09\\\/10a-ilustracio_2000x800-1-1.jpg?fit=1500%2C800&ssl=1\",\"width\":1500,\"height\":800,\"caption\":\"Illustrator: Jes\u00fas Gald\u00f3n\"},{\"@type\":\"BreadcrumbList\",\"@id\":\"https:\\\/\\\/revistaidees.cat\\\/en\\\/j-m-batista-i-roca-a-pro-independence-intellectual-during-the-interwar-period-1914-1945\\\/#breadcrumb\",\"itemListElement\":[{\"@type\":\"ListItem\",\"position\":1,\"name\":\"Inici\",\"item\":\"https:\\\/\\\/revistaidees.cat\\\/en\\\/\"},{\"@type\":\"ListItem\",\"position\":2,\"name\":\"J.M. Batista i Roca: a Pro-independence Intellectual during the Interwar Period (1914-1945)\"}]},{\"@type\":\"WebSite\",\"@id\":\"https:\\\/\\\/revistaidees.cat\\\/#website\",\"url\":\"https:\\\/\\\/revistaidees.cat\\\/\",\"name\":\"IDEES\",\"description\":\"Contemporary global issues\",\"potentialAction\":[{\"@type\":\"SearchAction\",\"target\":{\"@type\":\"EntryPoint\",\"urlTemplate\":\"https:\\\/\\\/revistaidees.cat\\\/?s={search_term_string}\"},\"query-input\":{\"@type\":\"PropertyValueSpecification\",\"valueRequired\":true,\"valueName\":\"search_term_string\"}}],\"inLanguage\":\"en-US\"},{\"@type\":\"Person\",\"@id\":\"https:\\\/\\\/revistaidees.cat\\\/#\\\/schema\\\/person\\\/adfa7c9b46b4f5aba1a2db263fdfd38f\",\"name\":\"Guille Velasco\",\"image\":{\"@type\":\"ImageObject\",\"inLanguage\":\"en-US\",\"@id\":\"https:\\\/\\\/secure.gravatar.com\\\/avatar\\\/629007751c4a3e3bc4a875f83b1492bf27b7e7eff053528d6942b03ce18e75ad?s=96&d=mm&r=g\",\"url\":\"https:\\\/\\\/secure.gravatar.com\\\/avatar\\\/629007751c4a3e3bc4a875f83b1492bf27b7e7eff053528d6942b03ce18e75ad?s=96&d=mm&r=g\",\"contentUrl\":\"https:\\\/\\\/secure.gravatar.com\\\/avatar\\\/629007751c4a3e3bc4a875f83b1492bf27b7e7eff053528d6942b03ce18e75ad?s=96&d=mm&r=g\",\"caption\":\"Guille Velasco\"}}]}<\/script>\n<!-- \/ Yoast SEO plugin. -->","yoast_head_json":{"title":"J.M. Batista i Roca: a Pro-independence Intellectual during the Interwar Period (1914-1945) &#8211; IDEES","robots":{"index":"index","follow":"follow","max-snippet":"max-snippet:-1","max-image-preview":"max-image-preview:large","max-video-preview":"max-video-preview:-1"},"canonical":"https:\/\/revistaidees.cat\/en\/j-m-batista-i-roca-a-pro-independence-intellectual-during-the-interwar-period-1914-1945\/","og_locale":"en_US","og_type":"article","og_title":"J.M. Batista i Roca: a Pro-independence Intellectual during the Interwar Period (1914-1945) &#8211; IDEES","og_description":"Josep Maria Batista i Roca (1895-1978) was the first intellectual, academic, university professor and public figure who was a lifelong proponent of Catalan independence, proclaimed it publicly and acted accordingly . His political action was based on strengthening Catalonia and its national spirit and awareness, nurturing character and preparing the leaders of tomorrow, inspired by the British model. Batista i Roca was one of the few intellectuals who truly sought to establish a position for Catalonia in the world \u2013 Catalan geopolitics. He would do this on five levels: pan-Catalanist, pan-Occitan, Iberian, European and, lastly, Hispanic. We will briefly outline\u2026","og_url":"https:\/\/revistaidees.cat\/en\/j-m-batista-i-roca-a-pro-independence-intellectual-during-the-interwar-period-1914-1945\/","og_site_name":"IDEES","article_published_time":"2022-09-20T07:34:07+00:00","article_modified_time":"2023-01-27T15:18:20+00:00","og_image":[{"width":1500,"height":800,"url":"https:\/\/i0.wp.com\/revistaidees.cat\/wp-content\/uploads\/2022\/09\/10a-ilustracio_2000x800-1-1.jpg?fit=1500%2C800&ssl=1","type":"image\/jpeg"}],"author":"Guille Velasco","twitter_card":"summary_large_image","twitter_misc":{"Written by":"Guille Velasco","Est. reading time":"12 minutes"},"schema":{"@context":"https:\/\/schema.org","@graph":[{"@type":"Article","@id":"https:\/\/revistaidees.cat\/en\/j-m-batista-i-roca-a-pro-independence-intellectual-during-the-interwar-period-1914-1945\/#article","isPartOf":{"@id":"https:\/\/revistaidees.cat\/en\/j-m-batista-i-roca-a-pro-independence-intellectual-during-the-interwar-period-1914-1945\/"},"author":{"name":"Guille Velasco","@id":"https:\/\/revistaidees.cat\/#\/schema\/person\/adfa7c9b46b4f5aba1a2db263fdfd38f"},"headline":"J.M. Batista i Roca: a Pro-independence Intellectual during the Interwar Period (1914-1945)","datePublished":"2022-09-20T07:34:07+00:00","dateModified":"2023-01-27T15:18:20+00:00","mainEntityOfPage":{"@id":"https:\/\/revistaidees.cat\/en\/j-m-batista-i-roca-a-pro-independence-intellectual-during-the-interwar-period-1914-1945\/"},"wordCount":2175,"image":{"@id":"https:\/\/revistaidees.cat\/en\/j-m-batista-i-roca-a-pro-independence-intellectual-during-the-interwar-period-1914-1945\/#primaryimage"},"thumbnailUrl":"https:\/\/i0.wp.com\/revistaidees.cat\/wp-content\/uploads\/2022\/09\/10a-ilustracio_2000x800-1-1.jpg?fit=1500%2C800&ssl=1","articleSection":["Catalonia and the League of Nations"],"inLanguage":"en-US"},{"@type":"WebPage","@id":"https:\/\/revistaidees.cat\/en\/j-m-batista-i-roca-a-pro-independence-intellectual-during-the-interwar-period-1914-1945\/","url":"https:\/\/revistaidees.cat\/en\/j-m-batista-i-roca-a-pro-independence-intellectual-during-the-interwar-period-1914-1945\/","name":"J.M. Batista i Roca: a Pro-independence Intellectual during the Interwar Period (1914-1945) &#8211; IDEES","isPartOf":{"@id":"https:\/\/revistaidees.cat\/#website"},"primaryImageOfPage":{"@id":"https:\/\/revistaidees.cat\/en\/j-m-batista-i-roca-a-pro-independence-intellectual-during-the-interwar-period-1914-1945\/#primaryimage"},"image":{"@id":"https:\/\/revistaidees.cat\/en\/j-m-batista-i-roca-a-pro-independence-intellectual-during-the-interwar-period-1914-1945\/#primaryimage"},"thumbnailUrl":"https:\/\/i0.wp.com\/revistaidees.cat\/wp-content\/uploads\/2022\/09\/10a-ilustracio_2000x800-1-1.jpg?fit=1500%2C800&ssl=1","datePublished":"2022-09-20T07:34:07+00:00","dateModified":"2023-01-27T15:18:20+00:00","author":{"@id":"https:\/\/revistaidees.cat\/#\/schema\/person\/adfa7c9b46b4f5aba1a2db263fdfd38f"},"breadcrumb":{"@id":"https:\/\/revistaidees.cat\/en\/j-m-batista-i-roca-a-pro-independence-intellectual-during-the-interwar-period-1914-1945\/#breadcrumb"},"inLanguage":"en-US","potentialAction":[{"@type":"ReadAction","target":["https:\/\/revistaidees.cat\/en\/j-m-batista-i-roca-a-pro-independence-intellectual-during-the-interwar-period-1914-1945\/"]}]},{"@type":"ImageObject","inLanguage":"en-US","@id":"https:\/\/revistaidees.cat\/en\/j-m-batista-i-roca-a-pro-independence-intellectual-during-the-interwar-period-1914-1945\/#primaryimage","url":"https:\/\/i0.wp.com\/revistaidees.cat\/wp-content\/uploads\/2022\/09\/10a-ilustracio_2000x800-1-1.jpg?fit=1500%2C800&ssl=1","contentUrl":"https:\/\/i0.wp.com\/revistaidees.cat\/wp-content\/uploads\/2022\/09\/10a-ilustracio_2000x800-1-1.jpg?fit=1500%2C800&ssl=1","width":1500,"height":800,"caption":"Illustrator: Jes\u00fas Gald\u00f3n"},{"@type":"BreadcrumbList","@id":"https:\/\/revistaidees.cat\/en\/j-m-batista-i-roca-a-pro-independence-intellectual-during-the-interwar-period-1914-1945\/#breadcrumb","itemListElement":[{"@type":"ListItem","position":1,"name":"Inici","item":"https:\/\/revistaidees.cat\/en\/"},{"@type":"ListItem","position":2,"name":"J.M. Batista i Roca: a Pro-independence Intellectual during the Interwar Period (1914-1945)"}]},{"@type":"WebSite","@id":"https:\/\/revistaidees.cat\/#website","url":"https:\/\/revistaidees.cat\/","name":"IDEES","description":"Contemporary global issues","potentialAction":[{"@type":"SearchAction","target":{"@type":"EntryPoint","urlTemplate":"https:\/\/revistaidees.cat\/?s={search_term_string}"},"query-input":{"@type":"PropertyValueSpecification","valueRequired":true,"valueName":"search_term_string"}}],"inLanguage":"en-US"},{"@type":"Person","@id":"https:\/\/revistaidees.cat\/#\/schema\/person\/adfa7c9b46b4f5aba1a2db263fdfd38f","name":"Guille Velasco","image":{"@type":"ImageObject","inLanguage":"en-US","@id":"https:\/\/secure.gravatar.com\/avatar\/629007751c4a3e3bc4a875f83b1492bf27b7e7eff053528d6942b03ce18e75ad?s=96&d=mm&r=g","url":"https:\/\/secure.gravatar.com\/avatar\/629007751c4a3e3bc4a875f83b1492bf27b7e7eff053528d6942b03ce18e75ad?s=96&d=mm&r=g","contentUrl":"https:\/\/secure.gravatar.com\/avatar\/629007751c4a3e3bc4a875f83b1492bf27b7e7eff053528d6942b03ce18e75ad?s=96&d=mm&r=g","caption":"Guille Velasco"}}]}},"jetpack_featured_media_url":"https:\/\/i0.wp.com\/revistaidees.cat\/wp-content\/uploads\/2022\/09\/10a-ilustracio_2000x800-1-1.jpg?fit=1500%2C800&ssl=1","jetpack_sharing_enabled":true,"_links":{"self":[{"href":"https:\/\/revistaidees.cat\/en\/wp-json\/wp\/v2\/posts\/59986","targetHints":{"allow":["GET"]}}],"collection":[{"href":"https:\/\/revistaidees.cat\/en\/wp-json\/wp\/v2\/posts"}],"about":[{"href":"https:\/\/revistaidees.cat\/en\/wp-json\/wp\/v2\/types\/post"}],"author":[{"embeddable":true,"href":"https:\/\/revistaidees.cat\/en\/wp-json\/wp\/v2\/users\/6"}],"replies":[{"embeddable":true,"href":"https:\/\/revistaidees.cat\/en\/wp-json\/wp\/v2\/comments?post=59986"}],"version-history":[{"count":9,"href":"https:\/\/revistaidees.cat\/en\/wp-json\/wp\/v2\/posts\/59986\/revisions"}],"predecessor-version":[{"id":61508,"href":"https:\/\/revistaidees.cat\/en\/wp-json\/wp\/v2\/posts\/59986\/revisions\/61508"}],"wp:featuredmedia":[{"embeddable":true,"href":"https:\/\/revistaidees.cat\/en\/wp-json\/wp\/v2\/media\/60001"}],"wp:attachment":[{"href":"https:\/\/revistaidees.cat\/en\/wp-json\/wp\/v2\/media?parent=59986"}],"wp:term":[{"taxonomy":"category","embeddable":true,"href":"https:\/\/revistaidees.cat\/en\/wp-json\/wp\/v2\/categories?post=59986"},{"taxonomy":"post_tag","embeddable":true,"href":"https:\/\/revistaidees.cat\/en\/wp-json\/wp\/v2\/tags?post=59986"},{"taxonomy":"segment","embeddable":true,"href":"https:\/\/revistaidees.cat\/en\/wp-json\/wp\/v2\/segment?post=59986"},{"taxonomy":"subject","embeddable":true,"href":"https:\/\/revistaidees.cat\/en\/wp-json\/wp\/v2\/subject?post=59986"}],"curies":[{"name":"wp","href":"https:\/\/api.w.org\/{rel}","templated":true}]}}