{"id":73524,"date":"2024-05-23T13:32:25","date_gmt":"2024-05-23T11:32:25","guid":{"rendered":"https:\/\/revistaidees.cat\/?p=73524"},"modified":"2024-06-11T08:38:08","modified_gmt":"2024-06-11T06:38:08","slug":"the-future-for-social-democracy-and-the-challenge-of-liberalism","status":"publish","type":"post","link":"https:\/\/revistaidees.cat\/en\/the-future-for-social-democracy-and-the-challenge-of-liberalism\/","title":{"rendered":"The future for social democracy and the challenge of liberalism"},"content":{"rendered":"\n<p>Social democratic politics have had a hard time for several decades. <span class=\"note-item\"><a href=\"#note-01\" class=\"scroll-to\">[1]<\/a><span class=\"note-item-tooltip\">1 \u2014 This contribution reproduces some content already published in another article by the author that appeared in Social Europe in February 20, 2024: Rothstein, B. (2024). \u201cWhat works for the left? Liberal socialism\u201d. Social Europe. Available online.\n<\/span><\/span> At their peak in the late 1980s, parties or coalitions led by social democratic parties governed 12 of the then 15 EU countries. The situation nowadays is very different and, according to the polls, in the coming EU Parliament elections, populist and right-wing parties are going to be the winners. <span class=\"note-item\"><a href=\"#note-02\" class=\"scroll-to\">[2]<\/a><span class=\"note-item-tooltip\">2 \u2014 Henley, J. (2024). \u201c\u2018Anti-European\u2019 populists on track for big gains in EU elections, says report\u201d. The Guardian, January 24, 2024. Available online.\n<\/span><\/span><\/p>\n\n\n\n<p>There may therefore be good reason to rethink which type of social democratic policies have been successful or have failed during the roughly 100 years socialist parties have been serious contenders for political power. The question is whether there is a common denominator for what has led to success and what has led to defeat. Successful politics, I would argue, are those that have made it possible to create a majority among the electorate and also been shown to lead to substantially positive results in terms of improving living conditions for a majority of the population. Here, one can of course point to the development of the universal welfare state based on social reforms that target entire or very broad sections of the population. Such reforms include universal child allowances, national pension systems, free health and elderly care, and tuition-free education. Another great success for the left are policies for increasing gender equality, whose main features are based on the liberal principle that men and women should be given equal opportunities in common organisations, be it the family, civil society, government organisations or the workplace.<\/p>\n\n\n\n<p>However, the defeats of socialist (or, if one prefers, social democratic) politics are not so few. In Sweden, one can point to the wage-earner funds which were indeed introduced in the 1980s but abolished by a conservative government in 1994 and which have never been heard of since in the political debate. In the US, one can point to Hilary Clinton\u2019s defeat by Donald Trump in 2016. In Latin America, the collapse of Venezuela under Presidents Chavez and Maduro should be added to this sad list. Further back in time, we have the massive defeat of the British miners\u2019 union by Margaret Thatcher in 1985. Even further back is the defeat of the Republican side in the Spanish Civil War in 1939, and of course the crushing of the German labour movement by the Nazis in 1932, the victory of fascism in Italy in the 1920s, and the defeat of the Reds in the Finnish Civil War in 1918. And for those who continue to believe in the blessings of the planned economy, the collapse of the Soviet system in 1989 must obviously be added.<\/p>\n\n\n\n<p>What distinguishes successful left-wing politics is that it is built on a union of the liberal principle of individual rights and the socialist idea of social justice. Successful social reforms and gender equality policies have been based on individual rights to pensions, health care, education, equal rights for men and women, etc., and not on group or family-based rights. In an earlier piece on this website, I called such successful left-wing politics liberal socialism. <span class=\"note-item\"><a href=\"#note-03\" class=\"scroll-to\">[3]<\/a><span class=\"note-item-tooltip\">3 \u2014 Rothstein, B. (2023). \u201cThe idea of a liberal socialism\u201d. Social Europe, December 11, 2023. Available online.\n<\/span><\/span> It is when the left have disrespected the principles of liberal democracy and individual rights that it has been defeated. Let\u2019s take this from the beginning.<\/p>\n\n\n\n<p>In February 1918, the later legendary Swedish Social Democrat Gustav M\u00f6ller went to Finland. His mission was to try to mediate in the then raging civil war and to persuade the Finnish Social Democrats to refrain from following the violent path of Bolshevik violence. In Helsinki, the so-called Red Guard had taken power and started conducting arbitrary detentions, extensive beatings of \u201cclass enemies\u201d, and a large number of executions of people they perceived as \u201cbourgeois\u201d. M\u00f6ller did not mince his words when he met his Finnish party colleagues. He argued that if they tried to win political power by violent means, the \u201cmoral force\u201d that left-wing politics must be built on would be lost. He also argued that their strategy entailed a huge risk because the \u201cWhite forces\u201d could very well win. But the Finnish socialists refused to listen to the warnings from the Swedish Social Democrats, arguing that they believed they could succeed in the \u201cclass war\u201d by winning through military force. This turned out to be a vain hope. The Finnish Civil War of 1918 ended with an appalling price in human suffering for the Reds. As a percentage of the population, more lives were lost <span class=\"note-item\"><a href=\"#note-04\" class=\"scroll-to\">[4]<\/a><span class=\"note-item-tooltip\">4 \u2014 Lapuente, V., &amp; Rothstein, B. (2014). \u201cCivil War Spain Versus Swedish Harmony: The Quality of Government Factor\u201d. Comparative Political Studies, 47(10), 1416-1441. Available online.\n<\/span><\/span> during this short war than in the Spanish Civil War from 1936 to 1939.<\/p>\n\n\n\n<div class=\"wp-block-columns is-layout-flex wp-container-core-columns-is-layout-9d6595d7 wp-block-columns-is-layout-flex\">\n<div class=\"wp-block-column is-layout-flow wp-block-column-is-layout-flow\" style=\"flex-basis:33.33%\">\n<blockquote class=\"wp-block-quote is-style-large is-layout-flow wp-block-quote-is-layout-flow\">\n<p>What distinguishes successful left-wing politics is that it is built on a union of the liberal principle of individual rights and the socialist idea of social justice. The left has been defeated when it has disrespected the principles of liberal democracy and individual rights<\/p>\n<\/blockquote>\n<\/div>\n\n\n\n<div class=\"wp-block-column is-layout-flow wp-block-column-is-layout-flow\" style=\"flex-basis:66.66%\">\n<p>The defeat of the Italian Socialists by Mussolini\u2019s fascism took a similar pattern. The years 1919-1920 are called the \u201ctwo red years\u201d when the country was close to a full-scale civil war. Supported by parts of the Socialist Party, much of the violence was initiated by the left. A very large number of armed illegal factory occupations were carried out, with the companies to be controlled by workers\u2019 councils following the Soviet model. A large part of the Italian Socialist Party simply wanted to copy the Bolshevik Revolution, but their strategy failed. There is much to suggest that it was the Socialist Party\u2019s failure to stand up for the principles of liberal democracy that paved the way for the rise of fascism and Mussolini. <span class=\"note-item\"><a href=\"#note-05\" class=\"scroll-to\">[5]<\/a><span class=\"note-item-tooltip\">5 \u2014 Russo, G.; De Feo, G.; De Luca, G. &amp; Acemoglu, D. (2020). &#8220;Revisiting the rise of Italian fascism&#8221;. VoxEU, October 28, 2020. Available online.\n<\/span><\/span><\/p>\n<\/div>\n<\/div>\n\n\n\n<p>Fascism\u2019s victory in the Spanish Civil War also followed a similar pattern. Usually, this war is described as a democratically elected government being attacked and defeated by Franco\u2019s fascist army. But this is only part of the truth. What distinguished the Spanish Socialists under the leadership of Largo Caballero (who dreamed of becoming a Spanish Lenin) was a politics of violent confrontation under the battle cry \u201cHarmony? No! Class War! Hatred of the Criminal Bourgeoisie to the Death\u201d. <span class=\"note-item\"><a href=\"#note-06\" class=\"scroll-to\">[6]<\/a><span class=\"note-item-tooltip\">6 \u2014 Beevor, A. (2006). The Battle for Spain: The Spanish Civil War 1936-1939. London: Weidenfeld &amp; Nicolson.\n<\/span><\/span> The policy of the Spanish Socialists when they democratically entered government was thousands of illegal and arbitrary arrests and allowing acts of violence on their part to go unpunished, plus unlawful confiscations of property. The democratically elected Popular Front government so clearly violated the principles of liberal democracy, it drove large parts of the Spanish population to support Franco\u2019s fascism. <span class=\"note-item\"><a href=\"#note-07\" class=\"scroll-to\">[7]<\/a><span class=\"note-item-tooltip\">7 \u2014 Lapuente, V., &amp; Rothstein, B. (2014). \u201cCivil War Spain Versus Swedish Harmony: The Quality of Government Factor\u201d. Comparative Political Studies, 47(10), 1416-1441. Available online.\n<\/span><\/span><\/p>\n\n\n\n<p>In regard to the victory of Nazism in Germany, one can mention the class-against-class policy of the German communists. With the argument that it made no difference whether the exploitation of the working class was carried out under \u201cbourgeois democracy\u201d or under fascist dictatorship, they refused to support the German Social Democrats and the liberal bourgeoisie\u2019s defence of democracy. Such support would probably have had a good chance of stopping the advance of Nazism.<\/p>\n\n\n<div class=\"wp-block-image\">\n<figure class=\"aligncenter size-large\"><img data-recalc-dims=\"1\" loading=\"lazy\" decoding=\"async\" width=\"1024\" height=\"740\" src=\"https:\/\/i0.wp.com\/revistaidees.cat\/wp-content\/uploads\/2024\/06\/Bo-Rothstein-imatge-interior-extra-min.png?resize=1024%2C740&#038;ssl=1\" alt=\"Bo Rothstein imatge interior extra-min\" class=\"wp-image-74968\" srcset=\"https:\/\/i0.wp.com\/revistaidees.cat\/wp-content\/uploads\/2024\/06\/Bo-Rothstein-imatge-interior-extra-min.png?resize=1024%2C740&amp;ssl=1 1024w, https:\/\/i0.wp.com\/revistaidees.cat\/wp-content\/uploads\/2024\/06\/Bo-Rothstein-imatge-interior-extra-min.png?resize=300%2C217&amp;ssl=1 300w, https:\/\/i0.wp.com\/revistaidees.cat\/wp-content\/uploads\/2024\/06\/Bo-Rothstein-imatge-interior-extra-min.png?resize=768%2C555&amp;ssl=1 768w, https:\/\/i0.wp.com\/revistaidees.cat\/wp-content\/uploads\/2024\/06\/Bo-Rothstein-imatge-interior-extra-min.png?resize=1536%2C1109&amp;ssl=1 1536w, https:\/\/i0.wp.com\/revistaidees.cat\/wp-content\/uploads\/2024\/06\/Bo-Rothstein-imatge-interior-extra-min.png?resize=1200%2C867&amp;ssl=1 1200w, https:\/\/i0.wp.com\/revistaidees.cat\/wp-content\/uploads\/2024\/06\/Bo-Rothstein-imatge-interior-extra-min.png?resize=767%2C554&amp;ssl=1 767w, https:\/\/i0.wp.com\/revistaidees.cat\/wp-content\/uploads\/2024\/06\/Bo-Rothstein-imatge-interior-extra-min.png?w=1800&amp;ssl=1 1800w\" sizes=\"auto, (max-width: 1000px) 100vw, 1000px\" \/><figcaption class=\"wp-element-caption\">A girl holds up a red flag during a demonstration of the\u00a0<em>Indignats<\/em>\u00a0movement in Barcelona, \u200b\u200bCatalonia, June 19, 2011. Photo: Jordi Borr\u00e0s<\/figcaption><\/figure>\n<\/div>\n\n\n<p><\/p>\n\n\n\n<p>In more modern times, one might mention the extensive British miners\u2019 strike of 1984-85 which ended in crushing defeat. However, the aim of the strike was not primarily to improve the position of the miners but to overthrow the democratically elected government led by Margaret Thatcher. <span class=\"note-item\"><a href=\"#note-08\" class=\"scroll-to\">[8]<\/a><span class=\"note-item-tooltip\">8 \u2014 Martin Adeney, M. &amp; Lloyd, J. (1986). The Miners&#8217; Strike, 1984\u20135. Loss Without Limit. Published April 15, 2023 by Routledge.\n<\/span><\/span> Such a manoeuvre had been successful in the past when, through a strike, the conservative government led by Edward Heath had been forced to resign 10 years earlier. The leaders of the British miners\u2019 union also refused to hold a ballot on going on strike among its members, which it was obliged to do by law and its own rules. The miners\u2019 union also used violence against the large group of miners who chose not to join the strike..<\/p>\n\n\n\n<p>For Sweden, the abolition of wage-earner funds must be seen as a major political defeat for the left. As I have argued elsewhere, <span class=\"note-item\"><a href=\"#note-09\" class=\"scroll-to\">[9]<\/a><span class=\"note-item-tooltip\">9 \u2014 Rothstein, B. (2021). \u201cWhy No Economic Democracy in Sweden? A Counterfactual Approach\u201d. Social Europe Research Essay No. 12. Available online.\n<\/span><\/span> this defeat was so painful that it effectively led to a taboo within the labour movement on discussing economic democracy at all. One thing that clearly distinguished the wage-earner fund proposal from the many successful policies of the Swedish Social Democrats was a complete lack of connection to the work situation and the economic conditions of the individual employee. There was nothing in the proposal about how the companies (unclear which ones) in which the funds had shares would act differently and what this would mean for the (unclear which) wage earners who worked there. The wage-earner funds were not only a defeat for the left but also led to an extensive and successful neo-liberal ideological mobilisation of the Swedish business community.<\/p>\n\n\n\n<p>Finally, Hilary Clinton\u2019s defeat against Donald Trump. One explanation presented for this is that the left in the US has come to be associated with identity politics advocating group rights. <span class=\"note-item\"><a href=\"#note-010\" class=\"scroll-to\">[10]<\/a><span class=\"note-item-tooltip\">10 \u2014 Remnick, D.; Lilla, M. (2017). \u201cA Conversation with Mark Lilla on his Critique of Identity Politics\u201d. The New Yorker. August 25, 2017. Available online.\n<\/span><\/span> for minorities. Many of the \u201closers\u201d within the white working class have come to blame their difficulties on the existence of various forms of quotas favouring minorities. Criticism of the left\u2019s identity-based group rights became a successful theme for Trump\u2019s Republicans..<\/p>\n\n\n\n<div class=\"wp-block-columns is-layout-flex wp-container-core-columns-is-layout-9d6595d7 wp-block-columns-is-layout-flex\">\n<div class=\"wp-block-column is-layout-flow wp-block-column-is-layout-flow\" style=\"flex-basis:33.33%\">\n<blockquote class=\"wp-block-quote is-style-large is-layout-flow wp-block-quote-is-layout-flow\">\n<p>Many of the \u201closers\u201d within the white working class have come to blame their difficulties on the existence of quotas favouring minorities<\/p>\n<\/blockquote>\n<\/div>\n\n\n\n<div class=\"wp-block-column is-layout-flow wp-block-column-is-layout-flow\" style=\"flex-basis:66.66%\">\n<p>There is thus a clear pattern in terms of the success and failure of left-wing politics. Policies that combine reforms for social and economic justice with central liberal principles such as respect for individual autonomy, individual rights and the rule of law, i.e. liberal socialism, have been successful. Policies that have trampled on these principles have led to severe and widespread defeats. This, I would argue, is something to consider for the future strategy for the political left.<\/p>\n<\/div>\n<\/div>\n\n\n\n<p>For the vast majority, liberalism and the social democratic version of socialism are ideological and political opposites. The social democratic left is considered to stand for state control of society, state ownership and some version of central planning of production instead of allocation through the market economy. And for most people, liberalism is synonymous with the individual\u2019s self-determination, the primacy of the market and limited state. Social democrats generally believe that liberals are insensitive to the inequalities to which the market economy gives rise and place far too much responsibility on the individual when it comes to dealing with social problems. Liberals, on the other hand, believe that socialists underestimate the dangers of too much state power, do not pay enough attention to individuals\u2019 rights and ignore the market economy\u2019s propensity to grow.<\/p>\n\n\n\n<p>Historically, however, a few political thinkers have challenged and sought to dispel this counterposition. One who did was Carlo Rosselli, who as early as 1929 launched the concept of liberal socialism. Rosselli, <span class=\"note-item\"><a href=\"#note-011\" class=\"scroll-to\">[11]<\/a><span class=\"note-item-tooltip\">11 \u2014 Pugliese, S. (1999). Carlo Rosselli: Socialist Heretic and Antifascist Exile. Harvard University Press.\n<\/span><\/span> who came from a wealthy Jewish family, joined the Socialist Party in Italy early on. He developed his critique of Marxist determinism after the class struggle pursued by the party in 1919-20 \u2013amid a massive wave of strikes involving much violence and many factory occupations\u2013 brought the country to a situation close to civil war, from which Benito Mussolini\u2019s fascists emerged triumphant.<\/p>\n\n\n\n<p>Rosselli gave up a promising academic career to join the anti-fascist movement and, after helping some militants escape, he was detained in a prison camp on Lipari, where he secretly wrote his only book, <em>Il socialismo liberale<\/em>. Translated and published in English in 1994, <span class=\"note-item\"><a href=\"#note-012\" class=\"scroll-to\">[12]<\/a><span class=\"note-item-tooltip\">12 \u2014 Rosselli, C. (1994). Liberal Socialism. Princeton Legacy Library: Princeton University Press. Edited by Nadia Urbinati and translated by William MeCuaig in collaboration with Fondazione Rosselli of Torino.\n<\/span><\/span> it criticised the party for ignoring the fact that the working class was in the minority and for giving reactionary forces motives for illegal political actions that resulted in the victory of fascism. According to the well-known Italian political philosopher Noberto Bobbio, <em>Il socialismo liberale<\/em> became the \u201clittle red book&#8221; <span class=\"note-item\"><a href=\"#note-013\" class=\"scroll-to\">[13]<\/a><span class=\"note-item-tooltip\">13 \u2014 Glotz, P. &amp; Kallscheuer, O. (1989). \u201cDemocracy \u2014 the Threatened Utopia: An Interview with Norberto Bobbio\u201d. Telos, December 21, Vol. 1989, No. 82, pp. 134-143.\n<\/span><\/span> for him and many others in the resistance movement during the 1930s.<\/p>\n\n\n\n<p>Rosselli argued that the struggle for socialism must be framed by democracy and the rule of law: liberalism\u2019s defence of the rights of the individual was the ethical basis of socialism. He condemned the dictatorship established by the Russian Communists and Vladimir Lenin\u2019s craze for bureaucratic exercise of power, which he opposed with an economy based on decentralisation and local autonomous co-operatives. He criticised the \u201cclass against class\u201d strategy of the Third International under Josef Stalin, which lumped \u201csocial fascist\u201d Social Democrats together with the enemy, making unity against fascism impossible. Instead of Stalin\u2019s forced collectivisation of agriculture and one-party dictatorship, Rosselli advocated structural social reforms that would increase individual freedom in a civil society.<\/p>\n\n\n\n<p>After more than two years in captivity, Rosselli managed to escape to France, where he created the \u201cJustice and Freedom\u201d movement, an important part of the opposition to fascism. In June 1937, he and his brother Nello were murdered <span class=\"note-item\"><a href=\"#note-014\" class=\"scroll-to\">[14]<\/a><span class=\"note-item-tooltip\">14 \u2014 Pugliese, S. G. (1997). \u201cDeath in Exile: The Assassination of Carlo Rosselli\u201d. Journal of Contemporary History, 32(3), pp. 305\u2013319. Available online.\n<\/span><\/span> by French fascists in the spa town of Bagnoles-de-l\u2019Orne. Legal proceedings after the war showed that this was in all probability on behalf of Mussolini. The brothers\u2019 funeral in Paris turned into a major anti-fascist demonstration, with more than 100,000 participants.<\/p>\n\n\n\n<div class=\"wp-block-columns is-layout-flex wp-container-core-columns-is-layout-9d6595d7 wp-block-columns-is-layout-flex\">\n<div class=\"wp-block-column is-layout-flow wp-block-column-is-layout-flow\" style=\"flex-basis:33.33%\">\n<blockquote class=\"wp-block-quote is-style-large is-layout-flow wp-block-quote-is-layout-flow\">\n<p>It is astonishing that in more than a century the social democratic thought has not confronted the notion that the owners of the means of production have the right of command in the relations of production<\/p>\n<\/blockquote>\n<\/div>\n\n\n\n<div class=\"wp-block-column is-layout-flow wp-block-column-is-layout-flow\" style=\"flex-basis:66.66%\">\n<p>In Sweden, meanwhile, Gustav M\u00f6ller was also an original liberal-socialist thinker. A legendary social-democratic politician of the \u201csecond generation\u201d, he was Minister of Social Affairs from the early 1930s to 1951 and creator of the cornerstones <span class=\"note-item\"><a href=\"#note-015\" class=\"scroll-to\">[15]<\/a><span class=\"note-item-tooltip\">15 \u2014 Rothstein, B. (1985). \u201cManaging the Welfare State: Lessons from Gustav M\u00f6ller\u201d. Scandinavian Political Studies, Bind 8 (New Series) (1985) 3. Available online.\n<\/span><\/span> of the universal Swedish welfare state. Like Rosselli, and as mentioned above, M\u00f6ller was appalled by the effects of maximalist, revolutionary class politics, for him demonstrated by the civil war in Finland. <span class=\"note-item\"><a href=\"#note-016\" class=\"scroll-to\">[16]<\/a><span class=\"note-item-tooltip\">16 \u2014 Castles, F. G. (1991). \u201cBook Reviews: Risto Alapuro: State and Revolution in Finland\u201d. Berkeley: University of California Press, 1988. Acta Sociologica, 34(1), pp. 57-58. Available online.\n<\/span><\/span> In 1918, M\u00f6ller was sent to Finland by the Social Democratic party as one of three mediators. Meeting the leaders of the Finnish Social Democrats, he sharply criticised violence and abuses by those on the Red side, asserting <span class=\"note-item\"><a href=\"#note-017\" class=\"scroll-to\">[17]<\/a><span class=\"note-item-tooltip\">17 \u2014 Bosdotter, K.; Ekdahl, L.; Hed\u00e9n, A. &amp; Roselius, A. (2018). Den r\u00f6da v\u00e5ren 1918. Huddinge: Arbetarnas Cultural History Society. Yearbook 2018 for the Workers&#8217; Cultural History Society, pp. 1400-3392.\n<\/span><\/span> that this meant they lacked the \u201cmoral force\u201d to counter the bourgeois reaction. His interlocutors however rejected <span class=\"note-item\"><a href=\"#note-018\" class=\"scroll-to\">[18]<\/a><span class=\"note-item-tooltip\">18 \u2014 Karvinen, K. (2016). \u201cBook Review: The Finnish Civil War, 1918: History, Memory, Legacy Edited by Tuomas Tepora and Aapo Roselius\u201d. War in History, 23(2), pp. 268-270. Available online.\n<\/span><\/span> the mediation proposals and chose to continue the class war \u2013which ended in bitter defeat.<\/p>\n<\/div>\n<\/div>\n\n\n\n<p>M\u00f6ller drew the same conclusions as Rosselli from the class conflicts in Italy at the time: the socialist movement must not deviate an inch from parliamentary democracy and the rule of law. He also concluded that it was not possible to build socialist strategy solely on the working class because it neither was nor would become the majority. Instead, the socialist side should seek broader alliances, as the Swedish Social Democrats were to do with the peasants in the 1930s and later with the middle class.<\/p>\n\n\n\n<p>M\u00f6ller was also very critical of the Communists\u2019 preference for socialism as the nationalisation of production. In a famous speech <span class=\"note-item\"><a href=\"#note-019\" class=\"scroll-to\">[19]<\/a><span class=\"note-item-tooltip\">19 \u2014 M\u00f6ller, G. (1920). Socialiseringsproblemen.\n<\/span><\/span> to the Scandinavian Workers\u2019 Congress in Copenhagen in 1920, he said in reference to the state\u2019s relationship with private firms: \u201cThere is no doubt that when we realise these great plans, we must also solve the problem of bureaucracy. It is of no use to create a state where the civil servants sit in the agencies and lead and control production. We have to create other forms.\u201d<\/p>\n\n\n\n<p>His main idea was that production would be carried out by autonomous, self-governing companies, where the employees as well as consumers and representatives of a broader societal interest sat on the boards. The entire responsibility for the development of production would lie \u201cwith the company itself&#8221;, <span class=\"note-item\"><a href=\"#note-020\" class=\"scroll-to\">[20]<\/a><span class=\"note-item-tooltip\">20 \u2014 M\u00f6ller, G. (1920). Socialiseringsproblemen\n<\/span><\/span> \u2014not a central planning body. Although M\u00f6ller\u2019s political career was much longer than Rosselli\u2019s and his party was in power, not much of his vision of a socialism built on self-governing companies was realised, stymied by depression and war. When the Social Democrats adopted a new programme in 1944, he sharply criticised its dilution of a socialist order. In 1946, he lost a vote <span class=\"note-item\"><a href=\"#note-021\" class=\"scroll-to\">[21]<\/a><span class=\"note-item-tooltip\">21 \u2014 Edebalk, G. (2021). Gustav M\u00f6ller: en legendarisk socialpolitiker.\n<\/span><\/span> on the leadership by a small margin to the younger generation in the party, who set aside socialism in favour of a strong welfare state.<\/p>\n\n\n\n<p>Nevertheless, here M\u00f6ller\u2019s liberal scepticism of central government and the exercise of state authority prevailed. The health insurance system he launched would be administered by locally elected health insurance funds and unemployment insurance by trade union unemployment funds. In shaping financial support for small businesses in the \u201930s, M\u00f6ller likewise entrusted regional business associations rather than the National Board for Commerce. Many more examples of his avoidance of the strong hand of bureaucratic state power could be cited.<\/p>\n\n\n\n<figure class=\"wp-block-image size-large\"><img data-recalc-dims=\"1\" loading=\"lazy\" decoding=\"async\" width=\"1024\" height=\"680\" src=\"https:\/\/i0.wp.com\/revistaidees.cat\/wp-content\/uploads\/2024\/05\/Bo-Rothstein-imatge-2.png?resize=1024%2C680&#038;ssl=1\" alt=\"Bo Rothstein imatge 2\" class=\"wp-image-73481\" srcset=\"https:\/\/i0.wp.com\/revistaidees.cat\/wp-content\/uploads\/2024\/05\/Bo-Rothstein-imatge-2.png?resize=1024%2C680&amp;ssl=1 1024w, https:\/\/i0.wp.com\/revistaidees.cat\/wp-content\/uploads\/2024\/05\/Bo-Rothstein-imatge-2.png?resize=300%2C199&amp;ssl=1 300w, https:\/\/i0.wp.com\/revistaidees.cat\/wp-content\/uploads\/2024\/05\/Bo-Rothstein-imatge-2.png?resize=768%2C510&amp;ssl=1 768w, https:\/\/i0.wp.com\/revistaidees.cat\/wp-content\/uploads\/2024\/05\/Bo-Rothstein-imatge-2.png?resize=1536%2C1020&amp;ssl=1 1536w, https:\/\/i0.wp.com\/revistaidees.cat\/wp-content\/uploads\/2024\/05\/Bo-Rothstein-imatge-2.png?resize=1200%2C797&amp;ssl=1 1200w, https:\/\/i0.wp.com\/revistaidees.cat\/wp-content\/uploads\/2024\/05\/Bo-Rothstein-imatge-2.png?resize=767%2C509&amp;ssl=1 767w, https:\/\/i0.wp.com\/revistaidees.cat\/wp-content\/uploads\/2024\/05\/Bo-Rothstein-imatge-2.png?w=1799&amp;ssl=1 1799w\" sizes=\"auto, (max-width: 1000px) 100vw, 1000px\" \/><figcaption class=\"wp-element-caption\">A young boy from a migrant background walks behind the lectern of an AFS (Alternative for Sweden) party leader during a rally of the far-right party to mark Workers&#8217; Day in G\u00e4vle, Sweden, on 1 May 2022. Photo: Jordi Borr\u00e0s<\/figcaption><\/figure>\n\n\n\n<p><br>Is there anything today that corresponds to the \u201cM\u00f6ller-Rosselli\u201d union of liberalism and socialism? If by socialism one means that the power of capital ownership over production should be limited or even ended, then yes: in many countries, more and more companies are owned and\/or controlled by those who work in them. <span class=\"note-item\"><a href=\"#note-022\" class=\"scroll-to\">[22]<\/a><span class=\"note-item-tooltip\">22 \u2014 Michie, J.; Blasi, J. R., &amp; Borzaga, C. (eds) (2017). The Oxford Handbook of Mutual, Co-Operative, and Co-Owned Business, Oxford Handbooks. Oxford Academic, November 6, 2017. Available online.\n<\/span><\/span> As the American economist David Ellerman has shown, <span class=\"note-item\"><a href=\"#note-023\" class=\"scroll-to\">[23]<\/a><span class=\"note-item-tooltip\">23 \u2014 Pat Devine, P. (1993). \u201cProperty and Contract in Economics: The Case for Economic Democracy\u201d. The Economic Journal, Volume 103, Issue 421, November 1, 1993, pp. 1560\u20131561. Available online.\n<\/span><\/span> both Marxism and capitalism are founded on the wrongheaded idea that in a market economy capital ownership is what gives power in production: capital hires (that is, employs) labour and the capital owners control the business. But in a market economy employees can rent (that is, borrow) the capital needed by the company and then it is they who have power over production. It is thus not capital ownership per se that determines power relations within a company but how the \u201c\u2018lease\u201d between capital and labour is constructed \u2013who hires whom or what. This contract theory of power upends both leftist and rightist thinking about power and capital.<\/p>\n\n\n\n<p>It is astonishing that more than a century of social democratic thought has not confronted <span class=\"note-item\"><a href=\"#note-024\" class=\"scroll-to\">[24]<\/a><span class=\"note-item-tooltip\">24 \u2014 Ferreras, I.; Malleson, T. &amp; Rogers, R. (eds) (2024). Democratizing the Corporation: The Bicameral Firm and Beyond. The Real Utopias Project. Verso.\n<\/span><\/span> the notion that the owners of \u201cthe means of production\u201d have the right of command in the \u201crelations of production\u201d. Nationalisation, central planning and, in Sweden, the (failed) &#8220;wage-earner funds&#8221; <span class=\"note-item\"><a href=\"#note-025\" class=\"scroll-to\">[25]<\/a><span class=\"note-item-tooltip\">25 \u2014 Rothstein, B. (2021). \u201cWhy No Economic Democracy in Sweden? A Counterfactual Approach\u201d. Social Europe Research Essay No. 12. Available online.\n<\/span><\/span> project have not challenged this principle on which capitalism is based: ownership of capital should give the owners \u2013 whether individual magnates, financial institutions, central planners or union leaders \u2013 the right of command in the production process. Indeed, this is a nice example of what Antonio Gramsci called bourgeois \u201chegemony\u201d. <span class=\"note-item\"><a href=\"#note-026\" class=\"scroll-to\">[26]<\/a><span class=\"note-item-tooltip\">26 \u2014 Gramsci, A. (2011). Prison Notebooks. Volumes 1, 2 &amp; 3. Edited and translated by Joseph A. Buttigieg with Antonio Callari. Columbia University Press.\n<\/span><\/span><\/p>\n\n\n\n<div class=\"wp-block-columns is-layout-flex wp-container-core-columns-is-layout-9d6595d7 wp-block-columns-is-layout-flex\">\n<div class=\"wp-block-column is-layout-flow wp-block-column-is-layout-flow\" style=\"flex-basis:33.33%\">\n<blockquote class=\"wp-block-quote is-style-large is-layout-flow wp-block-quote-is-layout-flow\">\n<p>A liberalism that was also socialist could have avoided the disastrous neoliberal diversion of the last four decades<\/p>\n<\/blockquote>\n<\/div>\n\n\n\n<div class=\"wp-block-column is-layout-flow wp-block-column-is-layout-flow\" style=\"flex-basis:66.66%\">\n<p>Two of the most respected theorists of liberal democracy, Robert Dahl and John Rawls, have taken stances similar to Rosselli and M\u00f6ller. In<em> John Rawls: Reticent Socialist<\/em>, <span class=\"note-item\"><a href=\"#note-027\" class=\"scroll-to\">[27]<\/a><span class=\"note-item-tooltip\">27 \u2014 Edmundson, W. A. (2017). John Rawls: Reticent Socialist. Cambridge University Press.\n<\/span><\/span> William Edmundson shows that in Rawls\u2019 last writings his previous idea that \u201cwelfare capitalism\u201d would be compatible with his famous ideas of social justice was no longer correct. Instead, he pointed to \u201cliberal socialism\u201d and\/or \u201cproperty owning democracy\u201d as prerequisites. As for Dahl, in his 1989 book <em>Democracy and its Critics<\/em> he explicitly referred to Ellerman, arguing that there was no reason why liberals should refrain from pursuing democracy also within working life. <span class=\"note-item\"><a href=\"#note-028\" class=\"scroll-to\">[28]<\/a><span class=\"note-item-tooltip\">28 \u2014 Zirakzabeh, C. E. (1990). Theorizing about Workplace Democracy Robert Dahl and the Cooperatives of Mondrag\u00f3n. Journal of Theoretical Politics, 2(1), pp. 109-126. Available online.\n<\/span><\/span><\/p>\n<\/div>\n<\/div>\n\n\n\n<p>Companies owned or managed by the employees through a democratic process have now been studied for four decades: <span class=\"note-item\"><a href=\"#note-029\" class=\"scroll-to\">[29]<\/a><span class=\"note-item-tooltip\">29 \u2014 Freeman, R. B. (2015). \u201cWorkers Ownership and Profit-Sharing in a New Capitalist Model?\u201d Full Employment and Solidaristic Wage Policy, No. 21. The Swedish Trade Union Confederation. Available online.\n<\/span><\/span> they do very well financially, they pay higher salaries and more of their employees are satisfied. They also counteract growing economic inequality by additionally giving employees a share of the return on capital, often in the form of higher pensions. <span class=\"note-item\"><a href=\"#note-030\" class=\"scroll-to\">[30]<\/a><span class=\"note-item-tooltip\">30 \u2014 Schechter, M. S. (2019). \u201cSurvey Shows ESOP Workers Have Higher Retirement Savings\u201d. January 22, 2019. Butterfield Schechter LLP Blog. Available online.\n<\/span><\/span><\/p>\n\n\n\n<p>Paradoxically, such companies are significantly more common <span class=\"note-item\"><a href=\"#note-031\" class=\"scroll-to\">[31]<\/a><span class=\"note-item-tooltip\">31 \u2014 Rothstein, B. (2021). \u201cWhy No Economic Democracy in Sweden? A Counterfactual Approach\u201d. Social Europe Research Essay No. 12. Available online.\n<\/span><\/span> in the \u201csuper-capitalist\u201d United States and conservatively controlled Britain than in social democratic Sweden. This is because of legislation allowing employees, via a foundation, to buy their company with its future profits as financial security. Employee stock ownership plans (ESOP) <span class=\"note-item\"><a href=\"#note-032\" class=\"scroll-to\">[32]<\/a><span class=\"note-item-tooltip\">32 \u2014 Freeman, R. B. (2015). \u201cWorkers Ownership and Profit-Sharing in a New Capitalist Model?\u201d Full Employment and Solidaristic Wage Policy, No. 21. The Swedish Trade Union Confederation. Available online.\n<\/span><\/span> thus do not require employees to risk any of their own money when they take over the company. In the US and also now in the UK, this process is facilitated by favourable tax rules and opportunities for government loans.<\/p>\n\n\n\n<p>Interestingly, this economic democracy via workforce ownership is supported by Republicans as well as Democrats \u2013a positive affirmation of Gramscian hegemony from the progressive side. Almost ten million employees now work in 7,000 such companies, of which more than 4,000 have the ESOP fund as majority owner. A similar policy <span class=\"note-item\"><a href=\"#note-033\" class=\"scroll-to\">[33]<\/a><span class=\"note-item-tooltip\">33 \u2014 WPI Economics (2023). \u201cExploring the potential of the Employee Ownership business model. A deep dive into the economic, people, societal and environmental benefits\u201d. WPI Economics report. Available online.\n<\/span><\/span> was introduced in the UK in 2014 and more than 500,000 employees now work in some 1,700 employee ownership businesses (EOBs). This type of \u201cliberal socialism\u201d appears more common in high-technology companies, where the most important asset is not capital provided by owners but rather the competence, creativity and engagement proffered by the employees.<\/p>\n\n\n\n<p>Politically, liberal socialism differs from standard liberalism in that it takes economic inequality and economic democracy seriously. A liberalism that was also socialist could have avoided the disastrous neoliberal diversion <span class=\"note-item\"><a href=\"#note-034\" class=\"scroll-to\">[34]<\/a><span class=\"note-item-tooltip\">34 \u2014 Fortunato, P. (2022). \u201cThe long shadow of market fundamentalism\u201d. Social Europe, May 5, 2022. Available online.\n<\/span><\/span> of the last four decades. However, it also differs from modern versions of social democracy in that it takes socialism \u2013understood as the right of employees to govern their corporations\u2013 <span class=\"note-item\"><a href=\"#note-035\" class=\"scroll-to\">[35]<\/a><span class=\"note-item-tooltip\">35 \u2014 Sente, C. (2023). \u201cDemocracy and the future of work\u201d. Social Europe, January 4, 2023. Available online.\n<\/span><\/span> seriously too. Such recognition by the socialist movement in its entirety a century ago would have prevented its hijacking by allying state power to the \u201cone-man management\u201d which Lenin espoused as avidly as the US advocate of \u201cscientific management\u201d, Frederick Taylor. Far from being an oxymoron, liberal socialism represents a synergy between the two great democratic and enlightenment political strands, for too long running on divergent tracks, to the detriment of both.<\/p>\n","protected":false},"excerpt":{"rendered":"<p>Social democratic politics have had a hard time for several decades. At their peak in the late 1980s, parties or coalitions led by social democratic parties governed 12 of the then 15 EU countries. The situation nowadays is very different and, according to the polls, in the coming EU Parliament elections, populist and right-wing parties are going to be the winners. There may therefore be good reason to rethink which type of social democratic policies have been successful or have failed during the roughly 100 years socialist parties have been serious contenders for political power. The question is whether there\u2026<\/p>\n","protected":false},"author":3,"featured_media":73355,"parent":0,"comment_status":"closed","ping_status":"closed","sticky":false,"template":"","format":"standard","meta":{"_acf_changed":false,"inline_featured_image":false,"_jetpack_memberships_contains_paid_content":false,"footnotes":""},"categories":[605],"tags":[],"segment":[],"subject":[],"class_list":["post-73524","post","type-post","status-publish","format-standard","has-post-thumbnail","hentry","category-la-crisi-dels-sistemes-democratics-liberals-en"],"acf":[],"yoast_head":"<!-- This site is optimized with the Yoast SEO plugin v27.4 - https:\/\/yoast.com\/product\/yoast-seo-wordpress\/ -->\n<title>The future for social democracy and the challenge of liberalism &#8211; IDEES<\/title>\n<meta name=\"robots\" content=\"index, follow, max-snippet:-1, max-image-preview:large, max-video-preview:-1\" \/>\n<link rel=\"canonical\" href=\"https:\/\/revistaidees.cat\/en\/the-future-for-social-democracy-and-the-challenge-of-liberalism\/\" \/>\n<meta property=\"og:locale\" content=\"en_US\" \/>\n<meta property=\"og:type\" content=\"article\" \/>\n<meta property=\"og:title\" content=\"The future for social democracy and the challenge of liberalism &#8211; IDEES\" \/>\n<meta property=\"og:description\" content=\"Social democratic politics have had a hard time for several decades. At their peak in the late 1980s, parties or coalitions led by social democratic parties governed 12 of the then 15 EU countries. The situation nowadays is very different and, according to the polls, in the coming EU Parliament elections, populist and right-wing parties are going to be the winners. There may therefore be good reason to rethink which type of social democratic policies have been successful or have failed during the roughly 100 years socialist parties have been serious contenders for political power. The question is whether there\u2026\" \/>\n<meta property=\"og:url\" content=\"https:\/\/revistaidees.cat\/en\/the-future-for-social-democracy-and-the-challenge-of-liberalism\/\" \/>\n<meta property=\"og:site_name\" content=\"IDEES\" \/>\n<meta property=\"article:published_time\" content=\"2024-05-23T11:32:25+00:00\" \/>\n<meta property=\"article:modified_time\" content=\"2024-06-11T06:38:08+00:00\" \/>\n<meta property=\"og:image\" content=\"https:\/\/revistaidees.cat\/wp-content\/uploads\/2024\/05\/Bo-Rothstein-1024x486.png\" \/>\n\t<meta property=\"og:image:width\" content=\"1024\" \/>\n\t<meta property=\"og:image:height\" content=\"486\" \/>\n\t<meta property=\"og:image:type\" content=\"image\/png\" \/>\n<meta name=\"author\" content=\"maria\" \/>\n<meta name=\"twitter:card\" content=\"summary_large_image\" \/>\n<meta name=\"twitter:label1\" content=\"Written by\" \/>\n\t<meta name=\"twitter:data1\" content=\"maria\" \/>\n\t<meta name=\"twitter:label2\" content=\"Est. reading time\" \/>\n\t<meta name=\"twitter:data2\" content=\"20 minutes\" \/>\n<script type=\"application\/ld+json\" class=\"yoast-schema-graph\">{\"@context\":\"https:\\\/\\\/schema.org\",\"@graph\":[{\"@type\":\"Article\",\"@id\":\"https:\\\/\\\/revistaidees.cat\\\/en\\\/the-future-for-social-democracy-and-the-challenge-of-liberalism\\\/#article\",\"isPartOf\":{\"@id\":\"https:\\\/\\\/revistaidees.cat\\\/en\\\/the-future-for-social-democracy-and-the-challenge-of-liberalism\\\/\"},\"author\":{\"name\":\"maria\",\"@id\":\"https:\\\/\\\/revistaidees.cat\\\/#\\\/schema\\\/person\\\/23b13c8d154c858b03b5b4905ae0d5f6\"},\"headline\":\"The future for social democracy and the challenge of liberalism\",\"datePublished\":\"2024-05-23T11:32:25+00:00\",\"dateModified\":\"2024-06-11T06:38:08+00:00\",\"mainEntityOfPage\":{\"@id\":\"https:\\\/\\\/revistaidees.cat\\\/en\\\/the-future-for-social-democracy-and-the-challenge-of-liberalism\\\/\"},\"wordCount\":3562,\"image\":{\"@id\":\"https:\\\/\\\/revistaidees.cat\\\/en\\\/the-future-for-social-democracy-and-the-challenge-of-liberalism\\\/#primaryimage\"},\"thumbnailUrl\":\"https:\\\/\\\/i0.wp.com\\\/revistaidees.cat\\\/wp-content\\\/uploads\\\/2024\\\/05\\\/Bo-Rothstein.png?fit=2000%2C950&ssl=1\",\"articleSection\":[\"The crisis of liberal democratic systems\"],\"inLanguage\":\"en-US\"},{\"@type\":\"WebPage\",\"@id\":\"https:\\\/\\\/revistaidees.cat\\\/en\\\/the-future-for-social-democracy-and-the-challenge-of-liberalism\\\/\",\"url\":\"https:\\\/\\\/revistaidees.cat\\\/en\\\/the-future-for-social-democracy-and-the-challenge-of-liberalism\\\/\",\"name\":\"The future for social democracy and the challenge of liberalism &#8211; IDEES\",\"isPartOf\":{\"@id\":\"https:\\\/\\\/revistaidees.cat\\\/#website\"},\"primaryImageOfPage\":{\"@id\":\"https:\\\/\\\/revistaidees.cat\\\/en\\\/the-future-for-social-democracy-and-the-challenge-of-liberalism\\\/#primaryimage\"},\"image\":{\"@id\":\"https:\\\/\\\/revistaidees.cat\\\/en\\\/the-future-for-social-democracy-and-the-challenge-of-liberalism\\\/#primaryimage\"},\"thumbnailUrl\":\"https:\\\/\\\/i0.wp.com\\\/revistaidees.cat\\\/wp-content\\\/uploads\\\/2024\\\/05\\\/Bo-Rothstein.png?fit=2000%2C950&ssl=1\",\"datePublished\":\"2024-05-23T11:32:25+00:00\",\"dateModified\":\"2024-06-11T06:38:08+00:00\",\"author\":{\"@id\":\"https:\\\/\\\/revistaidees.cat\\\/#\\\/schema\\\/person\\\/23b13c8d154c858b03b5b4905ae0d5f6\"},\"breadcrumb\":{\"@id\":\"https:\\\/\\\/revistaidees.cat\\\/en\\\/the-future-for-social-democracy-and-the-challenge-of-liberalism\\\/#breadcrumb\"},\"inLanguage\":\"en-US\",\"potentialAction\":[{\"@type\":\"ReadAction\",\"target\":[\"https:\\\/\\\/revistaidees.cat\\\/en\\\/the-future-for-social-democracy-and-the-challenge-of-liberalism\\\/\"]}]},{\"@type\":\"ImageObject\",\"inLanguage\":\"en-US\",\"@id\":\"https:\\\/\\\/revistaidees.cat\\\/en\\\/the-future-for-social-democracy-and-the-challenge-of-liberalism\\\/#primaryimage\",\"url\":\"https:\\\/\\\/i0.wp.com\\\/revistaidees.cat\\\/wp-content\\\/uploads\\\/2024\\\/05\\\/Bo-Rothstein.png?fit=2000%2C950&ssl=1\",\"contentUrl\":\"https:\\\/\\\/i0.wp.com\\\/revistaidees.cat\\\/wp-content\\\/uploads\\\/2024\\\/05\\\/Bo-Rothstein.png?fit=2000%2C950&ssl=1\",\"width\":2000,\"height\":950,\"caption\":\"Demonstration to commemorate the 50th anniversary of the Carnation Revolution in Lisbon, Portugal, 25 April 2024. Photo: Ana Mendes\\\/Esquerda.net\"},{\"@type\":\"BreadcrumbList\",\"@id\":\"https:\\\/\\\/revistaidees.cat\\\/en\\\/the-future-for-social-democracy-and-the-challenge-of-liberalism\\\/#breadcrumb\",\"itemListElement\":[{\"@type\":\"ListItem\",\"position\":1,\"name\":\"Inici\",\"item\":\"https:\\\/\\\/revistaidees.cat\\\/en\\\/\"},{\"@type\":\"ListItem\",\"position\":2,\"name\":\"The future for social democracy and the challenge of liberalism\"}]},{\"@type\":\"WebSite\",\"@id\":\"https:\\\/\\\/revistaidees.cat\\\/#website\",\"url\":\"https:\\\/\\\/revistaidees.cat\\\/\",\"name\":\"IDEES\",\"description\":\"Contemporary global issues\",\"potentialAction\":[{\"@type\":\"SearchAction\",\"target\":{\"@type\":\"EntryPoint\",\"urlTemplate\":\"https:\\\/\\\/revistaidees.cat\\\/?s={search_term_string}\"},\"query-input\":{\"@type\":\"PropertyValueSpecification\",\"valueRequired\":true,\"valueName\":\"search_term_string\"}}],\"inLanguage\":\"en-US\"},{\"@type\":\"Person\",\"@id\":\"https:\\\/\\\/revistaidees.cat\\\/#\\\/schema\\\/person\\\/23b13c8d154c858b03b5b4905ae0d5f6\",\"name\":\"maria\",\"image\":{\"@type\":\"ImageObject\",\"inLanguage\":\"en-US\",\"@id\":\"https:\\\/\\\/secure.gravatar.com\\\/avatar\\\/4abe985cb800e0b75c4c7bfc4fd0973825f533e0620f989a75661b23c3255192?s=96&d=mm&r=g\",\"url\":\"https:\\\/\\\/secure.gravatar.com\\\/avatar\\\/4abe985cb800e0b75c4c7bfc4fd0973825f533e0620f989a75661b23c3255192?s=96&d=mm&r=g\",\"contentUrl\":\"https:\\\/\\\/secure.gravatar.com\\\/avatar\\\/4abe985cb800e0b75c4c7bfc4fd0973825f533e0620f989a75661b23c3255192?s=96&d=mm&r=g\",\"caption\":\"maria\"}}]}<\/script>\n<!-- \/ Yoast SEO plugin. -->","yoast_head_json":{"title":"The future for social democracy and the challenge of liberalism &#8211; IDEES","robots":{"index":"index","follow":"follow","max-snippet":"max-snippet:-1","max-image-preview":"max-image-preview:large","max-video-preview":"max-video-preview:-1"},"canonical":"https:\/\/revistaidees.cat\/en\/the-future-for-social-democracy-and-the-challenge-of-liberalism\/","og_locale":"en_US","og_type":"article","og_title":"The future for social democracy and the challenge of liberalism &#8211; IDEES","og_description":"Social democratic politics have had a hard time for several decades. At their peak in the late 1980s, parties or coalitions led by social democratic parties governed 12 of the then 15 EU countries. The situation nowadays is very different and, according to the polls, in the coming EU Parliament elections, populist and right-wing parties are going to be the winners. There may therefore be good reason to rethink which type of social democratic policies have been successful or have failed during the roughly 100 years socialist parties have been serious contenders for political power. The question is whether there\u2026","og_url":"https:\/\/revistaidees.cat\/en\/the-future-for-social-democracy-and-the-challenge-of-liberalism\/","og_site_name":"IDEES","article_published_time":"2024-05-23T11:32:25+00:00","article_modified_time":"2024-06-11T06:38:08+00:00","og_image":[{"width":1024,"height":486,"url":"https:\/\/revistaidees.cat\/wp-content\/uploads\/2024\/05\/Bo-Rothstein-1024x486.png","type":"image\/png"}],"author":"maria","twitter_card":"summary_large_image","twitter_misc":{"Written by":"maria","Est. reading time":"20 minutes"},"schema":{"@context":"https:\/\/schema.org","@graph":[{"@type":"Article","@id":"https:\/\/revistaidees.cat\/en\/the-future-for-social-democracy-and-the-challenge-of-liberalism\/#article","isPartOf":{"@id":"https:\/\/revistaidees.cat\/en\/the-future-for-social-democracy-and-the-challenge-of-liberalism\/"},"author":{"name":"maria","@id":"https:\/\/revistaidees.cat\/#\/schema\/person\/23b13c8d154c858b03b5b4905ae0d5f6"},"headline":"The future for social democracy and the challenge of liberalism","datePublished":"2024-05-23T11:32:25+00:00","dateModified":"2024-06-11T06:38:08+00:00","mainEntityOfPage":{"@id":"https:\/\/revistaidees.cat\/en\/the-future-for-social-democracy-and-the-challenge-of-liberalism\/"},"wordCount":3562,"image":{"@id":"https:\/\/revistaidees.cat\/en\/the-future-for-social-democracy-and-the-challenge-of-liberalism\/#primaryimage"},"thumbnailUrl":"https:\/\/i0.wp.com\/revistaidees.cat\/wp-content\/uploads\/2024\/05\/Bo-Rothstein.png?fit=2000%2C950&ssl=1","articleSection":["The crisis of liberal democratic systems"],"inLanguage":"en-US"},{"@type":"WebPage","@id":"https:\/\/revistaidees.cat\/en\/the-future-for-social-democracy-and-the-challenge-of-liberalism\/","url":"https:\/\/revistaidees.cat\/en\/the-future-for-social-democracy-and-the-challenge-of-liberalism\/","name":"The future for social democracy and the challenge of liberalism &#8211; IDEES","isPartOf":{"@id":"https:\/\/revistaidees.cat\/#website"},"primaryImageOfPage":{"@id":"https:\/\/revistaidees.cat\/en\/the-future-for-social-democracy-and-the-challenge-of-liberalism\/#primaryimage"},"image":{"@id":"https:\/\/revistaidees.cat\/en\/the-future-for-social-democracy-and-the-challenge-of-liberalism\/#primaryimage"},"thumbnailUrl":"https:\/\/i0.wp.com\/revistaidees.cat\/wp-content\/uploads\/2024\/05\/Bo-Rothstein.png?fit=2000%2C950&ssl=1","datePublished":"2024-05-23T11:32:25+00:00","dateModified":"2024-06-11T06:38:08+00:00","author":{"@id":"https:\/\/revistaidees.cat\/#\/schema\/person\/23b13c8d154c858b03b5b4905ae0d5f6"},"breadcrumb":{"@id":"https:\/\/revistaidees.cat\/en\/the-future-for-social-democracy-and-the-challenge-of-liberalism\/#breadcrumb"},"inLanguage":"en-US","potentialAction":[{"@type":"ReadAction","target":["https:\/\/revistaidees.cat\/en\/the-future-for-social-democracy-and-the-challenge-of-liberalism\/"]}]},{"@type":"ImageObject","inLanguage":"en-US","@id":"https:\/\/revistaidees.cat\/en\/the-future-for-social-democracy-and-the-challenge-of-liberalism\/#primaryimage","url":"https:\/\/i0.wp.com\/revistaidees.cat\/wp-content\/uploads\/2024\/05\/Bo-Rothstein.png?fit=2000%2C950&ssl=1","contentUrl":"https:\/\/i0.wp.com\/revistaidees.cat\/wp-content\/uploads\/2024\/05\/Bo-Rothstein.png?fit=2000%2C950&ssl=1","width":2000,"height":950,"caption":"Demonstration to commemorate the 50th anniversary of the Carnation Revolution in Lisbon, Portugal, 25 April 2024. Photo: Ana Mendes\/Esquerda.net"},{"@type":"BreadcrumbList","@id":"https:\/\/revistaidees.cat\/en\/the-future-for-social-democracy-and-the-challenge-of-liberalism\/#breadcrumb","itemListElement":[{"@type":"ListItem","position":1,"name":"Inici","item":"https:\/\/revistaidees.cat\/en\/"},{"@type":"ListItem","position":2,"name":"The future for social democracy and the challenge of liberalism"}]},{"@type":"WebSite","@id":"https:\/\/revistaidees.cat\/#website","url":"https:\/\/revistaidees.cat\/","name":"IDEES","description":"Contemporary global issues","potentialAction":[{"@type":"SearchAction","target":{"@type":"EntryPoint","urlTemplate":"https:\/\/revistaidees.cat\/?s={search_term_string}"},"query-input":{"@type":"PropertyValueSpecification","valueRequired":true,"valueName":"search_term_string"}}],"inLanguage":"en-US"},{"@type":"Person","@id":"https:\/\/revistaidees.cat\/#\/schema\/person\/23b13c8d154c858b03b5b4905ae0d5f6","name":"maria","image":{"@type":"ImageObject","inLanguage":"en-US","@id":"https:\/\/secure.gravatar.com\/avatar\/4abe985cb800e0b75c4c7bfc4fd0973825f533e0620f989a75661b23c3255192?s=96&d=mm&r=g","url":"https:\/\/secure.gravatar.com\/avatar\/4abe985cb800e0b75c4c7bfc4fd0973825f533e0620f989a75661b23c3255192?s=96&d=mm&r=g","contentUrl":"https:\/\/secure.gravatar.com\/avatar\/4abe985cb800e0b75c4c7bfc4fd0973825f533e0620f989a75661b23c3255192?s=96&d=mm&r=g","caption":"maria"}}]}},"jetpack_featured_media_url":"https:\/\/i0.wp.com\/revistaidees.cat\/wp-content\/uploads\/2024\/05\/Bo-Rothstein.png?fit=2000%2C950&ssl=1","jetpack_sharing_enabled":true,"_links":{"self":[{"href":"https:\/\/revistaidees.cat\/en\/wp-json\/wp\/v2\/posts\/73524","targetHints":{"allow":["GET"]}}],"collection":[{"href":"https:\/\/revistaidees.cat\/en\/wp-json\/wp\/v2\/posts"}],"about":[{"href":"https:\/\/revistaidees.cat\/en\/wp-json\/wp\/v2\/types\/post"}],"author":[{"embeddable":true,"href":"https:\/\/revistaidees.cat\/en\/wp-json\/wp\/v2\/users\/3"}],"replies":[{"embeddable":true,"href":"https:\/\/revistaidees.cat\/en\/wp-json\/wp\/v2\/comments?post=73524"}],"version-history":[{"count":31,"href":"https:\/\/revistaidees.cat\/en\/wp-json\/wp\/v2\/posts\/73524\/revisions"}],"predecessor-version":[{"id":75037,"href":"https:\/\/revistaidees.cat\/en\/wp-json\/wp\/v2\/posts\/73524\/revisions\/75037"}],"wp:featuredmedia":[{"embeddable":true,"href":"https:\/\/revistaidees.cat\/en\/wp-json\/wp\/v2\/media\/73355"}],"wp:attachment":[{"href":"https:\/\/revistaidees.cat\/en\/wp-json\/wp\/v2\/media?parent=73524"}],"wp:term":[{"taxonomy":"category","embeddable":true,"href":"https:\/\/revistaidees.cat\/en\/wp-json\/wp\/v2\/categories?post=73524"},{"taxonomy":"post_tag","embeddable":true,"href":"https:\/\/revistaidees.cat\/en\/wp-json\/wp\/v2\/tags?post=73524"},{"taxonomy":"segment","embeddable":true,"href":"https:\/\/revistaidees.cat\/en\/wp-json\/wp\/v2\/segment?post=73524"},{"taxonomy":"subject","embeddable":true,"href":"https:\/\/revistaidees.cat\/en\/wp-json\/wp\/v2\/subject?post=73524"}],"curies":[{"name":"wp","href":"https:\/\/api.w.org\/{rel}","templated":true}]}}