{"id":74084,"date":"2023-12-12T14:53:14","date_gmt":"2023-12-12T12:53:14","guid":{"rendered":"https:\/\/revistaidees.cat\/drets-humans-i-societat-digital-per-una-digitalitzacio-sobirana-i-democratica-deuropa\/"},"modified":"2024-05-30T12:46:20","modified_gmt":"2024-05-30T10:46:20","slug":"drets-humans-i-societat-digital-per-una-digitalitzacio-sobirana-i-democratica-deuropa","status":"publish","type":"post","link":"https:\/\/revistaidees.cat\/en\/drets-humans-i-societat-digital-per-una-digitalitzacio-sobirana-i-democratica-deuropa\/","title":{"rendered":"Human rights and digital society: for a sovereign and democratic digitalisation of Europe"},"content":{"rendered":"\n<p>Digital transformation currently occupies a central place in the European agenda. Although digitalisation is now at the top of the European Union&#8217;s political agenda, the digitalisation of societies has been ongoing for half a century. Obviously, the question is not whether digitalisation will happen or not, but whether it is democratic and, therefore, beneficial for the majority or not. <span class=\"note-item\"><a href=\"#note-01\" class=\"scroll-to\">[1]<\/a><span class=\"note-item-tooltip\">1 \u2014 This text is taken from the report Proposal for a Sovereign and Democratic Digitalisation of Europe, coordinated by Simona Levi for the European Parliamentary Research Service at the request of the European Parliament&#8217;s former president, David Sassoli. Available online.\n<\/span><\/span><\/p>\n\n\n\n<p>The narrative around digitalisation often focuses on futuristic projects. But before that, there is an overlooked but unavoidable layer: that which enables everyday digital life in all of society&#8217;s activities, from essential services to individual use, that is, content creation and storage, interpersonal online communication, browsing, etc.<\/p>\n\n\n<div class=\"wp-block-image\">\n<figure class=\"aligncenter size-full\"><img data-recalc-dims=\"1\" loading=\"lazy\" decoding=\"async\" width=\"742\" height=\"725\" src=\"https:\/\/i0.wp.com\/revistaidees.cat\/wp-content\/uploads\/2024\/05\/Levi_imag1_Inetbasedservices.png?resize=742%2C725&#038;ssl=1\" alt=\"\" class=\"wp-image-74087\" srcset=\"https:\/\/i0.wp.com\/revistaidees.cat\/wp-content\/uploads\/2024\/05\/Levi_imag1_Inetbasedservices.png?w=742&amp;ssl=1 742w, https:\/\/i0.wp.com\/revistaidees.cat\/wp-content\/uploads\/2024\/05\/Levi_imag1_Inetbasedservices.png?resize=300%2C293&amp;ssl=1 300w\" sizes=\"auto, (max-width: 742px) 100vw, 742px\" \/><figcaption class=\"wp-element-caption\">Source: Mildebrath, Hendrik Alexander (2021).<em> Internet access as a fundamental right: Exploring aspects of connectivity<\/em>.Brussels: European Parliamentary Research Service. <a href=\"http:\/\/ja.cat\/InternetFundamentalRight\" target=\"_blank\" rel=\"noreferrer noopener\">Available online<\/a>.<\/figcaption><\/figure>\n<\/div>\n\n\n<p><br><br>Our institutions commonly take this layer for granted when, in fact, serious analysis is needed to guarantee that the digital future is not built on foundations that are toxic for safeguarding human rights and sovereignty. By <em>sovereign digitalisation<\/em>, we mean a digitalisation in which even the smallest stakeholder of the democratic architecture \u2013 each individual \u2013 has disintermediated \u2013 that is, direct \u2013 control of the use and purpose of the content created and the data generated.<\/p>\n\n\n<div class=\"wp-block-image\">\n<figure class=\"aligncenter size-full\"><img data-recalc-dims=\"1\" loading=\"lazy\" decoding=\"async\" width=\"1000\" height=\"562\" src=\"https:\/\/i0.wp.com\/revistaidees.cat\/wp-content\/uploads\/2024\/05\/Levi_imag2_RequirmentsForSov.png?resize=1000%2C562&#038;ssl=1\" alt=\"\" class=\"wp-image-74091\" srcset=\"https:\/\/i0.wp.com\/revistaidees.cat\/wp-content\/uploads\/2024\/05\/Levi_imag2_RequirmentsForSov.png?w=1000&amp;ssl=1 1000w, https:\/\/i0.wp.com\/revistaidees.cat\/wp-content\/uploads\/2024\/05\/Levi_imag2_RequirmentsForSov.png?resize=300%2C169&amp;ssl=1 300w, https:\/\/i0.wp.com\/revistaidees.cat\/wp-content\/uploads\/2024\/05\/Levi_imag2_RequirmentsForSov.png?resize=768%2C432&amp;ssl=1 768w, https:\/\/i0.wp.com\/revistaidees.cat\/wp-content\/uploads\/2024\/05\/Levi_imag2_RequirmentsForSov.png?resize=767%2C431&amp;ssl=1 767w\" sizes=\"auto, (max-width: 1000px) 100vw, 1000px\" \/><figcaption class=\"wp-element-caption\">Source: Levi, Simona et al. (2022). <em>Proposal for a Sovereign and Democratic Digitalisation of Europe<\/em>. Brussels: Publications Office of the European Union.<a href=\"http:\/\/ja.cat\/DemocraticDigitalisationOfEurope\" target=\"_blank\" rel=\"noreferrer noopener\"> Available online<\/a>.<\/figcaption><\/figure>\n<\/div>\n\n\n<p><br><br>When the basic layer of everyday digital life systematically violates users&#8217; rights, everything that is done in the digital sphere takes place within a framework in which there are no democratic guarantees. The success of digitalisation should not come with the destruction of fundamental rights as collateral damage, and systemic responsibility must lie with our institutions, not with individual decisions.<\/p>\n\n\n\n<h5 class=\"wp-block-heading\">Digital infrastructures with democratic guarantees<\/h5>\n\n\n\n<p>In order to guarantee compliance with democratic principles, everyday digital tools must enable users to retain control over data and content. To ensure this, the tools must be auditable in order to know what they are running, which means that their source code must be accessible and available for distributed, disintermediated auditing by anyone.<\/p>\n\n\n\n<p>From this perspective, only free and open source software tools meet these requirements. Furthermore, free\/libre and open source software (FLOSS) has another fundamental advantage: it fosters entrepreneurship, as it is available to the public and private sector alike and maximises the value of public investment.<\/p>\n\n\n\n<p>In contrast, the dominance of a few companies \u2013 known as big tech \u2013 in providing the basic digital layer, including institutions and essential services, sends a very wrong signal to the market: that digitalisation may take place at the expense of small and medium-sized enterprises, at the expense of innovation and, often, also at the expense of human rights.<\/p>\n\n\n<div class=\"wp-block-image\">\n<figure class=\"aligncenter size-full is-resized\"><img data-recalc-dims=\"1\" loading=\"lazy\" decoding=\"async\" width=\"887\" height=\"443\" src=\"https:\/\/i0.wp.com\/revistaidees.cat\/wp-content\/uploads\/2024\/05\/Levi_image3_SharofMeetings.jpg?resize=887%2C443&#038;ssl=1\" alt=\"\" class=\"wp-image-74094\" style=\"width:951px;height:auto\" srcset=\"https:\/\/i0.wp.com\/revistaidees.cat\/wp-content\/uploads\/2024\/05\/Levi_image3_SharofMeetings.jpg?w=887&amp;ssl=1 887w, https:\/\/i0.wp.com\/revistaidees.cat\/wp-content\/uploads\/2024\/05\/Levi_image3_SharofMeetings.jpg?resize=300%2C150&amp;ssl=1 300w, https:\/\/i0.wp.com\/revistaidees.cat\/wp-content\/uploads\/2024\/05\/Levi_image3_SharofMeetings.jpg?resize=768%2C384&amp;ssl=1 768w, https:\/\/i0.wp.com\/revistaidees.cat\/wp-content\/uploads\/2024\/05\/Levi_image3_SharofMeetings.jpg?resize=767%2C383&amp;ssl=1 767w\" sizes=\"auto, (max-width: 887px) 100vw, 887px\" \/><figcaption class=\"wp-element-caption\">Source: Corporate Europe Observatory (2021). <em>The lobby network: Big Tech\u2019s web of influence in the EU<\/em>. Brussels and Cologne: Corporate Europe Observatory and LobbyControl. <a href=\"http:\/\/ja.cat\/BigTechsInfluenceEU\" target=\"_blank\" rel=\"noreferrer noopener\">Available online<\/a>.<\/figcaption><\/figure>\n<\/div>\n\n\n<h5 class=\"wp-block-heading\"><br><br>The digitalisation of essential services<\/h5>\n\n\n\n<p>The digitalisation of essential services can be analysed using a number of examples and prototypes. The first prototype we propose is based on our field experience.<\/p>\n\n\n\n<p>In 2019, a number of families in Barcelona objected to the digitalisation of their children&#8217;s education, even the youngest \u2013 from the age of 4 \u2013 being implemented solely using tools where data and content were managed by big tech corporations, without any other robust options being available. In response, Xnet designed the Plan for the democratic digitalisation of education, which included a replacement digital tool called DD (digital democratic).<\/p>\n\n\n\n<p>As the hackers say, &#8220;we should never solve a problem twice&#8221;; in other words, don&#8217;t reinvent the wheel: the tools needed to create alternatives already exist.<\/p>\n\n\n\n<p>DD is a full fusion of existing auditable, widely available, free software, such as Nextcloud, Moodle, BigBlueButton, WordPress, Etherpad and Keycloak.<\/p>\n\n\n\n<p>This is not new. What <em>is <\/em>new is making these tools work as one. Here is where we innovate. We propose an institutional commitment to improve them, to make them easier to use, to enable them to communicate fully with each other, and to be usable and attractive; in short, we propose to equip them so that they can compete with the big tech tools. This is not only possible but it is also profitable and an institutional duty.<\/p>\n\n\n\n<p>Barcelona City Council agreed to issue a very small call for tenders so that a number of companies could develop the proposed code. At present, this code is being run as a pilot project in eleven schools in Barcelona. In addition, Xnet has started to negotiate the roll-out of similar measures to the whole of Catalonia and to the region of Bozen, in Italy, and it is also in talks with other governments that are starting to opt for more democratic digital tools.<\/p>\n\n\n\n<p>However, despite significant interest from schools, teachers, families and the IT industry, conditions are very difficult. In particular, the project is underfunded, which prevents it from progressing as much as demand requires and does not allow it to be sufficiently robust to enable other regions to test it and decide whether they want to join the project as co-developers. Legitimacy and a coalition at European level is needed so that the institutions in the territories that are willing to make the change do not feel that they will be left in the lurch.<\/p>\n\n\n\n<p>The DD tool is necessary. In several countries, the data protection authorities have already prohibited the use of big tech in education. These countries so far include the Netherlands, Denmark and two German <em>lands<\/em>. They have also been banned in France, but for dumping reasons, as we will explain below.<\/p>\n\n\n\n<p>Between 80% and 92% of European data and content are generated and stored in non-European big tech tools. Everyone acknowledges that as yet, there are no alternatives and that lobbying pressure is immense. Therefore, the challenge and the obligation facing European and international administrations is to create alliances between countries.<\/p>\n\n\n\n<p>The DD tool is intended to be the embryo of a free, public, auditable, easily usable, interoperable, sovereign European code; a public European code for education and, later on, for all the other essential services. The European Union should protect this code, which should be governed by principles of the purpose-driven economy: economic, social and environmental sustainability.<\/p>\n\n\n\n<div class=\"wp-block-columns is-layout-flex wp-container-core-columns-is-layout-9d6595d7 wp-block-columns-is-layout-flex\">\n<div class=\"wp-block-column is-layout-flow wp-block-column-is-layout-flow\" style=\"flex-basis:33.33%\">\n<blockquote class=\"wp-block-quote is-style-large is-layout-flow wp-block-quote-is-layout-flow\">\n<p>The success of digitalisation should not come with the destruction of fundamental rights as collateral damage: responsibility must lie in the institutions, not in individual decisions<\/p>\n<\/blockquote>\n<\/div>\n\n\n\n<div class=\"wp-block-column is-layout-flow wp-block-column-is-layout-flow\" style=\"flex-basis:66.66%\">\n<p>Furthermore, the code must be open so that any government or private player who wants to contribute to it can become a co-creator. It must also be free, so that every country, institution, school, service or private individual can use it and adapt it to their needs, and so that any technology company can offer it as a service, to break with the current macro-monopoly, and also to enable the existence of a robust entrepreneurial technological ecosystem at different scales in Europe.<\/p>\n\n\n\n<p>This is the practical basis for a sovereign and democratic digitalisation of the European Union: the public European code of essential services.<\/p>\n<\/div>\n<\/div>\n\n\n\n<h5 class=\"wp-block-heading\">Sovereign, distributed interpersonal communication<\/h5>\n\n\n\n<p>Another example of essential digitalisation is the digital interpersonal communication system, in particular, that commonly known as e-mail.<\/p>\n\n\n\n<p>It is estimated that 3.9 billion people use e-mail services. According to Google, about 1.5 billion people use Gmail, the e-mail service offered by Google since 2004. In addition, about 400 million users have Microsoft e-mail accounts.<\/p>\n\n\n<div class=\"wp-block-image\">\n<figure class=\"aligncenter size-full\"><img data-recalc-dims=\"1\" loading=\"lazy\" decoding=\"async\" width=\"689\" height=\"819\" src=\"https:\/\/i0.wp.com\/revistaidees.cat\/wp-content\/uploads\/2023\/12\/Simona-Levi-4.png?resize=689%2C819&#038;ssl=1\" alt=\"\" class=\"wp-image-65455\" srcset=\"https:\/\/i0.wp.com\/revistaidees.cat\/wp-content\/uploads\/2023\/12\/Simona-Levi-4.png?w=689&amp;ssl=1 689w, https:\/\/i0.wp.com\/revistaidees.cat\/wp-content\/uploads\/2023\/12\/Simona-Levi-4.png?resize=252%2C300&amp;ssl=1 252w\" sizes=\"auto, (max-width: 689px) 100vw, 689px\" \/><figcaption class=\"wp-element-caption\">Source: Ministry of Education, Generalitat de Catalunya (2020). &#8220;Serveis en el n\u00favol i serveis de correu electr\u00f2nic&#8221; [online]. <em>Estad\u00edstica dels equipaments i usos de les TIC als centres escolars 2019-2020<\/em>. Ministry of Education. Indicators and Statistics Service. Information Society Statistics. <a href=\"http:\/\/ja.cat\/ServeisNuvolCorreuElectronicEscolesCatalunya\" target=\"_blank\" rel=\"noreferrer noopener\">Available online<\/a>.<\/figcaption><\/figure>\n<\/div>\n\n\n<p><br><br>These are dominant players in the e-mail market that have achieved market penetration by offering a free e-mail service, despite its high cost.<\/p>\n\n\n\n<p>Free provision of such services by for-profit companies is problematic in a market that claims to be competitive and democratic. The result is a situation characterised by dominant players, a de <em>facto <\/em>private monopoly, in an essential infrastructure such as interpersonal communication.<\/p>\n\n\n\n<p>Moreover, these services are designed as centralised services, which raises a number of issues related to sovereignty and privacy, particularly on the right to confidentiality in communication, a right we won back in the 18th century.<\/p>\n\n\n\n<p>In this context, it is important to analyse to what extent the right to inviolability of communications, essential for democratic societies, can be exposed by our institutions to profit-seeking interests in an unbalanced market.<\/p>\n\n\n\n<p>To counter this, Xnet proposes a sovereign solution for e-mail and interpersonal communication in the European Union, again led by the EU. So what is it?<\/p>\n\n\n\n<p>Until now, e-mail has been thought of as a centralised service. Apart from raising privacy issues, it is (above all) inefficient and somewhat absurd: in the age of networks, having to go through a centralised middleman in order to write to each other is simply anachronistic. It is certainly not for logical reasons; its purpose is to control.<\/p>\n\n\n\n<p>In this case, it is also necessary to establish an intranational European consortium to generate a public code for peer-to-peer e-mail that is decentralised and sovereign for each citizen, and, of course, also compatible with the current situation.<\/p>\n\n\n\n<h5 class=\"wp-block-heading\">Online browsing<\/h5>\n\n\n\n<p>Another essential everyday digital infrastructure that is in a critical situation is the browser. We are all aware of the privacy problems that arise when surfing the internet.<\/p>\n\n\n\n<p>Again, we don&#8217;t need to reinvent the wheel. There is already a democratic browser that has been around since 2004: Firefox, which is run by a foundation in accordance with the principles of the purpose-driven economy in order to preserve digital rights and freedoms.<\/p>\n\n\n\n<p>However, at present, 88% of Firefox&#8217;s revenues come from a default search engine partnership agreement with Google, which makes Google its main source of income.<\/p>\n\n\n\n<div class=\"wp-block-columns is-layout-flex wp-container-core-columns-is-layout-9d6595d7 wp-block-columns-is-layout-flex\">\n<div class=\"wp-block-column is-layout-flow wp-block-column-is-layout-flow\" style=\"flex-basis:33.33%\">\n<blockquote class=\"wp-block-quote is-style-large is-layout-flow wp-block-quote-is-layout-flow\">\n<p>Between 80% and 92% of European data and content are generated and stored in non-European big tech tools<\/p>\n<\/blockquote>\n<\/div>\n\n\n\n<div class=\"wp-block-column is-layout-flow wp-block-column-is-layout-flow\" style=\"flex-basis:66.66%\">\n<p>It is not difficult to see why it is problematic that Google, in a clearly dominant market position, is the main partner of its non-profit open-source competitor.<\/p>\n\n\n\n<p>So, once again, Europe should act true to its values and, above all, to its needs, and rescue Firefox.<\/p>\n<\/div>\n<\/div>\n\n\n\n<h5 class=\"wp-block-heading\">Monopolies, dumping and democratic digital economy<\/h5>\n\n\n\n<p>These lines of action to create an essential digital services infrastructure that is sovereign and public are framed within an endemic regulatory non-compliance problem.<\/p>\n\n\n\n<p>There is a recurrent malpractice in public procurement across Europe: the systematic violation of national and European legislation on public procurement which, since Directives 2014\/23\/EU and 2014\/24\/EU, requires that institutions conduct public tenders in small lots to favour small and medium-sized enterprises.<\/p>\n\n\n\n<p>Moreover, the absence of clauses to uphold digital rights and guarantee the auditability of products makes it extremely difficult for companies, especially open source software companies, to grow.<\/p>\n\n\n\n<p>The European Commission&#8217;s own data <span class=\"note-item\"><a href=\"#note-02\" class=\"scroll-to\">[2]<\/a><span class=\"note-item-tooltip\">2 \u2014 European Commission (2023). Access to public procurement. Single Market Scoreboard. Reporting period: 01\/2021 \u2013 12\/2021 [online]. Indicator number 7. Available online.\n<\/span><\/span> show that in most European Union countries, less than 50% of public purchases are made with SMEs. This is due to the failure to split purchases into lots.<\/p>\n\n\n\n<p>In short, the sustainability of sovereign and democratic digitalisation depends on antitrust and investment policies that reach the SMEs and protect digital rights; in other words, they simply do what EU legislation says.<\/p>\n\n\n<div class=\"wp-block-image\">\n<figure class=\"aligncenter size-full is-resized\"><img data-recalc-dims=\"1\" loading=\"lazy\" decoding=\"async\" width=\"577\" height=\"259\" src=\"https:\/\/i0.wp.com\/revistaidees.cat\/wp-content\/uploads\/2023\/12\/Levi_imag4_IndicatorsPaint.png?resize=577%2C259&#038;ssl=1\" alt=\"Levi_imag4_IndicatorsPaint\" class=\"wp-image-74109\" style=\"width:788px;height:auto\" srcset=\"https:\/\/i0.wp.com\/revistaidees.cat\/wp-content\/uploads\/2023\/12\/Levi_imag4_IndicatorsPaint.png?w=577&amp;ssl=1 577w, https:\/\/i0.wp.com\/revistaidees.cat\/wp-content\/uploads\/2023\/12\/Levi_imag4_IndicatorsPaint.png?resize=300%2C135&amp;ssl=1 300w\" sizes=\"auto, (max-width: 577px) 100vw, 577px\" \/><figcaption class=\"wp-element-caption\">Source: European Commission (2021). <em>Public Procurement. Single Market Scoreboard<\/em>. <em> Reporting period: 01\/2021 \u2013 12\/2021<\/em>. Indicator number 9.<a href=\"http:\/\/ja.cat\/PublicProcurement\" target=\"_blank\" rel=\"noreferrer noopener\"> Available online<\/a>.<\/figcaption><\/figure>\n<\/div>\n\n\n<p><br><br>In addition, institutions are also responsible for allowing the penetration of big tech products that do not cost them money in essential services, in areas such as education, health or public administration, and in tools such as e-mail, among others.<\/p>\n\n\n\n<p>This is basically a violation of the right to run a business, because it takes place outside of public procurement, with the excuse that the cost is zero, and it &#8220;levels&#8221; the playing field, with the result that it prevents the emergence of competitors and allows the beneficiary to grow to the point of becoming &#8220;unmanageable&#8221;.<\/p>\n\n\n\n<h5 class=\"wp-block-heading\">Cooperation towards democratic and sovereign digitalisation<\/h5>\n\n\n\n<p>If citizens use non-auditable software, this may be for two reasons: they have no choice or, if they do, they cannot adapt to it. However, when an institution continues to use non-auditable, non-interoperable software day after day, it is systematically violating the population&#8217;s rights.<\/p>\n\n\n\n<p>To conclude, for all the reasons given above, it is vital to work in coordination at European level to achieve two objectives:<\/p>\n\n\n\n<ol class=\"wp-block-list\">\n<li>Co-create a free, auditable, interoperable European code for essential public services that is accessible to institutions, businesses and individuals.<br><br><\/li>\n\n\n\n<li>Guarantee correct, swift application of Directives 2014\/23\/EU and 2014\/24\/EU so that businesses of all sizes across Europe can contribute to this code and benefit from the provision of derived services based on this code.<\/li>\n<\/ol>\n","protected":false},"excerpt":{"rendered":"<p>Digital transformation currently occupies a central place in the European agenda. Although digitalisation is now at the top of the European Union&#8217;s political agenda, the digitalisation of societies has been ongoing for half a century. Obviously, the question is not whether digitalisation will happen or not, but whether it is democratic and, therefore, beneficial for the majority or not. The narrative around digitalisation often focuses on futuristic projects. But before that, there is an overlooked but unavoidable layer: that which enables everyday digital life in all of society&#8217;s activities, from essential services to individual use, that is, content creation and\u2026<\/p>\n","protected":false},"author":3,"featured_media":65345,"parent":0,"comment_status":"closed","ping_status":"closed","sticky":false,"template":"","format":"standard","meta":{"_acf_changed":false,"inline_featured_image":false,"_jetpack_memberships_contains_paid_content":false,"footnotes":""},"categories":[608],"tags":[],"segment":[],"subject":[],"class_list":["post-74084","post","type-post","status-publish","format-standard","has-post-thumbnail","hentry","category-drets-humans-i-societat-digital-en"],"acf":[],"yoast_head":"<!-- This site is optimized with the Yoast SEO plugin v27.4 - https:\/\/yoast.com\/product\/yoast-seo-wordpress\/ -->\n<title>Human rights and digital society: for a sovereign and democratic digitalisation of Europe &#8211; IDEES<\/title>\n<meta name=\"robots\" content=\"index, follow, max-snippet:-1, max-image-preview:large, max-video-preview:-1\" \/>\n<link rel=\"canonical\" href=\"https:\/\/revistaidees.cat\/en\/drets-humans-i-societat-digital-per-una-digitalitzacio-sobirana-i-democratica-deuropa\/\" \/>\n<meta property=\"og:locale\" content=\"en_US\" \/>\n<meta property=\"og:type\" content=\"article\" \/>\n<meta property=\"og:title\" content=\"Human rights and digital society: for a sovereign and democratic digitalisation of Europe &#8211; IDEES\" \/>\n<meta property=\"og:description\" content=\"Digital transformation currently occupies a central place in the European agenda. Although digitalisation is now at the top of the European Union&#8217;s political agenda, the digitalisation of societies has been ongoing for half a century. Obviously, the question is not whether digitalisation will happen or not, but whether it is democratic and, therefore, beneficial for the majority or not. The narrative around digitalisation often focuses on futuristic projects. But before that, there is an overlooked but unavoidable layer: that which enables everyday digital life in all of society&#8217;s activities, from essential services to individual use, that is, content creation and\u2026\" \/>\n<meta property=\"og:url\" content=\"https:\/\/revistaidees.cat\/en\/drets-humans-i-societat-digital-per-una-digitalitzacio-sobirana-i-democratica-deuropa\/\" \/>\n<meta property=\"og:site_name\" content=\"IDEES\" \/>\n<meta property=\"article:published_time\" content=\"2023-12-12T12:53:14+00:00\" \/>\n<meta property=\"article:modified_time\" content=\"2024-05-30T10:46:20+00:00\" \/>\n<meta property=\"og:image\" content=\"https:\/\/revistaidees.cat\/wp-content\/uploads\/2023\/12\/5.1.-Article-Simona-Levi.jpg\" \/>\n\t<meta property=\"og:image:width\" content=\"2000\" \/>\n\t<meta property=\"og:image:height\" content=\"950\" \/>\n\t<meta property=\"og:image:type\" content=\"image\/jpeg\" \/>\n<meta name=\"author\" content=\"maria\" \/>\n<meta name=\"twitter:card\" content=\"summary_large_image\" \/>\n<meta name=\"twitter:label1\" content=\"Written by\" \/>\n\t<meta name=\"twitter:data1\" content=\"maria\" \/>\n\t<meta name=\"twitter:label2\" content=\"Est. reading time\" \/>\n\t<meta name=\"twitter:data2\" content=\"13 minutes\" \/>\n<script type=\"application\/ld+json\" class=\"yoast-schema-graph\">{\"@context\":\"https:\\\/\\\/schema.org\",\"@graph\":[{\"@type\":\"Article\",\"@id\":\"https:\\\/\\\/revistaidees.cat\\\/en\\\/drets-humans-i-societat-digital-per-una-digitalitzacio-sobirana-i-democratica-deuropa\\\/#article\",\"isPartOf\":{\"@id\":\"https:\\\/\\\/revistaidees.cat\\\/en\\\/drets-humans-i-societat-digital-per-una-digitalitzacio-sobirana-i-democratica-deuropa\\\/\"},\"author\":{\"name\":\"maria\",\"@id\":\"https:\\\/\\\/revistaidees.cat\\\/#\\\/schema\\\/person\\\/23b13c8d154c858b03b5b4905ae0d5f6\"},\"headline\":\"Human rights and digital society: for a sovereign and democratic digitalisation of Europe\",\"datePublished\":\"2023-12-12T12:53:14+00:00\",\"dateModified\":\"2024-05-30T10:46:20+00:00\",\"mainEntityOfPage\":{\"@id\":\"https:\\\/\\\/revistaidees.cat\\\/en\\\/drets-humans-i-societat-digital-per-una-digitalitzacio-sobirana-i-democratica-deuropa\\\/\"},\"wordCount\":2096,\"image\":{\"@id\":\"https:\\\/\\\/revistaidees.cat\\\/en\\\/drets-humans-i-societat-digital-per-una-digitalitzacio-sobirana-i-democratica-deuropa\\\/#primaryimage\"},\"thumbnailUrl\":\"https:\\\/\\\/i0.wp.com\\\/revistaidees.cat\\\/wp-content\\\/uploads\\\/2023\\\/12\\\/5.1.-Article-Simona-Levi.jpg?fit=2000%2C950&ssl=1\",\"articleSection\":[\"Human Rights and digital society\"],\"inLanguage\":\"en-US\"},{\"@type\":\"WebPage\",\"@id\":\"https:\\\/\\\/revistaidees.cat\\\/en\\\/drets-humans-i-societat-digital-per-una-digitalitzacio-sobirana-i-democratica-deuropa\\\/\",\"url\":\"https:\\\/\\\/revistaidees.cat\\\/en\\\/drets-humans-i-societat-digital-per-una-digitalitzacio-sobirana-i-democratica-deuropa\\\/\",\"name\":\"Human rights and digital society: for a sovereign and democratic digitalisation of Europe &#8211; IDEES\",\"isPartOf\":{\"@id\":\"https:\\\/\\\/revistaidees.cat\\\/#website\"},\"primaryImageOfPage\":{\"@id\":\"https:\\\/\\\/revistaidees.cat\\\/en\\\/drets-humans-i-societat-digital-per-una-digitalitzacio-sobirana-i-democratica-deuropa\\\/#primaryimage\"},\"image\":{\"@id\":\"https:\\\/\\\/revistaidees.cat\\\/en\\\/drets-humans-i-societat-digital-per-una-digitalitzacio-sobirana-i-democratica-deuropa\\\/#primaryimage\"},\"thumbnailUrl\":\"https:\\\/\\\/i0.wp.com\\\/revistaidees.cat\\\/wp-content\\\/uploads\\\/2023\\\/12\\\/5.1.-Article-Simona-Levi.jpg?fit=2000%2C950&ssl=1\",\"datePublished\":\"2023-12-12T12:53:14+00:00\",\"dateModified\":\"2024-05-30T10:46:20+00:00\",\"author\":{\"@id\":\"https:\\\/\\\/revistaidees.cat\\\/#\\\/schema\\\/person\\\/23b13c8d154c858b03b5b4905ae0d5f6\"},\"breadcrumb\":{\"@id\":\"https:\\\/\\\/revistaidees.cat\\\/en\\\/drets-humans-i-societat-digital-per-una-digitalitzacio-sobirana-i-democratica-deuropa\\\/#breadcrumb\"},\"inLanguage\":\"en-US\",\"potentialAction\":[{\"@type\":\"ReadAction\",\"target\":[\"https:\\\/\\\/revistaidees.cat\\\/en\\\/drets-humans-i-societat-digital-per-una-digitalitzacio-sobirana-i-democratica-deuropa\\\/\"]}]},{\"@type\":\"ImageObject\",\"inLanguage\":\"en-US\",\"@id\":\"https:\\\/\\\/revistaidees.cat\\\/en\\\/drets-humans-i-societat-digital-per-una-digitalitzacio-sobirana-i-democratica-deuropa\\\/#primaryimage\",\"url\":\"https:\\\/\\\/i0.wp.com\\\/revistaidees.cat\\\/wp-content\\\/uploads\\\/2023\\\/12\\\/5.1.-Article-Simona-Levi.jpg?fit=2000%2C950&ssl=1\",\"contentUrl\":\"https:\\\/\\\/i0.wp.com\\\/revistaidees.cat\\\/wp-content\\\/uploads\\\/2023\\\/12\\\/5.1.-Article-Simona-Levi.jpg?fit=2000%2C950&ssl=1\",\"width\":2000,\"height\":950,\"caption\":\"An Ukrainian programmer at work in the outskirts of Zaporizhzhia, in Ukraine, 31th November 2022 | Photography: Alessio Mamo\"},{\"@type\":\"BreadcrumbList\",\"@id\":\"https:\\\/\\\/revistaidees.cat\\\/en\\\/drets-humans-i-societat-digital-per-una-digitalitzacio-sobirana-i-democratica-deuropa\\\/#breadcrumb\",\"itemListElement\":[{\"@type\":\"ListItem\",\"position\":1,\"name\":\"Inici\",\"item\":\"https:\\\/\\\/revistaidees.cat\\\/en\\\/\"},{\"@type\":\"ListItem\",\"position\":2,\"name\":\"Human rights and digital society: for a sovereign and democratic digitalisation of Europe\"}]},{\"@type\":\"WebSite\",\"@id\":\"https:\\\/\\\/revistaidees.cat\\\/#website\",\"url\":\"https:\\\/\\\/revistaidees.cat\\\/\",\"name\":\"IDEES\",\"description\":\"Contemporary global issues\",\"potentialAction\":[{\"@type\":\"SearchAction\",\"target\":{\"@type\":\"EntryPoint\",\"urlTemplate\":\"https:\\\/\\\/revistaidees.cat\\\/?s={search_term_string}\"},\"query-input\":{\"@type\":\"PropertyValueSpecification\",\"valueRequired\":true,\"valueName\":\"search_term_string\"}}],\"inLanguage\":\"en-US\"},{\"@type\":\"Person\",\"@id\":\"https:\\\/\\\/revistaidees.cat\\\/#\\\/schema\\\/person\\\/23b13c8d154c858b03b5b4905ae0d5f6\",\"name\":\"maria\",\"image\":{\"@type\":\"ImageObject\",\"inLanguage\":\"en-US\",\"@id\":\"https:\\\/\\\/secure.gravatar.com\\\/avatar\\\/4abe985cb800e0b75c4c7bfc4fd0973825f533e0620f989a75661b23c3255192?s=96&d=mm&r=g\",\"url\":\"https:\\\/\\\/secure.gravatar.com\\\/avatar\\\/4abe985cb800e0b75c4c7bfc4fd0973825f533e0620f989a75661b23c3255192?s=96&d=mm&r=g\",\"contentUrl\":\"https:\\\/\\\/secure.gravatar.com\\\/avatar\\\/4abe985cb800e0b75c4c7bfc4fd0973825f533e0620f989a75661b23c3255192?s=96&d=mm&r=g\",\"caption\":\"maria\"}}]}<\/script>\n<!-- \/ Yoast SEO plugin. -->","yoast_head_json":{"title":"Human rights and digital society: for a sovereign and democratic digitalisation of Europe &#8211; IDEES","robots":{"index":"index","follow":"follow","max-snippet":"max-snippet:-1","max-image-preview":"max-image-preview:large","max-video-preview":"max-video-preview:-1"},"canonical":"https:\/\/revistaidees.cat\/en\/drets-humans-i-societat-digital-per-una-digitalitzacio-sobirana-i-democratica-deuropa\/","og_locale":"en_US","og_type":"article","og_title":"Human rights and digital society: for a sovereign and democratic digitalisation of Europe &#8211; IDEES","og_description":"Digital transformation currently occupies a central place in the European agenda. Although digitalisation is now at the top of the European Union&#8217;s political agenda, the digitalisation of societies has been ongoing for half a century. Obviously, the question is not whether digitalisation will happen or not, but whether it is democratic and, therefore, beneficial for the majority or not. The narrative around digitalisation often focuses on futuristic projects. But before that, there is an overlooked but unavoidable layer: that which enables everyday digital life in all of society&#8217;s activities, from essential services to individual use, that is, content creation and\u2026","og_url":"https:\/\/revistaidees.cat\/en\/drets-humans-i-societat-digital-per-una-digitalitzacio-sobirana-i-democratica-deuropa\/","og_site_name":"IDEES","article_published_time":"2023-12-12T12:53:14+00:00","article_modified_time":"2024-05-30T10:46:20+00:00","og_image":[{"width":2000,"height":950,"url":"https:\/\/revistaidees.cat\/wp-content\/uploads\/2023\/12\/5.1.-Article-Simona-Levi.jpg","type":"image\/jpeg"}],"author":"maria","twitter_card":"summary_large_image","twitter_misc":{"Written by":"maria","Est. reading time":"13 minutes"},"schema":{"@context":"https:\/\/schema.org","@graph":[{"@type":"Article","@id":"https:\/\/revistaidees.cat\/en\/drets-humans-i-societat-digital-per-una-digitalitzacio-sobirana-i-democratica-deuropa\/#article","isPartOf":{"@id":"https:\/\/revistaidees.cat\/en\/drets-humans-i-societat-digital-per-una-digitalitzacio-sobirana-i-democratica-deuropa\/"},"author":{"name":"maria","@id":"https:\/\/revistaidees.cat\/#\/schema\/person\/23b13c8d154c858b03b5b4905ae0d5f6"},"headline":"Human rights and digital society: for a sovereign and democratic digitalisation of Europe","datePublished":"2023-12-12T12:53:14+00:00","dateModified":"2024-05-30T10:46:20+00:00","mainEntityOfPage":{"@id":"https:\/\/revistaidees.cat\/en\/drets-humans-i-societat-digital-per-una-digitalitzacio-sobirana-i-democratica-deuropa\/"},"wordCount":2096,"image":{"@id":"https:\/\/revistaidees.cat\/en\/drets-humans-i-societat-digital-per-una-digitalitzacio-sobirana-i-democratica-deuropa\/#primaryimage"},"thumbnailUrl":"https:\/\/i0.wp.com\/revistaidees.cat\/wp-content\/uploads\/2023\/12\/5.1.-Article-Simona-Levi.jpg?fit=2000%2C950&ssl=1","articleSection":["Human Rights and digital society"],"inLanguage":"en-US"},{"@type":"WebPage","@id":"https:\/\/revistaidees.cat\/en\/drets-humans-i-societat-digital-per-una-digitalitzacio-sobirana-i-democratica-deuropa\/","url":"https:\/\/revistaidees.cat\/en\/drets-humans-i-societat-digital-per-una-digitalitzacio-sobirana-i-democratica-deuropa\/","name":"Human rights and digital society: for a sovereign and democratic digitalisation of Europe &#8211; IDEES","isPartOf":{"@id":"https:\/\/revistaidees.cat\/#website"},"primaryImageOfPage":{"@id":"https:\/\/revistaidees.cat\/en\/drets-humans-i-societat-digital-per-una-digitalitzacio-sobirana-i-democratica-deuropa\/#primaryimage"},"image":{"@id":"https:\/\/revistaidees.cat\/en\/drets-humans-i-societat-digital-per-una-digitalitzacio-sobirana-i-democratica-deuropa\/#primaryimage"},"thumbnailUrl":"https:\/\/i0.wp.com\/revistaidees.cat\/wp-content\/uploads\/2023\/12\/5.1.-Article-Simona-Levi.jpg?fit=2000%2C950&ssl=1","datePublished":"2023-12-12T12:53:14+00:00","dateModified":"2024-05-30T10:46:20+00:00","author":{"@id":"https:\/\/revistaidees.cat\/#\/schema\/person\/23b13c8d154c858b03b5b4905ae0d5f6"},"breadcrumb":{"@id":"https:\/\/revistaidees.cat\/en\/drets-humans-i-societat-digital-per-una-digitalitzacio-sobirana-i-democratica-deuropa\/#breadcrumb"},"inLanguage":"en-US","potentialAction":[{"@type":"ReadAction","target":["https:\/\/revistaidees.cat\/en\/drets-humans-i-societat-digital-per-una-digitalitzacio-sobirana-i-democratica-deuropa\/"]}]},{"@type":"ImageObject","inLanguage":"en-US","@id":"https:\/\/revistaidees.cat\/en\/drets-humans-i-societat-digital-per-una-digitalitzacio-sobirana-i-democratica-deuropa\/#primaryimage","url":"https:\/\/i0.wp.com\/revistaidees.cat\/wp-content\/uploads\/2023\/12\/5.1.-Article-Simona-Levi.jpg?fit=2000%2C950&ssl=1","contentUrl":"https:\/\/i0.wp.com\/revistaidees.cat\/wp-content\/uploads\/2023\/12\/5.1.-Article-Simona-Levi.jpg?fit=2000%2C950&ssl=1","width":2000,"height":950,"caption":"An Ukrainian programmer at work in the outskirts of Zaporizhzhia, in Ukraine, 31th November 2022 | Photography: Alessio Mamo"},{"@type":"BreadcrumbList","@id":"https:\/\/revistaidees.cat\/en\/drets-humans-i-societat-digital-per-una-digitalitzacio-sobirana-i-democratica-deuropa\/#breadcrumb","itemListElement":[{"@type":"ListItem","position":1,"name":"Inici","item":"https:\/\/revistaidees.cat\/en\/"},{"@type":"ListItem","position":2,"name":"Human rights and digital society: for a sovereign and democratic digitalisation of Europe"}]},{"@type":"WebSite","@id":"https:\/\/revistaidees.cat\/#website","url":"https:\/\/revistaidees.cat\/","name":"IDEES","description":"Contemporary global issues","potentialAction":[{"@type":"SearchAction","target":{"@type":"EntryPoint","urlTemplate":"https:\/\/revistaidees.cat\/?s={search_term_string}"},"query-input":{"@type":"PropertyValueSpecification","valueRequired":true,"valueName":"search_term_string"}}],"inLanguage":"en-US"},{"@type":"Person","@id":"https:\/\/revistaidees.cat\/#\/schema\/person\/23b13c8d154c858b03b5b4905ae0d5f6","name":"maria","image":{"@type":"ImageObject","inLanguage":"en-US","@id":"https:\/\/secure.gravatar.com\/avatar\/4abe985cb800e0b75c4c7bfc4fd0973825f533e0620f989a75661b23c3255192?s=96&d=mm&r=g","url":"https:\/\/secure.gravatar.com\/avatar\/4abe985cb800e0b75c4c7bfc4fd0973825f533e0620f989a75661b23c3255192?s=96&d=mm&r=g","contentUrl":"https:\/\/secure.gravatar.com\/avatar\/4abe985cb800e0b75c4c7bfc4fd0973825f533e0620f989a75661b23c3255192?s=96&d=mm&r=g","caption":"maria"}}]}},"jetpack_featured_media_url":"https:\/\/i0.wp.com\/revistaidees.cat\/wp-content\/uploads\/2023\/12\/5.1.-Article-Simona-Levi.jpg?fit=2000%2C950&ssl=1","jetpack_sharing_enabled":true,"_links":{"self":[{"href":"https:\/\/revistaidees.cat\/en\/wp-json\/wp\/v2\/posts\/74084","targetHints":{"allow":["GET"]}}],"collection":[{"href":"https:\/\/revistaidees.cat\/en\/wp-json\/wp\/v2\/posts"}],"about":[{"href":"https:\/\/revistaidees.cat\/en\/wp-json\/wp\/v2\/types\/post"}],"author":[{"embeddable":true,"href":"https:\/\/revistaidees.cat\/en\/wp-json\/wp\/v2\/users\/3"}],"replies":[{"embeddable":true,"href":"https:\/\/revistaidees.cat\/en\/wp-json\/wp\/v2\/comments?post=74084"}],"version-history":[{"count":12,"href":"https:\/\/revistaidees.cat\/en\/wp-json\/wp\/v2\/posts\/74084\/revisions"}],"predecessor-version":[{"id":74215,"href":"https:\/\/revistaidees.cat\/en\/wp-json\/wp\/v2\/posts\/74084\/revisions\/74215"}],"wp:featuredmedia":[{"embeddable":true,"href":"https:\/\/revistaidees.cat\/en\/wp-json\/wp\/v2\/media\/65345"}],"wp:attachment":[{"href":"https:\/\/revistaidees.cat\/en\/wp-json\/wp\/v2\/media?parent=74084"}],"wp:term":[{"taxonomy":"category","embeddable":true,"href":"https:\/\/revistaidees.cat\/en\/wp-json\/wp\/v2\/categories?post=74084"},{"taxonomy":"post_tag","embeddable":true,"href":"https:\/\/revistaidees.cat\/en\/wp-json\/wp\/v2\/tags?post=74084"},{"taxonomy":"segment","embeddable":true,"href":"https:\/\/revistaidees.cat\/en\/wp-json\/wp\/v2\/segment?post=74084"},{"taxonomy":"subject","embeddable":true,"href":"https:\/\/revistaidees.cat\/en\/wp-json\/wp\/v2\/subject?post=74084"}],"curies":[{"name":"wp","href":"https:\/\/api.w.org\/{rel}","templated":true}]}}