{"id":7747,"date":"2019-12-31T11:49:00","date_gmt":"2019-12-31T11:49:00","guid":{"rendered":"https:\/\/revistaidees.cat\/entrevista-a-will-kymlicka-els-estats-no-poden-ser-neutralsen-questions-etnoculturals\/"},"modified":"2020-01-31T10:52:57","modified_gmt":"2020-01-31T10:52:57","slug":"entrevista-a-will-kymlicka-els-estats-no-poden-ser-neutralsen-questions-etnoculturals","status":"publish","type":"post","link":"https:\/\/revistaidees.cat\/en\/entrevista-a-will-kymlicka-els-estats-no-poden-ser-neutralsen-questions-etnoculturals\/","title":{"rendered":"Interview with Will Kymlicka: \u201cStates cannot be impartial in ethnocultural issues\u201d"},"content":{"rendered":"\n<p>Towards the end of spring, 1999, Kymlicka made a brief visit to Barcelona at the request of the Humanities and Philology Studies of the Open University of Catalonia (UOC), the Jaume Bofill Foundation and the Culture Department of the Catalan government (Generalitat de Catalunya). On the 31st of May, Kymlicka took centre stage at a workshop involving around 20 experts on Catalonia. The following day he presented the Catalan edition of his book <em>Multicultural citizenship<\/em> (co-published by Proa and the UOC), at Arts Santa M\u00f2nica. \u00c0ngels Casti\u00f1eira, director of the Centre for Contemporary Studies (Centre d\u2019Estudis de Temes Contemporanis) and Marc Due\u00f1as, editor of IDEES magazine, took the opportunity to interview him. &nbsp; <\/p>\n\n\n\n<p>This article forms part of issue 5 of the IDEES magazine, \u201cEducation and the Welfare state in a globalised world\u201d, published in print format between January and March 2000. The PDF article is available to download in Catalan below. <\/p>\n\n\n\n<div class=\"wp-block-file\"><a href=\"https:\/\/revistaidees.cat\/wp-content\/uploads\/2020\/01\/05_Due\u00f1as_Casti\u00f1eira-Kymlicka.pdf\">IDEES 5 &#8211; &#8220;\u200bEls estats no poden ser neutrals\u200b \u200ben q\u00fcestions etnoculturals&#8221; Will Kymlicka <\/a><a href=\"https:\/\/revistaidees.cat\/wp-content\/uploads\/2020\/01\/05_Due\u00f1as_Casti\u00f1eira-Kymlicka.pdf\" class=\"wp-block-file__button\" download>Download<\/a><\/div>\n\n\n\n<figure class=\"wp-block-image size-large\"><img data-recalc-dims=\"1\" height=\"455\" width=\"1024\" decoding=\"async\" src=\"https:\/\/i0.wp.com\/revistaidees.cat\/wp-content\/uploads\/2020\/01\/IDEES-5.png?resize=1024%2C455&#038;ssl=1\" alt=\"IDEES 5\" class=\"wp-image-5674\"\/><\/figure>\n","protected":false},"excerpt":{"rendered":"<p>Towards the end of spring, 1999, Kymlicka made a brief visit to Barcelona at the request of the Humanities and Philology Studies of the Open University of Catalonia (UOC), the Jaume Bofill Foundation and the Culture Department of the Catalan government (Generalitat de Catalunya). On the 31st of May, Kymlicka took centre stage at a workshop involving around 20 experts on Catalonia. The following day he presented the Catalan edition of his book Multicultural citizenship (co-published by Proa and the UOC), at Arts Santa M\u00f2nica. \u00c0ngels Casti\u00f1eira, director of the Centre for Contemporary Studies (Centre d\u2019Estudis de Temes Contemporanis) and\u2026<\/p>\n","protected":false},"author":4,"featured_media":5675,"parent":0,"comment_status":"closed","ping_status":"closed","sticky":false,"template":"","format":"standard","meta":{"_acf_changed":false,"inline_featured_image":false,"_jetpack_memberships_contains_paid_content":false,"footnotes":""},"categories":[166],"tags":[],"segment":[],"subject":[],"class_list":["post-7747","post","type-post","status-publish","format-standard","has-post-thumbnail","hentry","category-arxiu-articles-en"],"acf":[],"yoast_head":"<!-- This site is optimized with the Yoast SEO plugin v27.4 - https:\/\/yoast.com\/product\/yoast-seo-wordpress\/ -->\n<title>Interview with Will Kymlicka: \u201cStates cannot be impartial in ethnocultural issues\u201d &#8211; IDEES<\/title>\n<meta name=\"robots\" content=\"index, follow, max-snippet:-1, max-image-preview:large, max-video-preview:-1\" \/>\n<link rel=\"canonical\" href=\"https:\/\/revistaidees.cat\/en\/entrevista-a-will-kymlicka-els-estats-no-poden-ser-neutralsen-questions-etnoculturals\/\" \/>\n<meta property=\"og:locale\" content=\"en_US\" \/>\n<meta property=\"og:type\" content=\"article\" \/>\n<meta property=\"og:title\" content=\"Interview with Will Kymlicka: \u201cStates cannot be impartial in ethnocultural issues\u201d &#8211; IDEES\" \/>\n<meta property=\"og:description\" content=\"Towards the end of spring, 1999, Kymlicka made a brief visit to Barcelona at the request of the Humanities and Philology Studies of the Open University of Catalonia (UOC), the Jaume Bofill Foundation and the Culture Department of the Catalan government (Generalitat de Catalunya). On the 31st of May, Kymlicka took centre stage at a workshop involving around 20 experts on Catalonia. The following day he presented the Catalan edition of his book Multicultural citizenship (co-published by Proa and the UOC), at Arts Santa M\u00f2nica. \u00c0ngels Casti\u00f1eira, director of the Centre for Contemporary Studies (Centre d\u2019Estudis de Temes Contemporanis) and\u2026\" \/>\n<meta property=\"og:url\" content=\"https:\/\/revistaidees.cat\/en\/entrevista-a-will-kymlicka-els-estats-no-poden-ser-neutralsen-questions-etnoculturals\/\" \/>\n<meta property=\"og:site_name\" content=\"IDEES\" \/>\n<meta property=\"article:published_time\" content=\"2019-12-31T11:49:00+00:00\" \/>\n<meta property=\"article:modified_time\" content=\"2020-01-31T10:52:57+00:00\" \/>\n<meta property=\"og:image\" content=\"https:\/\/i0.wp.com\/revistaidees.cat\/wp-content\/uploads\/2020\/01\/IDEES-5.png?fit=1800%2C800&ssl=1\" \/>\n\t<meta property=\"og:image:width\" content=\"1800\" \/>\n\t<meta property=\"og:image:height\" content=\"800\" \/>\n\t<meta property=\"og:image:type\" content=\"image\/png\" \/>\n<meta name=\"author\" content=\"Marc Lepr\u00eatre Alemany\" \/>\n<meta name=\"twitter:card\" content=\"summary_large_image\" \/>\n<meta name=\"twitter:label1\" content=\"Written by\" \/>\n\t<meta name=\"twitter:data1\" content=\"Marc Lepr\u00eatre Alemany\" \/>\n\t<meta name=\"twitter:label2\" content=\"Est. reading time\" \/>\n\t<meta name=\"twitter:data2\" content=\"1 minute\" \/>\n<script type=\"application\/ld+json\" class=\"yoast-schema-graph\">{\"@context\":\"https:\\\/\\\/schema.org\",\"@graph\":[{\"@type\":\"Article\",\"@id\":\"https:\\\/\\\/revistaidees.cat\\\/en\\\/entrevista-a-will-kymlicka-els-estats-no-poden-ser-neutralsen-questions-etnoculturals\\\/#article\",\"isPartOf\":{\"@id\":\"https:\\\/\\\/revistaidees.cat\\\/en\\\/entrevista-a-will-kymlicka-els-estats-no-poden-ser-neutralsen-questions-etnoculturals\\\/\"},\"author\":{\"name\":\"Marc Lepr\u00eatre Alemany\",\"@id\":\"https:\\\/\\\/revistaidees.cat\\\/#\\\/schema\\\/person\\\/67ce7ceb3ed5ff46454a93dd00a07c8e\"},\"headline\":\"Interview with Will Kymlicka: \u201cStates cannot be impartial in ethnocultural issues\u201d\",\"datePublished\":\"2019-12-31T11:49:00+00:00\",\"dateModified\":\"2020-01-31T10:52:57+00:00\",\"mainEntityOfPage\":{\"@id\":\"https:\\\/\\\/revistaidees.cat\\\/en\\\/entrevista-a-will-kymlicka-els-estats-no-poden-ser-neutralsen-questions-etnoculturals\\\/\"},\"wordCount\":178,\"image\":{\"@id\":\"https:\\\/\\\/revistaidees.cat\\\/en\\\/entrevista-a-will-kymlicka-els-estats-no-poden-ser-neutralsen-questions-etnoculturals\\\/#primaryimage\"},\"thumbnailUrl\":\"https:\\\/\\\/i0.wp.com\\\/revistaidees.cat\\\/wp-content\\\/uploads\\\/2020\\\/01\\\/IDEES-5.png?fit=1800%2C800&ssl=1\",\"articleSection\":[\"Featured articles\"],\"inLanguage\":\"en-US\"},{\"@type\":\"WebPage\",\"@id\":\"https:\\\/\\\/revistaidees.cat\\\/en\\\/entrevista-a-will-kymlicka-els-estats-no-poden-ser-neutralsen-questions-etnoculturals\\\/\",\"url\":\"https:\\\/\\\/revistaidees.cat\\\/en\\\/entrevista-a-will-kymlicka-els-estats-no-poden-ser-neutralsen-questions-etnoculturals\\\/\",\"name\":\"Interview with Will Kymlicka: \u201cStates cannot be impartial in ethnocultural issues\u201d &#8211; IDEES\",\"isPartOf\":{\"@id\":\"https:\\\/\\\/revistaidees.cat\\\/#website\"},\"primaryImageOfPage\":{\"@id\":\"https:\\\/\\\/revistaidees.cat\\\/en\\\/entrevista-a-will-kymlicka-els-estats-no-poden-ser-neutralsen-questions-etnoculturals\\\/#primaryimage\"},\"image\":{\"@id\":\"https:\\\/\\\/revistaidees.cat\\\/en\\\/entrevista-a-will-kymlicka-els-estats-no-poden-ser-neutralsen-questions-etnoculturals\\\/#primaryimage\"},\"thumbnailUrl\":\"https:\\\/\\\/i0.wp.com\\\/revistaidees.cat\\\/wp-content\\\/uploads\\\/2020\\\/01\\\/IDEES-5.png?fit=1800%2C800&ssl=1\",\"datePublished\":\"2019-12-31T11:49:00+00:00\",\"dateModified\":\"2020-01-31T10:52:57+00:00\",\"author\":{\"@id\":\"https:\\\/\\\/revistaidees.cat\\\/#\\\/schema\\\/person\\\/67ce7ceb3ed5ff46454a93dd00a07c8e\"},\"breadcrumb\":{\"@id\":\"https:\\\/\\\/revistaidees.cat\\\/en\\\/entrevista-a-will-kymlicka-els-estats-no-poden-ser-neutralsen-questions-etnoculturals\\\/#breadcrumb\"},\"inLanguage\":\"en-US\",\"potentialAction\":[{\"@type\":\"ReadAction\",\"target\":[\"https:\\\/\\\/revistaidees.cat\\\/en\\\/entrevista-a-will-kymlicka-els-estats-no-poden-ser-neutralsen-questions-etnoculturals\\\/\"]}]},{\"@type\":\"ImageObject\",\"inLanguage\":\"en-US\",\"@id\":\"https:\\\/\\\/revistaidees.cat\\\/en\\\/entrevista-a-will-kymlicka-els-estats-no-poden-ser-neutralsen-questions-etnoculturals\\\/#primaryimage\",\"url\":\"https:\\\/\\\/i0.wp.com\\\/revistaidees.cat\\\/wp-content\\\/uploads\\\/2020\\\/01\\\/IDEES-5.png?fit=1800%2C800&ssl=1\",\"contentUrl\":\"https:\\\/\\\/i0.wp.com\\\/revistaidees.cat\\\/wp-content\\\/uploads\\\/2020\\\/01\\\/IDEES-5.png?fit=1800%2C800&ssl=1\",\"width\":1800,\"height\":800},{\"@type\":\"BreadcrumbList\",\"@id\":\"https:\\\/\\\/revistaidees.cat\\\/en\\\/entrevista-a-will-kymlicka-els-estats-no-poden-ser-neutralsen-questions-etnoculturals\\\/#breadcrumb\",\"itemListElement\":[{\"@type\":\"ListItem\",\"position\":1,\"name\":\"Inici\",\"item\":\"https:\\\/\\\/revistaidees.cat\\\/en\\\/\"},{\"@type\":\"ListItem\",\"position\":2,\"name\":\"Interview with Will Kymlicka: \u201cStates cannot be impartial in ethnocultural issues\u201d\"}]},{\"@type\":\"WebSite\",\"@id\":\"https:\\\/\\\/revistaidees.cat\\\/#website\",\"url\":\"https:\\\/\\\/revistaidees.cat\\\/\",\"name\":\"IDEES\",\"description\":\"Contemporary global issues\",\"potentialAction\":[{\"@type\":\"SearchAction\",\"target\":{\"@type\":\"EntryPoint\",\"urlTemplate\":\"https:\\\/\\\/revistaidees.cat\\\/?s={search_term_string}\"},\"query-input\":{\"@type\":\"PropertyValueSpecification\",\"valueRequired\":true,\"valueName\":\"search_term_string\"}}],\"inLanguage\":\"en-US\"},{\"@type\":\"Person\",\"@id\":\"https:\\\/\\\/revistaidees.cat\\\/#\\\/schema\\\/person\\\/67ce7ceb3ed5ff46454a93dd00a07c8e\",\"name\":\"Marc Lepr\u00eatre Alemany\",\"image\":{\"@type\":\"ImageObject\",\"inLanguage\":\"en-US\",\"@id\":\"https:\\\/\\\/secure.gravatar.com\\\/avatar\\\/ae102bdf3c42feb0bc391d65fafff20d4aeb124f4d9a2e7361f1dcc95a31751c?s=96&d=mm&r=g\",\"url\":\"https:\\\/\\\/secure.gravatar.com\\\/avatar\\\/ae102bdf3c42feb0bc391d65fafff20d4aeb124f4d9a2e7361f1dcc95a31751c?s=96&d=mm&r=g\",\"contentUrl\":\"https:\\\/\\\/secure.gravatar.com\\\/avatar\\\/ae102bdf3c42feb0bc391d65fafff20d4aeb124f4d9a2e7361f1dcc95a31751c?s=96&d=mm&r=g\",\"caption\":\"Marc Lepr\u00eatre Alemany\"}}]}<\/script>\n<!-- \/ Yoast SEO plugin. -->","yoast_head_json":{"title":"Interview with Will Kymlicka: \u201cStates cannot be impartial in ethnocultural issues\u201d &#8211; IDEES","robots":{"index":"index","follow":"follow","max-snippet":"max-snippet:-1","max-image-preview":"max-image-preview:large","max-video-preview":"max-video-preview:-1"},"canonical":"https:\/\/revistaidees.cat\/en\/entrevista-a-will-kymlicka-els-estats-no-poden-ser-neutralsen-questions-etnoculturals\/","og_locale":"en_US","og_type":"article","og_title":"Interview with Will Kymlicka: \u201cStates cannot be impartial in ethnocultural issues\u201d &#8211; IDEES","og_description":"Towards the end of spring, 1999, Kymlicka made a brief visit to Barcelona at the request of the Humanities and Philology Studies of the Open University of Catalonia (UOC), the Jaume Bofill Foundation and the Culture Department of the Catalan government (Generalitat de Catalunya). On the 31st of May, Kymlicka took centre stage at a workshop involving around 20 experts on Catalonia. The following day he presented the Catalan edition of his book Multicultural citizenship (co-published by Proa and the UOC), at Arts Santa M\u00f2nica. \u00c0ngels Casti\u00f1eira, director of the Centre for Contemporary Studies (Centre d\u2019Estudis de Temes Contemporanis) and\u2026","og_url":"https:\/\/revistaidees.cat\/en\/entrevista-a-will-kymlicka-els-estats-no-poden-ser-neutralsen-questions-etnoculturals\/","og_site_name":"IDEES","article_published_time":"2019-12-31T11:49:00+00:00","article_modified_time":"2020-01-31T10:52:57+00:00","og_image":[{"width":1800,"height":800,"url":"https:\/\/i0.wp.com\/revistaidees.cat\/wp-content\/uploads\/2020\/01\/IDEES-5.png?fit=1800%2C800&ssl=1","type":"image\/png"}],"author":"Marc Lepr\u00eatre Alemany","twitter_card":"summary_large_image","twitter_misc":{"Written by":"Marc Lepr\u00eatre Alemany","Est. reading time":"1 minute"},"schema":{"@context":"https:\/\/schema.org","@graph":[{"@type":"Article","@id":"https:\/\/revistaidees.cat\/en\/entrevista-a-will-kymlicka-els-estats-no-poden-ser-neutralsen-questions-etnoculturals\/#article","isPartOf":{"@id":"https:\/\/revistaidees.cat\/en\/entrevista-a-will-kymlicka-els-estats-no-poden-ser-neutralsen-questions-etnoculturals\/"},"author":{"name":"Marc Lepr\u00eatre Alemany","@id":"https:\/\/revistaidees.cat\/#\/schema\/person\/67ce7ceb3ed5ff46454a93dd00a07c8e"},"headline":"Interview with Will Kymlicka: \u201cStates cannot be impartial in ethnocultural issues\u201d","datePublished":"2019-12-31T11:49:00+00:00","dateModified":"2020-01-31T10:52:57+00:00","mainEntityOfPage":{"@id":"https:\/\/revistaidees.cat\/en\/entrevista-a-will-kymlicka-els-estats-no-poden-ser-neutralsen-questions-etnoculturals\/"},"wordCount":178,"image":{"@id":"https:\/\/revistaidees.cat\/en\/entrevista-a-will-kymlicka-els-estats-no-poden-ser-neutralsen-questions-etnoculturals\/#primaryimage"},"thumbnailUrl":"https:\/\/i0.wp.com\/revistaidees.cat\/wp-content\/uploads\/2020\/01\/IDEES-5.png?fit=1800%2C800&ssl=1","articleSection":["Featured articles"],"inLanguage":"en-US"},{"@type":"WebPage","@id":"https:\/\/revistaidees.cat\/en\/entrevista-a-will-kymlicka-els-estats-no-poden-ser-neutralsen-questions-etnoculturals\/","url":"https:\/\/revistaidees.cat\/en\/entrevista-a-will-kymlicka-els-estats-no-poden-ser-neutralsen-questions-etnoculturals\/","name":"Interview with Will Kymlicka: \u201cStates cannot be impartial in ethnocultural issues\u201d &#8211; IDEES","isPartOf":{"@id":"https:\/\/revistaidees.cat\/#website"},"primaryImageOfPage":{"@id":"https:\/\/revistaidees.cat\/en\/entrevista-a-will-kymlicka-els-estats-no-poden-ser-neutralsen-questions-etnoculturals\/#primaryimage"},"image":{"@id":"https:\/\/revistaidees.cat\/en\/entrevista-a-will-kymlicka-els-estats-no-poden-ser-neutralsen-questions-etnoculturals\/#primaryimage"},"thumbnailUrl":"https:\/\/i0.wp.com\/revistaidees.cat\/wp-content\/uploads\/2020\/01\/IDEES-5.png?fit=1800%2C800&ssl=1","datePublished":"2019-12-31T11:49:00+00:00","dateModified":"2020-01-31T10:52:57+00:00","author":{"@id":"https:\/\/revistaidees.cat\/#\/schema\/person\/67ce7ceb3ed5ff46454a93dd00a07c8e"},"breadcrumb":{"@id":"https:\/\/revistaidees.cat\/en\/entrevista-a-will-kymlicka-els-estats-no-poden-ser-neutralsen-questions-etnoculturals\/#breadcrumb"},"inLanguage":"en-US","potentialAction":[{"@type":"ReadAction","target":["https:\/\/revistaidees.cat\/en\/entrevista-a-will-kymlicka-els-estats-no-poden-ser-neutralsen-questions-etnoculturals\/"]}]},{"@type":"ImageObject","inLanguage":"en-US","@id":"https:\/\/revistaidees.cat\/en\/entrevista-a-will-kymlicka-els-estats-no-poden-ser-neutralsen-questions-etnoculturals\/#primaryimage","url":"https:\/\/i0.wp.com\/revistaidees.cat\/wp-content\/uploads\/2020\/01\/IDEES-5.png?fit=1800%2C800&ssl=1","contentUrl":"https:\/\/i0.wp.com\/revistaidees.cat\/wp-content\/uploads\/2020\/01\/IDEES-5.png?fit=1800%2C800&ssl=1","width":1800,"height":800},{"@type":"BreadcrumbList","@id":"https:\/\/revistaidees.cat\/en\/entrevista-a-will-kymlicka-els-estats-no-poden-ser-neutralsen-questions-etnoculturals\/#breadcrumb","itemListElement":[{"@type":"ListItem","position":1,"name":"Inici","item":"https:\/\/revistaidees.cat\/en\/"},{"@type":"ListItem","position":2,"name":"Interview with Will Kymlicka: \u201cStates cannot be impartial in ethnocultural issues\u201d"}]},{"@type":"WebSite","@id":"https:\/\/revistaidees.cat\/#website","url":"https:\/\/revistaidees.cat\/","name":"IDEES","description":"Contemporary global issues","potentialAction":[{"@type":"SearchAction","target":{"@type":"EntryPoint","urlTemplate":"https:\/\/revistaidees.cat\/?s={search_term_string}"},"query-input":{"@type":"PropertyValueSpecification","valueRequired":true,"valueName":"search_term_string"}}],"inLanguage":"en-US"},{"@type":"Person","@id":"https:\/\/revistaidees.cat\/#\/schema\/person\/67ce7ceb3ed5ff46454a93dd00a07c8e","name":"Marc Lepr\u00eatre Alemany","image":{"@type":"ImageObject","inLanguage":"en-US","@id":"https:\/\/secure.gravatar.com\/avatar\/ae102bdf3c42feb0bc391d65fafff20d4aeb124f4d9a2e7361f1dcc95a31751c?s=96&d=mm&r=g","url":"https:\/\/secure.gravatar.com\/avatar\/ae102bdf3c42feb0bc391d65fafff20d4aeb124f4d9a2e7361f1dcc95a31751c?s=96&d=mm&r=g","contentUrl":"https:\/\/secure.gravatar.com\/avatar\/ae102bdf3c42feb0bc391d65fafff20d4aeb124f4d9a2e7361f1dcc95a31751c?s=96&d=mm&r=g","caption":"Marc Lepr\u00eatre Alemany"}}]}},"jetpack_featured_media_url":"https:\/\/i0.wp.com\/revistaidees.cat\/wp-content\/uploads\/2020\/01\/IDEES-5.png?fit=1800%2C800&ssl=1","jetpack_sharing_enabled":true,"_links":{"self":[{"href":"https:\/\/revistaidees.cat\/en\/wp-json\/wp\/v2\/posts\/7747","targetHints":{"allow":["GET"]}}],"collection":[{"href":"https:\/\/revistaidees.cat\/en\/wp-json\/wp\/v2\/posts"}],"about":[{"href":"https:\/\/revistaidees.cat\/en\/wp-json\/wp\/v2\/types\/post"}],"author":[{"embeddable":true,"href":"https:\/\/revistaidees.cat\/en\/wp-json\/wp\/v2\/users\/4"}],"replies":[{"embeddable":true,"href":"https:\/\/revistaidees.cat\/en\/wp-json\/wp\/v2\/comments?post=7747"}],"version-history":[{"count":3,"href":"https:\/\/revistaidees.cat\/en\/wp-json\/wp\/v2\/posts\/7747\/revisions"}],"predecessor-version":[{"id":7908,"href":"https:\/\/revistaidees.cat\/en\/wp-json\/wp\/v2\/posts\/7747\/revisions\/7908"}],"wp:featuredmedia":[{"embeddable":true,"href":"https:\/\/revistaidees.cat\/en\/wp-json\/wp\/v2\/media\/5675"}],"wp:attachment":[{"href":"https:\/\/revistaidees.cat\/en\/wp-json\/wp\/v2\/media?parent=7747"}],"wp:term":[{"taxonomy":"category","embeddable":true,"href":"https:\/\/revistaidees.cat\/en\/wp-json\/wp\/v2\/categories?post=7747"},{"taxonomy":"post_tag","embeddable":true,"href":"https:\/\/revistaidees.cat\/en\/wp-json\/wp\/v2\/tags?post=7747"},{"taxonomy":"segment","embeddable":true,"href":"https:\/\/revistaidees.cat\/en\/wp-json\/wp\/v2\/segment?post=7747"},{"taxonomy":"subject","embeddable":true,"href":"https:\/\/revistaidees.cat\/en\/wp-json\/wp\/v2\/subject?post=7747"}],"curies":[{"name":"wp","href":"https:\/\/api.w.org\/{rel}","templated":true}]}}