{"id":10434,"date":"2020-02-12T16:02:24","date_gmt":"2020-02-12T16:02:24","guid":{"rendered":"https:\/\/revistaidees.cat\/afshan-dsouza-lodhi-que-la-llengua-es-retorci\/"},"modified":"2020-03-10T10:10:53","modified_gmt":"2020-03-10T10:10:53","slug":"afshan-dsouza-lodhi-que-la-llengua-es-retorci","status":"publish","type":"post","link":"https:\/\/revistaidees.cat\/es\/afshan-dsouza-lodhi-que-la-llengua-es-retorci\/","title":{"rendered":"Afshan D\u2019Souza Lodhi: que la lengua se retuerza"},"content":{"rendered":"\n<p>\u00abLa mayor parte de mi poes\u00eda ha explorado el concepto de deseo: amar, ser amado y pertenecer. Las piezas que escribo est\u00e1n mayoritariamente explicadas desde una perspectiva femenina y cuestionan el g\u00e9nero que se atribuye a determinados actos, objetos e ideas\u00bb.<\/p>\n\n\n\n<p><em>Los poemas de Afshan D&#8217;Souza Lodhi que se reproducen a continuaci\u00f3n se muestran en su traducci\u00f3n al catal\u00e1n. Pr\u00f3ximamente estar\u00e1n disponibles en espa\u00f1ol.<\/em><\/p>\n\n\n\n<h5 class=\"wp-block-heading\"> <br>En nom de la meva mare,&nbsp;tan encantadora,&nbsp;sovint comprensiva&nbsp;per\u00f2 sempre&nbsp;impecable<\/h5>\n\n\n\n<pre class=\"wp-block-verse\">les nostres mares ens van ensenyar a estimar \/ ens van ensenyar a estimar incondicionalment \/ quan un home \/ trenca taules de vidre&nbsp;\/ <br>mentre t\u2019ensenya les dents \/ tu reculls els vidres \/ despr\u00e9s t\u2019embenes les mans \/ t\u2019esforces a no tremolar quan li duus el te.&nbsp;&nbsp;<br>Som les noies que van viure. les filles que sobreviuen el seu primer dia s\u00f3n embolicades en&nbsp;<em>izzat<\/em>&nbsp;i vergonya i encara es pregunten per qu\u00e8.&nbsp;&nbsp;<br>les noies que van cr\u00e9ixer&nbsp;carregades de culpa&nbsp;i es van casar amb homes que&nbsp;<br>trenquen taules de vidre          no sostres de vidre].<br>la fan vestir de vermell quan es casa<br>perqu\u00e8 si sagna no es noti.&nbsp;&nbsp;<br>l\u2019or li adorna els canells perqu\u00e8 quan cuini&nbsp;<br>recordi&nbsp;les cremades<br>Per\u00f2 el vestit vermell protegeix la seva manca de        virginitat&nbsp;<br>i l\u2019or el compta i se\u2019l guarda prop del cor&nbsp;una&nbsp;via d\u2019escapada&nbsp; <br><br><br><br><\/pre>\n\n\n\n<h5 class=\"wp-block-heading\"> <br>1.5 generaci\u00f3<\/h5>\n\n\n\n<pre class=\"wp-block-verse\">1.1<br>anit vaig plorar \/ el pare va arribar a casa i \/ em va dir que un oncle l\u2019havia escridassat per deixar que la seva filla es pos\u00e9s vestits \/ <br>vaig plorar \/ no pel\u00a0masclisme\u00a0inherent \/ la mirada masclista que mai abandonar\u00e0 la nostra comunitat \/ sin\u00f3 perqu\u00e8\u00a0quan\u00a0vaig imaginar que xerrava \/ <br>amb aquest oncle, en urd\u00fa \/ no vaig poder \/\u00a0havia aconseguit\u00a0mig explicar-li \/ qu\u00e8 volia dir\u00a0\u201crespecte\u201d\u00a0de veritat\u00a0quan\u00a0\/ <br>vaig oblidar la paraula\u00a0\u201cmirada\u201d\u00a0\/ no\u00a0em venia\u00a0l\u2019equivalent \/ en hindi o urd\u00fa i \/ la meva llengua materna es va mossegar a ella mateixa \/ <br>les meves emocions i paraules b\u00e0siques encara estan atrapades \/ en la meva llengua materna \/ nom\u00e9s soc capa\u00e7 de formular algunes idees en angl\u00e8s \/ <br>vaig plorar perqu\u00e8 \/ ni quan m\u2019ho imagino \/ soc capa\u00e7 de guanyar \/ una discussi\u00f3 contra els meus \/ oncles masclistes\u00a0<br><br>1.2\u00a0<br>fa massa temps que \/ no estic al costat de la meva mare \/ a la cuina. apuntant \/ receptes de plats per poder-los fer \/ quan sigui gran \/ <br>ella els canvia quan me\u2019ls explica \/hi afegeix m\u00e9s tom\u00e0quet i iogurt i \/ posa la meitat de les esp\u00e8cies. \/ sap una cosa que jo no s\u00e9 \/ com m\u00e9s \/ <br>anys passi lluny d\u2019ella \/ menys esp\u00e8cies tolerar\u00e0 \/ la meva llengua \/ aix\u00ed com les paraules en\u00a0<em>desi<\/em>\u00a0ja \/ no m\u2019omplen la boca \/ <br>tamb\u00e9 els gustos\u00a0<em>desi<\/em>\u00a0desapareixeran \/ del meu paladar. \/ Ara em poso moltes esp\u00e8cies al plat \/ per intentar acostumar-me al \/ <br>gust del\u00a0<em>mirch<\/em>\u00a0i a la picor \/ de la meva llengua \/ una sensaci\u00f3 que cada vegada ser\u00e0 \/ m\u00e9s familiar quan me\u2019n vagi a viure a \u2014\u00a0<br><br>1.3\u00a0<br>el meu cos coneix els\u00a0ritmes\u00a0\/ de la\u00a0<em>tabla\u00a0<\/em>per\u00f2 \/ les orelles \/ ja no suporten \/\u00a0les veus agudes \/ dels cantants \/ <br>el meu\u00a0<em>sur\u00a0<\/em>s\u2019atura \/ en\u00a0la nota\u00a0mi. \/ sa \/ re\u00a0ga\u00a0ma \/ pa \/\u00a0dha\u00a0ne sa \/ van venir abans que \/ do re mi \/ per\u00f2 nom\u00e9s conec els\u00a0<em>raags<\/em>\u00a0\/ <br>del top 10. Escolto els\u00a0remixs\u00a0dels\u00a0remixs\u00a0\/ fins que nom\u00e9s sento \/\u00a0dj\u00a0dj\u00a0dj\u00a0\/\u00a0dj\u00a0<em>wale\u00a0babu\u00a0mera gana\u00a0chala\u00a0do<\/em>. \/ per\u00f2 encara m\u2019emociono <br>quan\u00a0Nusrat\u00a0Fateh\u00a0Ali Khan fa \/\u00a0<em>jaaniaa<\/em>\u00a0\/ se\u2019m posen els p\u00e8ls de punta. \/ Torno a posar la can\u00e7\u00f3 \/ moc els llavis com si la veu <br>de\u00a0Nusrat\u00a0fos la meva \/ per\u00f2 fins i tot \/ amb la seva veu de guia \/ perdo el ritme i comen\u00e7o \/ el seg\u00fcent vers massa d\u2019hora. \/ <br>el cos \/ s\u2019aparta mig temps de la\u00a0<em>tabla<\/em>\u00a0\/ faig veure que l\u2019escolto \/ al doble de velocitat \/ al doble de velocitat <br>\u00a0<br>1.4\u00a0\u00a0<br>les dones no hi caben als saris \/ els saris es fan per les dones com cal \/ dones 1.0 \/ per les que som dones 1.4 \/ la tela no dona \/ <br>per fer els plecs que calen \/ per cobrir i real\u00e7ar les nostres sinuositats \/ quan caminem \/ el forat entre brusa i faldilla \/ <br>\u00e9s m\u00e9s gran que el forat entre el terra \/ i els baixos de la faldilla per\u00f2 no m\u00e9s gran \/ que l\u2019esquerda entre la nostra hist\u00f2ria i nosaltres. \/ <br>les 1.4 no ens en recordem \/ d\u2019aguantar el\u00a0<em>pallu<\/em>\u00a0\/ abans de comptar els plecs \/ pleguem el sari com podem \/ i comprem jaquetes que semblen saris \/ <br>de marques que ens costen m\u00e9s que un vol de tornada a \/ \u201ccasa\u201d \/ jo compro bra\u00e7alets per\u00a0Amazon\u00a0\/ perqu\u00e8 em fa massa vergonya \/ <br>caminar per un carrer del centre i demanar-li un\u00a0<em>chudiyan<\/em>\u00a0al meu oncle \/ i pronunciar-ho malament. \/ potser els meus canells van ser fets \/ <br>pel repic constant del vidre \/ contra el vidre. \/ per\u00f2 destruir el patriarcat \/ em fa sagnar \/ sagno\u00a0<em>sindoor<\/em>: roig \/ no el\u00a0reconeixo\u00a0pels meus parents \/ <br>sin\u00f3 pels serials que miro a\u00a0Zee\u00a0TV i Sony \/ quan el pseudo-xoc del final obert \/ <br>de l\u2019\u00faltim episodi m\u2019afecta \/ el sari intenta desfer-se sol \/ i exposar la meva pell p\u00e0l\u00b7lida.\u00a0\u00a0<br>\u00a0<br>1.5\u00a0\u00a0<br>generaci\u00f3 d\u2019immigrants \/ no soc del tot \/ segona generaci\u00f3 \/ assimilada \/ m\u00e9s o menys acceptada en una \/ comunitat \/ soc \/ <br>\u201cmassa jove quan vas venir per ser 1\u00aa generaci\u00f3\u201d \/ per\u00f2 \/ \u201cencara prou estrangera per tenir una \u201ccasa\u201d on hauries de tornar\u201d \/ no soc prou \/ <br>0.5 de mi \u00e9s a un altre pa\u00eds \/ \u2014tota l\u2019estona \/ 0.5 de mi intenta que \/ la llengua es retorci tal i com solia \/ 0.5 de mi plora \/ quan penso que els meus fills \/ <br>no podran tenir una conversa privada \/ en p\u00fablic \/ 0.5 de mi demana sense esp\u00e8cies en comptes de molt picant \/ 0.5 de mi no sap dur una\u00a0<em>duppatta<\/em>\u00a0\/ <br>0.5 de mi no sap si aquesta can\u00e7\u00f3 \u00e9s l\u2019original o un\u00a0remix\u00a0\/ 0.5 de mi no se\u2019n recorda a quin canal feien\u00a0<em>kyunki\u00a0saas\u00a0bhi\u00a0kabhi\u00a0bahu\u00a0thi<\/em>\u00a0\/ 0.5 de mi \/ <br>0.5 de mi \/ 0.5 de mi \/ 0.5 de mi \/ em mira fins el fons i em q\u00fcestiona la identitat \/ 1.5 de mi seu a la frontera i riu \/ un peu a cada pa\u00eds \/ <br>amb el pes ben repartit per no carregar ning\u00fa \/ Agafo les teves esp\u00e8cies \/ la llengua materna \/ els lluentons \/ i\u00a0<em>raags<\/em>\u00a0i t\u2019educo \/ com a immigrant orgullosa.<br><br><em>Traducciones de Mart\u00ed Sales<\/em><br><br><\/pre>\n","protected":false},"excerpt":{"rendered":"<p>\u00abLa mayor parte de mi poes\u00eda ha explorado el concepto de deseo: amar, ser amado y pertenecer. Las piezas que escribo est\u00e1n mayoritariamente explicadas desde una perspectiva femenina y cuestionan el g\u00e9nero que se atribuye a determinados actos, objetos e ideas\u00bb. Los poemas de Afshan D&#8217;Souza Lodhi que se reproducen a continuaci\u00f3n se muestran en su traducci\u00f3n al catal\u00e1n. Pr\u00f3ximamente estar\u00e1n disponibles en espa\u00f1ol. En nom de la meva mare,&nbsp;tan encantadora,&nbsp;sovint comprensiva&nbsp;per\u00f2 sempre&nbsp;impecable les nostres mares ens van ensenyar a estimar \/ ens van ensenyar a estimar incondicionalment \/ quan un home \/ trenca taules de vidre&nbsp;\/ mentre t\u2019ensenya les\u2026<\/p>\n","protected":false},"author":4,"featured_media":9600,"parent":0,"comment_status":"closed","ping_status":"closed","sticky":false,"template":"","format":"standard","meta":{"_acf_changed":false,"inline_featured_image":false,"_jetpack_memberships_contains_paid_content":false,"footnotes":""},"categories":[206],"tags":[],"segment":[],"subject":[],"class_list":["post-10434","post","type-post","status-publish","format-standard","has-post-thumbnail","hentry","category-antologia-poetica-feminista-es"],"acf":[],"yoast_head":"<!-- This site is optimized with the Yoast SEO plugin v27.4 - https:\/\/yoast.com\/product\/yoast-seo-wordpress\/ -->\n<title>Afshan D\u2019Souza Lodhi: que la lengua se retuerza &#8211; IDEES<\/title>\n<meta name=\"robots\" content=\"index, follow, max-snippet:-1, max-image-preview:large, max-video-preview:-1\" \/>\n<link rel=\"canonical\" href=\"https:\/\/revistaidees.cat\/es\/afshan-dsouza-lodhi-que-la-llengua-es-retorci\/\" \/>\n<meta property=\"og:locale\" content=\"es_ES\" \/>\n<meta property=\"og:type\" content=\"article\" \/>\n<meta property=\"og:title\" content=\"Afshan D\u2019Souza Lodhi: que la lengua se retuerza &#8211; IDEES\" \/>\n<meta property=\"og:description\" content=\"\u00abLa mayor parte de mi poes\u00eda ha explorado el concepto de deseo: amar, ser amado y pertenecer. Las piezas que escribo est\u00e1n mayoritariamente explicadas desde una perspectiva femenina y cuestionan el g\u00e9nero que se atribuye a determinados actos, objetos e ideas\u00bb. Los poemas de Afshan D&#8217;Souza Lodhi que se reproducen a continuaci\u00f3n se muestran en su traducci\u00f3n al catal\u00e1n. Pr\u00f3ximamente estar\u00e1n disponibles en espa\u00f1ol. En nom de la meva mare,&nbsp;tan encantadora,&nbsp;sovint comprensiva&nbsp;per\u00f2 sempre&nbsp;impecable les nostres mares ens van ensenyar a estimar \/ ens van ensenyar a estimar incondicionalment \/ quan un home \/ trenca taules de vidre&nbsp;\/ mentre t\u2019ensenya les\u2026\" \/>\n<meta property=\"og:url\" content=\"https:\/\/revistaidees.cat\/es\/afshan-dsouza-lodhi-que-la-llengua-es-retorci\/\" \/>\n<meta property=\"og:site_name\" content=\"IDEES\" \/>\n<meta property=\"article:published_time\" content=\"2020-02-12T16:02:24+00:00\" \/>\n<meta property=\"article:modified_time\" content=\"2020-03-10T10:10:53+00:00\" \/>\n<meta property=\"og:image\" content=\"https:\/\/i0.wp.com\/revistaidees.cat\/wp-content\/uploads\/2020\/02\/33-Antologia-v1.jpg?fit=2000%2C800&ssl=1\" \/>\n\t<meta property=\"og:image:width\" content=\"2000\" \/>\n\t<meta property=\"og:image:height\" content=\"800\" \/>\n\t<meta property=\"og:image:type\" content=\"image\/jpeg\" \/>\n<meta name=\"author\" content=\"Marc Lepr\u00eatre Alemany\" \/>\n<meta name=\"twitter:card\" content=\"summary_large_image\" \/>\n<meta name=\"twitter:label1\" content=\"Escrito por\" \/>\n\t<meta name=\"twitter:data1\" content=\"Marc Lepr\u00eatre Alemany\" \/>\n\t<meta name=\"twitter:label2\" content=\"Tiempo de lectura\" \/>\n\t<meta name=\"twitter:data2\" content=\"5 minutos\" \/>\n<script type=\"application\/ld+json\" class=\"yoast-schema-graph\">{\"@context\":\"https:\\\/\\\/schema.org\",\"@graph\":[{\"@type\":\"Article\",\"@id\":\"https:\\\/\\\/revistaidees.cat\\\/es\\\/afshan-dsouza-lodhi-que-la-llengua-es-retorci\\\/#article\",\"isPartOf\":{\"@id\":\"https:\\\/\\\/revistaidees.cat\\\/es\\\/afshan-dsouza-lodhi-que-la-llengua-es-retorci\\\/\"},\"author\":{\"name\":\"Marc Lepr\u00eatre Alemany\",\"@id\":\"https:\\\/\\\/revistaidees.cat\\\/#\\\/schema\\\/person\\\/67ce7ceb3ed5ff46454a93dd00a07c8e\"},\"headline\":\"Afshan D\u2019Souza Lodhi: que la lengua se retuerza\",\"datePublished\":\"2020-02-12T16:02:24+00:00\",\"dateModified\":\"2020-03-10T10:10:53+00:00\",\"mainEntityOfPage\":{\"@id\":\"https:\\\/\\\/revistaidees.cat\\\/es\\\/afshan-dsouza-lodhi-que-la-llengua-es-retorci\\\/\"},\"wordCount\":101,\"image\":{\"@id\":\"https:\\\/\\\/revistaidees.cat\\\/es\\\/afshan-dsouza-lodhi-que-la-llengua-es-retorci\\\/#primaryimage\"},\"thumbnailUrl\":\"https:\\\/\\\/i0.wp.com\\\/revistaidees.cat\\\/wp-content\\\/uploads\\\/2020\\\/02\\\/33-Antologia-v1.jpg?fit=2000%2C800&ssl=1\",\"articleSection\":[\"Antologia po\u00e9tica feminista\"],\"inLanguage\":\"es\"},{\"@type\":\"WebPage\",\"@id\":\"https:\\\/\\\/revistaidees.cat\\\/es\\\/afshan-dsouza-lodhi-que-la-llengua-es-retorci\\\/\",\"url\":\"https:\\\/\\\/revistaidees.cat\\\/es\\\/afshan-dsouza-lodhi-que-la-llengua-es-retorci\\\/\",\"name\":\"Afshan D\u2019Souza Lodhi: que la lengua se retuerza &#8211; IDEES\",\"isPartOf\":{\"@id\":\"https:\\\/\\\/revistaidees.cat\\\/#website\"},\"primaryImageOfPage\":{\"@id\":\"https:\\\/\\\/revistaidees.cat\\\/es\\\/afshan-dsouza-lodhi-que-la-llengua-es-retorci\\\/#primaryimage\"},\"image\":{\"@id\":\"https:\\\/\\\/revistaidees.cat\\\/es\\\/afshan-dsouza-lodhi-que-la-llengua-es-retorci\\\/#primaryimage\"},\"thumbnailUrl\":\"https:\\\/\\\/i0.wp.com\\\/revistaidees.cat\\\/wp-content\\\/uploads\\\/2020\\\/02\\\/33-Antologia-v1.jpg?fit=2000%2C800&ssl=1\",\"datePublished\":\"2020-02-12T16:02:24+00:00\",\"dateModified\":\"2020-03-10T10:10:53+00:00\",\"author\":{\"@id\":\"https:\\\/\\\/revistaidees.cat\\\/#\\\/schema\\\/person\\\/67ce7ceb3ed5ff46454a93dd00a07c8e\"},\"breadcrumb\":{\"@id\":\"https:\\\/\\\/revistaidees.cat\\\/es\\\/afshan-dsouza-lodhi-que-la-llengua-es-retorci\\\/#breadcrumb\"},\"inLanguage\":\"es\",\"potentialAction\":[{\"@type\":\"ReadAction\",\"target\":[\"https:\\\/\\\/revistaidees.cat\\\/es\\\/afshan-dsouza-lodhi-que-la-llengua-es-retorci\\\/\"]}]},{\"@type\":\"ImageObject\",\"inLanguage\":\"es\",\"@id\":\"https:\\\/\\\/revistaidees.cat\\\/es\\\/afshan-dsouza-lodhi-que-la-llengua-es-retorci\\\/#primaryimage\",\"url\":\"https:\\\/\\\/i0.wp.com\\\/revistaidees.cat\\\/wp-content\\\/uploads\\\/2020\\\/02\\\/33-Antologia-v1.jpg?fit=2000%2C800&ssl=1\",\"contentUrl\":\"https:\\\/\\\/i0.wp.com\\\/revistaidees.cat\\\/wp-content\\\/uploads\\\/2020\\\/02\\\/33-Antologia-v1.jpg?fit=2000%2C800&ssl=1\",\"width\":2000,\"height\":800,\"caption\":\"Nadia Sanmartin\"},{\"@type\":\"BreadcrumbList\",\"@id\":\"https:\\\/\\\/revistaidees.cat\\\/es\\\/afshan-dsouza-lodhi-que-la-llengua-es-retorci\\\/#breadcrumb\",\"itemListElement\":[{\"@type\":\"ListItem\",\"position\":1,\"name\":\"Inici\",\"item\":\"https:\\\/\\\/revistaidees.cat\\\/es\\\/\"},{\"@type\":\"ListItem\",\"position\":2,\"name\":\"Afshan D\u2019Souza Lodhi: que la lengua se retuerza\"}]},{\"@type\":\"WebSite\",\"@id\":\"https:\\\/\\\/revistaidees.cat\\\/#website\",\"url\":\"https:\\\/\\\/revistaidees.cat\\\/\",\"name\":\"IDEES\",\"description\":\"Revista de temas contempor\u00e1neos\",\"potentialAction\":[{\"@type\":\"SearchAction\",\"target\":{\"@type\":\"EntryPoint\",\"urlTemplate\":\"https:\\\/\\\/revistaidees.cat\\\/?s={search_term_string}\"},\"query-input\":{\"@type\":\"PropertyValueSpecification\",\"valueRequired\":true,\"valueName\":\"search_term_string\"}}],\"inLanguage\":\"es\"},{\"@type\":\"Person\",\"@id\":\"https:\\\/\\\/revistaidees.cat\\\/#\\\/schema\\\/person\\\/67ce7ceb3ed5ff46454a93dd00a07c8e\",\"name\":\"Marc Lepr\u00eatre Alemany\",\"image\":{\"@type\":\"ImageObject\",\"inLanguage\":\"es\",\"@id\":\"https:\\\/\\\/secure.gravatar.com\\\/avatar\\\/ae102bdf3c42feb0bc391d65fafff20d4aeb124f4d9a2e7361f1dcc95a31751c?s=96&d=mm&r=g\",\"url\":\"https:\\\/\\\/secure.gravatar.com\\\/avatar\\\/ae102bdf3c42feb0bc391d65fafff20d4aeb124f4d9a2e7361f1dcc95a31751c?s=96&d=mm&r=g\",\"contentUrl\":\"https:\\\/\\\/secure.gravatar.com\\\/avatar\\\/ae102bdf3c42feb0bc391d65fafff20d4aeb124f4d9a2e7361f1dcc95a31751c?s=96&d=mm&r=g\",\"caption\":\"Marc Lepr\u00eatre Alemany\"}}]}<\/script>\n<!-- \/ Yoast SEO plugin. -->","yoast_head_json":{"title":"Afshan D\u2019Souza Lodhi: que la lengua se retuerza &#8211; IDEES","robots":{"index":"index","follow":"follow","max-snippet":"max-snippet:-1","max-image-preview":"max-image-preview:large","max-video-preview":"max-video-preview:-1"},"canonical":"https:\/\/revistaidees.cat\/es\/afshan-dsouza-lodhi-que-la-llengua-es-retorci\/","og_locale":"es_ES","og_type":"article","og_title":"Afshan D\u2019Souza Lodhi: que la lengua se retuerza &#8211; IDEES","og_description":"\u00abLa mayor parte de mi poes\u00eda ha explorado el concepto de deseo: amar, ser amado y pertenecer. Las piezas que escribo est\u00e1n mayoritariamente explicadas desde una perspectiva femenina y cuestionan el g\u00e9nero que se atribuye a determinados actos, objetos e ideas\u00bb. Los poemas de Afshan D&#8217;Souza Lodhi que se reproducen a continuaci\u00f3n se muestran en su traducci\u00f3n al catal\u00e1n. Pr\u00f3ximamente estar\u00e1n disponibles en espa\u00f1ol. En nom de la meva mare,&nbsp;tan encantadora,&nbsp;sovint comprensiva&nbsp;per\u00f2 sempre&nbsp;impecable les nostres mares ens van ensenyar a estimar \/ ens van ensenyar a estimar incondicionalment \/ quan un home \/ trenca taules de vidre&nbsp;\/ mentre t\u2019ensenya les\u2026","og_url":"https:\/\/revistaidees.cat\/es\/afshan-dsouza-lodhi-que-la-llengua-es-retorci\/","og_site_name":"IDEES","article_published_time":"2020-02-12T16:02:24+00:00","article_modified_time":"2020-03-10T10:10:53+00:00","og_image":[{"width":2000,"height":800,"url":"https:\/\/i0.wp.com\/revistaidees.cat\/wp-content\/uploads\/2020\/02\/33-Antologia-v1.jpg?fit=2000%2C800&ssl=1","type":"image\/jpeg"}],"author":"Marc Lepr\u00eatre Alemany","twitter_card":"summary_large_image","twitter_misc":{"Escrito por":"Marc Lepr\u00eatre Alemany","Tiempo de lectura":"5 minutos"},"schema":{"@context":"https:\/\/schema.org","@graph":[{"@type":"Article","@id":"https:\/\/revistaidees.cat\/es\/afshan-dsouza-lodhi-que-la-llengua-es-retorci\/#article","isPartOf":{"@id":"https:\/\/revistaidees.cat\/es\/afshan-dsouza-lodhi-que-la-llengua-es-retorci\/"},"author":{"name":"Marc Lepr\u00eatre Alemany","@id":"https:\/\/revistaidees.cat\/#\/schema\/person\/67ce7ceb3ed5ff46454a93dd00a07c8e"},"headline":"Afshan D\u2019Souza Lodhi: que la lengua se retuerza","datePublished":"2020-02-12T16:02:24+00:00","dateModified":"2020-03-10T10:10:53+00:00","mainEntityOfPage":{"@id":"https:\/\/revistaidees.cat\/es\/afshan-dsouza-lodhi-que-la-llengua-es-retorci\/"},"wordCount":101,"image":{"@id":"https:\/\/revistaidees.cat\/es\/afshan-dsouza-lodhi-que-la-llengua-es-retorci\/#primaryimage"},"thumbnailUrl":"https:\/\/i0.wp.com\/revistaidees.cat\/wp-content\/uploads\/2020\/02\/33-Antologia-v1.jpg?fit=2000%2C800&ssl=1","articleSection":["Antologia po\u00e9tica feminista"],"inLanguage":"es"},{"@type":"WebPage","@id":"https:\/\/revistaidees.cat\/es\/afshan-dsouza-lodhi-que-la-llengua-es-retorci\/","url":"https:\/\/revistaidees.cat\/es\/afshan-dsouza-lodhi-que-la-llengua-es-retorci\/","name":"Afshan D\u2019Souza Lodhi: que la lengua se retuerza &#8211; IDEES","isPartOf":{"@id":"https:\/\/revistaidees.cat\/#website"},"primaryImageOfPage":{"@id":"https:\/\/revistaidees.cat\/es\/afshan-dsouza-lodhi-que-la-llengua-es-retorci\/#primaryimage"},"image":{"@id":"https:\/\/revistaidees.cat\/es\/afshan-dsouza-lodhi-que-la-llengua-es-retorci\/#primaryimage"},"thumbnailUrl":"https:\/\/i0.wp.com\/revistaidees.cat\/wp-content\/uploads\/2020\/02\/33-Antologia-v1.jpg?fit=2000%2C800&ssl=1","datePublished":"2020-02-12T16:02:24+00:00","dateModified":"2020-03-10T10:10:53+00:00","author":{"@id":"https:\/\/revistaidees.cat\/#\/schema\/person\/67ce7ceb3ed5ff46454a93dd00a07c8e"},"breadcrumb":{"@id":"https:\/\/revistaidees.cat\/es\/afshan-dsouza-lodhi-que-la-llengua-es-retorci\/#breadcrumb"},"inLanguage":"es","potentialAction":[{"@type":"ReadAction","target":["https:\/\/revistaidees.cat\/es\/afshan-dsouza-lodhi-que-la-llengua-es-retorci\/"]}]},{"@type":"ImageObject","inLanguage":"es","@id":"https:\/\/revistaidees.cat\/es\/afshan-dsouza-lodhi-que-la-llengua-es-retorci\/#primaryimage","url":"https:\/\/i0.wp.com\/revistaidees.cat\/wp-content\/uploads\/2020\/02\/33-Antologia-v1.jpg?fit=2000%2C800&ssl=1","contentUrl":"https:\/\/i0.wp.com\/revistaidees.cat\/wp-content\/uploads\/2020\/02\/33-Antologia-v1.jpg?fit=2000%2C800&ssl=1","width":2000,"height":800,"caption":"Nadia Sanmartin"},{"@type":"BreadcrumbList","@id":"https:\/\/revistaidees.cat\/es\/afshan-dsouza-lodhi-que-la-llengua-es-retorci\/#breadcrumb","itemListElement":[{"@type":"ListItem","position":1,"name":"Inici","item":"https:\/\/revistaidees.cat\/es\/"},{"@type":"ListItem","position":2,"name":"Afshan D\u2019Souza Lodhi: que la lengua se retuerza"}]},{"@type":"WebSite","@id":"https:\/\/revistaidees.cat\/#website","url":"https:\/\/revistaidees.cat\/","name":"IDEES","description":"Revista de temas contempor\u00e1neos","potentialAction":[{"@type":"SearchAction","target":{"@type":"EntryPoint","urlTemplate":"https:\/\/revistaidees.cat\/?s={search_term_string}"},"query-input":{"@type":"PropertyValueSpecification","valueRequired":true,"valueName":"search_term_string"}}],"inLanguage":"es"},{"@type":"Person","@id":"https:\/\/revistaidees.cat\/#\/schema\/person\/67ce7ceb3ed5ff46454a93dd00a07c8e","name":"Marc Lepr\u00eatre Alemany","image":{"@type":"ImageObject","inLanguage":"es","@id":"https:\/\/secure.gravatar.com\/avatar\/ae102bdf3c42feb0bc391d65fafff20d4aeb124f4d9a2e7361f1dcc95a31751c?s=96&d=mm&r=g","url":"https:\/\/secure.gravatar.com\/avatar\/ae102bdf3c42feb0bc391d65fafff20d4aeb124f4d9a2e7361f1dcc95a31751c?s=96&d=mm&r=g","contentUrl":"https:\/\/secure.gravatar.com\/avatar\/ae102bdf3c42feb0bc391d65fafff20d4aeb124f4d9a2e7361f1dcc95a31751c?s=96&d=mm&r=g","caption":"Marc Lepr\u00eatre Alemany"}}]}},"jetpack_featured_media_url":"https:\/\/i0.wp.com\/revistaidees.cat\/wp-content\/uploads\/2020\/02\/33-Antologia-v1.jpg?fit=2000%2C800&ssl=1","jetpack_sharing_enabled":true,"_links":{"self":[{"href":"https:\/\/revistaidees.cat\/es\/wp-json\/wp\/v2\/posts\/10434","targetHints":{"allow":["GET"]}}],"collection":[{"href":"https:\/\/revistaidees.cat\/es\/wp-json\/wp\/v2\/posts"}],"about":[{"href":"https:\/\/revistaidees.cat\/es\/wp-json\/wp\/v2\/types\/post"}],"author":[{"embeddable":true,"href":"https:\/\/revistaidees.cat\/es\/wp-json\/wp\/v2\/users\/4"}],"replies":[{"embeddable":true,"href":"https:\/\/revistaidees.cat\/es\/wp-json\/wp\/v2\/comments?post=10434"}],"version-history":[{"count":2,"href":"https:\/\/revistaidees.cat\/es\/wp-json\/wp\/v2\/posts\/10434\/revisions"}],"predecessor-version":[{"id":10757,"href":"https:\/\/revistaidees.cat\/es\/wp-json\/wp\/v2\/posts\/10434\/revisions\/10757"}],"wp:featuredmedia":[{"embeddable":true,"href":"https:\/\/revistaidees.cat\/es\/wp-json\/wp\/v2\/media\/9600"}],"wp:attachment":[{"href":"https:\/\/revistaidees.cat\/es\/wp-json\/wp\/v2\/media?parent=10434"}],"wp:term":[{"taxonomy":"category","embeddable":true,"href":"https:\/\/revistaidees.cat\/es\/wp-json\/wp\/v2\/categories?post=10434"},{"taxonomy":"post_tag","embeddable":true,"href":"https:\/\/revistaidees.cat\/es\/wp-json\/wp\/v2\/tags?post=10434"},{"taxonomy":"segment","embeddable":true,"href":"https:\/\/revistaidees.cat\/es\/wp-json\/wp\/v2\/segment?post=10434"},{"taxonomy":"subject","embeddable":true,"href":"https:\/\/revistaidees.cat\/es\/wp-json\/wp\/v2\/subject?post=10434"}],"curies":[{"name":"wp","href":"https:\/\/api.w.org\/{rel}","templated":true}]}}