{"id":10458,"date":"2020-02-11T10:51:11","date_gmt":"2020-02-11T10:51:11","guid":{"rendered":"https:\/\/revistaidees.cat\/berta-garcia-faet-diguem-ne-rebel-lia\/"},"modified":"2020-03-10T10:14:07","modified_gmt":"2020-03-10T10:14:07","slug":"berta-garcia-faet-diguem-ne-rebel-lia","status":"publish","type":"post","link":"https:\/\/revistaidees.cat\/es\/berta-garcia-faet-diguem-ne-rebel-lia\/","title":{"rendered":"Berta Garc\u00eda Faet: llam\u00e9mosle rebeld\u00eda"},"content":{"rendered":"\n<p>\u00abPara m\u00ed la poes\u00eda y el feminismo comparten algo profundo. La poes\u00eda es un espacio y un tiempo privilegiado de pensamiento (y de sentimiento): el lenguaje se mira a s\u00ed mismo detenidamente, se extra\u00f1a de s\u00ed, quiz\u00e1s incluso se reconcilia consigo. El lenguaje, cuando es po\u00e9tico, ralentiza, y luego ampl\u00eda, nuestra percepci\u00f3n del mundo. La mirada feminista tambi\u00e9n se detiene, y casi que traspasa, en\/a los lenguajes que nos hacen sujetos hist\u00f3ricos, pol\u00edticos; lenguajes que se descubren, tambi\u00e9n, como ideolog\u00eda. Igual que la poes\u00eda, deviene en una hiper-consciencia, en una sensibilidad &#8216;alerta&#8217;, abierta a cuestionar todo lo que parec\u00eda incuestionable. Estos poemas de <em>La edad de merecer<\/em> (el t\u00edtulo del libro reproduce y resignifica tragic\u00f3micamente el famoso dicho sexista), adem\u00e1s, tienen como tem\u00e1tica ese despertar de la auto-consciencia, la &#8216;ca\u00edda del guindo&#8217; sobre qu\u00e9 significa ser mujer, qu\u00e9 estereotipos atraviesan y modulan nuestra personalidad, cu\u00e1les son los costes, cu\u00e1les son las ambivalencias, los peligros\u00bb.<br><\/p>\n\n\n\n<h5 class=\"has-text-align-left wp-block-heading\"><br>DA\u00d1O N\u00ba 8<\/h5>\n\n\n\n<pre class=\"wp-block-verse\">a los 8 a\u00f1os lleg\u00f3 el peligro<br>de poder reproducirme<br>empieza la cuenta atr\u00e1s de los 400<br>\u00f3vulos      s\u00edmbolo<br>del tiempo<br>                   y la gomorresina<br>se filtraba<br>por la m\u00ednima boca del reloj de arena<br><br>la madre de mi madre enf\u00e1tica y dorada<br>me regal\u00f3 un crucifijo                                el hijo de Dios<br>esbelto y entregado    brotaba de la trenza<br>cuidado con los hombres a partir de<br>ahora dijo ella<br>cuidado con el amor a partir de<br>ahora dijo ella<br>ahora ya eres toda una mujer<br>y el endometrio<br>imitaba a un pez anciano en su<br>descamaci\u00f3n<br><br>el espanto de poder portar un beb\u00e9 plegado<br>en mi intestino<br>por haberme besado ya con 3 o 4<br>primates<br>comenz\u00f3 a expandirse<br>como una epidemia imaginaria     inaugur\u00e9<br>la hipocondr\u00eda                                            emprend\u00ed<br>el mal h\u00e1bito de escribir poemas a todos los muchachos<br>y muchachas<br>con estr\u00edas suaves<br>y ojos suaves<br>que me manoseaban el coraz\u00f3n en el recreo<br><br>qu\u00e9 significa exactamente \u00fatero y qu\u00e9 significa exactamente<br><em>formar una familia<\/em><br>enid blyton implantaba el canon del verano en mi t\u00edmpano<br>y yo quer\u00eda ser como jorge o como jorgina<br><br>en los aplausos de mis manos ca\u00edan gotas<br>de sangre de delf\u00edn<br>aunque yo me fing\u00eda plenamente indiferente ante tanta<br>lluvia<br><br>a los 8 a\u00f1os a los 150 cent\u00edmetros de hueso<br>alegre y m\u00fasculo alegre<br>lleg\u00f3 el peligro de poder reproducirme<br>y de poder multiplicarme<br>sin literatura<br><br>                                                        y un sol azul<br>manchaba de estr\u00f3genos y de progesterona<br>los geranios                                  y un sol azul<br>manchaba de vello reci\u00e9n nacido<br>las t\u00edmidas<br>axilas<br><br><br><\/pre>\n\n\n\n<h5 class=\"wp-block-heading\"><br>EL RECORRIDO \/ EROS-GRAF\u00cdA<\/h5>\n\n\n\n<pre class=\"wp-block-verse\">primero, rasp\u00e9 la atm\u00f3sfera<br>con palos, dom\u00e9<br>la carcajada<br><br>aspiraci\u00f3n m\u00e1xima cuando era un beb\u00e9<br><br>m\u00e1s tarde, la ca\u00edda:<br><br>terror a las encuestas<br>heridas en los codos<br>atrofia en los m\u00fasculos naranjas<br><br>los hombres incurables<br>ten\u00edan voz nasal<br><br>criticaban al amor<br>por antihigi\u00e9nico<br>y c\u00f3mico<br><br><em>c\u00ednicos grupales impecables sus gafas<br>l\u00fapulo card\u00edaco sacarina en el vientre<\/em><br><br>y yo<br>mientras tanto<br><br>ins\u00edpidos gorgojos<br>clav\u00edculas y migas en las picaduras<br>un af\u00e1n victoriano de paredes opacas<br><br><em>\u201cromanticismo desvalido\u201d era un insulto violento<br>para los habitantes del r\u00edgido delta de mis brazos\u2003<\/em><br><br>y yo<br>mientras tanto<br><br>mesaba mis pelusas<br>besaba a todos con m\u00edmica acrof\u00f3bica<br>am\u00e9 manos viscosas, enferma<br>de nieve<br><br><em>buscaba calorina perfectamente llena<br>buscaba rojos \u00e9timos de dolor-en-ra\u00edz<\/em><br><br>pero si me colmaban<br>si alg\u00fan hombre incurable me colmaba<br>si alg\u00fan hombre incurable por error me colmaba<br>hu\u00eda a desovar<br>r\u00edo arriba<br>sola<br><br><br><\/pre>\n\n\n\n<h5 class=\"wp-block-heading\"><br>DA\u00d1O N\u00ba 18<\/h5>\n\n\n\n<pre class=\"wp-block-verse\">Creer que est\u00e1s embarazada<br><br>Querer sexo (querer que quieran sexo<br>contigo) pero pasar el viernes sola<br><br>Ponerte en el pellejo de la hermana de Celan<br>que nunca apareci\u00f3<br><br>Ver llorar a un anciano<br>que ha visto un reportaje en la televisi\u00f3n p\u00fablica<br>sobre el abandono de ancianos; su triste p\u00e1rpado<br>de repente<br>chasquea<br><br>Ir al ginec\u00f3logo y decir<br>creo que estoy embarazada<br><br>Desmayarte de nervios y dolor; el doctor te hipnotiza<br>con su insulto feroz: \u201cno s\u00e9 por qu\u00e9, querida,<br>te duele tanto este dilatador: es<br>para v\u00edrgenes\u201d<br><br>Decirle a tu madre<br>he ido al ginec\u00f3logo<br>porque cre\u00eda que estaba embarazada<br><br>Ah, \u00bfya manten\u00e9is relaciones sexuales completas?<br>Y sin precauciones, estoy decepcionada<br><br>Ver que tu madre est\u00e1 decepcionada, tu<br>madre est\u00e1<br>decepcionada<br><br>Ponerte en el pellejo de Celan<br>que jam\u00e1s encontr\u00f3 a su hermana<br>imaginaria<br><br>Ponerte en el pellejo de Gis\u00e8le porque<br>Celan intent\u00f3 estrangularla porque<br>jam\u00e1s encontr\u00f3 a su hermana<br>imaginaria<br><br>Querer gustarle pero \u00e9l te dice<br>si quieres vamos a mi cuarto o a tu cuarto<br><br>Llev\u00e1is apenas 10 minutos<br>con los besos no te f\u00edas<br>de \u00e9l<br><br>Querer sexo pero no fiarse<br><br>Ah, \u00bfpero quer\u00edas algo aut\u00e9ntico?<br>Y sin precauciones, estoy decepcionado<br><br>Me dijiste que ten\u00edas el coraz\u00f3n atado<br>al tobillo<br><br>Lo siento lo solt\u00e9 un momento me dorm\u00ed<br>y se me escap\u00f3<br><br>Es un desobediente<br>Muy mal muy mal p\u00eddele perd\u00f3n al chico<br><br>Perd\u00f3n<br><br>chico<br><br><br><br><\/pre>\n\n\n\n<p>DEDOS DE PIANISTA + LA CARA QUE PUSO LUDWIG VAN BEETHOVEN CUANDO LE DIJE QUE QUER\u00cdA ESCRIBIR UN POEMA CON M\u00c1S O MENOS RIMA + POR QU\u00c9 ABANDON\u00c9 LA M\u00daSICA Y POR QU\u00c9 MENCION\u00c9 AL MENOS UNA VEZ LA BRISA + SALUTACI\u00d3N OPTIMISTA A LOS SUCESIVOS AMANTES Y AL T\u00da L\u00cdRICO QUE SIEMPRE ES PLURAL + SALUTACI\u00d3N CORDIAL A AQUELLA PROFESORA DE SOLFEO (1998-2000)<\/p>\n\n\n\n<pre class=\"wp-block-verse has-text-align-right\"><em>allegro con br\u00edo, adagio molto (attacca), allegretto moderato<\/em><\/pre>\n\n\n\n<h5 class=\"wp-block-heading\">(A)<\/h5>\n\n\n\n<pre class=\"wp-block-verse\">abandon\u00e9 el piano<br>y la virginidad<br>por los mismos motivos filol\u00f3gicos<br><br>\u201cfracasar m\u00e1s\u201d   \u201cfracasar mejor\u201d    todo eso<br>no-exactamente-es-este-poema<br>lo contrahecho lo frustrado lo amotinado <em>muy<\/em><br><em>natural<\/em><br><br>por eso,<br>tuve que abandonar mis estudios de piano<br>y mi virginidad<br>no-exactamente-el-mismo-d\u00eda,<br>bajo esa misma<br>lluvia,<br>bajo ese mismo<br>lodo,<br>o bruma, o brisa, o lluvia<br>tan ac\u00fastica tan<br>abrumadora <em>muy<br>natural<\/em><br><br>por eso,<br>tuve que abandonar el piano y la virginidad<br>y la lluvia y la lluvia que cae<br>sobre la lluvia ca\u00edda<br>no-exactamente-el-mismo-d\u00eda<br>no-exactamente-ayer: <br><br>la palabra<br>fracasa m\u00e1s y mejor,<br><br>la palabra<br><em>palabra<\/em><br>fracasa m\u00e1s y mejor <span class=\"note-item\"><a href=\"#note-01\" class=\"scroll-to\">[1]<\/a><span class=\"note-item-tooltip\"><\/span><\/span><br><br><br><\/pre>\n\n\n\n<h5 class=\"wp-block-heading\"><br>(B)<\/h5>\n\n\n\n<pre class=\"wp-block-verse\">paralizada ante el vals y el <em>cunnilingus<\/em>,<br>       y comprendiendo<br>       que no bastaban que no bastan que no bastar\u00edan<br>       que no bastar\u00e1n jam\u00e1s<br>ni mi canci\u00f3n ni mi cuerpo<br><br>para todo eso<br><br><em>(labuhardillapar\u00edslacavidadpleuraldelasnoviasenlaluna<br>demieldeflor<br>enflorlanochedepar\u00edslareverberaci\u00f3n<br>delafaldadelamejilla<br>delacordilleralabildungsroman),<\/em><br><br>comenc\u00e9 a balbucir.<br><br>balbuc\u00ed mucho, desde luego.<br>y luego,<br>comenc\u00e9 a escribir y escrib\u00ed un poema muy<br>natural con m\u00e1s o menos rima y<br>con m\u00e1s o menos desesperaci\u00f3n y<br>con m\u00e1s o menos amanecer semi-clich\u00e9 y orquestas<br>semi-profesionales y<br>llov\u00eda mucho<br>es decir<br>abrumaba mucho y s\u00e9<br><br>que deber\u00eda mencionar al menos una vez la brisa <span class=\"note-item\"><a href=\"#note-02\" class=\"scroll-to\">[2]<\/a><span class=\"note-item-tooltip\"><\/span><\/span> <br><br><br><\/pre>\n\n\n\n<h5 class=\"wp-block-heading\"><br>(C)<\/h5>\n\n\n\n<pre class=\"wp-block-verse\">es muy comprensible,<br>se\u00f1ores y se\u00f1ores de la Real Academia<br>de la Lengua, amigos<br>y enemigos de Ludwig van<br>Beethoven, a quien culp\u00e1is de<br>todo<br>porque no entend\u00e9is<br>nada, a quien culp\u00e1is de<br>todo, porque todo es<br>la nada<br><br>(culpar a Beethoven es<br>lo m\u00e1s f\u00e1cil del<br>mundo:<br>el mundo y la nada y el sexo son<br>decepcionantes)<br><br>es muy comprensible, sin duda, vuestra queja:<br><br>abandon\u00e9 el piano<br>y la virginidad<br>por los mismos motivos filol\u00f3gicos<br><br>llam\u00e9mosle rebeld\u00eda llam\u00e9mosle lucidez llam\u00e9mosle<br>resignaci\u00f3n:<br><br>ni mi canci\u00f3n sin palabras<br>ni mi cuerpo sin las palabras del otro<br>val\u00edan nada <br>valdr\u00edan nada      valdr\u00e1n nada           nunca<br>me rend\u00ed       comprend\u00ed todo<br>me rindo,<br><br>luego escribo <span class=\"note-item\"><a href=\"#note-03\" class=\"scroll-to\">[3]<\/a><span class=\"note-item-tooltip\"><\/span><\/span> <\/pre>\n","protected":false},"excerpt":{"rendered":"<p>\u00abPara m\u00ed la poes\u00eda y el feminismo comparten algo profundo. La poes\u00eda es un espacio y un tiempo privilegiado de pensamiento (y de sentimiento): el lenguaje se mira a s\u00ed mismo detenidamente, se extra\u00f1a de s\u00ed, quiz\u00e1s incluso se reconcilia consigo. El lenguaje, cuando es po\u00e9tico, ralentiza, y luego ampl\u00eda, nuestra percepci\u00f3n del mundo. La mirada feminista tambi\u00e9n se detiene, y casi que traspasa, en\/a los lenguajes que nos hacen sujetos hist\u00f3ricos, pol\u00edticos; lenguajes que se descubren, tambi\u00e9n, como ideolog\u00eda. Igual que la poes\u00eda, deviene en una hiper-consciencia, en una sensibilidad &#8216;alerta&#8217;, abierta a cuestionar todo lo que parec\u00eda incuestionable.\u2026<\/p>\n","protected":false},"author":3,"featured_media":9600,"parent":0,"comment_status":"closed","ping_status":"closed","sticky":false,"template":"","format":"standard","meta":{"_acf_changed":false,"inline_featured_image":false,"_jetpack_memberships_contains_paid_content":false,"footnotes":""},"categories":[206],"tags":[],"segment":[],"subject":[],"class_list":["post-10458","post","type-post","status-publish","format-standard","has-post-thumbnail","hentry","category-antologia-poetica-feminista-es"],"acf":[],"yoast_head":"<!-- This site is optimized with the Yoast SEO plugin v27.4 - https:\/\/yoast.com\/product\/yoast-seo-wordpress\/ -->\n<title>Berta Garc\u00eda Faet: llam\u00e9mosle rebeld\u00eda &#8211; IDEES<\/title>\n<meta name=\"robots\" content=\"index, follow, max-snippet:-1, max-image-preview:large, max-video-preview:-1\" \/>\n<link rel=\"canonical\" href=\"https:\/\/revistaidees.cat\/es\/berta-garcia-faet-diguem-ne-rebel-lia\/\" \/>\n<meta property=\"og:locale\" content=\"es_ES\" \/>\n<meta property=\"og:type\" content=\"article\" \/>\n<meta property=\"og:title\" content=\"Berta Garc\u00eda Faet: llam\u00e9mosle rebeld\u00eda &#8211; IDEES\" \/>\n<meta property=\"og:description\" content=\"\u00abPara m\u00ed la poes\u00eda y el feminismo comparten algo profundo. La poes\u00eda es un espacio y un tiempo privilegiado de pensamiento (y de sentimiento): el lenguaje se mira a s\u00ed mismo detenidamente, se extra\u00f1a de s\u00ed, quiz\u00e1s incluso se reconcilia consigo. El lenguaje, cuando es po\u00e9tico, ralentiza, y luego ampl\u00eda, nuestra percepci\u00f3n del mundo. La mirada feminista tambi\u00e9n se detiene, y casi que traspasa, en\/a los lenguajes que nos hacen sujetos hist\u00f3ricos, pol\u00edticos; lenguajes que se descubren, tambi\u00e9n, como ideolog\u00eda. Igual que la poes\u00eda, deviene en una hiper-consciencia, en una sensibilidad &#8216;alerta&#8217;, abierta a cuestionar todo lo que parec\u00eda incuestionable.\u2026\" \/>\n<meta property=\"og:url\" content=\"https:\/\/revistaidees.cat\/es\/berta-garcia-faet-diguem-ne-rebel-lia\/\" \/>\n<meta property=\"og:site_name\" content=\"IDEES\" \/>\n<meta property=\"article:published_time\" content=\"2020-02-11T10:51:11+00:00\" \/>\n<meta property=\"article:modified_time\" content=\"2020-03-10T10:14:07+00:00\" \/>\n<meta property=\"og:image\" content=\"https:\/\/i0.wp.com\/revistaidees.cat\/wp-content\/uploads\/2020\/02\/33-Antologia-v1.jpg?fit=2000%2C800&ssl=1\" \/>\n\t<meta property=\"og:image:width\" content=\"2000\" \/>\n\t<meta property=\"og:image:height\" content=\"800\" \/>\n\t<meta property=\"og:image:type\" content=\"image\/jpeg\" \/>\n<meta name=\"author\" content=\"maria\" \/>\n<meta name=\"twitter:card\" content=\"summary_large_image\" \/>\n<meta name=\"twitter:label1\" content=\"Escrito por\" \/>\n\t<meta name=\"twitter:data1\" content=\"maria\" \/>\n\t<meta name=\"twitter:label2\" content=\"Tiempo de lectura\" \/>\n\t<meta name=\"twitter:data2\" content=\"6 minutos\" \/>\n<script type=\"application\/ld+json\" class=\"yoast-schema-graph\">{\"@context\":\"https:\\\/\\\/schema.org\",\"@graph\":[{\"@type\":\"Article\",\"@id\":\"https:\\\/\\\/revistaidees.cat\\\/es\\\/berta-garcia-faet-diguem-ne-rebel-lia\\\/#article\",\"isPartOf\":{\"@id\":\"https:\\\/\\\/revistaidees.cat\\\/es\\\/berta-garcia-faet-diguem-ne-rebel-lia\\\/\"},\"author\":{\"name\":\"maria\",\"@id\":\"https:\\\/\\\/revistaidees.cat\\\/#\\\/schema\\\/person\\\/23b13c8d154c858b03b5b4905ae0d5f6\"},\"headline\":\"Berta Garc\u00eda Faet: llam\u00e9mosle rebeld\u00eda\",\"datePublished\":\"2020-02-11T10:51:11+00:00\",\"dateModified\":\"2020-03-10T10:14:07+00:00\",\"mainEntityOfPage\":{\"@id\":\"https:\\\/\\\/revistaidees.cat\\\/es\\\/berta-garcia-faet-diguem-ne-rebel-lia\\\/\"},\"wordCount\":263,\"image\":{\"@id\":\"https:\\\/\\\/revistaidees.cat\\\/es\\\/berta-garcia-faet-diguem-ne-rebel-lia\\\/#primaryimage\"},\"thumbnailUrl\":\"https:\\\/\\\/i0.wp.com\\\/revistaidees.cat\\\/wp-content\\\/uploads\\\/2020\\\/02\\\/33-Antologia-v1.jpg?fit=2000%2C800&ssl=1\",\"articleSection\":[\"Antologia po\u00e9tica feminista\"],\"inLanguage\":\"es\"},{\"@type\":\"WebPage\",\"@id\":\"https:\\\/\\\/revistaidees.cat\\\/es\\\/berta-garcia-faet-diguem-ne-rebel-lia\\\/\",\"url\":\"https:\\\/\\\/revistaidees.cat\\\/es\\\/berta-garcia-faet-diguem-ne-rebel-lia\\\/\",\"name\":\"Berta Garc\u00eda Faet: llam\u00e9mosle rebeld\u00eda &#8211; IDEES\",\"isPartOf\":{\"@id\":\"https:\\\/\\\/revistaidees.cat\\\/#website\"},\"primaryImageOfPage\":{\"@id\":\"https:\\\/\\\/revistaidees.cat\\\/es\\\/berta-garcia-faet-diguem-ne-rebel-lia\\\/#primaryimage\"},\"image\":{\"@id\":\"https:\\\/\\\/revistaidees.cat\\\/es\\\/berta-garcia-faet-diguem-ne-rebel-lia\\\/#primaryimage\"},\"thumbnailUrl\":\"https:\\\/\\\/i0.wp.com\\\/revistaidees.cat\\\/wp-content\\\/uploads\\\/2020\\\/02\\\/33-Antologia-v1.jpg?fit=2000%2C800&ssl=1\",\"datePublished\":\"2020-02-11T10:51:11+00:00\",\"dateModified\":\"2020-03-10T10:14:07+00:00\",\"author\":{\"@id\":\"https:\\\/\\\/revistaidees.cat\\\/#\\\/schema\\\/person\\\/23b13c8d154c858b03b5b4905ae0d5f6\"},\"breadcrumb\":{\"@id\":\"https:\\\/\\\/revistaidees.cat\\\/es\\\/berta-garcia-faet-diguem-ne-rebel-lia\\\/#breadcrumb\"},\"inLanguage\":\"es\",\"potentialAction\":[{\"@type\":\"ReadAction\",\"target\":[\"https:\\\/\\\/revistaidees.cat\\\/es\\\/berta-garcia-faet-diguem-ne-rebel-lia\\\/\"]}]},{\"@type\":\"ImageObject\",\"inLanguage\":\"es\",\"@id\":\"https:\\\/\\\/revistaidees.cat\\\/es\\\/berta-garcia-faet-diguem-ne-rebel-lia\\\/#primaryimage\",\"url\":\"https:\\\/\\\/i0.wp.com\\\/revistaidees.cat\\\/wp-content\\\/uploads\\\/2020\\\/02\\\/33-Antologia-v1.jpg?fit=2000%2C800&ssl=1\",\"contentUrl\":\"https:\\\/\\\/i0.wp.com\\\/revistaidees.cat\\\/wp-content\\\/uploads\\\/2020\\\/02\\\/33-Antologia-v1.jpg?fit=2000%2C800&ssl=1\",\"width\":2000,\"height\":800,\"caption\":\"Nadia Sanmartin\"},{\"@type\":\"BreadcrumbList\",\"@id\":\"https:\\\/\\\/revistaidees.cat\\\/es\\\/berta-garcia-faet-diguem-ne-rebel-lia\\\/#breadcrumb\",\"itemListElement\":[{\"@type\":\"ListItem\",\"position\":1,\"name\":\"Inici\",\"item\":\"https:\\\/\\\/revistaidees.cat\\\/es\\\/\"},{\"@type\":\"ListItem\",\"position\":2,\"name\":\"Berta Garc\u00eda Faet: llam\u00e9mosle rebeld\u00eda\"}]},{\"@type\":\"WebSite\",\"@id\":\"https:\\\/\\\/revistaidees.cat\\\/#website\",\"url\":\"https:\\\/\\\/revistaidees.cat\\\/\",\"name\":\"IDEES\",\"description\":\"Revista de temas contempor\u00e1neos\",\"potentialAction\":[{\"@type\":\"SearchAction\",\"target\":{\"@type\":\"EntryPoint\",\"urlTemplate\":\"https:\\\/\\\/revistaidees.cat\\\/?s={search_term_string}\"},\"query-input\":{\"@type\":\"PropertyValueSpecification\",\"valueRequired\":true,\"valueName\":\"search_term_string\"}}],\"inLanguage\":\"es\"},{\"@type\":\"Person\",\"@id\":\"https:\\\/\\\/revistaidees.cat\\\/#\\\/schema\\\/person\\\/23b13c8d154c858b03b5b4905ae0d5f6\",\"name\":\"maria\",\"image\":{\"@type\":\"ImageObject\",\"inLanguage\":\"es\",\"@id\":\"https:\\\/\\\/secure.gravatar.com\\\/avatar\\\/4abe985cb800e0b75c4c7bfc4fd0973825f533e0620f989a75661b23c3255192?s=96&d=mm&r=g\",\"url\":\"https:\\\/\\\/secure.gravatar.com\\\/avatar\\\/4abe985cb800e0b75c4c7bfc4fd0973825f533e0620f989a75661b23c3255192?s=96&d=mm&r=g\",\"contentUrl\":\"https:\\\/\\\/secure.gravatar.com\\\/avatar\\\/4abe985cb800e0b75c4c7bfc4fd0973825f533e0620f989a75661b23c3255192?s=96&d=mm&r=g\",\"caption\":\"maria\"}}]}<\/script>\n<!-- \/ Yoast SEO plugin. -->","yoast_head_json":{"title":"Berta Garc\u00eda Faet: llam\u00e9mosle rebeld\u00eda &#8211; IDEES","robots":{"index":"index","follow":"follow","max-snippet":"max-snippet:-1","max-image-preview":"max-image-preview:large","max-video-preview":"max-video-preview:-1"},"canonical":"https:\/\/revistaidees.cat\/es\/berta-garcia-faet-diguem-ne-rebel-lia\/","og_locale":"es_ES","og_type":"article","og_title":"Berta Garc\u00eda Faet: llam\u00e9mosle rebeld\u00eda &#8211; IDEES","og_description":"\u00abPara m\u00ed la poes\u00eda y el feminismo comparten algo profundo. La poes\u00eda es un espacio y un tiempo privilegiado de pensamiento (y de sentimiento): el lenguaje se mira a s\u00ed mismo detenidamente, se extra\u00f1a de s\u00ed, quiz\u00e1s incluso se reconcilia consigo. El lenguaje, cuando es po\u00e9tico, ralentiza, y luego ampl\u00eda, nuestra percepci\u00f3n del mundo. La mirada feminista tambi\u00e9n se detiene, y casi que traspasa, en\/a los lenguajes que nos hacen sujetos hist\u00f3ricos, pol\u00edticos; lenguajes que se descubren, tambi\u00e9n, como ideolog\u00eda. Igual que la poes\u00eda, deviene en una hiper-consciencia, en una sensibilidad &#8216;alerta&#8217;, abierta a cuestionar todo lo que parec\u00eda incuestionable.\u2026","og_url":"https:\/\/revistaidees.cat\/es\/berta-garcia-faet-diguem-ne-rebel-lia\/","og_site_name":"IDEES","article_published_time":"2020-02-11T10:51:11+00:00","article_modified_time":"2020-03-10T10:14:07+00:00","og_image":[{"width":2000,"height":800,"url":"https:\/\/i0.wp.com\/revistaidees.cat\/wp-content\/uploads\/2020\/02\/33-Antologia-v1.jpg?fit=2000%2C800&ssl=1","type":"image\/jpeg"}],"author":"maria","twitter_card":"summary_large_image","twitter_misc":{"Escrito por":"maria","Tiempo de lectura":"6 minutos"},"schema":{"@context":"https:\/\/schema.org","@graph":[{"@type":"Article","@id":"https:\/\/revistaidees.cat\/es\/berta-garcia-faet-diguem-ne-rebel-lia\/#article","isPartOf":{"@id":"https:\/\/revistaidees.cat\/es\/berta-garcia-faet-diguem-ne-rebel-lia\/"},"author":{"name":"maria","@id":"https:\/\/revistaidees.cat\/#\/schema\/person\/23b13c8d154c858b03b5b4905ae0d5f6"},"headline":"Berta Garc\u00eda Faet: llam\u00e9mosle rebeld\u00eda","datePublished":"2020-02-11T10:51:11+00:00","dateModified":"2020-03-10T10:14:07+00:00","mainEntityOfPage":{"@id":"https:\/\/revistaidees.cat\/es\/berta-garcia-faet-diguem-ne-rebel-lia\/"},"wordCount":263,"image":{"@id":"https:\/\/revistaidees.cat\/es\/berta-garcia-faet-diguem-ne-rebel-lia\/#primaryimage"},"thumbnailUrl":"https:\/\/i0.wp.com\/revistaidees.cat\/wp-content\/uploads\/2020\/02\/33-Antologia-v1.jpg?fit=2000%2C800&ssl=1","articleSection":["Antologia po\u00e9tica feminista"],"inLanguage":"es"},{"@type":"WebPage","@id":"https:\/\/revistaidees.cat\/es\/berta-garcia-faet-diguem-ne-rebel-lia\/","url":"https:\/\/revistaidees.cat\/es\/berta-garcia-faet-diguem-ne-rebel-lia\/","name":"Berta Garc\u00eda Faet: llam\u00e9mosle rebeld\u00eda &#8211; IDEES","isPartOf":{"@id":"https:\/\/revistaidees.cat\/#website"},"primaryImageOfPage":{"@id":"https:\/\/revistaidees.cat\/es\/berta-garcia-faet-diguem-ne-rebel-lia\/#primaryimage"},"image":{"@id":"https:\/\/revistaidees.cat\/es\/berta-garcia-faet-diguem-ne-rebel-lia\/#primaryimage"},"thumbnailUrl":"https:\/\/i0.wp.com\/revistaidees.cat\/wp-content\/uploads\/2020\/02\/33-Antologia-v1.jpg?fit=2000%2C800&ssl=1","datePublished":"2020-02-11T10:51:11+00:00","dateModified":"2020-03-10T10:14:07+00:00","author":{"@id":"https:\/\/revistaidees.cat\/#\/schema\/person\/23b13c8d154c858b03b5b4905ae0d5f6"},"breadcrumb":{"@id":"https:\/\/revistaidees.cat\/es\/berta-garcia-faet-diguem-ne-rebel-lia\/#breadcrumb"},"inLanguage":"es","potentialAction":[{"@type":"ReadAction","target":["https:\/\/revistaidees.cat\/es\/berta-garcia-faet-diguem-ne-rebel-lia\/"]}]},{"@type":"ImageObject","inLanguage":"es","@id":"https:\/\/revistaidees.cat\/es\/berta-garcia-faet-diguem-ne-rebel-lia\/#primaryimage","url":"https:\/\/i0.wp.com\/revistaidees.cat\/wp-content\/uploads\/2020\/02\/33-Antologia-v1.jpg?fit=2000%2C800&ssl=1","contentUrl":"https:\/\/i0.wp.com\/revistaidees.cat\/wp-content\/uploads\/2020\/02\/33-Antologia-v1.jpg?fit=2000%2C800&ssl=1","width":2000,"height":800,"caption":"Nadia Sanmartin"},{"@type":"BreadcrumbList","@id":"https:\/\/revistaidees.cat\/es\/berta-garcia-faet-diguem-ne-rebel-lia\/#breadcrumb","itemListElement":[{"@type":"ListItem","position":1,"name":"Inici","item":"https:\/\/revistaidees.cat\/es\/"},{"@type":"ListItem","position":2,"name":"Berta Garc\u00eda Faet: llam\u00e9mosle rebeld\u00eda"}]},{"@type":"WebSite","@id":"https:\/\/revistaidees.cat\/#website","url":"https:\/\/revistaidees.cat\/","name":"IDEES","description":"Revista de temas contempor\u00e1neos","potentialAction":[{"@type":"SearchAction","target":{"@type":"EntryPoint","urlTemplate":"https:\/\/revistaidees.cat\/?s={search_term_string}"},"query-input":{"@type":"PropertyValueSpecification","valueRequired":true,"valueName":"search_term_string"}}],"inLanguage":"es"},{"@type":"Person","@id":"https:\/\/revistaidees.cat\/#\/schema\/person\/23b13c8d154c858b03b5b4905ae0d5f6","name":"maria","image":{"@type":"ImageObject","inLanguage":"es","@id":"https:\/\/secure.gravatar.com\/avatar\/4abe985cb800e0b75c4c7bfc4fd0973825f533e0620f989a75661b23c3255192?s=96&d=mm&r=g","url":"https:\/\/secure.gravatar.com\/avatar\/4abe985cb800e0b75c4c7bfc4fd0973825f533e0620f989a75661b23c3255192?s=96&d=mm&r=g","contentUrl":"https:\/\/secure.gravatar.com\/avatar\/4abe985cb800e0b75c4c7bfc4fd0973825f533e0620f989a75661b23c3255192?s=96&d=mm&r=g","caption":"maria"}}]}},"jetpack_featured_media_url":"https:\/\/i0.wp.com\/revistaidees.cat\/wp-content\/uploads\/2020\/02\/33-Antologia-v1.jpg?fit=2000%2C800&ssl=1","jetpack_sharing_enabled":true,"_links":{"self":[{"href":"https:\/\/revistaidees.cat\/es\/wp-json\/wp\/v2\/posts\/10458","targetHints":{"allow":["GET"]}}],"collection":[{"href":"https:\/\/revistaidees.cat\/es\/wp-json\/wp\/v2\/posts"}],"about":[{"href":"https:\/\/revistaidees.cat\/es\/wp-json\/wp\/v2\/types\/post"}],"author":[{"embeddable":true,"href":"https:\/\/revistaidees.cat\/es\/wp-json\/wp\/v2\/users\/3"}],"replies":[{"embeddable":true,"href":"https:\/\/revistaidees.cat\/es\/wp-json\/wp\/v2\/comments?post=10458"}],"version-history":[{"count":2,"href":"https:\/\/revistaidees.cat\/es\/wp-json\/wp\/v2\/posts\/10458\/revisions"}],"predecessor-version":[{"id":10759,"href":"https:\/\/revistaidees.cat\/es\/wp-json\/wp\/v2\/posts\/10458\/revisions\/10759"}],"wp:featuredmedia":[{"embeddable":true,"href":"https:\/\/revistaidees.cat\/es\/wp-json\/wp\/v2\/media\/9600"}],"wp:attachment":[{"href":"https:\/\/revistaidees.cat\/es\/wp-json\/wp\/v2\/media?parent=10458"}],"wp:term":[{"taxonomy":"category","embeddable":true,"href":"https:\/\/revistaidees.cat\/es\/wp-json\/wp\/v2\/categories?post=10458"},{"taxonomy":"post_tag","embeddable":true,"href":"https:\/\/revistaidees.cat\/es\/wp-json\/wp\/v2\/tags?post=10458"},{"taxonomy":"segment","embeddable":true,"href":"https:\/\/revistaidees.cat\/es\/wp-json\/wp\/v2\/segment?post=10458"},{"taxonomy":"subject","embeddable":true,"href":"https:\/\/revistaidees.cat\/es\/wp-json\/wp\/v2\/subject?post=10458"}],"curies":[{"name":"wp","href":"https:\/\/api.w.org\/{rel}","templated":true}]}}