{"id":10865,"date":"2020-02-11T11:19:37","date_gmt":"2020-02-11T11:19:37","guid":{"rendered":"https:\/\/revistaidees.cat\/miriam-reyes-ni-fills-ni-anells-ni-promeses\/"},"modified":"2020-03-10T15:04:30","modified_gmt":"2020-03-10T15:04:30","slug":"miriam-reyes-ni-fills-ni-anells-ni-promeses","status":"publish","type":"post","link":"https:\/\/revistaidees.cat\/es\/miriam-reyes-ni-fills-ni-anells-ni-promeses\/","title":{"rendered":"Miriam Reyes: ni hijos ni anillos ni promesas"},"content":{"rendered":"\n<p>\u00abDesarrollo mi pensamiento, que es un pensamiento feminista, a trav\u00e9s de la poes\u00eda. Mi cuerpo es el sujeto. Interrogo los <em>yoes<\/em> que lo conforman. Quiero para m\u00ed una identidad que se sobreponga al g\u00e9nero, que lo desborde. Quiero aguzar el pensamiento para que discierna entre la herencia socio-cultural y la gen\u00e9tica, para que identifique la mentira heredada y la propia. Estos poemas son aproximaciones, tentativas, exploraciones, b\u00fasquedas\u00bb.<\/p>\n\n\n\n<h5 class=\"wp-block-heading\"><br>TUMUJER<\/h5>\n\n\n\n<pre class=\"wp-block-verse\">Soy lo que no entiendes<br>y simplificas<br>lo que no puedes cambiar<br>y limitas<br>lo que necesitas<br>y humillas.<br>Por m\u00e1s que te obedezca <br>no hago lo que deseas.<br>Por m\u00e1s que me anules<br>te lastimo.<br><\/pre>\n\n\n\n<p>Este poema apareci\u00f3 por primera en 2004 en mupis, en la campa\u00f1a contra la violencia de g\u00e9nero llevada a cabo por la Casa de la Mujer en Zaragoza. Expuesta y publicada en cat\u00e1logo en la Sala Juana Franc\u00e9s (Zaragoza, 2004). Publicada (sin el t\u00edtulo) en el libro <em>Espejo negro y otros poemas<\/em> (Liliputienses, 2013).<br><br><br><\/p>\n\n\n\n<h5 class=\"wp-block-heading\"><br>Cuando el rey de la casa entraba<\/h5>\n\n\n\n<pre class=\"wp-block-verse\">hab\u00eda que correr a la puerta<br>con zapatillas, cerveza y reverencia.<br><br>Por alguna raz\u00f3n <br>\u00e9l supon\u00eda que deb\u00edamos estar felices<br>de verle volver cada noche<br>para escuchar sus juramentos<br>creer sus sue\u00f1os, vivir de sus mentiras<br><br><br><em>Bella durmiente<\/em> (Hiperi\u00f3n, 2004)<br><br><br><\/pre>\n\n\n\n<h5 class=\"wp-block-heading\"><br>No soy due\u00f1a de nada<\/h5>\n\n\n\n<pre class=\"wp-block-verse\">mucho menos podr\u00eda serlo de alguien.<br>No deber\u00edas temer<br>cuando estrangulo tu sexo,<br>no pienso darte hijos ni anillos ni promesas.<br><br>Toda la tierra que tengo la llevo en los zapatos.<br>Mi casa es este cuerpo que parece una mujer,<br>no necesito m\u00e1s paredes y adentro tengo<br>mucho espacio:<br>ese desierto negro que tanto te asusta.<br><br><br><em>Bella durmiente<\/em> (Hiperi\u00f3n, 2004)<br><br><br><\/pre>\n\n\n\n<h5 class=\"wp-block-heading\"><br>En macizas sillas de madera de roble<\/h5>\n\n\n\n<pre class=\"wp-block-verse\">se sientan los piadosos hombres  <br>que quieren despertarme.<br>Sus abultadas pelucas blancas <br>de jueces ingleses<br>tapan la l\u00ednea del horizonte.<br><br>Un viejo escritor gordo de unmetrochenta<br>quiere despertarme<br>para que le apriete el dedo coraz\u00f3n<br>mientras mueve su lengua.<br><br>Un viejo padre de una vieja amiga quiere<br>despertarme<br>para abalanzarse sobre m\u00ed<br>en un aula vac\u00eda.<br><br>Un viejo y afamado catedr\u00e1tico quiere despertarme<br>para que pruebe mis m\u00e9ritos<br>sobre su mesa.<br><br>Yo no le ped\u00ed nunca nada a ninguno<br><br>Pero todos tienden sus manos<br>para ensuciar la blancura que les deslumbra.<br><br><br><em>Bella durmiente<\/em> (Hiperi\u00f3n, 2004)<br><br><br><\/pre>\n\n\n\n<h5 class=\"wp-block-heading\"><br>Te tengo todo marcado<\/h5>\n\n\n\n<pre class=\"wp-block-verse\">como un yacimiento arqueol\u00f3gico<br>No es extraer los restos de ti lo que persigo <br>--ruinas de una ciudad tallada en la arenisca-- <br>lo que quiero es penetrarte  <br>taladrar la piedra de tu cuerpo <br>y este sexo c\u00f3ncavo de mujer <br>se vuelve in\u00fatil para mi deseo.<br><br>Cavo en tu ombligo <br>para entrar por el flujo de tu sangre. <br>Vac\u00edo mi esp\u00edritu como aire en tu boca <br>y te observo respirarme. <br>Ya s\u00e9 que no necesito de piel para tocarte <br>no es eso <br>lo que yo quiero es hacerme <br>una cueva en tu cuerpo.<br><br>Flexiono tus rodillas bajo mis axilas <br>como los brazos de un taladro. <br>Las aceras que rompo <br>son las de tu calle. <br><br>Con mis pesta\u00f1as barro  <br>el polvo que levanto de tu frente <br>y no me detengo hasta que soy t\u00fa <br>y tu sexo es el m\u00edo hasta que soy yo <br>quien est\u00e1 dentro.<br><br><br><em>Haz lo que te digo<\/em> (Bartleby, 2015)<br><br><br><\/pre>\n\n\n\n<h5 class=\"wp-block-heading\"><br>Estamos programados para ver causa<\/h5>\n\n\n\n<pre class=\"wp-block-verse\">donde solo hay azar<br><br>la pasi\u00f3n por un tema o una disciplina<br>el ritmo id\u00e9ntico id\u00e9ntico el sentido del humor<br>ciertos puntos de vista <br>ciertos vicios ciertas neurosis<br><br>nos reconocemos en la misma incandescencia<br>como si de pronto nos hubieran colocado<br>frente a un espejo trucado para vernos mejor<br><br>curiosamente los experimentos demuestran<br>que no es la raz\u00f3n sino el instinto<br>lo que nos hace buscar coherencia<br>y es m\u00e1s com\u00fan m\u00e1s autom\u00e1tico<br>y dif\u00edcil de detectar<br>de lo que podamos reconocer<br>sin ruborizarnos<br><br>de ah\u00ed la importancia de permanecer alerta <br>ante los peligros de la falsa ilusi\u00f3n de sentido<br><br>una luz que suaviza las facciones<br>y disimula las marcas del tiempo<br>una corriente que nos arrastra<br>borrando las evidencias<br><br>por ejemplo yo a ti<br>ni te encontr\u00e9 ni te estaba esperando<br>por ejemplo yo y t\u00fa<br>ni ten\u00eda que ser ni no ser<br><br><br><em>Haz lo que te digo<\/em> (Bartleby, 2015)<br><br><br><\/pre>\n\n\n\n<h5 class=\"wp-block-heading\"><br>Practico la contenci\u00f3n<\/h5>\n\n\n\n<pre class=\"wp-block-verse\">en hojas de papel o en r\u00edos<br>con el agua hasta las rodillas<br>cuando pienso en los m\u00e1rgenes<br><br>en los m\u00e1rgenes<br>en el drag\u00f3n que se qued\u00f3 <br>paralizado a la orilla del mar<br>como un gatito<br> <br>en la ribera la gruta el labio<br>y otros umbrales naturales<br><br>en las posiciones y posturas que adoptamos<br>\u2013pol\u00edticas cient\u00edficas anat\u00f3micas geogr\u00e1ficas\u2013<br>cuando nos amamos<br>y cuando no nos amamos<br><br>en la intensidad la amplitud el alcance <br>y la falacia de las escalas<br><br>pienso en el par\u00e9ntesis que nos contiene    <br>y no puedo imaginar un futuro sin desbordamientos.<br><br><br><em>Haz lo que te digo<\/em> (Bartleby, 2015)<br><br><br><\/pre>\n\n\n\n<h5 class=\"wp-block-heading\"><br>El problema con nosotras las rocas<\/h5>\n\n\n\n<pre class=\"wp-block-verse\">no es que tengamos nuestros ciclos<br>o alg\u00fan episodio plut\u00f3nico de vez en cuando<br><br>es que estamos a la merced del ambiente<br><br>no solo nos arrastran y desgastan <br>las aguas y los vientos<br>tambi\u00e9n <br>cuando nos hacemos peque\u00f1as<br>cabemos en un pu\u00f1o cerrado.<br><br><br><em>Haz lo que te digo<\/em> (Bartleby, 2015)<br><\/pre>\n","protected":false},"excerpt":{"rendered":"<p>\u00abDesarrollo mi pensamiento, que es un pensamiento feminista, a trav\u00e9s de la poes\u00eda. Mi cuerpo es el sujeto. Interrogo los yoes que lo conforman. Quiero para m\u00ed una identidad que se sobreponga al g\u00e9nero, que lo desborde. Quiero aguzar el pensamiento para que discierna entre la herencia socio-cultural y la gen\u00e9tica, para que identifique la mentira heredada y la propia. Estos poemas son aproximaciones, tentativas, exploraciones, b\u00fasquedas\u00bb. TUMUJER Soy lo que no entiendesy simplificaslo que no puedes cambiary limitaslo que necesitasy humillas.Por m\u00e1s que te obedezca no hago lo que deseas.Por m\u00e1s que me anuleste lastimo. Este poema apareci\u00f3 por\u2026<\/p>\n","protected":false},"author":3,"featured_media":9600,"parent":0,"comment_status":"closed","ping_status":"closed","sticky":false,"template":"","format":"standard","meta":{"_acf_changed":false,"inline_featured_image":false,"_jetpack_memberships_contains_paid_content":false,"footnotes":""},"categories":[206],"tags":[],"segment":[],"subject":[],"class_list":["post-10865","post","type-post","status-publish","format-standard","has-post-thumbnail","hentry","category-antologia-poetica-feminista-es"],"acf":[],"yoast_head":"<!-- This site is optimized with the Yoast SEO plugin v27.5 - https:\/\/yoast.com\/product\/yoast-seo-wordpress\/ -->\n<title>Miriam Reyes: ni hijos ni anillos ni promesas &#8211; IDEES<\/title>\n<meta name=\"robots\" content=\"index, follow, max-snippet:-1, max-image-preview:large, max-video-preview:-1\" \/>\n<link rel=\"canonical\" href=\"https:\/\/revistaidees.cat\/es\/miriam-reyes-ni-fills-ni-anells-ni-promeses\/\" \/>\n<meta property=\"og:locale\" content=\"es_ES\" \/>\n<meta property=\"og:type\" content=\"article\" \/>\n<meta property=\"og:title\" content=\"Miriam Reyes: ni hijos ni anillos ni promesas &#8211; IDEES\" \/>\n<meta property=\"og:description\" content=\"\u00abDesarrollo mi pensamiento, que es un pensamiento feminista, a trav\u00e9s de la poes\u00eda. Mi cuerpo es el sujeto. Interrogo los yoes que lo conforman. Quiero para m\u00ed una identidad que se sobreponga al g\u00e9nero, que lo desborde. Quiero aguzar el pensamiento para que discierna entre la herencia socio-cultural y la gen\u00e9tica, para que identifique la mentira heredada y la propia. Estos poemas son aproximaciones, tentativas, exploraciones, b\u00fasquedas\u00bb. TUMUJER Soy lo que no entiendesy simplificaslo que no puedes cambiary limitaslo que necesitasy humillas.Por m\u00e1s que te obedezca no hago lo que deseas.Por m\u00e1s que me anuleste lastimo. Este poema apareci\u00f3 por\u2026\" \/>\n<meta property=\"og:url\" content=\"https:\/\/revistaidees.cat\/es\/miriam-reyes-ni-fills-ni-anells-ni-promeses\/\" \/>\n<meta property=\"og:site_name\" content=\"IDEES\" \/>\n<meta property=\"article:published_time\" content=\"2020-02-11T11:19:37+00:00\" \/>\n<meta property=\"article:modified_time\" content=\"2020-03-10T15:04:30+00:00\" \/>\n<meta property=\"og:image\" content=\"https:\/\/i0.wp.com\/revistaidees.cat\/wp-content\/uploads\/2020\/02\/33-Antologia-v1.jpg?fit=2000%2C800&ssl=1\" \/>\n\t<meta property=\"og:image:width\" content=\"2000\" \/>\n\t<meta property=\"og:image:height\" content=\"800\" \/>\n\t<meta property=\"og:image:type\" content=\"image\/jpeg\" \/>\n<meta name=\"author\" content=\"maria\" \/>\n<meta name=\"twitter:card\" content=\"summary_large_image\" \/>\n<meta name=\"twitter:label1\" content=\"Escrito por\" \/>\n\t<meta name=\"twitter:data1\" content=\"maria\" \/>\n\t<meta name=\"twitter:label2\" content=\"Tiempo de lectura\" \/>\n\t<meta name=\"twitter:data2\" content=\"4 minutos\" \/>\n<script type=\"application\/ld+json\" class=\"yoast-schema-graph\">{\"@context\":\"https:\\\/\\\/schema.org\",\"@graph\":[{\"@type\":\"Article\",\"@id\":\"https:\\\/\\\/revistaidees.cat\\\/es\\\/miriam-reyes-ni-fills-ni-anells-ni-promeses\\\/#article\",\"isPartOf\":{\"@id\":\"https:\\\/\\\/revistaidees.cat\\\/es\\\/miriam-reyes-ni-fills-ni-anells-ni-promeses\\\/\"},\"author\":{\"name\":\"maria\",\"@id\":\"https:\\\/\\\/revistaidees.cat\\\/#\\\/schema\\\/person\\\/23b13c8d154c858b03b5b4905ae0d5f6\"},\"headline\":\"Miriam Reyes: ni hijos ni anillos ni promesas\",\"datePublished\":\"2020-02-11T11:19:37+00:00\",\"dateModified\":\"2020-03-10T15:04:30+00:00\",\"mainEntityOfPage\":{\"@id\":\"https:\\\/\\\/revistaidees.cat\\\/es\\\/miriam-reyes-ni-fills-ni-anells-ni-promeses\\\/\"},\"wordCount\":176,\"image\":{\"@id\":\"https:\\\/\\\/revistaidees.cat\\\/es\\\/miriam-reyes-ni-fills-ni-anells-ni-promeses\\\/#primaryimage\"},\"thumbnailUrl\":\"https:\\\/\\\/i0.wp.com\\\/revistaidees.cat\\\/wp-content\\\/uploads\\\/2020\\\/02\\\/33-Antologia-v1.jpg?fit=2000%2C800&ssl=1\",\"articleSection\":[\"Antologia po\u00e9tica feminista\"],\"inLanguage\":\"es\"},{\"@type\":\"WebPage\",\"@id\":\"https:\\\/\\\/revistaidees.cat\\\/es\\\/miriam-reyes-ni-fills-ni-anells-ni-promeses\\\/\",\"url\":\"https:\\\/\\\/revistaidees.cat\\\/es\\\/miriam-reyes-ni-fills-ni-anells-ni-promeses\\\/\",\"name\":\"Miriam Reyes: ni hijos ni anillos ni promesas &#8211; IDEES\",\"isPartOf\":{\"@id\":\"https:\\\/\\\/revistaidees.cat\\\/#website\"},\"primaryImageOfPage\":{\"@id\":\"https:\\\/\\\/revistaidees.cat\\\/es\\\/miriam-reyes-ni-fills-ni-anells-ni-promeses\\\/#primaryimage\"},\"image\":{\"@id\":\"https:\\\/\\\/revistaidees.cat\\\/es\\\/miriam-reyes-ni-fills-ni-anells-ni-promeses\\\/#primaryimage\"},\"thumbnailUrl\":\"https:\\\/\\\/i0.wp.com\\\/revistaidees.cat\\\/wp-content\\\/uploads\\\/2020\\\/02\\\/33-Antologia-v1.jpg?fit=2000%2C800&ssl=1\",\"datePublished\":\"2020-02-11T11:19:37+00:00\",\"dateModified\":\"2020-03-10T15:04:30+00:00\",\"author\":{\"@id\":\"https:\\\/\\\/revistaidees.cat\\\/#\\\/schema\\\/person\\\/23b13c8d154c858b03b5b4905ae0d5f6\"},\"breadcrumb\":{\"@id\":\"https:\\\/\\\/revistaidees.cat\\\/es\\\/miriam-reyes-ni-fills-ni-anells-ni-promeses\\\/#breadcrumb\"},\"inLanguage\":\"es\",\"potentialAction\":[{\"@type\":\"ReadAction\",\"target\":[\"https:\\\/\\\/revistaidees.cat\\\/es\\\/miriam-reyes-ni-fills-ni-anells-ni-promeses\\\/\"]}]},{\"@type\":\"ImageObject\",\"inLanguage\":\"es\",\"@id\":\"https:\\\/\\\/revistaidees.cat\\\/es\\\/miriam-reyes-ni-fills-ni-anells-ni-promeses\\\/#primaryimage\",\"url\":\"https:\\\/\\\/i0.wp.com\\\/revistaidees.cat\\\/wp-content\\\/uploads\\\/2020\\\/02\\\/33-Antologia-v1.jpg?fit=2000%2C800&ssl=1\",\"contentUrl\":\"https:\\\/\\\/i0.wp.com\\\/revistaidees.cat\\\/wp-content\\\/uploads\\\/2020\\\/02\\\/33-Antologia-v1.jpg?fit=2000%2C800&ssl=1\",\"width\":2000,\"height\":800,\"caption\":\"Nadia Sanmartin\"},{\"@type\":\"BreadcrumbList\",\"@id\":\"https:\\\/\\\/revistaidees.cat\\\/es\\\/miriam-reyes-ni-fills-ni-anells-ni-promeses\\\/#breadcrumb\",\"itemListElement\":[{\"@type\":\"ListItem\",\"position\":1,\"name\":\"Inici\",\"item\":\"https:\\\/\\\/revistaidees.cat\\\/es\\\/\"},{\"@type\":\"ListItem\",\"position\":2,\"name\":\"Miriam Reyes: ni hijos ni anillos ni promesas\"}]},{\"@type\":\"WebSite\",\"@id\":\"https:\\\/\\\/revistaidees.cat\\\/#website\",\"url\":\"https:\\\/\\\/revistaidees.cat\\\/\",\"name\":\"IDEES\",\"description\":\"Revista de temas contempor\u00e1neos\",\"potentialAction\":[{\"@type\":\"SearchAction\",\"target\":{\"@type\":\"EntryPoint\",\"urlTemplate\":\"https:\\\/\\\/revistaidees.cat\\\/?s={search_term_string}\"},\"query-input\":{\"@type\":\"PropertyValueSpecification\",\"valueRequired\":true,\"valueName\":\"search_term_string\"}}],\"inLanguage\":\"es\"},{\"@type\":\"Person\",\"@id\":\"https:\\\/\\\/revistaidees.cat\\\/#\\\/schema\\\/person\\\/23b13c8d154c858b03b5b4905ae0d5f6\",\"name\":\"maria\",\"image\":{\"@type\":\"ImageObject\",\"inLanguage\":\"es\",\"@id\":\"https:\\\/\\\/secure.gravatar.com\\\/avatar\\\/4abe985cb800e0b75c4c7bfc4fd0973825f533e0620f989a75661b23c3255192?s=96&d=mm&r=g\",\"url\":\"https:\\\/\\\/secure.gravatar.com\\\/avatar\\\/4abe985cb800e0b75c4c7bfc4fd0973825f533e0620f989a75661b23c3255192?s=96&d=mm&r=g\",\"contentUrl\":\"https:\\\/\\\/secure.gravatar.com\\\/avatar\\\/4abe985cb800e0b75c4c7bfc4fd0973825f533e0620f989a75661b23c3255192?s=96&d=mm&r=g\",\"caption\":\"maria\"}}]}<\/script>\n<!-- \/ Yoast SEO plugin. -->","yoast_head_json":{"title":"Miriam Reyes: ni hijos ni anillos ni promesas &#8211; IDEES","robots":{"index":"index","follow":"follow","max-snippet":"max-snippet:-1","max-image-preview":"max-image-preview:large","max-video-preview":"max-video-preview:-1"},"canonical":"https:\/\/revistaidees.cat\/es\/miriam-reyes-ni-fills-ni-anells-ni-promeses\/","og_locale":"es_ES","og_type":"article","og_title":"Miriam Reyes: ni hijos ni anillos ni promesas &#8211; IDEES","og_description":"\u00abDesarrollo mi pensamiento, que es un pensamiento feminista, a trav\u00e9s de la poes\u00eda. Mi cuerpo es el sujeto. Interrogo los yoes que lo conforman. Quiero para m\u00ed una identidad que se sobreponga al g\u00e9nero, que lo desborde. Quiero aguzar el pensamiento para que discierna entre la herencia socio-cultural y la gen\u00e9tica, para que identifique la mentira heredada y la propia. Estos poemas son aproximaciones, tentativas, exploraciones, b\u00fasquedas\u00bb. TUMUJER Soy lo que no entiendesy simplificaslo que no puedes cambiary limitaslo que necesitasy humillas.Por m\u00e1s que te obedezca no hago lo que deseas.Por m\u00e1s que me anuleste lastimo. Este poema apareci\u00f3 por\u2026","og_url":"https:\/\/revistaidees.cat\/es\/miriam-reyes-ni-fills-ni-anells-ni-promeses\/","og_site_name":"IDEES","article_published_time":"2020-02-11T11:19:37+00:00","article_modified_time":"2020-03-10T15:04:30+00:00","og_image":[{"width":2000,"height":800,"url":"https:\/\/i0.wp.com\/revistaidees.cat\/wp-content\/uploads\/2020\/02\/33-Antologia-v1.jpg?fit=2000%2C800&ssl=1","type":"image\/jpeg"}],"author":"maria","twitter_card":"summary_large_image","twitter_misc":{"Escrito por":"maria","Tiempo de lectura":"4 minutos"},"schema":{"@context":"https:\/\/schema.org","@graph":[{"@type":"Article","@id":"https:\/\/revistaidees.cat\/es\/miriam-reyes-ni-fills-ni-anells-ni-promeses\/#article","isPartOf":{"@id":"https:\/\/revistaidees.cat\/es\/miriam-reyes-ni-fills-ni-anells-ni-promeses\/"},"author":{"name":"maria","@id":"https:\/\/revistaidees.cat\/#\/schema\/person\/23b13c8d154c858b03b5b4905ae0d5f6"},"headline":"Miriam Reyes: ni hijos ni anillos ni promesas","datePublished":"2020-02-11T11:19:37+00:00","dateModified":"2020-03-10T15:04:30+00:00","mainEntityOfPage":{"@id":"https:\/\/revistaidees.cat\/es\/miriam-reyes-ni-fills-ni-anells-ni-promeses\/"},"wordCount":176,"image":{"@id":"https:\/\/revistaidees.cat\/es\/miriam-reyes-ni-fills-ni-anells-ni-promeses\/#primaryimage"},"thumbnailUrl":"https:\/\/i0.wp.com\/revistaidees.cat\/wp-content\/uploads\/2020\/02\/33-Antologia-v1.jpg?fit=2000%2C800&ssl=1","articleSection":["Antologia po\u00e9tica feminista"],"inLanguage":"es"},{"@type":"WebPage","@id":"https:\/\/revistaidees.cat\/es\/miriam-reyes-ni-fills-ni-anells-ni-promeses\/","url":"https:\/\/revistaidees.cat\/es\/miriam-reyes-ni-fills-ni-anells-ni-promeses\/","name":"Miriam Reyes: ni hijos ni anillos ni promesas &#8211; IDEES","isPartOf":{"@id":"https:\/\/revistaidees.cat\/#website"},"primaryImageOfPage":{"@id":"https:\/\/revistaidees.cat\/es\/miriam-reyes-ni-fills-ni-anells-ni-promeses\/#primaryimage"},"image":{"@id":"https:\/\/revistaidees.cat\/es\/miriam-reyes-ni-fills-ni-anells-ni-promeses\/#primaryimage"},"thumbnailUrl":"https:\/\/i0.wp.com\/revistaidees.cat\/wp-content\/uploads\/2020\/02\/33-Antologia-v1.jpg?fit=2000%2C800&ssl=1","datePublished":"2020-02-11T11:19:37+00:00","dateModified":"2020-03-10T15:04:30+00:00","author":{"@id":"https:\/\/revistaidees.cat\/#\/schema\/person\/23b13c8d154c858b03b5b4905ae0d5f6"},"breadcrumb":{"@id":"https:\/\/revistaidees.cat\/es\/miriam-reyes-ni-fills-ni-anells-ni-promeses\/#breadcrumb"},"inLanguage":"es","potentialAction":[{"@type":"ReadAction","target":["https:\/\/revistaidees.cat\/es\/miriam-reyes-ni-fills-ni-anells-ni-promeses\/"]}]},{"@type":"ImageObject","inLanguage":"es","@id":"https:\/\/revistaidees.cat\/es\/miriam-reyes-ni-fills-ni-anells-ni-promeses\/#primaryimage","url":"https:\/\/i0.wp.com\/revistaidees.cat\/wp-content\/uploads\/2020\/02\/33-Antologia-v1.jpg?fit=2000%2C800&ssl=1","contentUrl":"https:\/\/i0.wp.com\/revistaidees.cat\/wp-content\/uploads\/2020\/02\/33-Antologia-v1.jpg?fit=2000%2C800&ssl=1","width":2000,"height":800,"caption":"Nadia Sanmartin"},{"@type":"BreadcrumbList","@id":"https:\/\/revistaidees.cat\/es\/miriam-reyes-ni-fills-ni-anells-ni-promeses\/#breadcrumb","itemListElement":[{"@type":"ListItem","position":1,"name":"Inici","item":"https:\/\/revistaidees.cat\/es\/"},{"@type":"ListItem","position":2,"name":"Miriam Reyes: ni hijos ni anillos ni promesas"}]},{"@type":"WebSite","@id":"https:\/\/revistaidees.cat\/#website","url":"https:\/\/revistaidees.cat\/","name":"IDEES","description":"Revista de temas contempor\u00e1neos","potentialAction":[{"@type":"SearchAction","target":{"@type":"EntryPoint","urlTemplate":"https:\/\/revistaidees.cat\/?s={search_term_string}"},"query-input":{"@type":"PropertyValueSpecification","valueRequired":true,"valueName":"search_term_string"}}],"inLanguage":"es"},{"@type":"Person","@id":"https:\/\/revistaidees.cat\/#\/schema\/person\/23b13c8d154c858b03b5b4905ae0d5f6","name":"maria","image":{"@type":"ImageObject","inLanguage":"es","@id":"https:\/\/secure.gravatar.com\/avatar\/4abe985cb800e0b75c4c7bfc4fd0973825f533e0620f989a75661b23c3255192?s=96&d=mm&r=g","url":"https:\/\/secure.gravatar.com\/avatar\/4abe985cb800e0b75c4c7bfc4fd0973825f533e0620f989a75661b23c3255192?s=96&d=mm&r=g","contentUrl":"https:\/\/secure.gravatar.com\/avatar\/4abe985cb800e0b75c4c7bfc4fd0973825f533e0620f989a75661b23c3255192?s=96&d=mm&r=g","caption":"maria"}}]}},"jetpack_featured_media_url":"https:\/\/i0.wp.com\/revistaidees.cat\/wp-content\/uploads\/2020\/02\/33-Antologia-v1.jpg?fit=2000%2C800&ssl=1","jetpack_sharing_enabled":true,"_links":{"self":[{"href":"https:\/\/revistaidees.cat\/es\/wp-json\/wp\/v2\/posts\/10865","targetHints":{"allow":["GET"]}}],"collection":[{"href":"https:\/\/revistaidees.cat\/es\/wp-json\/wp\/v2\/posts"}],"about":[{"href":"https:\/\/revistaidees.cat\/es\/wp-json\/wp\/v2\/types\/post"}],"author":[{"embeddable":true,"href":"https:\/\/revistaidees.cat\/es\/wp-json\/wp\/v2\/users\/3"}],"replies":[{"embeddable":true,"href":"https:\/\/revistaidees.cat\/es\/wp-json\/wp\/v2\/comments?post=10865"}],"version-history":[{"count":5,"href":"https:\/\/revistaidees.cat\/es\/wp-json\/wp\/v2\/posts\/10865\/revisions"}],"predecessor-version":[{"id":10875,"href":"https:\/\/revistaidees.cat\/es\/wp-json\/wp\/v2\/posts\/10865\/revisions\/10875"}],"wp:featuredmedia":[{"embeddable":true,"href":"https:\/\/revistaidees.cat\/es\/wp-json\/wp\/v2\/media\/9600"}],"wp:attachment":[{"href":"https:\/\/revistaidees.cat\/es\/wp-json\/wp\/v2\/media?parent=10865"}],"wp:term":[{"taxonomy":"category","embeddable":true,"href":"https:\/\/revistaidees.cat\/es\/wp-json\/wp\/v2\/categories?post=10865"},{"taxonomy":"post_tag","embeddable":true,"href":"https:\/\/revistaidees.cat\/es\/wp-json\/wp\/v2\/tags?post=10865"},{"taxonomy":"segment","embeddable":true,"href":"https:\/\/revistaidees.cat\/es\/wp-json\/wp\/v2\/segment?post=10865"},{"taxonomy":"subject","embeddable":true,"href":"https:\/\/revistaidees.cat\/es\/wp-json\/wp\/v2\/subject?post=10865"}],"curies":[{"name":"wp","href":"https:\/\/api.w.org\/{rel}","templated":true}]}}