{"id":15135,"date":"2020-01-09T12:32:40","date_gmt":"2020-01-09T12:32:40","guid":{"rendered":"https:\/\/revistaidees.cat\/potencies-reptes-i-tensions-dels-feminismes-catalans-en-lactualitat\/"},"modified":"2020-06-11T11:47:31","modified_gmt":"2020-06-11T11:47:31","slug":"potencies-reptes-i-tensions-dels-feminismes-catalans-en-lactualitat","status":"publish","type":"post","link":"https:\/\/revistaidees.cat\/es\/potencies-reptes-i-tensions-dels-feminismes-catalans-en-lactualitat\/","title":{"rendered":"Potencias, retos y tensiones de los feminismos catalanes en la actualidad"},"content":{"rendered":"\n<p>Las huelgas feministas de los \u00faltimos dos a\u00f1os o las movilizaciones contra sentencias judiciales injustas frente a las agresiones sexuales hacen evidente que, en nuestro pa\u00eds, el movimiento feminista vive un momento hist\u00f3rico. Esta etapa de efervescencia, madurez y extensi\u00f3n de los feminismos (en plural y en reconocimiento de las diversidades y desigualdades que atraviesan el movimiento) no es flor de un d\u00eda, sino el resultado de un trabajo sostenido, tenaz y capilar de miles, millones de mujeres, lesbianas y trans, que durante las \u00faltimas d\u00e9cadas (y siglos) han logrado trasladar la mirada, el conocimiento y las pr\u00e1cticas feministas, expl\u00edcitas o no, al conjunto de la sociedad.<\/p>\n\n\n\n<p>Se ha dicho que la revoluci\u00f3n feminista es una revoluci\u00f3n silenciosa, m\u00e1s porosa que ruidosa; m\u00e1s de nodos y retaguardias imprescindibles que de vanguardias iluminadas; m\u00e1s de liderazgos compartidos y alternados que de grandes vacas sagradas, y de sostener la supervivencia que de grandes discursos grandilocuentes. Esta tarea de hormiguitas constantes, tozudas y unidas en redes explica que el movimiento feminista haya sido capaz de organizar y sostener una huelga general, social, de consumo y de cuidado desde estructuras asamblearias y descentralizadas sin el liderazgo o control de los grandes partidos o sindicatos.<\/p>\n\n\n\n<p>El trabajo de relaci\u00f3n y de red solidaria y sorora entre activistas en las calles, las organizaciones, las instituciones, etc. Ha convertido el movimiento feminista en un actor social de primer orden, organizado de manera transversal, articulada y distribuida con otras organizaciones y movimientos sociales y pol\u00edticos. En este momento, el movimiento feminista, adem\u00e1s de trabajar en las tem\u00e1ticas que ha desarrollado hist\u00f3ricamente (derecho al propio cuerpo, vida sin violencia, igualdad y equidad de derechos, valoraci\u00f3n y reconocimiento de todos los trabajos, etc.) est\u00e1 presente en los movimientos transformadores y emancipadores, ya que su naturaleza transversal le permite trascender fronteras y fracturas sociales, econ\u00f3micas y pol\u00edticas que otros actores sociales no pueden trascender.<\/p>\n\n\n\n<p>As\u00ed pues, dispone del programa, la agenda y las alianzas para plantear una propuesta integral de superaci\u00f3n\u00a0de\u00a0la crisis econ\u00f3mica y financiera, productiva, de apoyo al trabajo de curas, y de sostenibilidad medioambiental y, por lo tanto, para convertirse en y construir una alternativa sist\u00e9mica a nivel internacional.<\/p>\n\n\n\n<h5 class=\"wp-block-heading\">Un ciclo de movilizaci\u00f3n y construcci\u00f3n sostenida y distribuida&nbsp;desde&nbsp;los feminismos<\/h5>\n\n\n\n<p>El inicio de la d\u00e9cada perdida posterior a la explosi\u00f3n de la burbuja financiera y que ha instaurado el gobierno de la Troika, del Banco Mundial y del Fondo Monetario Internacional en la zona euro y en nuestras vidas, a golpe de ajustes estructurales, reformas y recortes, se encontr\u00f3 con un movimiento feminista en el que los diversos feminismos emergentes y multiplicados en la d\u00e9cada de los 90 (feministas migrantes, racializadas y antirracistas, precarias, transfeministas, lesbianas feministas, queer, feministas prosexo, trabajadoras dom\u00e9sticas, trabajadoras sexuales\/prostitutas organizadas, no est\u00e1ndar\/diversas funcionales, ecofeministas,\u2026) se hab\u00edan hecho presentes en el discurso y las propuestas que se plantearon, por ejemplo, en foros como las jornadas feministas catalanas de 2006 en Catalunya o estatales de 2009 en Granada, mostrando as\u00ed la diversidad, la riqueza de debates y propuestas, y el relevo generacional del movimiento.<\/p>\n\n\n\n<p>Los espacios, organizaciones, colectivos y redes feministas catalanas han estado a pie de calle, plaza, acampada, organizaci\u00f3n e instituci\u00f3n durante las diversas oleadas de movilizaci\u00f3n de este ciclo, desde el estallido de indignaci\u00f3n de 15M en las plazas de toda Espa\u00f1a en 2011, al impulso del proceso soberanista desde las movilizaciones de 2010 a las v\u00edas catalanas y al refer\u00e9ndum del 1O pasando por los convulsos ciclos electorales a nivel municipal, catal\u00e1n y estatal.<\/p>\n\n\n\n<div class=\"wp-block-columns is-layout-flex wp-container-core-columns-is-layout-9d6595d7 wp-block-columns-is-layout-flex\">\n<div class=\"wp-block-column is-layout-flow wp-block-column-is-layout-flow\" style=\"flex-basis:66.66%\">\n<p>Durante los \u00faltimos ocho a\u00f1os, el movimiento feminista ha mantenido una movilizaci\u00f3n y una articulaci\u00f3n profunda en defensa de la m\u00e1s amplia gama de derechos: para empezar, con respecto a los derechos sociales, ya que ha participado en marchas y plataformas contra los recortes en salud y educaci\u00f3n p\u00fablica, en las mareas blancas y amarillas, en ayudas familiares y a la dependencia, en presupuestos y organizaciones para abordar las violencias machistas y promover la igualdad y la equidad de g\u00e9nero, y ha colocado la agenda feminista y las nuevas formas de huelga en la huelga general contra la reforma del sistema de pensiones de 2010, y en las dos huelgas contra la reforma laboral de 2012, se\u00f1alando los efectos espec\u00edficos de la austeridad sobre las desigualdades de g\u00e9nero, y la creciente feminizaci\u00f3n de la pobreza y la exclusi\u00f3n social.<\/p>\n<\/div>\n\n\n\n<div class=\"wp-block-column is-layout-flow wp-block-column-is-layout-flow\" style=\"flex-basis:33.33%\">\n<blockquote class=\"wp-block-quote is-style-large is-layout-flow wp-block-quote-is-layout-flow\"><p>El feminismo, adem\u00e1s de trabajar en las tem\u00e1ticas que ha desarrollado hist\u00f3ricamente, est\u00e1 presente en los movimientos transformadores y emancipadores, ya que su naturaleza transversal le permite trascender fronteras y fracturas sociales, econ\u00f3micas y pol\u00edticas <\/p><\/blockquote>\n<\/div>\n<\/div>\n\n\n\n<p>En los \u00faltimos a\u00f1os, los feminismos catalanes han mantenido la autonom\u00eda y la independencia respecto a formaciones y partidos pol\u00edticos a la vez que elaboraban una agenda com\u00fan, mediante iniciativas como Feminismos y Radicalidades Democr\u00e1ticas, que en 2015 puso en marcha la #Alertafeminista, para posicionar las propuestas, pr\u00e1cticas y perspectivas feministas y reivindicar la paridad de g\u00e9nero y la participaci\u00f3n de mujeres, lesbianas y trans feministas en las administraciones del gobierno municipal, catal\u00e1n y estatal.<\/p>\n\n\n\n<p>Desde espacios plurales y de base, estos feminismos han estado activos y presentes en el proceso soberanista y en el movimiento independentista, en defensa de los derechos nacionales y de autodeterminaci\u00f3n, aportando la perspectiva feminista para garantizar un proceso constituyente equitativo y no discriminatorio como se recoge, por ejemplo, en las propuestas del documento <em>Independents del Patriarcat<\/em>. Tambi\u00e9n han participado en las iniciativas y espacios en defensa de los derechos civiles y de las libertades de expresi\u00f3n, manifestaci\u00f3n y organizaci\u00f3n, as\u00ed como contra la represi\u00f3n y la criminalizaci\u00f3n en la disidencia pol\u00edtica, desde los espacios de observaci\u00f3n y denuncia de la violencia policial como #SomDefensores durante el 1O al juicio contra representantes de organizaciones sociales soberanas y pol\u00edticas y pol\u00edticos pol\u00edticas en el Tribunal Supremo.<\/p>\n\n\n\n<p>En un momento de ruptura de v\u00ednculos y puentes entre organizaciones sociales y pol\u00edticas tras el proceso, el refer\u00e9ndum, la intervenci\u00f3n del autogobierno catal\u00e1n y la aplicaci\u00f3n del art\u00edculo 155, el movimiento feminista ha sido uno de los pocos espacios capaces de generar foros de di\u00e1logo y debate cr\u00edtico interno y de articular respuestas de solidaridad feminista a nivel estatal con el marco com\u00fan de defensa de los derechos y las libertades frente a la criminalizaci\u00f3n, la judicializaci\u00f3n y la represi\u00f3n pol\u00edtica, el encarcelamiento y el exilio.<\/p>\n\n\n\n<h5 class=\"wp-block-heading\">Feminismos en todas partes, expl\u00edcitos o no: alianzas generosas y conscientes para construir un cambio social <\/h5>\n\n\n\n<p>Adem\u00e1s, el movimiento feminista ha tenido la capacidad de organizarse en redes y nutrirse mutuamente con otras luchas y espacios de transformaci\u00f3n social. Las feministas no s\u00f3lo han apoyado luchas como el derecho a la vivienda y a la ciudad, en espacios como la Plataforma de afectados por la hipoteca, los sindicatos de inquilinas e inquilinos y de barrio, que ya de por si ten\u00edan un liderazgo marcadamente femenino, sino que tambi\u00e9n han generado alianzas y sinergias que han contribuido a que en estos \u00e1mbitos se construyese un discurso feminista propio.<\/p>\n\n\n\n<p>Esto tambi\u00e9n se ha producido en espacios de construcci\u00f3n de alternativas econ\u00f3micas, como el cooperativismo o la econom\u00eda social y solidaria (ESS), donde las activistas feministas han logrado posicionar y transversalizar la perspectiva y las pr\u00e1cticas de la econom\u00eda feminista en las cooperativas y asociaciones y espacios de articulaci\u00f3n y en las actuaciones de las administraciones municipales y por todo el territorio, como se puede ver en la red de ateneos cooperativos de Catalunya.<\/p>\n\n\n\n<p>Estas sinergias entre movimientos tambi\u00e9n se han producido en las luchas antirracistas, contra la Ley de Extranjer\u00eda y por los derechos de ciudadan\u00eda de las personas migrantes, refugiadas y racializadas. El movimiento feminista se ha manifestado en contra del decreto estatal de apartheid sanitario que reduc\u00eda la atenci\u00f3n m\u00e9dica libre para las personas migrantes; por el cierre de los Centros de Internamiento para Extranjeros (CIE), contra la persecuci\u00f3n de personas migrantes que viven de la venta ambulante o las redadas selectivas contra migrantes, y las organizaciones de mujeres y feministas migrantes y racializadas han sido pilares de los encierros de 2016 en la Universidad de Barcelona y en la Escuela Massana en 2018, que durante tres meses organiz\u00f3 un encuentro feminista antirracista.<\/p>\n\n\n\n<h5 class=\"wp-block-heading\">El derecho al propio cuerpo, un hito hist\u00f3rico feminista amenazado por la ofensiva antielecci\u00f3n<\/h5>\n\n\n\n<p>Durante la \u00faltima d\u00e9cada, el movimiento ha seguido defendiendo los derechos sexuales y reproductivos frente a la ofensiva estatal de los grupos ultracat\u00f3licos y antielecci\u00f3n iniciada en 2007 con la criminalizaci\u00f3n de las cl\u00ednicas que practicaban abortos, situaci\u00f3n que empeor\u00f3 en 2012 con el intento de derogaci\u00f3n de la ley estatal sobre la Interrupci\u00f3n Voluntaria del Embarazo (IVE) y Salud Sexual y Reproductiva de 2010, promulgada precisamente para garantizar la protecci\u00f3n jur\u00eddica de las mujeres ante los ataques permanentes. Los feminismos catalanes y espa\u00f1oles se enfrentaron a la llamada contrarreforma del aborto con dos a\u00f1os de movilizaci\u00f3n ininterrumpida y articulada desde la Campanya pel Dret a l\u2019Avortament Lliure i Gratu\u00eft, que culmin\u00f3 con la derogaci\u00f3n del anteproyecto de ley y la dimisi\u00f3n de Alberto Ruiz Gallard\u00f3n, el ministro que impuls\u00f3 esta iniciativa.<\/p>\n\n\n\n<p>Sin embargo, el gobierno de Rajoy redujo el derecho de las menores a decidir sobre su propio cuerpo con una reforma parcial de la ley de 2010 que impone a las chicas la obligaci\u00f3n de comunicar a sus padres la decisi\u00f3n de abortar y que vulnera especialmente los derechos de las que viven situaciones de violencia dom\u00e9stica o machista, una medida ante la cual el movimiento ha promovido y practicado la desobediencia activa. Adem\u00e1s, las organizaciones feministas y de derechos sexuales y de derechos reproductivos han seguido haciendo posible que las mujeres en estado de gestaci\u00f3n avanzada que descubren que el feto tiene problemas de malformaci\u00f3n puedan abortar, ya que las criaturas no podr\u00edan sobrevivir, pero la ley sigue dej\u00e1ndolas en una situaci\u00f3n de indefensi\u00f3n jur\u00eddica y oblig\u00e1ndolas a desobedecer o abortar en el extranjero.<\/p>\n\n\n\n<p>Como resultado de esta movilizaci\u00f3n permanente, cerca de una docena de activistas feministas de todo el Estado han sido denunciadas por delitos de odio, una estrategia mundial de los grupos antielecci\u00f3n para criminalizar el movimiento. Uno de los casos m\u00e1s conocidos es el de las Encausadas de Palma, condenadas a un a\u00f1o de prisi\u00f3n por un delito de ofensa a los sentimientos religiosos por llevar a cabo una protesta simb\u00f3lica en la iglesia de Sant Miquel de Palma, enmarcada en las acciones de #Febrerfeminista del 14 de febrero de 2014. El Tribunal Supremo ha ratificado el fallo, lo que supone un preocupante precedente para la criminalizaci\u00f3n de la libertad de expresi\u00f3n y manifestaci\u00f3n.<\/p>\n\n\n\n<p>Con respecto al derecho a tener una opci\u00f3n sexual y una identidad de g\u00e9nero libremente escogidos, el movimiento ha promovido y apoyado la ley contra la lesbofobia, homofobia y transfobia de 2014, el protocolo de atenci\u00f3n sanitaria para las personas trans que despatologiza su acompa\u00f1amiento o el de reproducci\u00f3n asistida para madres solteras y lesbianas, de 2015.<\/p>\n\n\n\n<h5 class=\"wp-block-heading\">Por una vida libre de violencias machistas, construyendo la justicia feminista y desmontando la cultura de la violaci\u00f3n<\/h5>\n\n\n\n<p>En un contexto de desmantelamiento de recursos y presupuestos para hacer frente a las violencias machistas, a la escalada de feminicidios y a la multiplicaci\u00f3n de las violencias sexuales, de revictimizaci\u00f3n de las mujeres y de las criaturas, y de transformaci\u00f3n de las violencias machistas en espect\u00e1culo medi\u00e1tico, el movimiento feminista ha multiplicado los esfuerzos para acompa\u00f1ar a las agredidas y llevado a cabo actos de denuncia social e incidencia pol\u00edtica ante la inacci\u00f3n institucional. <\/p>\n\n\n\n<p>En 2015 espacios y plataformas feministas confluyeron en la red <em>Novembre Feminista<\/em> para denunciar y organizar acciones urgentes ante la denegaci\u00f3n de \u00f3rdenes de alejamiento para mujeres en situaci\u00f3n de alto riesgo y exigir al Ministerio del Interior aclaraciones sobre los protocolos de evaluaci\u00f3n de riesgos; se sum\u00f3 a la movilizaci\u00f3n estatal para lograr una ley que aborde todas las formas de violencia machista, contra mujeres, ni\u00f1as y ni\u00f1os, m\u00e1s all\u00e1 de las relaciones de pareja heterosexual, seg\u00fan lo establecido por el Convenio de Estambul y se ampli\u00f3 denunciando la revictimizaci\u00f3n de las mujeres en los procedimientos judiciales por violencia machista o agresiones sexuales, como el de los depredadores sexuales de los Sanfermines o, m\u00e1s recientemente, los que violaron un grupo a una ni\u00f1a de Manresa. <\/p>\n\n\n\n<p>Como planteaba recientemente Marisa Fern\u00e1ndez, de la asociaci\u00f3n <em>Dones Juristes<\/em>, el dictamen del Tribunal Supremo que reconoce que la agresi\u00f3n sexual m\u00faltiple que tuvo lugar en Sanfermines fue una violaci\u00f3n, pone en evidencia que el movimiento feminista ha situado el tema del consentimiento sexual en el debate p\u00fablico y ha construido un consenso social sobre el tema, m\u00e1s all\u00e1 de los propios tribunales. <\/p>\n\n\n\n<h5 class=\"wp-block-heading\">Une huelga laboral, estudiantil, de consumo y de cuidados, internacional e impulsada desde abajo<\/h5>\n\n\n\n<p>El rechazo a todas las formas de violencia contra las mujeres tambi\u00e9n est\u00e1 en la g\u00e9nesis de la convocatoria internacional de huelga que el movimiento feminista #Niunamenos lanz\u00f3 en 2016 frente a la escalada de feminicidios en el continente latinoamericano, bajo el lema \u201cSi nuestras vidas no valen nada, produzcan sin nosotras\u201d.<\/p>\n\n\n\n<p>En Catalunya, el espacio <em>Vaga de Totes<\/em>, ya hab\u00eda convocado una huelga feminista durante el oto\u00f1o de 2015. La propuesta de hacer un huelga mundial el 8 de marzo, D\u00eda internacional de las mujeres trabajadoras, surgi\u00f3 en los a\u00f1os 70 de la Campa\u00f1a internacional por un salario para el trabajo sin sueldo, para reivindicar la visibilidad y el reconocimiento social de todas las tareas y cuidados dom\u00e9sticos que no se consideran trabajo. En Catalunya, la <em>Xarxa Les dones compten<\/em> empez\u00f3 a difundir esta campa\u00f1a a principios de 2000, cuando promovi\u00f3 la contabilizaci\u00f3n del trabajo dom\u00e9stico, reproductivo y de cuidados no remunerado y logr\u00f3 el apoyo del <em>Parlament<\/em>, y cuando el sindicato CGT convoc\u00f3 paros parciales en 2001.<\/p>\n\n\n\n<p>Se ha necesitado casi 18 a\u00f1os para que esta llamada movilizase el tejido sindical, estudiantil y asociativo catal\u00e1n y espa\u00f1ol con una propuesta tan integral como ambiciosa: una huelga en el \u00e1mbito laboral y estudiantil, en el trabajo de cuidados a las personas remunerado y no remunerado, y al consumo de recursos y energ\u00eda. El manifiesto de la huelga feminista de 2019, llama a pararlo todo para rechazar \u00abel patriarcado, el capitalismo, el colonialismo, el racismo, el heterocentrismo y el capacitismo\u00bb, una enmienda a la totalidad del sistema, y aporta programa extenso y completo de medidas para lograrlo.<\/p>\n\n\n\n<p>En 2017, movimientos de 30 pa\u00edses se adhirieron a la convocatoria, y en Catalu\u00f1a la CGT convoc\u00f3 paros de media hora. En 2018, 170 pa\u00edses se sumaron a la huelga y el movimiento feminista, articulado en asambleas y comit\u00e9s de barrios, pueblos y ciudades, y tambi\u00e9n a nivel estatal, logr\u00f3 que los sindicatos CGT y CNT convocaran una huelga de 24 h a nivel estatal, y que los sindicatos mayoritarios organizaran paros de dos horas. En 2018 y 2019 cerca de seis millones de personas hicieron huelga laboral en todo el estado, y en 2019 las sectoriales de educaci\u00f3n de los sindicatos de CC.OO y UGT convocaron una huelga de 24 horas. En las universidades la huelga fue un \u00e9xito, con una participaci\u00f3n del 72,44%, y aunque el gobierno calcul\u00f3 en poco menos del 7% la participaci\u00f3n general, en \u00e1mbitos como el Metro de Barcelona cerca del 19% de la plantilla hizo huelga. En Catalunya, miles de periodistas y profesionales de la comunicaci\u00f3n se unieron a la iniciativa estatal \u00abLas Periodistas Paramos\u00bb con un manifiesto propio, <em>Les periodistes parem<\/em>, y desde la organizaci\u00f3n de la huelga se puso en marcha la agencia 8M, donde fot\u00f3grafas, periodistas, camar\u00f3grafas, comunicadoras y activistas feministas dieron cobertura minuto a minuto de la huelga con el lema \u00abNosotras paramos, nosotras te lo explicamos\u00bb.<\/p>\n\n\n\n<p>Al menos diez activistas feministas han sido represaliadas en Catalunya por las acciones llevadas a cabo durante las dos huelgas feministas, una cifra que se eleva a una veintena en los Pa\u00efsos Catalans y a cerca de treinta a nivel estatal. Las siete huelguistas que durante unas horas cortaron las v\u00edas de los Ferrocarrils de la Generalitat de Catalunya a la altura de Sant Cugat el 8M de 2018 se enfrentan a un juicio y multas que suman 26.000 euros y han respondido con la campa\u00f1a #8milmotius. En Barcelona, el Departament d\u2019Interior ha utilizado la ley de la mordaza para multar a tres activistas de Sants y Poblesec por interrumpir el tr\u00e1fico y el <em>Espai feminista de Sants<\/em> lanz\u00f3 la campa\u00f1a #Jotamb\u00e9tallo, que lleg\u00f3 a contar con el apoyo de la presidenta del Institut Catal\u00e0 de les Dones. Aun as\u00ed, Interior ha mantenido las multas y durante la huelga de 2019 los Mossos d\u2019Esquadra identificaron a cientos de feministas en los piquetes de Barcelona, obstaculizaron la tarea informativa de la Agencia 8M y cargaron con fuerza contra cientos de personas que celebraban el final del d\u00eda de huelga en Manresa.<\/p>\n\n\n\n<h5 class=\"wp-block-heading\">El gran desaf\u00edo: afirmar la diversidad, desmontar desigualdades, privilegios y relaciones de poder<\/h5>\n\n\n\n<p>Las huelgas feministas de 2018 y 2019 han marcado un antes y un despu\u00e9s en cuanto a la consideraci\u00f3n del feminismo, que, de repente, se ha convertido en mainstream. Gestionar este momento de amplio apoyo social y resistir la cooptaci\u00f3n, fagocitaci\u00f3n e instrumentalizaci\u00f3n por parte de diversas organizaciones y pol\u00edticas sociales es vital, as\u00ed como seguir trabajando desde la horizontalidad, la diversidad y el trabajo en red, prepararse para futuros momentos de reflujo y para hacer frente a las violencias que azotan tanto a las activistas feministas como a las mujeres en conjunto, lesbianas y trans, las identidades de g\u00e9nero y masculinidades no hegem\u00f3nicas en estos tiempos de deriva neoliberal y neofascista.<\/p>\n\n\n\n<p>El movimiento feminista ha crecido cuantitativa y cualitativamente cuando ha sido capaz de articularse desde y con las personas y colectivos que viven las principales vulneraciones de derechos, de trabajar para amplificar sus denuncias, reivindicaciones y propuestas y para mejorar sus condiciones de vida. La hoja de ruta com\u00fan feminista debe estar orientada a erradicar, adem\u00e1s de las desigualdades de g\u00e9nero, las de clase, etnia y origen, la negaci\u00f3n de los derechos de ciudadan\u00eda y las desigualdades Norte-Sur.<\/p>\n\n\n\n<p>Las mujeres migrantes y tambi\u00e9n las aut\u00f3ctonas racializadas (gitanas y afrodescendientes) que viven un momento de empoderamiento colectivo y construcci\u00f3n de discurso y acci\u00f3n propia, reclaman desde hace d\u00e9cadas que el movimiento se enfrente a los privilegios y a las desigualdades a nivel interno y transcienda la mirada blanca, europea, occidental, heterosexual y urbana. En 2018 denunciaron que la respuesta feminista de rechazo a las violaciones de trabajadores temporeras de la fresa en Huelva fue menor que en el caso de los Sanfermines, y han colocado en el manifiesto de la huelga feminista de 2019 temas como el rechazo a la ley de extranjer\u00eda y la mayor exposici\u00f3n a las violencias machistas de migrantes, refugiadas y racializadas.<\/p>\n\n\n\n<p>Las trabajadoras dom\u00e9sticas llevan ocho a\u00f1os esperando la plena equiparaci\u00f3n de sus derechos laborales con los de las dem\u00e1s trabajadoras, seg\u00fan lo previsto en el Convenio 189 de la Organizaci\u00f3n Internacional del Trabajo (OIT) de 2011. Una gran mayor\u00eda son migrantes y durante d\u00e9cadas sus reivindicaciones se han mantenido en periferia de la agenda de ciertos feminismos hegem\u00f3nicos. Con una sociedad envejecida y en plena crisis de sostenimiento del trabajo de cuidados a las personas, dignificar las condiciones de trabajo de estas mujeres y colocar en el centro del debate p\u00fablico la importancia y la emergencia de hacer sostenibles estas tareas en todos los \u00e1mbitos de la vida (laboral, social, comunitario) es un hito central en la agenda feminista transformadora.<\/p>\n\n\n\n<p>En Catalunya, las prostitutas se han organizado desde hace unos 20 a\u00f1os para rechazar la persecuci\u00f3n policial y administrativa, y reivindicar derechos laborales y sociales. Algunas han creado secciones sindicales de trabajo sexual y otros crearon el sindicato OTRAS en 2018. Dos organizaciones feministas lo denunciaron y consiguieron que la Audiencia Nacional anulara sus estatutos e invalidara su aceptaci\u00f3n por parte del Ministerio de Trabajo.<\/p>\n\n\n\n<p>Las diferencias con respecto a la consideraci\u00f3n de la prostituci\u00f3n dentro del movimiento feminista deber\u00edan gestionarse con un di\u00e1logo y un debate constructivo. Algunas feministas atizan una confrontaci\u00f3n abierta y llena de insultos y desacreditaciones hacia feministas y organizaciones que llevan d\u00e9cadas apoyando a las prostitutas frente a las m\u00faltiples violencias que las asedian. En nombre de la defensa de los derechos de las mujeres que se prostituyen, se est\u00e1 defendiendo pol\u00edticas y medidas prohibicionistas que las criminalizan y persiguen. Y en nombre de la lucha contra la explotaci\u00f3n sexual y la trata, se justifican medidas que no abordan cuestiones de fondo como la ley de extranjer\u00eda, que favorece la proliferaci\u00f3n de las mafias de tr\u00e1fico y trata de personas, o los privilegios de los propietarios de los macro prost\u00edbulos donde proliferan las mafias que explotan a las mujeres. Es necesario escuchar las voces de las propias afectadas y de las entidades especializadas en temas de trata, que aseguran que la criminalizaci\u00f3n de la prostituci\u00f3n s\u00f3lo beneficia a las mafias.<\/p>\n\n\n\n<p>Otros sectores, con la excusa de debatir sobre el tema central del feminismo, rechazan la presencia de mujeres y hombres transg\u00e9nero en el movimiento, en un discurso que coincide peligrosamente con los grupos antielecci\u00f3n y ultracat\u00f3licos que afirman que las caracter\u00edsticas biol\u00f3gicas condicionan el g\u00e9nero de manera inamovible. Un movimiento feminista transformador tiene que barrar el paso a la exclusi\u00f3n y estigmatizaci\u00f3n de las personas trans.<\/p>\n\n\n\n<h5 class=\"wp-block-heading\">Detener la escalada de violencias machistas y la criminalizaci\u00f3n de los feminismos, seguir articuladas<\/h5>\n\n\n\n<p>Otra prioridad clave es detener la escalada de violencias machistas a nivel social e institucional, tanto en un sector del poder judicial que ampara la impunidad de las violencias machistas como a nivel institucional, con el ascenso de partidos de ultraderecha que cualifican el pensamiento feminista de ideolog\u00eda de g\u00e9nero y criminalizan el activismo feminista, conscientes de que es uno de los cortafuegos m\u00e1s poderosos contra el auge de los fascismos: no olvidemos que el movimiento feminista se moviliz\u00f3 en cincuenta ciudades para protestar contra la entrada de Vox en el gobierno andaluz el pasado mes de enero.<\/p>\n\n\n\n<p>Es necesario desmontar el discurso social que habla de falsas denuncias mientras los feminicidios no se detienen y las mujeres que denuncian porque no tienen otro recurso para protegerse a ellas y a sus criaturas se encuentran ante una judicatura que las cuestiona, les acusa de alienar a sus hijos e hijas o las sanciona por protegerlos de la violencia, como le sucedi\u00f3 a Juana Rivas, pero tambi\u00e9n a docenas de madres que han desobedecido para alejarlos de padres maltratadores y abusadores.<\/p>\n\n\n\n<p>Necesitamos construir redes de apoyo para mujeres y criaturas, y al mismo tiempo seguir trabajando para posicionar la pr\u00e1ctica de la justicia feminista en los espacios comunitarios, sociales y organizativos. Como plantean las juristas feministas, la noci\u00f3n feminista de justicia no se centra en el endurecimiento de las penas y del castigo contra los agresores, ya que s\u00f3lo recurre al sistema penal como recurso para proteger a las mujeres, ni\u00f1as y ni\u00f1os que sufren las violencias machistas, incluidas las sexuales, para que la sociedad no permita la repetici\u00f3n, y para desmontar la impunidad de los agresores, la inacci\u00f3n y la complicidad social, y la estigmatizaci\u00f3n de quien sufre la agresi\u00f3n.<\/p>\n\n\n\n<p>El movimiento feminista se basa en la premisa de que las violencias machistas s\u00f3lo se erradicar\u00e1n transformando profundamente la mentalidad patriarcal colectiva y desmontando el componente violento de la masculinidad hegem\u00f3nica. Para ello, debemos seguir trabajando por la coeducaci\u00f3n, la educaci\u00f3n sexual y afectiva en igualdad de condiciones y la sensibilizaci\u00f3n entre los profesionales de la educaci\u00f3n y los medios de comunicaci\u00f3n, actores clave en la prevenci\u00f3n de las violencias machistas.<\/p>\n\n\n\n<p>Es urgente generar recursos para denunciar, proteger y autocuidar a las activistas feministas que viven el acoso o las agresiones en las redes sociales y en las calles, y detener la criminalizaci\u00f3n y judicializaci\u00f3n de activistas feministas, que ya acumulan una cincuentena de denuncias en todo el Estado, como denuncia la campa\u00f1a <em>Defender a quien defiende<\/em>, y conseguir que los actores sociales e institucionales dejen de perseguirlas.<\/p>\n\n\n\n<p>Tambi\u00e9n tenemos que seguir avanzando en la articulaci\u00f3n a nivel catal\u00e1n, estatal e internacional para mantener la capacidad de movilizaci\u00f3n y construcci\u00f3n creativa y transformadora, y tambi\u00e9n para cuidar de uno de los poderes clave del movimiento: el de generar y sostener debates constructivos y construir consensos a pesar de los disensos, lograr objetivos comunes con estrategias diversas. Lo hemos visto en las calles: no son tiempos para construir estructuras verticales, sino para construir objetivos compartidos a partir de acciones descentralizadas y en red, donde cada nodo es vital y ninguno es el centro, para construir un movimiento global hacia la transformaci\u00f3n social, econ\u00f3mica que necesitamos como sociedad, como pa\u00eds y como especie de planeta muy cercano al colapso.<\/p>\n","protected":false},"excerpt":{"rendered":"<p>Las huelgas feministas de los \u00faltimos dos a\u00f1os o las movilizaciones contra sentencias judiciales injustas frente a las agresiones sexuales hacen evidente que, en nuestro pa\u00eds, el movimiento feminista vive un momento hist\u00f3rico. Esta etapa de efervescencia, madurez y extensi\u00f3n de los feminismos (en plural y en reconocimiento de las diversidades y desigualdades que atraviesan el movimiento) no es flor de un d\u00eda, sino el resultado de un trabajo sostenido, tenaz y capilar de miles, millones de mujeres, lesbianas y trans, que durante las \u00faltimas d\u00e9cadas (y siglos) han logrado trasladar la mirada, el conocimiento y las pr\u00e1cticas feministas, expl\u00edcitas\u2026<\/p>\n","protected":false},"author":5,"featured_media":1938,"parent":0,"comment_status":"closed","ping_status":"closed","sticky":false,"template":"","format":"standard","meta":{"_acf_changed":false,"inline_featured_image":false,"_jetpack_memberships_contains_paid_content":false,"footnotes":""},"categories":[200],"tags":[],"segment":[],"subject":[],"class_list":["post-15135","post","type-post","status-publish","format-standard","has-post-thumbnail","hentry","category-els-feminismes-on-venim-cap-on-anem-es"],"acf":[],"yoast_head":"<!-- This site is optimized with the Yoast SEO plugin v27.5 - https:\/\/yoast.com\/product\/yoast-seo-wordpress\/ -->\n<title>Potencias, retos y tensiones de los feminismos catalanes en la actualidad &#8211; IDEES<\/title>\n<meta name=\"robots\" content=\"index, follow, max-snippet:-1, max-image-preview:large, max-video-preview:-1\" \/>\n<link rel=\"canonical\" href=\"https:\/\/revistaidees.cat\/es\/potencies-reptes-i-tensions-dels-feminismes-catalans-en-lactualitat\/\" \/>\n<meta property=\"og:locale\" content=\"es_ES\" \/>\n<meta property=\"og:type\" content=\"article\" \/>\n<meta property=\"og:title\" content=\"Potencias, retos y tensiones de los feminismos catalanes en la actualidad &#8211; IDEES\" \/>\n<meta property=\"og:description\" content=\"Las huelgas feministas de los \u00faltimos dos a\u00f1os o las movilizaciones contra sentencias judiciales injustas frente a las agresiones sexuales hacen evidente que, en nuestro pa\u00eds, el movimiento feminista vive un momento hist\u00f3rico. Esta etapa de efervescencia, madurez y extensi\u00f3n de los feminismos (en plural y en reconocimiento de las diversidades y desigualdades que atraviesan el movimiento) no es flor de un d\u00eda, sino el resultado de un trabajo sostenido, tenaz y capilar de miles, millones de mujeres, lesbianas y trans, que durante las \u00faltimas d\u00e9cadas (y siglos) han logrado trasladar la mirada, el conocimiento y las pr\u00e1cticas feministas, expl\u00edcitas\u2026\" \/>\n<meta property=\"og:url\" content=\"https:\/\/revistaidees.cat\/es\/potencies-reptes-i-tensions-dels-feminismes-catalans-en-lactualitat\/\" \/>\n<meta property=\"og:site_name\" content=\"IDEES\" \/>\n<meta property=\"article:published_time\" content=\"2020-01-09T12:32:40+00:00\" \/>\n<meta property=\"article:modified_time\" content=\"2020-06-11T11:47:31+00:00\" \/>\n<meta property=\"og:image\" content=\"https:\/\/revistaidees.cat\/wp-content\/uploads\/2019\/12\/02-Potencies-reptes-tensions-v2.jpg\" \/>\n\t<meta property=\"og:image:width\" content=\"2000\" \/>\n\t<meta property=\"og:image:height\" content=\"800\" \/>\n\t<meta property=\"og:image:type\" content=\"image\/jpeg\" \/>\n<meta name=\"author\" content=\"Noem\u00ed Terrats\" \/>\n<meta name=\"twitter:card\" content=\"summary_large_image\" \/>\n<meta name=\"twitter:label1\" content=\"Escrito por\" \/>\n\t<meta name=\"twitter:data1\" content=\"Noem\u00ed Terrats\" \/>\n\t<meta name=\"twitter:label2\" content=\"Tiempo de lectura\" \/>\n\t<meta name=\"twitter:data2\" content=\"22 minutos\" \/>\n<script type=\"application\/ld+json\" class=\"yoast-schema-graph\">{\"@context\":\"https:\\\/\\\/schema.org\",\"@graph\":[{\"@type\":\"Article\",\"@id\":\"https:\\\/\\\/revistaidees.cat\\\/es\\\/potencies-reptes-i-tensions-dels-feminismes-catalans-en-lactualitat\\\/#article\",\"isPartOf\":{\"@id\":\"https:\\\/\\\/revistaidees.cat\\\/es\\\/potencies-reptes-i-tensions-dels-feminismes-catalans-en-lactualitat\\\/\"},\"author\":{\"name\":\"Noem\u00ed Terrats\",\"@id\":\"https:\\\/\\\/revistaidees.cat\\\/#\\\/schema\\\/person\\\/1fad4e896888d82086822cb7728305a5\"},\"headline\":\"Potencias, retos y tensiones de los feminismos catalanes en la actualidad\",\"datePublished\":\"2020-01-09T12:32:40+00:00\",\"dateModified\":\"2020-06-11T11:47:31+00:00\",\"mainEntityOfPage\":{\"@id\":\"https:\\\/\\\/revistaidees.cat\\\/es\\\/potencies-reptes-i-tensions-dels-feminismes-catalans-en-lactualitat\\\/\"},\"wordCount\":4352,\"image\":{\"@id\":\"https:\\\/\\\/revistaidees.cat\\\/es\\\/potencies-reptes-i-tensions-dels-feminismes-catalans-en-lactualitat\\\/#primaryimage\"},\"thumbnailUrl\":\"https:\\\/\\\/i0.wp.com\\\/revistaidees.cat\\\/wp-content\\\/uploads\\\/2019\\\/12\\\/02-Potencies-reptes-tensions-v2.jpg?fit=2000%2C800&ssl=1\",\"articleSection\":[\"Los feminismos: \u00bfde d\u00f3nde venimos? \u00bfHacia d\u00f3nde vamos?\"],\"inLanguage\":\"es\"},{\"@type\":\"WebPage\",\"@id\":\"https:\\\/\\\/revistaidees.cat\\\/es\\\/potencies-reptes-i-tensions-dels-feminismes-catalans-en-lactualitat\\\/\",\"url\":\"https:\\\/\\\/revistaidees.cat\\\/es\\\/potencies-reptes-i-tensions-dels-feminismes-catalans-en-lactualitat\\\/\",\"name\":\"Potencias, retos y tensiones de los feminismos catalanes en la actualidad &#8211; IDEES\",\"isPartOf\":{\"@id\":\"https:\\\/\\\/revistaidees.cat\\\/#website\"},\"primaryImageOfPage\":{\"@id\":\"https:\\\/\\\/revistaidees.cat\\\/es\\\/potencies-reptes-i-tensions-dels-feminismes-catalans-en-lactualitat\\\/#primaryimage\"},\"image\":{\"@id\":\"https:\\\/\\\/revistaidees.cat\\\/es\\\/potencies-reptes-i-tensions-dels-feminismes-catalans-en-lactualitat\\\/#primaryimage\"},\"thumbnailUrl\":\"https:\\\/\\\/i0.wp.com\\\/revistaidees.cat\\\/wp-content\\\/uploads\\\/2019\\\/12\\\/02-Potencies-reptes-tensions-v2.jpg?fit=2000%2C800&ssl=1\",\"datePublished\":\"2020-01-09T12:32:40+00:00\",\"dateModified\":\"2020-06-11T11:47:31+00:00\",\"author\":{\"@id\":\"https:\\\/\\\/revistaidees.cat\\\/#\\\/schema\\\/person\\\/1fad4e896888d82086822cb7728305a5\"},\"breadcrumb\":{\"@id\":\"https:\\\/\\\/revistaidees.cat\\\/es\\\/potencies-reptes-i-tensions-dels-feminismes-catalans-en-lactualitat\\\/#breadcrumb\"},\"inLanguage\":\"es\",\"potentialAction\":[{\"@type\":\"ReadAction\",\"target\":[\"https:\\\/\\\/revistaidees.cat\\\/es\\\/potencies-reptes-i-tensions-dels-feminismes-catalans-en-lactualitat\\\/\"]}]},{\"@type\":\"ImageObject\",\"inLanguage\":\"es\",\"@id\":\"https:\\\/\\\/revistaidees.cat\\\/es\\\/potencies-reptes-i-tensions-dels-feminismes-catalans-en-lactualitat\\\/#primaryimage\",\"url\":\"https:\\\/\\\/i0.wp.com\\\/revistaidees.cat\\\/wp-content\\\/uploads\\\/2019\\\/12\\\/02-Potencies-reptes-tensions-v2.jpg?fit=2000%2C800&ssl=1\",\"contentUrl\":\"https:\\\/\\\/i0.wp.com\\\/revistaidees.cat\\\/wp-content\\\/uploads\\\/2019\\\/12\\\/02-Potencies-reptes-tensions-v2.jpg?fit=2000%2C800&ssl=1\",\"width\":2000,\"height\":800,\"caption\":\"Nadia Sanmartin\"},{\"@type\":\"BreadcrumbList\",\"@id\":\"https:\\\/\\\/revistaidees.cat\\\/es\\\/potencies-reptes-i-tensions-dels-feminismes-catalans-en-lactualitat\\\/#breadcrumb\",\"itemListElement\":[{\"@type\":\"ListItem\",\"position\":1,\"name\":\"Inici\",\"item\":\"https:\\\/\\\/revistaidees.cat\\\/es\\\/\"},{\"@type\":\"ListItem\",\"position\":2,\"name\":\"Potencias, retos y tensiones de los feminismos catalanes en la actualidad\"}]},{\"@type\":\"WebSite\",\"@id\":\"https:\\\/\\\/revistaidees.cat\\\/#website\",\"url\":\"https:\\\/\\\/revistaidees.cat\\\/\",\"name\":\"IDEES\",\"description\":\"Revista de temas contempor\u00e1neos\",\"potentialAction\":[{\"@type\":\"SearchAction\",\"target\":{\"@type\":\"EntryPoint\",\"urlTemplate\":\"https:\\\/\\\/revistaidees.cat\\\/?s={search_term_string}\"},\"query-input\":{\"@type\":\"PropertyValueSpecification\",\"valueRequired\":true,\"valueName\":\"search_term_string\"}}],\"inLanguage\":\"es\"},{\"@type\":\"Person\",\"@id\":\"https:\\\/\\\/revistaidees.cat\\\/#\\\/schema\\\/person\\\/1fad4e896888d82086822cb7728305a5\",\"name\":\"Noem\u00ed Terrats\",\"image\":{\"@type\":\"ImageObject\",\"inLanguage\":\"es\",\"@id\":\"https:\\\/\\\/secure.gravatar.com\\\/avatar\\\/293ac09e42533d8c28a99c93b8aa4056e8183d9b8de04a5481f9fea03aff430e?s=96&d=mm&r=g\",\"url\":\"https:\\\/\\\/secure.gravatar.com\\\/avatar\\\/293ac09e42533d8c28a99c93b8aa4056e8183d9b8de04a5481f9fea03aff430e?s=96&d=mm&r=g\",\"contentUrl\":\"https:\\\/\\\/secure.gravatar.com\\\/avatar\\\/293ac09e42533d8c28a99c93b8aa4056e8183d9b8de04a5481f9fea03aff430e?s=96&d=mm&r=g\",\"caption\":\"Noem\u00ed Terrats\"}}]}<\/script>\n<!-- \/ Yoast SEO plugin. -->","yoast_head_json":{"title":"Potencias, retos y tensiones de los feminismos catalanes en la actualidad &#8211; IDEES","robots":{"index":"index","follow":"follow","max-snippet":"max-snippet:-1","max-image-preview":"max-image-preview:large","max-video-preview":"max-video-preview:-1"},"canonical":"https:\/\/revistaidees.cat\/es\/potencies-reptes-i-tensions-dels-feminismes-catalans-en-lactualitat\/","og_locale":"es_ES","og_type":"article","og_title":"Potencias, retos y tensiones de los feminismos catalanes en la actualidad &#8211; IDEES","og_description":"Las huelgas feministas de los \u00faltimos dos a\u00f1os o las movilizaciones contra sentencias judiciales injustas frente a las agresiones sexuales hacen evidente que, en nuestro pa\u00eds, el movimiento feminista vive un momento hist\u00f3rico. Esta etapa de efervescencia, madurez y extensi\u00f3n de los feminismos (en plural y en reconocimiento de las diversidades y desigualdades que atraviesan el movimiento) no es flor de un d\u00eda, sino el resultado de un trabajo sostenido, tenaz y capilar de miles, millones de mujeres, lesbianas y trans, que durante las \u00faltimas d\u00e9cadas (y siglos) han logrado trasladar la mirada, el conocimiento y las pr\u00e1cticas feministas, expl\u00edcitas\u2026","og_url":"https:\/\/revistaidees.cat\/es\/potencies-reptes-i-tensions-dels-feminismes-catalans-en-lactualitat\/","og_site_name":"IDEES","article_published_time":"2020-01-09T12:32:40+00:00","article_modified_time":"2020-06-11T11:47:31+00:00","og_image":[{"width":2000,"height":800,"url":"https:\/\/revistaidees.cat\/wp-content\/uploads\/2019\/12\/02-Potencies-reptes-tensions-v2.jpg","type":"image\/jpeg"}],"author":"Noem\u00ed Terrats","twitter_card":"summary_large_image","twitter_misc":{"Escrito por":"Noem\u00ed Terrats","Tiempo de lectura":"22 minutos"},"schema":{"@context":"https:\/\/schema.org","@graph":[{"@type":"Article","@id":"https:\/\/revistaidees.cat\/es\/potencies-reptes-i-tensions-dels-feminismes-catalans-en-lactualitat\/#article","isPartOf":{"@id":"https:\/\/revistaidees.cat\/es\/potencies-reptes-i-tensions-dels-feminismes-catalans-en-lactualitat\/"},"author":{"name":"Noem\u00ed Terrats","@id":"https:\/\/revistaidees.cat\/#\/schema\/person\/1fad4e896888d82086822cb7728305a5"},"headline":"Potencias, retos y tensiones de los feminismos catalanes en la actualidad","datePublished":"2020-01-09T12:32:40+00:00","dateModified":"2020-06-11T11:47:31+00:00","mainEntityOfPage":{"@id":"https:\/\/revistaidees.cat\/es\/potencies-reptes-i-tensions-dels-feminismes-catalans-en-lactualitat\/"},"wordCount":4352,"image":{"@id":"https:\/\/revistaidees.cat\/es\/potencies-reptes-i-tensions-dels-feminismes-catalans-en-lactualitat\/#primaryimage"},"thumbnailUrl":"https:\/\/i0.wp.com\/revistaidees.cat\/wp-content\/uploads\/2019\/12\/02-Potencies-reptes-tensions-v2.jpg?fit=2000%2C800&ssl=1","articleSection":["Los feminismos: \u00bfde d\u00f3nde venimos? \u00bfHacia d\u00f3nde vamos?"],"inLanguage":"es"},{"@type":"WebPage","@id":"https:\/\/revistaidees.cat\/es\/potencies-reptes-i-tensions-dels-feminismes-catalans-en-lactualitat\/","url":"https:\/\/revistaidees.cat\/es\/potencies-reptes-i-tensions-dels-feminismes-catalans-en-lactualitat\/","name":"Potencias, retos y tensiones de los feminismos catalanes en la actualidad &#8211; IDEES","isPartOf":{"@id":"https:\/\/revistaidees.cat\/#website"},"primaryImageOfPage":{"@id":"https:\/\/revistaidees.cat\/es\/potencies-reptes-i-tensions-dels-feminismes-catalans-en-lactualitat\/#primaryimage"},"image":{"@id":"https:\/\/revistaidees.cat\/es\/potencies-reptes-i-tensions-dels-feminismes-catalans-en-lactualitat\/#primaryimage"},"thumbnailUrl":"https:\/\/i0.wp.com\/revistaidees.cat\/wp-content\/uploads\/2019\/12\/02-Potencies-reptes-tensions-v2.jpg?fit=2000%2C800&ssl=1","datePublished":"2020-01-09T12:32:40+00:00","dateModified":"2020-06-11T11:47:31+00:00","author":{"@id":"https:\/\/revistaidees.cat\/#\/schema\/person\/1fad4e896888d82086822cb7728305a5"},"breadcrumb":{"@id":"https:\/\/revistaidees.cat\/es\/potencies-reptes-i-tensions-dels-feminismes-catalans-en-lactualitat\/#breadcrumb"},"inLanguage":"es","potentialAction":[{"@type":"ReadAction","target":["https:\/\/revistaidees.cat\/es\/potencies-reptes-i-tensions-dels-feminismes-catalans-en-lactualitat\/"]}]},{"@type":"ImageObject","inLanguage":"es","@id":"https:\/\/revistaidees.cat\/es\/potencies-reptes-i-tensions-dels-feminismes-catalans-en-lactualitat\/#primaryimage","url":"https:\/\/i0.wp.com\/revistaidees.cat\/wp-content\/uploads\/2019\/12\/02-Potencies-reptes-tensions-v2.jpg?fit=2000%2C800&ssl=1","contentUrl":"https:\/\/i0.wp.com\/revistaidees.cat\/wp-content\/uploads\/2019\/12\/02-Potencies-reptes-tensions-v2.jpg?fit=2000%2C800&ssl=1","width":2000,"height":800,"caption":"Nadia Sanmartin"},{"@type":"BreadcrumbList","@id":"https:\/\/revistaidees.cat\/es\/potencies-reptes-i-tensions-dels-feminismes-catalans-en-lactualitat\/#breadcrumb","itemListElement":[{"@type":"ListItem","position":1,"name":"Inici","item":"https:\/\/revistaidees.cat\/es\/"},{"@type":"ListItem","position":2,"name":"Potencias, retos y tensiones de los feminismos catalanes en la actualidad"}]},{"@type":"WebSite","@id":"https:\/\/revistaidees.cat\/#website","url":"https:\/\/revistaidees.cat\/","name":"IDEES","description":"Revista de temas contempor\u00e1neos","potentialAction":[{"@type":"SearchAction","target":{"@type":"EntryPoint","urlTemplate":"https:\/\/revistaidees.cat\/?s={search_term_string}"},"query-input":{"@type":"PropertyValueSpecification","valueRequired":true,"valueName":"search_term_string"}}],"inLanguage":"es"},{"@type":"Person","@id":"https:\/\/revistaidees.cat\/#\/schema\/person\/1fad4e896888d82086822cb7728305a5","name":"Noem\u00ed Terrats","image":{"@type":"ImageObject","inLanguage":"es","@id":"https:\/\/secure.gravatar.com\/avatar\/293ac09e42533d8c28a99c93b8aa4056e8183d9b8de04a5481f9fea03aff430e?s=96&d=mm&r=g","url":"https:\/\/secure.gravatar.com\/avatar\/293ac09e42533d8c28a99c93b8aa4056e8183d9b8de04a5481f9fea03aff430e?s=96&d=mm&r=g","contentUrl":"https:\/\/secure.gravatar.com\/avatar\/293ac09e42533d8c28a99c93b8aa4056e8183d9b8de04a5481f9fea03aff430e?s=96&d=mm&r=g","caption":"Noem\u00ed Terrats"}}]}},"jetpack_featured_media_url":"https:\/\/i0.wp.com\/revistaidees.cat\/wp-content\/uploads\/2019\/12\/02-Potencies-reptes-tensions-v2.jpg?fit=2000%2C800&ssl=1","jetpack_sharing_enabled":true,"_links":{"self":[{"href":"https:\/\/revistaidees.cat\/es\/wp-json\/wp\/v2\/posts\/15135","targetHints":{"allow":["GET"]}}],"collection":[{"href":"https:\/\/revistaidees.cat\/es\/wp-json\/wp\/v2\/posts"}],"about":[{"href":"https:\/\/revistaidees.cat\/es\/wp-json\/wp\/v2\/types\/post"}],"author":[{"embeddable":true,"href":"https:\/\/revistaidees.cat\/es\/wp-json\/wp\/v2\/users\/5"}],"replies":[{"embeddable":true,"href":"https:\/\/revistaidees.cat\/es\/wp-json\/wp\/v2\/comments?post=15135"}],"version-history":[{"count":5,"href":"https:\/\/revistaidees.cat\/es\/wp-json\/wp\/v2\/posts\/15135\/revisions"}],"predecessor-version":[{"id":15154,"href":"https:\/\/revistaidees.cat\/es\/wp-json\/wp\/v2\/posts\/15135\/revisions\/15154"}],"wp:featuredmedia":[{"embeddable":true,"href":"https:\/\/revistaidees.cat\/es\/wp-json\/wp\/v2\/media\/1938"}],"wp:attachment":[{"href":"https:\/\/revistaidees.cat\/es\/wp-json\/wp\/v2\/media?parent=15135"}],"wp:term":[{"taxonomy":"category","embeddable":true,"href":"https:\/\/revistaidees.cat\/es\/wp-json\/wp\/v2\/categories?post=15135"},{"taxonomy":"post_tag","embeddable":true,"href":"https:\/\/revistaidees.cat\/es\/wp-json\/wp\/v2\/tags?post=15135"},{"taxonomy":"segment","embeddable":true,"href":"https:\/\/revistaidees.cat\/es\/wp-json\/wp\/v2\/segment?post=15135"},{"taxonomy":"subject","embeddable":true,"href":"https:\/\/revistaidees.cat\/es\/wp-json\/wp\/v2\/subject?post=15135"}],"curies":[{"name":"wp","href":"https:\/\/api.w.org\/{rel}","templated":true}]}}