{"id":22632,"date":"2020-10-01T15:07:13","date_gmt":"2020-10-01T15:07:13","guid":{"rendered":"https:\/\/revistaidees.cat\/?p=22632"},"modified":"2020-10-02T10:35:53","modified_gmt":"2020-10-02T10:35:53","slug":"sera-posible-salir-de-la-noria-chirriante-de-las-estrategias-de-transaccion-a-las-de-transformacion","status":"publish","type":"post","link":"https:\/\/revistaidees.cat\/es\/sera-posible-salir-de-la-noria-chirriante-de-las-estrategias-de-transaccion-a-las-de-transformacion\/","title":{"rendered":"\u00bfSer\u00e1 posible salir de la noria chirriante? De las estrategias de transacci\u00f3n a las de transformaci\u00f3n"},"content":{"rendered":"\n<p>Se me asigna la tarea de explorar la viabilidad pol\u00edtica del elenco de soluciones posibles al conflicto territorial. Parece obligado, sin embargo, y por razones de m\u00e9todo, iniciar la pesquisa retrocediendo someramente a la fase de diagn\u00f3stico: la g\u00e9nesis del problema. Obviamente, diagn\u00f3sticos distintos propondr\u00e1n terapias distintas. Por desgracia, y es la primera dificultad que ofrece este enconado asunto, har\u00edamos mal en suponer que existe un consenso en punto a las causas que nos han tra\u00eddo hasta aqu\u00ed. Solo destapando la hondura de nuestros desacuerdos podemos aspirar a un verdadero y fecundo acuerdo. <\/p>\n\n\n\n<h5 class=\"wp-block-heading\">El debate sobre las causas: end\u00f3geno versus ex\u00f3geno <\/h5>\n\n\n\n<p>Intentemos sentar un marco compartido para la discusi\u00f3n. Se dir\u00eda que todas las opiniones sobre lo ocurrido en Catalu\u00f1a son reconducibles a dos escuelas de pensamiento. El Proc\u00e9s se habr\u00eda originado de forma ex\u00f3gena o end\u00f3gena. Seg\u00fan una escuela interpretativa dominante en Catalu\u00f1a, y asumida por una parte considerable de la izquierda espa\u00f1ola, la eclosi\u00f3n del independentismo responde principalmente a causas ex\u00f3genas. En su versi\u00f3n extrema, la sociedad catalana habr\u00eda sido objeto de una agresi\u00f3n que le oblig\u00f3 a intentar la separaci\u00f3n; en la versi\u00f3n moderada, esa agresi\u00f3n se tornar\u00eda incomprensi\u00f3n, pero suficientemente irritante para inducir el paso en muchos catalanes de una sentimentalidad federalista o autonomista a una secesionista. En ambos casos \u00abla f\u00e1brica de independentistas\u00bb est\u00e1 en Madrid. Esta escuela de opini\u00f3n tiende a absolver de sus responsabilidades al nacionalismo catal\u00e1n (todo lo m\u00e1s, se le imputa una imprudente \u00abunilateralidad\u00bb) y hace recaer la carga de resolver la crisis en un Estado que seguir\u00eda sin atender correctamente las necesidades de reconocimiento de los catalanes. <\/p>\n\n\n\n<div class=\"wp-block-columns is-layout-flex wp-container-core-columns-is-layout-9d6595d7 wp-block-columns-is-layout-flex\">\n<div class=\"wp-block-column is-layout-flow wp-block-column-is-layout-flow\" style=\"flex-basis:33.33%\">\n<blockquote class=\"wp-block-quote is-style-large is-layout-flow wp-block-quote-is-layout-flow\"><p>Todas las opiniones sobre lo ocurrido en Catalu\u00f1a son reconducibles a dos escuelas de pensamiento: una que sostiene que El Proc\u00e9s se habr\u00eda originado de forma ex\u00f3gena y otra que lo atribuye a causas end\u00f3genas<\/p><\/blockquote>\n<\/div>\n\n\n\n<div class=\"wp-block-column is-layout-flow wp-block-column-is-layout-flow\" style=\"flex-basis:66.66%\">\n<p>Seg\u00fan una escuela interpretativa alternativa, prevalente en el resto de Espa\u00f1a, pero compartida en Catalu\u00f1a por el sector de catalanes m\u00e1s afectos a su ciudadan\u00eda espa\u00f1ola, la raz\u00f3n del desbordamiento de la emoci\u00f3n separatista se debe a causas fundamentalmente end\u00f3genas: es la propia cultura pol\u00edtica catalana la que fabrica, desde dentro, desafecci\u00f3n hacia Espa\u00f1a y, por tanto, independentistas. Lo hace con independencia de lo bien o mal que lo haga el gobierno central, cuyos actos, a veces ciertamente torpes, no funcionar\u00edan como verdaderas causas, sino como meros pretextos para el avance del independentismo. Nada significativo cambiar\u00e1, seg\u00fan esta hip\u00f3tesis, mientras el catalanismo, forma propia del nacionalismo en Catalu\u00f1a, siga induciendo en la mentalidad de los catalanes el reconcomio ante el hecho de ser espa\u00f1oles. Objetivamente, se arguye, no hay causa para tal malestar; no hay maltrato: los problemas de los catalanes son los mismos que los del resto de espa\u00f1oles; sus oportunidades, si se saben aprovechar, tambi\u00e9n son las mismas. La pervivencia del conflicto se debe a un autoinducido estado de man\u00eda persecutoria.<\/p>\n<\/div>\n<\/div>\n\n\n\n<p>Si para los partidarios de la tesis de las causas ex\u00f3genas, el catalanismo, pal de paller de la pol\u00edtica catalana, es parte de la soluci\u00f3n, al ser visto como un lugar de encuentro entre nacionalistas y no nacionalistas, para los partidarios del origen end\u00f3geno de la crisis, el catalanismo ha demostrado ser parte del problema; el catalanismo pol\u00edtico en 2020 no ser\u00eda m\u00e1s que la problematizaci\u00f3n del hecho de que Catalu\u00f1a est\u00e9 en Espa\u00f1a, algo que, elevado a metaf\u00edsica, desbarata cualquier arreglo constitucional: da igual lo que se haga, el problema siempre est\u00e1 ah\u00ed, al crepitar de la llama inextinguible del agravio, al pie de cuyo pebetero vela el intelectual catalanista, vigilando que un viento fresco no la apague. Inductor de una hipocondr\u00eda identitaria, el catalanismo impedir\u00eda a una mayor\u00eda de catalanes asumir que el problema que hubo ya no es; que el llamado encaje de Catalu\u00f1a en Espa\u00f1a ya se ha resuelto.  <\/p>\n\n\n\n<p>Por descontado, existen an\u00e1lisis que conjugan lo ex\u00f3geno y lo end\u00f3geno. Es justo decir que ese enfoque ponderado est\u00e1 presente en las aportaciones a este volumen. Pero lo cierto es que, en la opini\u00f3n p\u00fablica no menos que en la publicada, al final una hip\u00f3tesis predomina sobre la otra. Bien est\u00e1: no est\u00e1 escrito que la actitud irenista que busca reconciliar puntos de vista irreconciliables sea siempre la m\u00e1s adecuada para salir al paso de las dificultades. En la vida y en la pol\u00edtica a veces hay que atreverse a tener raz\u00f3n (que es, al mismo tiempo, atreverse a equivocarse). Adherirse a una u otra tendencia, viene, por lo dem\u00e1s, cargado de consecuencias. Tambi\u00e9n en este monogr\u00e1fico se hallan ejemplos de la divergencia aludida (lo que no deja de enriquecer y dar sentido al ejercicio). Por ejemplo, si uno sit\u00faa, como hace Gemma UsabartGemma Ubasart, uno de los or\u00edgenes de la crisis en la \u00abdiluci\u00f3n de las aspiraciones nacionales de las comunidades hist\u00f3ricas\u00bb en contravenci\u00f3n del pacto constitucional, y en las tensiones recentralizadoras del segundo gobierno de Aznar (causas parciales y ex\u00f3genas de la crecida independentista) entonces es natural que se termine concluyendo que \u00abcualquier salida deber\u00eda tener en cuenta propuestas que contemplen la asimetr\u00eda y la realidad plurinacional\u00bb del Estado. En mi opini\u00f3n, esta tesis, muy extendida en la politolog\u00eda catalana, carece de respaldo en los hechos. Durante el despliegue del Estado auton\u00f3mico, las aspiraciones de un mayor autogobierno por parte de las comunidades hist\u00f3ricas no se frenaron; antes al contrario, se frenaron los intentos de ponerle freno: la LOAPA fue tumbada por el Tribunal Constitucional <span class=\"note-item\"><a href=\"#note-01\" class=\"scroll-to\">[1]<\/a><span class=\"note-item-tooltip\">1 \u2014 El fallo contra la LOAPA, por cierto, est\u00e1 convenientemente ausente de muchos relatos manufacturados por la prensa y academia catalana. La omisi\u00f3n tiene su motivo: el hecho de que el TC se pusiera de parte de la comunidades aut\u00f3nomas y contra el gobierno central en esa importante sentencia arruina la narrativa de \u00abuna incomprensi\u00f3n por parte de las instituciones espa\u00f1olas\u00bb y de la voluntad del Estado de cercenar el autogobierno de las comunidades hist\u00f3ricas. Dejando de lado los juicios de intenciones, lo que es cierto, lo que es verificablemente cierto, es que el autogobierno de las comunidades no ha hecho m\u00e1s que crecer en cuarenta a\u00f1os de Constituci\u00f3n democr\u00e1tica.\n<\/span><\/span>. Que con posterioridad el techo competencial de otras comunidades se elevara no significa que no exista, de hecho, un grado considerable de asimetr\u00eda en la planta auton\u00f3mica <span class=\"note-item\"><a href=\"#note-02\" class=\"scroll-to\">[2]<\/a><span class=\"note-item-tooltip\">2 \u2014 Hay competencias de las que Catalu\u00f1a dispone y las dem\u00e1s no. Un caso que ha cobrado importancia en tiempos recientes es el de la gesti\u00f3n penitenciaria. Pero m\u00e1s importante es sin duda la existencia de una potente polic\u00eda auton\u00f3mica de car\u00e1cter integral. Salvo el Pa\u00eds Vasco, ninguna otra comunidad aut\u00f3noma tiene un cuerpo de polic\u00eda propio semejante. \u00bfNo es eso prueba de asimetr\u00eda?\n<\/span><\/span>.  <\/p>\n\n\n\n<p>Tampoco hay prueba emp\u00edrica de que los gobiernos de Aznar, el primero o el segundo, fueran recentralizadores (nadie ha sabido nunca mencionar una sola competencia retornada al Estado bajo Aznar). Pero m\u00e1s all\u00e1 de esto, hay un hecho sin vuelta de hoja dif\u00edcil de explicar desde la narrativa catalanista del conflicto: es incuestionable que Catalu\u00f1a tiene hoy m\u00e1s, mucho m\u00e1s autogobierno que en 1978. Si la demanda frustrada de m\u00e1s autogobierno es lo que hace que el independentismo suba, \u00bfc\u00f3mo explicar que el apoyo a la separaci\u00f3n fuera bajo entonces, cuando el autogobierno era limitado o inexistente? Todos los gobiernos de la democracia han dialogado con las \u00e9lites catalanistas y acrecido la autonom\u00eda de las instituciones catalanas. Si la secuencia hist\u00f3ricamente comprobada es a m\u00e1s autogobierno, m\u00e1s independentismo, resulta chocante esperar que concediendo m\u00e1s autogobierno la marea independentista sufra un retroceso. \u00bfNo es m\u00e1s veros\u00edmil suponer que el momentum secesionista es la cosecha natural y esperable del proceso de nacionalizaci\u00f3n madurado durante d\u00e9cadas por las \u00e9lites catalanistas, inobjetado por Madrid, y del que s\u00ed (al contrario del invisible proceso de recentralizaci\u00f3n aznarista) hay prueba documental <span class=\"note-item\"><a href=\"#note-03\" class=\"scroll-to\">[3]<\/a><span class=\"note-item-tooltip\">3 \u2014 Y temprana: v\u00e9ase esta noticia de El Pa\u00eds firmada por Jose Antich el 28 de octubre de 1990. \u201cEl Gobierno catal\u00e1n debate un documento que propugna la infiltraci\u00f3n nacionalista en todos los \u00e1mbitos sociales\u201d. Con todo, la tarea de socializaci\u00f3n promovida por TV3 y la expulsi\u00f3n de la lengua espa\u00f1ola o castellana como instrumento vehicular de la escuela resultan en todo caso m\u00e1s efectivas para aminorar el sentimiento de copertenencia a Espa\u00f1a que cualquier plan maestro desde las alturas.\n<\/span><\/span>?  <\/p>\n\n\n\n<div class=\"wp-block-columns is-layout-flex wp-container-core-columns-is-layout-9d6595d7 wp-block-columns-is-layout-flex\">\n<div class=\"wp-block-column is-layout-flow wp-block-column-is-layout-flow\" style=\"flex-basis:33.33%\">\n<blockquote class=\"wp-block-quote is-style-large is-layout-flow wp-block-quote-is-layout-flow\"><p>El \u00abproblema catal\u00e1n\u00bb subsiste en Espa\u00f1a principalmente por factores end\u00f3genos, promovidos de forma interesada desde dentro de la sociedad catalana. Un sector de la poblaci\u00f3n de un pa\u00eds con rasgos etnoling\u00fc\u00edsticos propios se socializa en el ideario nacionalista suministrado por unas \u00e9lites que  logran inocular un sentimiento de agravio<\/p><\/blockquote>\n<\/div>\n\n\n\n<div class=\"wp-block-column is-layout-flow wp-block-column-is-layout-flow\" style=\"flex-basis:66.66%\">\n<p>Como se habr\u00e1 adivinado, el autor de este texto se adhiere a la conjetura de que el \u00abproblema catal\u00e1n\u00bb subsiste en la Espa\u00f1a democr\u00e1tica de 1978 principalmente por factores end\u00f3genos, promovidos de forma interesada desde dentro de la sociedad catalana. Un sector de la poblaci\u00f3n de un pa\u00eds con rasgos etnoling\u00fc\u00edsticos propios \u2014una comunidad ling\u00fc\u00edstica diferenciada pero no separada\u2014 se socializa en el ideario nacionalista suministrado por unas \u00e9lites que poco a poco logran inocular un perdurable sentimiento de agravio, que a menudo se exagera y otras veces se imagina, sobre bases afectivas propicias. El anhelo de independencia no ser\u00eda sino la consecuencia natural de una educaci\u00f3n sentimental nacionalista. Sabemos que este diagn\u00f3stico no gusta en ciertos estrados acad\u00e9micos o period\u00edsticos catalanes, que leg\u00edtimamente piensan de otro modo. Confrontar opiniones con franqueza y respeto es precondici\u00f3n de cualquier acuerdo o salida al conflicto. En todo caso, entendemos que el sentido de esta monograf\u00eda es el de ir m\u00e1s all\u00e1 del reparto de culpas, y reflexionar sobre lo que cada parte puede hacer para dejar atr\u00e1s un episodio traum\u00e1tico de nuestra historia colectiva. Pensar que las causas del problema residen principalmente en el interior de Catalu\u00f1a no legitima el inmovilismo por parte del Estado, que puede y debe propiciar remedios. Mi tesis es que estos remedios ser\u00e1n viables en la medida en que sean novedosos y out-of-the-box, en lugar de insistir en viejas f\u00f3rmulas ya probadas. Y nada m\u00e1s probado en los \u00faltimos cuarenta a\u00f1os que \u00abel di\u00e1logo\u00bb entre el gobierno de Madrid y las \u00e9lites catalanistas. <\/p>\n<\/div>\n<\/div>\n\n\n\n<h5 class=\"wp-block-heading\">Las estrategias de la transacci\u00f3n <\/h5>\n\n\n\n<p>La literatura sociol\u00f3gica distingue entre dos clases de liderazgo: uno de tipo transaccional y otro de car\u00e1cter transformacional4. El primero gestiona una rutina organizativa estable: al producirse un quebranto de las normas o una fricci\u00f3n perturbadora intentar\u00e1 restaurar el equilibro transaccionando \u2014llegando a acuerdos\u2014 para que las cosas vuelvan a funcionar seg\u00fan la pauta conocida. La actitud y el momento del l\u00edder transformacional es distinta: aparece en situaciones cr\u00edticas e inestables. El l\u00edder transformacional entiende que el equilibrio perdido es irrecuperable, acaso nocivo, y que la crisis brinda la posibilidad de alcanzar un nuevo y mejor estado de cosas. Buscar\u00e1 no la transacci\u00f3n entre actores, sino la trasformaci\u00f3n del viejo escenario en uno nuevo, donde el conflicto, m\u00e1s que hallar soluci\u00f3n, se habr\u00e1 superado.   <\/p>\n\n\n\n<p>Creemos que esta dicotom\u00eda se adapta bien a la cuesti\u00f3n catalana. Llamaremos estrategias de la transacci\u00f3n a aquellas que suponen que la soluci\u00f3n al conflicto llegar\u00e1 de un nuevo acuerdo o transacci\u00f3n entre las partes. \u00bfQu\u00e9 partes? De un lado, el gobierno central (abusivamente llamado \u00abEspa\u00f1a\u00bb, simplificadoramente \u00abMadrid\u00bb e impropiamente \u00abel Estado\u00bb); del otro, la Generalitat (a la que, tambi\u00e9n abusivamente y sin duda impropiamente, se le concede el nombre de \u00abCatalunya\u00bb). Las estrategias de la transacci\u00f3n son, en esencia, tres, ordenadas en un crescendo: refuerzo del autogobierno, (profundizaci\u00f3n de la descentralizaci\u00f3n); mutaci\u00f3n a un r\u00e9gimen de tipo confederal que consagre la plurinacionalidad; refer\u00e9ndum de autodeterminaci\u00f3n. Veamos su viabilidad: <\/p>\n\n\n\n<h5 class=\"wp-block-heading\">Concesi\u00f3n de refer\u00e9ndum de autodeterminaci\u00f3n <\/h5>\n\n\n\n<p>\u00bfEs la concesi\u00f3n del derecho de autodeterminaci\u00f3n a la Comunidad Auton\u00f3mica de Catalu\u00f1a pol\u00edticamente viable? Consideremos esto antes de hacer alguna valoraci\u00f3n sobre su eficacia y legitimidad moral. Desde el punto de vista pol\u00edtico, la parte independentista tiene dos buenas noticias. La primera es que, seg\u00fan jurisprudencia de su m\u00e1ximo int\u00e9rprete, la Constituci\u00f3n Espa\u00f1ola no contiene cl\u00e1usulas de intangibilidad, tampoco con respeto a la indivisibilidad del territorio. Si bien el actual ordenamiento jur\u00eddico no permite, seg\u00fan la mayor\u00eda de la doctrina, un refer\u00e9ndum de separaci\u00f3n, nada impide que a trav\u00e9s de una reforma constitucional este derecho pueda reconocerse a una o a todas las comunidades aut\u00f3nomas. Tradicionalmente el independentismo ha visto en ello un magro consuelo, debido a la rigidez del mecanismo de reforma, que obliga a amplias y reiteradas mayor\u00edas. Pero la segunda buena noticia es que el porcentaje de fuerzas dispuestas a considerar una reforma en ese sentido experimenta un crecimiento sostenido en los \u00faltimos a\u00f1os. En 2020, no menos de 71 diputados y once formaciones del Congreso de los Diputados est\u00e1n te\u00f3ricamente a favor del derecho de autodeterminaci\u00f3n. La opini\u00f3n p\u00fablica, dividida, no muestra unanimidades imposibles de vencer. (Problema distinto es que el compromiso de algunos partidos \u2013pensamos en la izquierda del PSOE\u2013 resultara a la postre ret\u00f3rico e insincero). El independentismo no tendr\u00eda m\u00e1s que proseguir su labor de apostolado ideol\u00f3gico hasta conseguir las mayor\u00edas necesarias. La v\u00eda unilateral, se ha visto, no conduce a ninguna parte.  <\/p>\n\n\n\n<p>Ahora bien, de celebrarse, \u00bfser\u00eda la consulta autodeterminista soluci\u00f3n eficaz al conflicto? Hay razones para dudarlo. El refer\u00e9ndum ser\u00eda la expresi\u00f3n m\u00e1s aguda del conflicto, no su soluci\u00f3n. Significar\u00eda, de hecho, que no se ha encontrado soluci\u00f3n. Adem\u00e1s de resultar un episodio desagradable y polarizador para el conjunto de la sociedad espa\u00f1ola, nada se ganar\u00eda. De triunfar la opci\u00f3n desmembradora, el conflicto se resolver\u00eda en el sentido trivial de que un bando ganar\u00eda, no en el sentido de que los problemas de convivencia hubiesen concluido (es probable que se agravaran lo mismo en el nuevo como en el viejo Estado, abocados a fricciones durante d\u00e9cadas). Si, por el contrario, triunfara la permanencia en Espa\u00f1a, el \u00abproblema pol\u00edtico\u00bb tampoco hallar\u00eda clausura. La parte independentista propondr\u00eda en breve plazo realizar otro refer\u00e9ndum. El reciente anuncio de Nicola Sturgeon de su intenci\u00f3n de someter a voto por segunda vez la independencia de Escocia muestra las limitaciones del instrumento de refer\u00e9ndum para solucionar este tipo de problemas en sociedades divididas5.<\/p>\n\n\n\n<div class=\"wp-block-columns is-layout-flex wp-container-core-columns-is-layout-9d6595d7 wp-block-columns-is-layout-flex\">\n<div class=\"wp-block-column is-layout-flow wp-block-column-is-layout-flow\" style=\"flex-basis:33.33%\">\n<blockquote class=\"wp-block-quote is-style-large is-layout-flow wp-block-quote-is-layout-flow\"><p>El refer\u00e9ndum ser\u00eda la expresi\u00f3n m\u00e1s aguda del conflicto, no su soluci\u00f3n. Significar\u00eda, de hecho, que no se ha encontrado soluci\u00f3n<\/p><\/blockquote>\n<\/div>\n\n\n\n<div class=\"wp-block-column is-layout-flow wp-block-column-is-layout-flow\" style=\"flex-basis:66.66%\">\n<p>Sobra la legitimidad democr\u00e1tica del refer\u00e9ndum me adhiero a cuanto dicho en este monogr\u00e1fico por Manuel Arias Maldonado. A\u00f1adimos una frase de Michael Ignatieff: \u00aben democracia, la secesi\u00f3n es el peor pecado\u00bb. Lo explica su compatriota St\u00e9phane Dion:  <\/p>\n\n\n\n<p>\u00abHasta hoy, la democracia y la secesi\u00f3n se han mostrado como dos fen\u00f3menos antit\u00e9ticos. El ideal democr\u00e1tico alienta a todos los ciudadanos de un pa\u00eds a ser leales entre s\u00ed m\u00e1s all\u00e1 de consideraciones de lengua, raza, religi\u00f3n, origen o pertenencia regional. En cambio, la secesi\u00f3n exige a los ciudadanos que rompan la solidaridad que les une y ello, casi siempre, sobre la base de consideraciones vinculadas a pertenencias espec\u00edficas: lengua, religi\u00f3n o etnia. La secesi\u00f3n es este ejercicio raro e inusitado en la democracia por el cual se elige, entre los conciudadanos, los que se quieren conservar y los que se quieren transformar en extranjeros\u00bb <span class=\"note-item\"><a href=\"#note-06\" class=\"scroll-to\">[6]<\/a><span class=\"note-item-tooltip\">6 \u2014 Texto de la conferencia de St\u00e9phane Dion en Barcelona por invitaci\u00f3n de\u00a0Federalistes\u00a0d\u2019Esquerres en marzo del 2014. Disponible en l\u00ednea.\n<\/span><\/span>.<\/p>\n<\/div>\n<\/div>\n\n\n\n<h5 class=\"wp-block-heading\">Reconocimiento de la plurinacionalidad <\/h5>\n\n\n\n<p>El reconocimiento de la plurinacionalidad se presenta a menudo como el expediente id\u00f3neo para calmar la tormenta territorial. Se trata de una propuesta confusa y d\u00e9bilmente fundada. Nadie se atreve a formular cu\u00e1ntas y cu\u00e1les ser\u00edan las naciones candidatas a reconocimiento. \u00bfSer\u00eda la naci\u00f3n espa\u00f1ola una de ellas? En tal caso, \u00bfconvivir\u00eda la naci\u00f3n espa\u00f1ola con la catalana dentro de Catalu\u00f1a? \u00bfCon qu\u00e9 consecuencias normativas? (Llamamos la atenci\u00f3n sobre el hecho de que una porci\u00f3n considerable de catalanes, que matizadamente podr\u00eda considerarse incluso mayoritaria, se sienten miembros de la naci\u00f3n espa\u00f1ola) En suma, nadie explica c\u00f3mo se articular\u00eda jur\u00eddicamente la plurinacionalidad en Espa\u00f1a. Y si se trata solo de simbolismo \u00bfno es acaso la plurinacionalidad la situaci\u00f3n que de facto ya tenemos? Comunidades como Catalu\u00f1a y Pa\u00eds Vasco ya ejercen sus competencias en nombre de una naci\u00f3n que no es la espa\u00f1ola. <\/p>\n\n\n\n<p>Sin duda, no est\u00e1 prohibido en Espa\u00f1a sentirse parte de otra naci\u00f3n distinta de la espa\u00f1ola (la influyente Asamblea Nacional Catalana es una entidad perfectamente legal). Pareciera que el reconocimiento de la plurinacionalidad tan solo consistir\u00eda en el desrreconocimiento de la existencia de la naci\u00f3n espa\u00f1ola, al menos en parte del territorio del Estado. Por lo dem\u00e1s, en Espa\u00f1a el pluralismo identitario ya est\u00e1 salvaguardado. Normativamente, parece poco interesante convertir una naci\u00f3n que permite sin problemas el pluralismo identitario en un mosaico de naciones yuxtapuestas de identidad uniforme. Como ha resumido con elocuencia el jurista vasco Josu de Miguel la plurinacionalidad parece sugerir que existen varias formas de ser espa\u00f1ol, pero solo una de ser vasco, catal\u00e1n o gallego. Es decir, un retroceso, y no un avance, en t\u00e9rminos de pluralismo.  <\/p>\n\n\n\n<p>Por lo dem\u00e1s, las propuestas de arreglo fijadas a la plurinacionalidad (incluyendo aquellas que buscan salvoconducto en alg\u00fan retoricismo equivalente, tipo \u00abnaci\u00f3n de naciones\u00bb) razonan sobre la premisa de que es posible desambiguar el uso de la palabra \u00abnaci\u00f3n\u00bb en la conversaci\u00f3n p\u00fablica. QueQue, en ciertos casos, al hablar de naci\u00f3n estar\u00edamos hablando de naci\u00f3n pol\u00edtica y, en otros, de naci\u00f3n cultural. En mi opini\u00f3n tal aspiraci\u00f3n es vana. De declararse la plurinacionalidad la discusi\u00f3n no se terminar\u00eda, sino que se desplazar\u00eda a la interpretaci\u00f3n que cabe darle al t\u00e9rmino. Es decir, despu\u00e9s de una prolija y ruidosa reforma acabar\u00edamos en el punto de partida, donde ya estamos.  <\/p>\n\n\n\n<h5 class=\"wp-block-heading\">Refuerzo del autogobierno <\/h5>\n\n\n\n<p>El reconocimiento de la plurinacionalidad se puede conjugar con el otorgamiento de m\u00e1s competencias. Pero el refuerzo del autogobierno puede hacerse sin reconocimiento de la plurinacionalidad. Es la v\u00eda m\u00e1s familiar y conocida, que seg\u00fan la sabidur\u00eda convencional se acabar\u00e1 imponiendo: una nueva ronda descentralizadora, que pudiera conllevar un nuevo Estatuto. El federalista St\u00e9ephane Dion lo llama <em>estrategia del contentamiento<\/em>:  <\/p>\n\n\n\n<p>\u00abPuesto que los secesionistas quieren todos los poderes, se les conceder\u00e1 una parte deseando que los menos radicales queden satisfechos. Si no se contentan, quiere decir que no se han transferido todav\u00eda suficientes poderes. Por tanto, es preciso agregar otros\u00bb.<\/p>\n\n\n\n<p>Para deshacer el equ\u00edvoco que comporta esta estrategia, cabr\u00eda evocar la voz de Juli\u00e1n Mar\u00edas: \u00abNo se puede contentar a quien no se quiere contentar\u00bb. En realidad, basta con un m\u00ednimo de realismo emp\u00edrico. Si, como dec\u00edamos m\u00e1s arriba, la secuencia hist\u00f3ricamente verificada es <em>a m\u00e1s autogobierno, m\u00e1s independentismo<\/em> \u2013el conflicto sobrevino estando el autogobierno en m\u00e1ximos hist\u00f3ricos\u2013 \u00bfqu\u00e9 hace pensar que un poco m\u00e1s de la misma medicina curar\u00e1 la dolencia? M\u00e1s autogobierno (y es dudoso que quepa en los m\u00e1rgenes constitucionales) traer\u00eda un mayor distanciamiento psicol\u00f3gico de los catalanes respecto de un Estado sin margen competencial propio para intervenir en sus problemas. Supone una banalizaci\u00f3n de la secesi\u00f3n: puesto que somos cuasi independientes, \u00bfpor qu\u00e9 no serlo del todo? Entra\u00f1a, por \u00faltimo, la exacerbaci\u00f3n de la tensi\u00f3n entre regiones, por el conocido efecto emulaci\u00f3n.  <\/p>\n\n\n\n<p>Por lo dem\u00e1s, aceptando que el margen jur\u00eddico se encontrara, \u00bfes viable pol\u00edticamente una nueva ronda descentralizadora? Las anteriores se hicieron en un clima en el que todos los partidos consideraban el Estado auton\u00f3mico un logro hist\u00f3rico y la descentralizaci\u00f3n algo positivo para los espa\u00f1oles. El centralismo espa\u00f1ol, si exist\u00eda, no estaba organizado. En la actualidad, sin embargo, y en parte como reacci\u00f3n a la crisis territorial, existe una corriente organizada que no solo se opone abroqueladamente a m\u00e1s altas cotas de poder para las regiones, sino que propugna un pura y dura recentralizaci\u00f3n de competencias. Me refiero al fen\u00f3meno de Vox, pero tambi\u00e9n a una difusa pero perceptible tendencia en la opini\u00f3n p\u00fablica que sostiene que la descentralizaci\u00f3n ha ido demasiado lejos y empieza a generar disfunciones en la vida del pa\u00eds. (Percepci\u00f3n que la err\u00e1tica gesti\u00f3n de la pandemia de 2020 no ha hecho m\u00e1s que reforzar).  <\/p>\n\n\n\n<div class=\"wp-block-columns is-layout-flex wp-container-core-columns-is-layout-9d6595d7 wp-block-columns-is-layout-flex\">\n<div class=\"wp-block-column is-layout-flow wp-block-column-is-layout-flow\" style=\"flex-basis:33.33%\">\n<blockquote class=\"wp-block-quote is-style-large is-layout-flow wp-block-quote-is-layout-flow\"><p>M\u00e1s autogobierno supone una banalizaci\u00f3n de la secesi\u00f3n: puesto que somos cuasi independientes, \u00bfpor qu\u00e9 no serlo del todo? <\/p><\/blockquote>\n<\/div>\n\n\n\n<div class=\"wp-block-column is-layout-flow wp-block-column-is-layout-flow\" style=\"flex-basis:66.66%\">\n<p>Si el statu quo auton\u00f3mico est\u00e1 agotado, fuerza es admitir que lo est\u00e1 por ambos lados: algunos lo jubilan por insuficiente y otros lo critican por excesivo. As\u00ed las cosas, pensar que un nuevo gesto descentralizador puede llevarse a t\u00e9rmino con el m\u00ednimo grado de consenso transversal que exigir\u00eda es quim\u00e9rico. Parece m\u00e1s bien una receta para ahondar en la crisis. No allana el camino suponer que la descentralizaci\u00f3n puede hacerse bajo el paraguas de una reforma federal de la Constituci\u00f3n. El problema persiste: muchos espa\u00f1oles podr\u00edan arg\u00fcir, no sin raz\u00f3n, que en buena teor\u00eda federal, lo necesario en este momento son m\u00e1s poderes para el poder federal y menos para los federados: m\u00e1s<em> shared rule<\/em> y menos <em>self rule<\/em>.  <\/p>\n<\/div>\n<\/div>\n\n\n\n<h5 class=\"wp-block-heading\">Las estrategias de la transformaci\u00f3n <\/h5>\n\n\n\n<p>Si hay motivos para dudar de la viabilidad pol\u00edtica de un organizar un refer\u00e9ndum, de legislar la plurinacionalidad o de conceder mayor autogobierno, \u00bfsignifica eso que debemos quedarnos sentados y esperar a que escampe? No. Sin desde\u00f1ar la noci\u00f3n de que el paso del tiempo puede ayudar, existen v\u00edas inexploradas para resolver, y no meramente conllevar, la crisis. No provendr\u00edan del \u00abdi\u00e1logo\u00bb entre \u00abEspa\u00f1a y Catalunya\u00bb, sino del di\u00e1logo de los espa\u00f1oles consigo mismos, sin exclusiones, para lograr una transformaci\u00f3n del pa\u00eds que deje atr\u00e1s su secular cuesti\u00f3n territorial, como dej\u00f3 atr\u00e1s su cuesti\u00f3n militar, su cuesti\u00f3n agraria o religiosa. Son las estrategias de la transformaci\u00f3n. Bosquej\u00e9moslas.  <\/p>\n\n\n\n<p>Una estrategia trasformadora no se plantear\u00eda ceder m\u00e1s competencias a las comunidades (movimiento t\u00edpico de la pol\u00edtica transaccional) pero s\u00ed valorar\u00eda desconcentrar las sedes del poder central (llevar el Senado a Barcelona, o hacer de la capital de Catalu\u00f1a una aut\u00e9ntica co-capital pol\u00edtica de Espa\u00f1a, con ministerios y sedes de importantes organismos estales). Una pol\u00edtica transformadora no se plantear\u00eda en ning\u00fan caso la posibilidad de blindar pol\u00edticas auton\u00f3micas de exclusi\u00f3n de la lengua castellana y monoling\u00fcismo en catal\u00e1n (en Catalu\u00f1a a dicha exclusi\u00f3n se la conoce como inmersi\u00f3n) consideradas injustas por muchos espa\u00f1oles (y tambi\u00e9n por muchos catalanes), pero s\u00ed explorar\u00eda la posibilidad de aprobar una Ley de Lenguas Oficiales que hiciera de Espa\u00f1a una ejemplar democracia pluriling\u00fce, donde los derechos de todos los hablantes se respetaran. Una pol\u00edtica transformadora no pactar\u00eda bilateralmente con las \u00e9lites catalanistas: laes invitar\u00eda a un pacto global donde estuviesen todas las sensibilidades, tambi\u00e9n las de los catalanes no catalanistas. Lejos de ser una pol\u00edtica meramente represiva, proceder\u00eda a un programa intensivo de reformas de nuestro pa\u00eds, porque cualquier reforma acertada e ilusionante para todos, es ya una reforma acertada e ilusionante para los catalanes. <\/p>\n\n\n\n<p>De modo que, frente a la descentralizaci\u00f3n, desconcentraci\u00f3n; frente a la sanci\u00f3n legal del monoling\u00fcismo en Catalu\u00f1a, el pluriling\u00fcismo en el Estado; frente a idea de que cada comunidad navega en solitario, un ambicioso programa de reformas ideado entre todos para todos. Desde el punto de vista de la viabilidad pol\u00edtica, esta propuesta asume que instalar el Ministerio de Educaci\u00f3n en Barcelona no tendr\u00eda tanta oposici\u00f3n (alguna s\u00ed, y ruidosa) como ceder totalmente la competencia de educaci\u00f3n a la Generalitat, como tampoco la tendr\u00eda la co-capitalidad de Barcelona frente a la separaci\u00f3n. Son propuestas que distribuyen la soberan\u00eda y sus galas, pero no la trocean o erosionan. De igual manera, profundizar en la exclusi\u00f3n de la lengua castellana del \u00e1mbito institucional y educativo catal\u00e1n, blindando legalmente las pr\u00e1cticas de hecho de hoy, dif\u00edcilmente puede ser asumido por la opini\u00f3n p\u00fablica espa\u00f1ola. Sin embargo, una mayor presencia del catal\u00e1n en \u00e1mbitos estatales no se ver\u00e1 mal siempre se vea acompa\u00f1ado del correspondiente gesto rec\u00edproco: mayor respeto al rango del castellano como lengua co-oficial de Catalu\u00f1a.  <\/p>\n\n\n\n<div class=\"wp-block-columns is-layout-flex wp-container-core-columns-is-layout-9d6595d7 wp-block-columns-is-layout-flex\">\n<div class=\"wp-block-column is-layout-flow wp-block-column-is-layout-flow\" style=\"flex-basis:33.33%\">\n<blockquote class=\"wp-block-quote is-style-large is-layout-flow wp-block-quote-is-layout-flow\"><p>No hay soluci\u00f3n que no pase por el sincero deseo de que haya soluci\u00f3n y deje de haber problema: levantarse un d\u00eda y asumir que el encaje de Catalu\u00f1a en Espa\u00f1a ya se ha producido y no es necesario seguir rega\u00f1ando<\/p><\/blockquote>\n<\/div>\n\n\n\n<div class=\"wp-block-column is-layout-flow wp-block-column-is-layout-flow\" style=\"flex-basis:66.66%\">\n<p>La filosof\u00eda subyacente a las estrategias de la transacci\u00f3n es: dado que Catalu\u00f1a no puede salirse de Espa\u00f1a, hagamos que Espa\u00f1a se salga lo m\u00e1s posible de Catalu\u00f1a. Eso y no otra cosa es lo que parece esperarse de las \u00abmesas de di\u00e1logo\u00bb. La filosof\u00eda subyacente a la estrategia de la transformaci\u00f3n me parece m\u00e1s saludable y se resume as\u00ed: m\u00e1s Catalu\u00f1a en Espa\u00f1a, m\u00e1s Espa\u00f1a en Catalu\u00f1a. Por la v\u00eda de la transformaci\u00f3n desembocar\u00edamos as\u00ed en una transacci\u00f3n novedosa e in\u00e9dita, lo que Ignacio Molina llama una aceptaci\u00f3n rec\u00edproca del pluralismo cong\u00e9nito en ambas sociedades: el \u00fanico quid pro quo justo y razonable al que podemos aspirar y tendr\u00eda bazas para ser aceptado por las respectivas opiniones p\u00fablicas.  <\/p>\n<\/div>\n<\/div>\n\n\n\n<h5 class=\"wp-block-heading\">A qu\u00e9 llamamos soluci\u00f3n <\/h5>\n\n\n\n<p>En la recta final de este ensayo, cabe preguntarse a qu\u00e9 llamamos \u00absoluci\u00f3n al conflicto\u00bb. O por mejor decir: \u00bfcu\u00e1l es el escenario final en que los distintos actores dar\u00edan el conflicto por solucionado? Equivale a preguntarse por la idea normativa que cada uno tiene de convivencia democr\u00e1tica. No se nos escapa que para algunos la soluci\u00f3n solo puede consistir en vivir en un Estado catal\u00e1n segregado de Espa\u00f1a o, alternativamente, en un Estado espa\u00f1ol centralizado con una \u00fanica lengua nacional. Cualquier acuerdo al que se llegue para ellos ser\u00e1 transitorio, es decir, no ser\u00e1 un verdadero acuerdo.  <\/p>\n\n\n\n<p>Por su parte, quien firma este escrito se hace la siguiente idea de un escenario ideal: uno en que Espa\u00f1a, en sus actuales fronteras, es preservada como un Estado democr\u00e1tico en el que sus ciudadanos gozan de una ciudadan\u00eda com\u00fan que conjuga diversos niveles de pertenencia, capaz de expresarse en varias lenguas. En mi escenario el independentismo decrece no porque se le haya satisfecho alguna aspiraci\u00f3n pendiente, sino porque las condiciones para ser espa\u00f1ol y catal\u00e1n al mismo tiempo sin contradicci\u00f3n se viven como ya dadas y no se percibe ganancia alguna en la amputaci\u00f3n de uno de los dos vectores de la identidad catalano-espa\u00f1ola. Aunque desde mi punto de vista ese escenario es muy parecido al que ya tenemos, es obvio que no todos lo ven as\u00ed. Sucede, sin embargo, que demasiados actores de la pol\u00edtica catalana parecen apostar como \u00fanica soluci\u00f3n por una escenario irreal que podemos llamar de independencia dentro de Espa\u00f1a. La idea de que, de alguna manera, se puede estar en Espa\u00f1a sin ser Espa\u00f1a. Es la recurrente cuadratura del c\u00edrculo o pentagonizaci\u00f3n del hex\u00e1gono de la que un sector del catalanismo quiere convencerse y convencernos al resto, prontamente identificada como quim\u00e9rica y oximor\u00f3nica por el republicano Alcal\u00e1 Zamora, que agudamente reprochaba a Francesc Camb\u00f3 querer ser al mismo tiempo Bismarck de Espa\u00f1a y Bol\u00edvar de Catalu\u00f1a.  <\/p>\n\n\n\n<p>En su poema Melancol\u00eda del destierro, el poeta Jos\u00e9 \u00c1ngel Valente escribe: <\/p>\n\n\n\n<pre class=\"wp-block-verse\"><em>Lo peor es creer&nbsp;<br>que se tiene raz\u00f3n por haberla tenido&nbsp;<br>o esperar que la historia devane los relojes&nbsp;<br>y nos devuelva intactos&nbsp;<br>al tiempo en que quisi\u00e9ramos que todo comenzase.&nbsp;<\/em> <\/pre>\n\n\n\n<p><br>Cierto: Hubo un tiempo en que ser plenamente catal\u00e1n en Espa\u00f1a supon\u00eda renuncias que injustas. El catalanismo esgrimi\u00f3 poderosas razones para reformar Espa\u00f1a. Y lo hizo: en 1978, a trav\u00e9s de una Constituci\u00f3n en la que dos de sus siete ponentes eran catalanistas, Espa\u00f1a se reconcili\u00f3 con su pluralidad interna. En este trabajo hemos apuntado algunos desarrollos posibles para mejorar a\u00fan m\u00e1s nuestro marco de convivencia. Pero no hay soluci\u00f3n que no pase por el sincero deseo de que haya soluci\u00f3n y deje de haber problema: levantarse un d\u00eda y asumir que el encaje de Catalu\u00f1a en Espa\u00f1a ya se ha producido y no es necesario seguir rega\u00f1ando. El poeta ten\u00eda raz\u00f3n: lo peor es creer que se tiene raz\u00f3n por haberla tenido. El catalanismo tuvo raz\u00f3n; ya no la tiene. No la tiene en su premisa mayor de maltrato o incomprensi\u00f3n, aunque s\u00ed la pueda tener (o no) en las esperables tensiones cotidianas entre niveles de gobierno que conoce todo Estado democr\u00e1tico compuesto, no solo el espa\u00f1ol, y que dif\u00edcilmente justifican vivencias atormentadas o derivas rupturistas. Las estrategias de la transacci\u00f3n se han agotado. Son el yugo que, como dir\u00eda Josep Pla, nos mantienen \u00abcomo caballos viejos, dando vueltas a una noria chirriante\u00bb. Para salir al trote por verdes praderas es necesario pensar de modo distinto. Reconocer que ya no quedan motivos por los cuales ser espa\u00f1ol y catal\u00e1n no sean cosas perfectamente compatibles. Por desgracia, no me cabe duda de que nuestra clase pol\u00edtica conoce un truco y solo un truco para gestionar el conflicto catal\u00e1n: el viejo y gastado arreglo insincero entre elites. Seguiremos atados a la noria una temporada hasta que una nueva tormenta se desate. <\/p>\n","protected":false},"excerpt":{"rendered":"<p>Se me asigna la tarea de explorar la viabilidad pol\u00edtica del elenco de soluciones posibles al conflicto territorial. Parece obligado, sin embargo, y por razones de m\u00e9todo, iniciar la pesquisa retrocediendo someramente a la fase de diagn\u00f3stico: la g\u00e9nesis del problema. Obviamente, diagn\u00f3sticos distintos propondr\u00e1n terapias distintas. Por desgracia, y es la primera dificultad que ofrece este enconado asunto, har\u00edamos mal en suponer que existe un consenso en punto a las causas que nos han tra\u00eddo hasta aqu\u00ed. Solo destapando la hondura de nuestros desacuerdos podemos aspirar a un verdadero y fecundo acuerdo. El debate sobre las causas: end\u00f3geno versus\u2026<\/p>\n","protected":false},"author":3,"featured_media":22578,"parent":0,"comment_status":"closed","ping_status":"closed","sticky":false,"template":"","format":"standard","meta":{"_acf_changed":false,"inline_featured_image":false,"_jetpack_memberships_contains_paid_content":false,"footnotes":""},"categories":[259],"tags":[],"segment":[],"subject":[],"class_list":["post-22632","post","type-post","status-publish","format-standard","has-post-thumbnail","hentry","category-el-debate-en-el-estado-es"],"acf":[],"yoast_head":"<!-- This site is optimized with the Yoast SEO plugin v27.4 - https:\/\/yoast.com\/product\/yoast-seo-wordpress\/ -->\n<title>\u00bfSer\u00e1 posible salir de la noria chirriante? De las estrategias de transacci\u00f3n a las de transformaci\u00f3n &#8211; IDEES<\/title>\n<meta name=\"robots\" content=\"index, follow, max-snippet:-1, max-image-preview:large, max-video-preview:-1\" \/>\n<link rel=\"canonical\" href=\"https:\/\/revistaidees.cat\/es\/sera-posible-salir-de-la-noria-chirriante-de-las-estrategias-de-transaccion-a-las-de-transformacion\/\" \/>\n<meta property=\"og:locale\" content=\"es_ES\" \/>\n<meta property=\"og:type\" content=\"article\" \/>\n<meta property=\"og:title\" content=\"\u00bfSer\u00e1 posible salir de la noria chirriante? De las estrategias de transacci\u00f3n a las de transformaci\u00f3n &#8211; IDEES\" \/>\n<meta property=\"og:description\" content=\"Se me asigna la tarea de explorar la viabilidad pol\u00edtica del elenco de soluciones posibles al conflicto territorial. Parece obligado, sin embargo, y por razones de m\u00e9todo, iniciar la pesquisa retrocediendo someramente a la fase de diagn\u00f3stico: la g\u00e9nesis del problema. Obviamente, diagn\u00f3sticos distintos propondr\u00e1n terapias distintas. Por desgracia, y es la primera dificultad que ofrece este enconado asunto, har\u00edamos mal en suponer que existe un consenso en punto a las causas que nos han tra\u00eddo hasta aqu\u00ed. Solo destapando la hondura de nuestros desacuerdos podemos aspirar a un verdadero y fecundo acuerdo. El debate sobre las causas: end\u00f3geno versus\u2026\" \/>\n<meta property=\"og:url\" content=\"https:\/\/revistaidees.cat\/es\/sera-posible-salir-de-la-noria-chirriante-de-las-estrategias-de-transaccion-a-las-de-transformacion\/\" \/>\n<meta property=\"og:site_name\" content=\"IDEES\" \/>\n<meta property=\"article:published_time\" content=\"2020-10-01T15:07:13+00:00\" \/>\n<meta property=\"article:modified_time\" content=\"2020-10-02T10:35:53+00:00\" \/>\n<meta property=\"og:image\" content=\"https:\/\/i0.wp.com\/revistaidees.cat\/wp-content\/uploads\/2020\/10\/2-Twitter-6.jpg?fit=1024%2C512&ssl=1\" \/>\n\t<meta property=\"og:image:width\" content=\"1024\" \/>\n\t<meta property=\"og:image:height\" content=\"512\" \/>\n\t<meta property=\"og:image:type\" content=\"image\/jpeg\" \/>\n<meta name=\"author\" content=\"maria\" \/>\n<meta name=\"twitter:card\" content=\"summary_large_image\" \/>\n<meta name=\"twitter:label1\" content=\"Escrito por\" \/>\n\t<meta name=\"twitter:data1\" content=\"maria\" \/>\n\t<meta name=\"twitter:label2\" content=\"Tiempo de lectura\" \/>\n\t<meta name=\"twitter:data2\" content=\"25 minutos\" \/>\n<script type=\"application\/ld+json\" class=\"yoast-schema-graph\">{\"@context\":\"https:\\\/\\\/schema.org\",\"@graph\":[{\"@type\":\"Article\",\"@id\":\"https:\\\/\\\/revistaidees.cat\\\/es\\\/sera-posible-salir-de-la-noria-chirriante-de-las-estrategias-de-transaccion-a-las-de-transformacion\\\/#article\",\"isPartOf\":{\"@id\":\"https:\\\/\\\/revistaidees.cat\\\/es\\\/sera-posible-salir-de-la-noria-chirriante-de-las-estrategias-de-transaccion-a-las-de-transformacion\\\/\"},\"author\":{\"name\":\"maria\",\"@id\":\"https:\\\/\\\/revistaidees.cat\\\/#\\\/schema\\\/person\\\/23b13c8d154c858b03b5b4905ae0d5f6\"},\"headline\":\"\u00bfSer\u00e1 posible salir de la noria chirriante? De las estrategias de transacci\u00f3n a las de transformaci\u00f3n\",\"datePublished\":\"2020-10-01T15:07:13+00:00\",\"dateModified\":\"2020-10-02T10:35:53+00:00\",\"mainEntityOfPage\":{\"@id\":\"https:\\\/\\\/revistaidees.cat\\\/es\\\/sera-posible-salir-de-la-noria-chirriante-de-las-estrategias-de-transaccion-a-las-de-transformacion\\\/\"},\"wordCount\":4972,\"image\":{\"@id\":\"https:\\\/\\\/revistaidees.cat\\\/es\\\/sera-posible-salir-de-la-noria-chirriante-de-las-estrategias-de-transaccion-a-las-de-transformacion\\\/#primaryimage\"},\"thumbnailUrl\":\"https:\\\/\\\/i0.wp.com\\\/revistaidees.cat\\\/wp-content\\\/uploads\\\/2020\\\/10\\\/2-Twitter-6.jpg?fit=1024%2C512&ssl=1\",\"articleSection\":[\"El debate en el Estado\"],\"inLanguage\":\"es\"},{\"@type\":\"WebPage\",\"@id\":\"https:\\\/\\\/revistaidees.cat\\\/es\\\/sera-posible-salir-de-la-noria-chirriante-de-las-estrategias-de-transaccion-a-las-de-transformacion\\\/\",\"url\":\"https:\\\/\\\/revistaidees.cat\\\/es\\\/sera-posible-salir-de-la-noria-chirriante-de-las-estrategias-de-transaccion-a-las-de-transformacion\\\/\",\"name\":\"\u00bfSer\u00e1 posible salir de la noria chirriante? De las estrategias de transacci\u00f3n a las de transformaci\u00f3n &#8211; IDEES\",\"isPartOf\":{\"@id\":\"https:\\\/\\\/revistaidees.cat\\\/#website\"},\"primaryImageOfPage\":{\"@id\":\"https:\\\/\\\/revistaidees.cat\\\/es\\\/sera-posible-salir-de-la-noria-chirriante-de-las-estrategias-de-transaccion-a-las-de-transformacion\\\/#primaryimage\"},\"image\":{\"@id\":\"https:\\\/\\\/revistaidees.cat\\\/es\\\/sera-posible-salir-de-la-noria-chirriante-de-las-estrategias-de-transaccion-a-las-de-transformacion\\\/#primaryimage\"},\"thumbnailUrl\":\"https:\\\/\\\/i0.wp.com\\\/revistaidees.cat\\\/wp-content\\\/uploads\\\/2020\\\/10\\\/2-Twitter-6.jpg?fit=1024%2C512&ssl=1\",\"datePublished\":\"2020-10-01T15:07:13+00:00\",\"dateModified\":\"2020-10-02T10:35:53+00:00\",\"author\":{\"@id\":\"https:\\\/\\\/revistaidees.cat\\\/#\\\/schema\\\/person\\\/23b13c8d154c858b03b5b4905ae0d5f6\"},\"breadcrumb\":{\"@id\":\"https:\\\/\\\/revistaidees.cat\\\/es\\\/sera-posible-salir-de-la-noria-chirriante-de-las-estrategias-de-transaccion-a-las-de-transformacion\\\/#breadcrumb\"},\"inLanguage\":\"es\",\"potentialAction\":[{\"@type\":\"ReadAction\",\"target\":[\"https:\\\/\\\/revistaidees.cat\\\/es\\\/sera-posible-salir-de-la-noria-chirriante-de-las-estrategias-de-transaccion-a-las-de-transformacion\\\/\"]}]},{\"@type\":\"ImageObject\",\"inLanguage\":\"es\",\"@id\":\"https:\\\/\\\/revistaidees.cat\\\/es\\\/sera-posible-salir-de-la-noria-chirriante-de-las-estrategias-de-transaccion-a-las-de-transformacion\\\/#primaryimage\",\"url\":\"https:\\\/\\\/i0.wp.com\\\/revistaidees.cat\\\/wp-content\\\/uploads\\\/2020\\\/10\\\/2-Twitter-6.jpg?fit=1024%2C512&ssl=1\",\"contentUrl\":\"https:\\\/\\\/i0.wp.com\\\/revistaidees.cat\\\/wp-content\\\/uploads\\\/2020\\\/10\\\/2-Twitter-6.jpg?fit=1024%2C512&ssl=1\",\"width\":1024,\"height\":512,\"caption\":\"En el art\u00edculo, Juan Claudio de Ram\u00f3n habla de desconcentrar las sedes del poder central y de la co-capitalidad. Hace 28 a\u00f1os, Pasqual Maragall ya hablaba de ello en una entrevista. Ilustraci\u00f3n: Marc Torices\"},{\"@type\":\"BreadcrumbList\",\"@id\":\"https:\\\/\\\/revistaidees.cat\\\/es\\\/sera-posible-salir-de-la-noria-chirriante-de-las-estrategias-de-transaccion-a-las-de-transformacion\\\/#breadcrumb\",\"itemListElement\":[{\"@type\":\"ListItem\",\"position\":1,\"name\":\"Inici\",\"item\":\"https:\\\/\\\/revistaidees.cat\\\/es\\\/\"},{\"@type\":\"ListItem\",\"position\":2,\"name\":\"\u00bfSer\u00e1 posible salir de la noria chirriante? De las estrategias de transacci\u00f3n a las de transformaci\u00f3n\"}]},{\"@type\":\"WebSite\",\"@id\":\"https:\\\/\\\/revistaidees.cat\\\/#website\",\"url\":\"https:\\\/\\\/revistaidees.cat\\\/\",\"name\":\"IDEES\",\"description\":\"Revista de temas contempor\u00e1neos\",\"potentialAction\":[{\"@type\":\"SearchAction\",\"target\":{\"@type\":\"EntryPoint\",\"urlTemplate\":\"https:\\\/\\\/revistaidees.cat\\\/?s={search_term_string}\"},\"query-input\":{\"@type\":\"PropertyValueSpecification\",\"valueRequired\":true,\"valueName\":\"search_term_string\"}}],\"inLanguage\":\"es\"},{\"@type\":\"Person\",\"@id\":\"https:\\\/\\\/revistaidees.cat\\\/#\\\/schema\\\/person\\\/23b13c8d154c858b03b5b4905ae0d5f6\",\"name\":\"maria\",\"image\":{\"@type\":\"ImageObject\",\"inLanguage\":\"es\",\"@id\":\"https:\\\/\\\/secure.gravatar.com\\\/avatar\\\/4abe985cb800e0b75c4c7bfc4fd0973825f533e0620f989a75661b23c3255192?s=96&d=mm&r=g\",\"url\":\"https:\\\/\\\/secure.gravatar.com\\\/avatar\\\/4abe985cb800e0b75c4c7bfc4fd0973825f533e0620f989a75661b23c3255192?s=96&d=mm&r=g\",\"contentUrl\":\"https:\\\/\\\/secure.gravatar.com\\\/avatar\\\/4abe985cb800e0b75c4c7bfc4fd0973825f533e0620f989a75661b23c3255192?s=96&d=mm&r=g\",\"caption\":\"maria\"}}]}<\/script>\n<!-- \/ Yoast SEO plugin. -->","yoast_head_json":{"title":"\u00bfSer\u00e1 posible salir de la noria chirriante? De las estrategias de transacci\u00f3n a las de transformaci\u00f3n &#8211; IDEES","robots":{"index":"index","follow":"follow","max-snippet":"max-snippet:-1","max-image-preview":"max-image-preview:large","max-video-preview":"max-video-preview:-1"},"canonical":"https:\/\/revistaidees.cat\/es\/sera-posible-salir-de-la-noria-chirriante-de-las-estrategias-de-transaccion-a-las-de-transformacion\/","og_locale":"es_ES","og_type":"article","og_title":"\u00bfSer\u00e1 posible salir de la noria chirriante? De las estrategias de transacci\u00f3n a las de transformaci\u00f3n &#8211; IDEES","og_description":"Se me asigna la tarea de explorar la viabilidad pol\u00edtica del elenco de soluciones posibles al conflicto territorial. Parece obligado, sin embargo, y por razones de m\u00e9todo, iniciar la pesquisa retrocediendo someramente a la fase de diagn\u00f3stico: la g\u00e9nesis del problema. Obviamente, diagn\u00f3sticos distintos propondr\u00e1n terapias distintas. Por desgracia, y es la primera dificultad que ofrece este enconado asunto, har\u00edamos mal en suponer que existe un consenso en punto a las causas que nos han tra\u00eddo hasta aqu\u00ed. Solo destapando la hondura de nuestros desacuerdos podemos aspirar a un verdadero y fecundo acuerdo. El debate sobre las causas: end\u00f3geno versus\u2026","og_url":"https:\/\/revistaidees.cat\/es\/sera-posible-salir-de-la-noria-chirriante-de-las-estrategias-de-transaccion-a-las-de-transformacion\/","og_site_name":"IDEES","article_published_time":"2020-10-01T15:07:13+00:00","article_modified_time":"2020-10-02T10:35:53+00:00","og_image":[{"width":1024,"height":512,"url":"https:\/\/i0.wp.com\/revistaidees.cat\/wp-content\/uploads\/2020\/10\/2-Twitter-6.jpg?fit=1024%2C512&ssl=1","type":"image\/jpeg"}],"author":"maria","twitter_card":"summary_large_image","twitter_misc":{"Escrito por":"maria","Tiempo de lectura":"25 minutos"},"schema":{"@context":"https:\/\/schema.org","@graph":[{"@type":"Article","@id":"https:\/\/revistaidees.cat\/es\/sera-posible-salir-de-la-noria-chirriante-de-las-estrategias-de-transaccion-a-las-de-transformacion\/#article","isPartOf":{"@id":"https:\/\/revistaidees.cat\/es\/sera-posible-salir-de-la-noria-chirriante-de-las-estrategias-de-transaccion-a-las-de-transformacion\/"},"author":{"name":"maria","@id":"https:\/\/revistaidees.cat\/#\/schema\/person\/23b13c8d154c858b03b5b4905ae0d5f6"},"headline":"\u00bfSer\u00e1 posible salir de la noria chirriante? De las estrategias de transacci\u00f3n a las de transformaci\u00f3n","datePublished":"2020-10-01T15:07:13+00:00","dateModified":"2020-10-02T10:35:53+00:00","mainEntityOfPage":{"@id":"https:\/\/revistaidees.cat\/es\/sera-posible-salir-de-la-noria-chirriante-de-las-estrategias-de-transaccion-a-las-de-transformacion\/"},"wordCount":4972,"image":{"@id":"https:\/\/revistaidees.cat\/es\/sera-posible-salir-de-la-noria-chirriante-de-las-estrategias-de-transaccion-a-las-de-transformacion\/#primaryimage"},"thumbnailUrl":"https:\/\/i0.wp.com\/revistaidees.cat\/wp-content\/uploads\/2020\/10\/2-Twitter-6.jpg?fit=1024%2C512&ssl=1","articleSection":["El debate en el Estado"],"inLanguage":"es"},{"@type":"WebPage","@id":"https:\/\/revistaidees.cat\/es\/sera-posible-salir-de-la-noria-chirriante-de-las-estrategias-de-transaccion-a-las-de-transformacion\/","url":"https:\/\/revistaidees.cat\/es\/sera-posible-salir-de-la-noria-chirriante-de-las-estrategias-de-transaccion-a-las-de-transformacion\/","name":"\u00bfSer\u00e1 posible salir de la noria chirriante? De las estrategias de transacci\u00f3n a las de transformaci\u00f3n &#8211; IDEES","isPartOf":{"@id":"https:\/\/revistaidees.cat\/#website"},"primaryImageOfPage":{"@id":"https:\/\/revistaidees.cat\/es\/sera-posible-salir-de-la-noria-chirriante-de-las-estrategias-de-transaccion-a-las-de-transformacion\/#primaryimage"},"image":{"@id":"https:\/\/revistaidees.cat\/es\/sera-posible-salir-de-la-noria-chirriante-de-las-estrategias-de-transaccion-a-las-de-transformacion\/#primaryimage"},"thumbnailUrl":"https:\/\/i0.wp.com\/revistaidees.cat\/wp-content\/uploads\/2020\/10\/2-Twitter-6.jpg?fit=1024%2C512&ssl=1","datePublished":"2020-10-01T15:07:13+00:00","dateModified":"2020-10-02T10:35:53+00:00","author":{"@id":"https:\/\/revistaidees.cat\/#\/schema\/person\/23b13c8d154c858b03b5b4905ae0d5f6"},"breadcrumb":{"@id":"https:\/\/revistaidees.cat\/es\/sera-posible-salir-de-la-noria-chirriante-de-las-estrategias-de-transaccion-a-las-de-transformacion\/#breadcrumb"},"inLanguage":"es","potentialAction":[{"@type":"ReadAction","target":["https:\/\/revistaidees.cat\/es\/sera-posible-salir-de-la-noria-chirriante-de-las-estrategias-de-transaccion-a-las-de-transformacion\/"]}]},{"@type":"ImageObject","inLanguage":"es","@id":"https:\/\/revistaidees.cat\/es\/sera-posible-salir-de-la-noria-chirriante-de-las-estrategias-de-transaccion-a-las-de-transformacion\/#primaryimage","url":"https:\/\/i0.wp.com\/revistaidees.cat\/wp-content\/uploads\/2020\/10\/2-Twitter-6.jpg?fit=1024%2C512&ssl=1","contentUrl":"https:\/\/i0.wp.com\/revistaidees.cat\/wp-content\/uploads\/2020\/10\/2-Twitter-6.jpg?fit=1024%2C512&ssl=1","width":1024,"height":512,"caption":"En el art\u00edculo, Juan Claudio de Ram\u00f3n habla de desconcentrar las sedes del poder central y de la co-capitalidad. Hace 28 a\u00f1os, Pasqual Maragall ya hablaba de ello en una entrevista. Ilustraci\u00f3n: Marc Torices"},{"@type":"BreadcrumbList","@id":"https:\/\/revistaidees.cat\/es\/sera-posible-salir-de-la-noria-chirriante-de-las-estrategias-de-transaccion-a-las-de-transformacion\/#breadcrumb","itemListElement":[{"@type":"ListItem","position":1,"name":"Inici","item":"https:\/\/revistaidees.cat\/es\/"},{"@type":"ListItem","position":2,"name":"\u00bfSer\u00e1 posible salir de la noria chirriante? De las estrategias de transacci\u00f3n a las de transformaci\u00f3n"}]},{"@type":"WebSite","@id":"https:\/\/revistaidees.cat\/#website","url":"https:\/\/revistaidees.cat\/","name":"IDEES","description":"Revista de temas contempor\u00e1neos","potentialAction":[{"@type":"SearchAction","target":{"@type":"EntryPoint","urlTemplate":"https:\/\/revistaidees.cat\/?s={search_term_string}"},"query-input":{"@type":"PropertyValueSpecification","valueRequired":true,"valueName":"search_term_string"}}],"inLanguage":"es"},{"@type":"Person","@id":"https:\/\/revistaidees.cat\/#\/schema\/person\/23b13c8d154c858b03b5b4905ae0d5f6","name":"maria","image":{"@type":"ImageObject","inLanguage":"es","@id":"https:\/\/secure.gravatar.com\/avatar\/4abe985cb800e0b75c4c7bfc4fd0973825f533e0620f989a75661b23c3255192?s=96&d=mm&r=g","url":"https:\/\/secure.gravatar.com\/avatar\/4abe985cb800e0b75c4c7bfc4fd0973825f533e0620f989a75661b23c3255192?s=96&d=mm&r=g","contentUrl":"https:\/\/secure.gravatar.com\/avatar\/4abe985cb800e0b75c4c7bfc4fd0973825f533e0620f989a75661b23c3255192?s=96&d=mm&r=g","caption":"maria"}}]}},"jetpack_featured_media_url":"https:\/\/i0.wp.com\/revistaidees.cat\/wp-content\/uploads\/2020\/10\/2-Twitter-6.jpg?fit=1024%2C512&ssl=1","jetpack_sharing_enabled":true,"_links":{"self":[{"href":"https:\/\/revistaidees.cat\/es\/wp-json\/wp\/v2\/posts\/22632","targetHints":{"allow":["GET"]}}],"collection":[{"href":"https:\/\/revistaidees.cat\/es\/wp-json\/wp\/v2\/posts"}],"about":[{"href":"https:\/\/revistaidees.cat\/es\/wp-json\/wp\/v2\/types\/post"}],"author":[{"embeddable":true,"href":"https:\/\/revistaidees.cat\/es\/wp-json\/wp\/v2\/users\/3"}],"replies":[{"embeddable":true,"href":"https:\/\/revistaidees.cat\/es\/wp-json\/wp\/v2\/comments?post=22632"}],"version-history":[{"count":5,"href":"https:\/\/revistaidees.cat\/es\/wp-json\/wp\/v2\/posts\/22632\/revisions"}],"predecessor-version":[{"id":22724,"href":"https:\/\/revistaidees.cat\/es\/wp-json\/wp\/v2\/posts\/22632\/revisions\/22724"}],"wp:featuredmedia":[{"embeddable":true,"href":"https:\/\/revistaidees.cat\/es\/wp-json\/wp\/v2\/media\/22578"}],"wp:attachment":[{"href":"https:\/\/revistaidees.cat\/es\/wp-json\/wp\/v2\/media?parent=22632"}],"wp:term":[{"taxonomy":"category","embeddable":true,"href":"https:\/\/revistaidees.cat\/es\/wp-json\/wp\/v2\/categories?post=22632"},{"taxonomy":"post_tag","embeddable":true,"href":"https:\/\/revistaidees.cat\/es\/wp-json\/wp\/v2\/tags?post=22632"},{"taxonomy":"segment","embeddable":true,"href":"https:\/\/revistaidees.cat\/es\/wp-json\/wp\/v2\/segment?post=22632"},{"taxonomy":"subject","embeddable":true,"href":"https:\/\/revistaidees.cat\/es\/wp-json\/wp\/v2\/subject?post=22632"}],"curies":[{"name":"wp","href":"https:\/\/api.w.org\/{rel}","templated":true}]}}