{"id":24775,"date":"2020-11-02T20:21:20","date_gmt":"2020-11-02T20:21:20","guid":{"rendered":"https:\/\/revistaidees.cat\/?p=24775"},"modified":"2020-11-04T14:05:45","modified_gmt":"2020-11-04T14:05:45","slug":"antes-de-la-primavera-llega-el-invierno","status":"publish","type":"post","link":"https:\/\/revistaidees.cat\/es\/antes-de-la-primavera-llega-el-invierno\/","title":{"rendered":"Antes de la primavera llega el invierno"},"content":{"rendered":"\n<p class=\"wp-block-paragraph\">Jim Morrison ten\u00eda raz\u00f3n: \u201cLa gente es extra\u00f1a cuando t\u00fa eres un extra\u00f1o\u201d. Y las cosas a\u00fan se vuelven m\u00e1s extra\u00f1as cuando, de repente, un desconocido se materializa ante ti y te dice que algo terrible est\u00e1 acercando. La manera m\u00e1s razonable de tratar con un tonto as\u00ed es sonre\u00edr con compasi\u00f3n, hacer ver que lo escuchas y luego decir educadamente: \u00abGracias y adi\u00f3s\u00bb. Y s\u00f3lo cuando ya se ha ido puedes poner los ojos en blanco y soltar una risita. Probablemente esto es lo que ocurri\u00f3 en 2019 cuando termin\u00e9 la gira de presentaci\u00f3n de mi libro en la que di charlas en universidades como Stanford, Columbia, Seattle y Oxford, entre otras. Explicaba a la gente que una nueva y difusa forma de fascismo est\u00e1 a punto de llegar, primero en Europa y m\u00e1s adelante en Estados Unidos, y que es un tema mayor que Trump o los de su especie. Y lo advert\u00eda con tono precipitado, no precisamente porque tenga devoci\u00f3n por las democracias occidentales, sino porque cre\u00eda que es necesario que nos unamos, de manera solidaria y urgente, contra esta nueva especie de fascismo amorfo. Pod\u00eda parecer que no era el momento adecuado para hablar de ello, pero ahora que las elecciones estadounidenses est\u00e1n a la vuelta de la esquina y que las intenciones de Boris Johnson han quedado claras, no hago m\u00e1s que ver art\u00edculos de opini\u00f3n en medios internacionales que hallan consuelo en el hecho de que los Estados Unidos y el Reino Unido a\u00fan no est\u00e1n tan mal como Turqu\u00eda. Pero cuando se menciona constantemente un r\u00e9gimen oficialmente autocr\u00e1tico para expresar la gravedad de una situaci\u00f3n, significa sin duda que el problema ya se les ha escapado de las manos. <\/p>\n\n\n\n<div class=\"wp-block-columns is-layout-flex wp-container-core-columns-is-layout-8f761849 wp-block-columns-is-layout-flex\">\n<div class=\"wp-block-column is-layout-flow wp-block-column-is-layout-flow\" style=\"flex-basis:33.33%\">\n<blockquote class=\"wp-block-quote is-style-large is-layout-flow wp-block-quote-is-layout-flow\"><p>Despu\u00e9s de haber presenciado el m\u00e9todo perfecto del ascenso del autoritarismo en Turqu\u00eda durante m\u00e1s de una d\u00e9cada, entre 2016 y 2019 compar\u00e9 unos desarrollos pol\u00edticos similares en varios pa\u00edses europeos y en Estados Unidos<\/p><\/blockquote>\n<\/div>\n\n\n\n<div class=\"wp-block-column is-layout-flow wp-block-column-is-layout-flow\" style=\"flex-basis:66.66%\">\n<p class=\"wp-block-paragraph\">Despu\u00e9s de haber presenciado el m\u00e9todo perfecto del ascenso del autoritarismo en Turqu\u00eda durante m\u00e1s de una d\u00e9cada, entre 2016 y 2019 compar\u00e9 unos desarrollos pol\u00edticos similares en varios pa\u00edses europeos y en Estados Unidos. En pa\u00edses donde el populismo de derechas estaba al alza, la gente, aun creyendo que era un caso exclusivo de su pa\u00eds, sufri\u00f3 las mismas conmociones enloquecedoras y paralizantes que hab\u00eda experimentado Turqu\u00eda una d\u00e9cada atr\u00e1s. Los pa\u00edses eran evidentemente diferentes entre s\u00ed, pero, aparentemente, la gente como yo est\u00e1bamos perdiendo nuestro pa\u00eds de una manera no tan diferente: asist\u00edamos al deterioro moral y pol\u00edtico con estupefacci\u00f3n y confusi\u00f3n. Pens\u00e9 que comprender la locura es la \u00fanica manera de hacerle frente. As\u00ed que trat\u00e9 de desenredar el caos que reinaba en la pol\u00edtica mundial para averiguar qu\u00e9 l\u00f3gica hab\u00eda detr\u00e1s. Estaba convencida de que desmontar la m\u00e1quina pol\u00edtica para ver c\u00f3mo funciona era la \u00fanica manera de rebobinar, con la ayuda de la oposici\u00f3n mundial. Pero comprender en soledad es, probablemente, la mayor tragedia humana. Por ese motivo emprend\u00ed, como si fuera un circo de mala muerte, una gira mundial con el libro <em>C\u00f3mo perder un pa\u00eds: los siete pasos que van de la democracia a la dictadura<\/em>.<\/p>\n<\/div>\n<\/div>\n\n\n\n<h5 class=\"wp-block-heading\">Una ola global de autoritarismo<\/h5>\n\n\n\n<p class=\"wp-block-paragraph\">En pocas palabras, el libro dice: \u00abQuiz\u00e1s tengas una democracia madura y unas instituciones aparentemente fuertes, pero esto por lo que estamos pasando no es un delirio pasajero al que el pa\u00eds es inmune. La ola global de autoritarismo es la \u00faltima l\u00ednea de defensa de un neoliberalismo desgastado y, tarde o temprano, se volver\u00e1 m\u00e1s despiadado y demencial para mantener unido este despiadado sistema. Por este motivo debemos trabajar conjuntamente en solidaridad universal para hacer frente a esta cat\u00e1strofe.\u00bb Pretend\u00eda que los pueblos occidentales se saltaran el per\u00edodo en que se pierde el tiempo riendo, haciendo burla o en estado de confusi\u00f3n y que se situaran en el punto donde te das cuenta de que es un problema que s\u00f3lo puede resolverse mediante la uni\u00f3n internacional de la oposici\u00f3n.<\/p>\n\n\n\n<p class=\"wp-block-paragraph\">No fue un accidente pol\u00edtico ni una conspiraci\u00f3n rusa lo que dio a los americanos y los brit\u00e1nicos unos gobiernos de poca monta, sino una cuesti\u00f3n global que surge de la peor crisis sufrida por el capitalismo. El barro pol\u00edtico y moral que estamos combatiendo hoy en d\u00eda nos lo regal\u00f3 la avalancha neoliberal de los a\u00f1os ochenta. Lo que necesitamos es un nuevo acuerdo mundial, un nuevo contrato social. Los que piensan y escriben libros repitiendo que una vez Trump o Johnson hayan marchado, el problema desaparecer\u00e1, est\u00e1n simplemente equivocados. A estas alturas deber\u00eda ser claro como el agua que la democracia no puede sobrevivir sin la justicia social. En 2020, afortunadamente, millones de ciudadanos de pa\u00edses occidentales lo entendieron y, contra todo pron\u00f3stico, apoyaron l\u00edderes pol\u00edticos como Bernard Sanders o Jeremy Corbyn, a quien la oposici\u00f3n que forma parte del establishment hab\u00eda apartado de la carrera pol\u00edtica. As\u00ed pues, hoy podemos reconocer e identificar otro patr\u00f3n en la pol\u00edtica mundial: tanto los autoritarios como sus oponentes est\u00e1n actuando exactamente de la misma manera; una manera que es, simplemente, equivocada.<\/p>\n\n\n\n<p class=\"wp-block-paragraph\">En los pa\u00edses donde la nueva forma de fascismo entra en el escenario principal de la pol\u00edtica, la oposici\u00f3n y las fuerzas democr\u00e1ticas se encuentran en una posici\u00f3n contradictoria. En tanto que el establishment pol\u00edtico actual se siente amenazado por los implacables aut\u00f3cratas, la oposici\u00f3n se ve forzada a jugar dos papeles de manera simult\u00e1nea: proteger la clase pol\u00edtica corrupta y prometer que la mejorar\u00e1 mientras intenta marcar las diferencias entre su discurso y el del populismo anti establishment de derechas. Pero proteger el establishment del dirigente actual mientras se est\u00e1 en la oposici\u00f3n es, pr\u00e1cticamente, ir contra las leyes de la l\u00f3gica. En todos los pa\u00edses donde el discurso anti establishment est\u00e1 en auge, las promesas de la oposici\u00f3n progresista han comenzado a sonar, de repente, demasiado suaves. La oposici\u00f3n que forma parte del establishment, y a veces incluso los progresistas que no forman parte de \u00e9l, dividen su discurso pol\u00edtico en dos vectores opuestos: est\u00e1n a favor y en contra, al mismo tiempo. En pa\u00edses donde se sufre la fuerza destructiva del populismo de derechas, proteger el establishment empieza a parecer prioritario. Por esta raz\u00f3n, la oposici\u00f3n decide apoyar la \u00abopci\u00f3n m\u00e1s razonable\u00bb. En el caso americano, es Biden; y en Francia se escudaron detr\u00e1s de Macron. En Turqu\u00eda tambi\u00e9n tuvimos nuestro Biden. Y creedme cuando os digo que todos los pa\u00edses que han tenido un Trump fueron tan brillantes como los dem\u00f3cratas americanos o los progresistas franceses para inventarse un Biden o un Macron propio. El p\u00e1nico que se respira en el ambiente no permite elegir la opci\u00f3n que realmente moviliza el pueblo hacia un nuevo acuerdo leg\u00edtimo, que probablemente descolocar\u00eda la oposici\u00f3n tanto como herir\u00eda el populismo de derechas. Ni que decir tiene que sustituir los Bernies por Bidens nunca ha funcionado a largo plazo en ninguno de los pa\u00edses que han pasado por la misma calamidad pol\u00edtica. Como el problema es un error sist\u00e9mico, enseguida queda claro que la emergente atm\u00f3sfera pol\u00edtica con los movimientos fascistas y progresistas persistir\u00e1, aunque el establishment gane y pueda gobernar, con la opci\u00f3n m\u00e1s razonable, para fortificar el ya da\u00f1ado castillo del sistema. Durante este doloroso per\u00edodo en que nace el nuevo sistema, hay otro patr\u00f3n global que, no se sabe c\u00f3mo, acaba beneficiando las inclinaciones autoritarias.<\/p>\n\n\n\n<div class=\"wp-block-columns is-layout-flex wp-container-core-columns-is-layout-8f761849 wp-block-columns-is-layout-flex\">\n<div class=\"wp-block-column is-layout-flow wp-block-column-is-layout-flow\" style=\"flex-basis:33.33%\">\n<blockquote class=\"wp-block-quote is-style-large is-layout-flow wp-block-quote-is-layout-flow\"><p>La ola global de autoritarismo y el barro pol\u00edtico y moral que estamos combatiendo hoy es la \u00faltima l\u00ednea de defensa de un neoliberalismo desgastado que se volver\u00e1 m\u00e1s despiadado y demencial. Lo que necesitamos es un nuevo acuerdo mundial, un nuevo contrato social. La democracia no puede sobrevivir sin la justicia social<\/p><\/blockquote>\n<\/div>\n\n\n\n<div class=\"wp-block-column is-layout-flow wp-block-column-is-layout-flow\" style=\"flex-basis:66.66%\">\n<p class=\"wp-block-paragraph\">Mi hermano es director de cine y vive en Estados Unidos, en Atlanta. A menudo discutimos sobre por qu\u00e9 las izquierdas manifiestan su odio hacia la oposici\u00f3n, que forma parte del establishment, m\u00e1s que hacia el fascismo. Es de locos ver como ocurre exactamente lo mismo tanto en EEUU como en Turqu\u00eda. Y el caso brit\u00e1nico no es diferente. Aunque hablen lenguas diferentes, la similitud del vocabulario que se utiliza para expresar el odio hacia la oposici\u00f3n progresista llama mucho la atenci\u00f3n. Y el nihilismo que se genera debido al discurso del odio ha apaciguado, y contin\u00faa apaciguando, los \u00e1nimos en estos pa\u00edses. No estoy advirtiendo la izquierda americana o brit\u00e1nica para que dejen de criticar a los dem\u00f3cratas o a Partido laborista, sino que les pido que reconozcan el entusiasmo que todos compartimos a la hora de criticar la oposici\u00f3n. Es mejor ser conscientes de que este extra\u00f1o placer que sentimos cuando damos un buen golpe a la oposici\u00f3n del establishment tiene algo de autodesprecio derivado del derrotismo. Este clima pol\u00edtico y emocional no hace m\u00e1s que propiciar la autodestrucci\u00f3n. S\u00e9 que no hay palabras que puedan hacer desaparecer el nihilismo y la reticencia que la izquierda est\u00e1 sufriendo en estos momentos. Hemos dejado atr\u00e1s la \u00e9poca en que las masas cre\u00edan en las palabras. Lo que de verdad puede activar la materia humana que llevamos dentro es la acci\u00f3n pol\u00edtica. Actuar es el \u00fanico remedio para nuestras decepciones y miedos. Quiz\u00e1s la acci\u00f3n no funciona siempre, pero es la \u00fanica manera que la humanidad conoce para acabar con esta inercia enfermiza. Y ahora, a pesar de que estamos en el peor de los momentos, las masas saben y demuestran que lo entienden.<\/p>\n<\/div>\n<\/div>\n\n\n\n<h5 class=\"wp-block-heading\">Entender y actuar<\/h5>\n\n\n\n<p class=\"wp-block-paragraph\">Despu\u00e9s de haber sido la Casandra de la geopol\u00edtica durante un momento, os dejo un pedacito de la compasi\u00f3n de Mary Poppins: Todo lo que estamos viviendo de manera global, tanto en la pol\u00edtica como en la naturaleza, sobrepasa los l\u00edmites de lo que pod\u00edamos llegar a imaginar sobre el mundo y la humanidad. Sentir rabia, odio y una tremenda decepci\u00f3n es natural. Sin embargo, expresar estas emociones desde los m\u00e1rgenes del establishment pol\u00edtico dif\u00edcilmente puede considerarse una acci\u00f3n pol\u00edtica. Comprender y actuar. Nos hemos visto obligados a separar estos dos aspectos de la pol\u00edtica durante demasiado tiempo y ya ha llegado la hora de darnos cuenta de que son dos acciones org\u00e1nicamente entrelazadas e inseparables. Hasta donde alcanza mi entender, en las calles de todo el mundo cada vez hay m\u00e1s y m\u00e1s gente que tiene clara esta realidad. Hay un movimiento que est\u00e1 madurando entre la poblaci\u00f3n. No se trata del famoso \u00abfantasma que recorre Europa\u00bb del que hablaba Marx. Este esp\u00edritu que nos sobrevuela a\u00fan no tiene nombre ni rumbo, aunque es m\u00e1s grande y temerario. El movimiento <em>Black Lives Matter<\/em> en Estados Unidos y las protestas en Hungr\u00eda han sido las acciones pioneras de este \u00abfantasma\u00bb. Todos y cada uno de nosotros debemos tomar estas acciones muy en serio, no s\u00f3lo porque relatan la verdad de nuestra \u00e9poca, sino tambi\u00e9n porque se han llevado a cabo arriesg\u00e1ndose a una muerte por asfixia, tambi\u00e9n conocida como COVID-19. En un momento en que salir a la calle y acercarse a otros seres humanos supon\u00eda arriesgar la vida, millones de personas no dudaron ni un segundo en asumir el riesgo, y eso quiere decir algo. Este tipo de energ\u00eda pol\u00edtica no puede, y quiz\u00e1s no deber\u00eda, limitarse a formar parte de la oposici\u00f3n convencional.<\/p>\n\n\n\n<p class=\"wp-block-paragraph\">Nos espera un invierno extra\u00f1o. Sin duda ser\u00e1 el invierno de nuestro descontento. La pobreza y el hambre encabezar\u00e1n la lista de los problemas mundiales. Tanto los reg\u00edmenes autoritarios y pomposos como las oposiciones \u00abrazonables\u00bb que forman parte del establishment deber\u00e1n pasar el examen de la peor crisis econ\u00f3mica de la era moderna. No habr\u00e1 consuelo para tanta furia. Seremos testigos del nacimiento de lo nuevo y de la muerte de lo viejo, y no ser\u00e1 agradable. Pero como he dicho antes, s\u00f3lo la comprensi\u00f3n y la acci\u00f3n, y su unidad inseparable, nos ayudar\u00e1n a sobrevivir a este maldito invierno. Seguro que la primavera aparecer\u00e1 al final del t\u00fanel, pero seguro que todos deberemos poner toda la atenci\u00f3n y esfuerzo en hacer que este invierno pase, y que pase humanamente. Hasta aqu\u00ed una extra\u00f1a hablando de estos horribles hechos. Espero que los consider\u00e9is como obsequios procedentes del futuro y no como pron\u00f3sticos de mala suerte.<\/p>\n","protected":false},"excerpt":{"rendered":"<p>Jim Morrison ten\u00eda raz\u00f3n: \u201cLa gente es extra\u00f1a cuando t\u00fa eres un extra\u00f1o\u201d. Y las cosas a\u00fan se vuelven m\u00e1s extra\u00f1as cuando, de repente, un desconocido se materializa ante ti y te dice que algo terrible est\u00e1 acercando. La manera m\u00e1s razonable de tratar con un tonto as\u00ed es sonre\u00edr con compasi\u00f3n, hacer ver que lo escuchas y luego decir educadamente: \u00abGracias y adi\u00f3s\u00bb. Y s\u00f3lo cuando ya se ha ido puedes poner los ojos en blanco y soltar una risita. Probablemente esto es lo que ocurri\u00f3 en 2019 cuando termin\u00e9 la gira de presentaci\u00f3n de mi libro en la\u2026<\/p>\n","protected":false},"author":3,"featured_media":25446,"parent":0,"comment_status":"closed","ping_status":"closed","sticky":false,"template":"","format":"standard","meta":{"_acf_changed":false,"inline_featured_image":false,"_jetpack_newsletter_access":"","_jetpack_dont_email_post_to_subs":false,"_jetpack_newsletter_tier_id":0,"_jetpack_memberships_contains_paywalled_content":false,"_wpcom_ai_launchpad_first_post":false,"_jetpack_feature_clip_id":0,"_jetpack_memberships_contains_paid_content":false,"footnotes":"","jetpack_post_was_ever_published":false},"categories":[278],"tags":[],"segment":[],"subject":[],"class_list":["post-24775","post","type-post","status-publish","format-standard","has-post-thumbnail","hentry","category-feixisme-i-nacional-populisme-es"],"acf":[],"yoast_head":"<!-- This site is optimized with the Yoast SEO plugin v28.4 - https:\/\/yoast.com\/product\/yoast-seo-wordpress\/ -->\n<title>Antes de la primavera llega el invierno &#8211; IDEES<\/title>\n<meta name=\"robots\" content=\"index, follow, max-snippet:-1, max-image-preview:large, max-video-preview:-1\" \/>\n<link rel=\"canonical\" href=\"https:\/\/revistaidees.cat\/es\/antes-de-la-primavera-llega-el-invierno\/\" \/>\n<meta property=\"og:locale\" content=\"es_ES\" \/>\n<meta property=\"og:type\" content=\"article\" \/>\n<meta property=\"og:title\" content=\"Antes de la primavera llega el invierno &#8211; IDEES\" \/>\n<meta property=\"og:description\" content=\"Jim Morrison ten\u00eda raz\u00f3n: \u201cLa gente es extra\u00f1a cuando t\u00fa eres un extra\u00f1o\u201d. Y las cosas a\u00fan se vuelven m\u00e1s extra\u00f1as cuando, de repente, un desconocido se materializa ante ti y te dice que algo terrible est\u00e1 acercando. La manera m\u00e1s razonable de tratar con un tonto as\u00ed es sonre\u00edr con compasi\u00f3n, hacer ver que lo escuchas y luego decir educadamente: \u00abGracias y adi\u00f3s\u00bb. Y s\u00f3lo cuando ya se ha ido puedes poner los ojos en blanco y soltar una risita. Probablemente esto es lo que ocurri\u00f3 en 2019 cuando termin\u00e9 la gira de presentaci\u00f3n de mi libro en la\u2026\" \/>\n<meta property=\"og:url\" content=\"https:\/\/revistaidees.cat\/es\/antes-de-la-primavera-llega-el-invierno\/\" \/>\n<meta property=\"og:site_name\" content=\"IDEES\" \/>\n<meta property=\"article:published_time\" content=\"2020-11-02T20:21:20+00:00\" \/>\n<meta property=\"article:modified_time\" content=\"2020-11-04T14:05:45+00:00\" \/>\n<meta property=\"og:image\" content=\"https:\/\/i0.wp.com\/revistaidees.cat\/wp-content\/uploads\/2020\/11\/20200311_2_41300473_52976435.jpg?fit=2000%2C1389&ssl=1\" \/>\n\t<meta property=\"og:image:width\" content=\"2000\" \/>\n\t<meta property=\"og:image:height\" content=\"1389\" \/>\n\t<meta property=\"og:image:type\" content=\"image\/jpeg\" \/>\n<meta name=\"author\" content=\"maria\" \/>\n<meta name=\"twitter:card\" content=\"summary_large_image\" \/>\n<meta name=\"twitter:label1\" content=\"Escrito por\" \/>\n\t<meta name=\"twitter:data1\" content=\"maria\" \/>\n\t<meta name=\"twitter:label2\" content=\"Tiempo de lectura\" \/>\n\t<meta name=\"twitter:data2\" content=\"11 minutos\" \/>\n<script type=\"application\/ld+json\" class=\"yoast-schema-graph\">{\"@context\":\"https:\\\/\\\/schema.org\",\"@graph\":[{\"@type\":\"Article\",\"@id\":\"https:\\\/\\\/revistaidees.cat\\\/es\\\/antes-de-la-primavera-llega-el-invierno\\\/#article\",\"isPartOf\":{\"@id\":\"https:\\\/\\\/revistaidees.cat\\\/es\\\/antes-de-la-primavera-llega-el-invierno\\\/\"},\"author\":{\"name\":\"maria\",\"@id\":\"https:\\\/\\\/revistaidees.cat\\\/#\\\/schema\\\/person\\\/23b13c8d154c858b03b5b4905ae0d5f6\"},\"headline\":\"Antes de la primavera llega el invierno\",\"datePublished\":\"2020-11-02T20:21:20+00:00\",\"dateModified\":\"2020-11-04T14:05:45+00:00\",\"mainEntityOfPage\":{\"@id\":\"https:\\\/\\\/revistaidees.cat\\\/es\\\/antes-de-la-primavera-llega-el-invierno\\\/\"},\"wordCount\":2219,\"image\":{\"@id\":\"https:\\\/\\\/revistaidees.cat\\\/es\\\/antes-de-la-primavera-llega-el-invierno\\\/#primaryimage\"},\"thumbnailUrl\":\"https:\\\/\\\/i0.wp.com\\\/revistaidees.cat\\\/wp-content\\\/uploads\\\/2020\\\/11\\\/20200311_2_41300473_52976435.jpg?fit=2000%2C1389&ssl=1\",\"articleSection\":[\"Fascismo y nacional-populismo\"],\"inLanguage\":\"es\"},{\"@type\":\"WebPage\",\"@id\":\"https:\\\/\\\/revistaidees.cat\\\/es\\\/antes-de-la-primavera-llega-el-invierno\\\/\",\"url\":\"https:\\\/\\\/revistaidees.cat\\\/es\\\/antes-de-la-primavera-llega-el-invierno\\\/\",\"name\":\"Antes de la primavera llega el invierno &#8211; IDEES\",\"isPartOf\":{\"@id\":\"https:\\\/\\\/revistaidees.cat\\\/#website\"},\"primaryImageOfPage\":{\"@id\":\"https:\\\/\\\/revistaidees.cat\\\/es\\\/antes-de-la-primavera-llega-el-invierno\\\/#primaryimage\"},\"image\":{\"@id\":\"https:\\\/\\\/revistaidees.cat\\\/es\\\/antes-de-la-primavera-llega-el-invierno\\\/#primaryimage\"},\"thumbnailUrl\":\"https:\\\/\\\/i0.wp.com\\\/revistaidees.cat\\\/wp-content\\\/uploads\\\/2020\\\/11\\\/20200311_2_41300473_52976435.jpg?fit=2000%2C1389&ssl=1\",\"datePublished\":\"2020-11-02T20:21:20+00:00\",\"dateModified\":\"2020-11-04T14:05:45+00:00\",\"author\":{\"@id\":\"https:\\\/\\\/revistaidees.cat\\\/#\\\/schema\\\/person\\\/23b13c8d154c858b03b5b4905ae0d5f6\"},\"breadcrumb\":{\"@id\":\"https:\\\/\\\/revistaidees.cat\\\/es\\\/antes-de-la-primavera-llega-el-invierno\\\/#breadcrumb\"},\"inLanguage\":\"es\",\"potentialAction\":[{\"@type\":\"ReadAction\",\"target\":[\"https:\\\/\\\/revistaidees.cat\\\/es\\\/antes-de-la-primavera-llega-el-invierno\\\/\"]}]},{\"@type\":\"ImageObject\",\"inLanguage\":\"es\",\"@id\":\"https:\\\/\\\/revistaidees.cat\\\/es\\\/antes-de-la-primavera-llega-el-invierno\\\/#primaryimage\",\"url\":\"https:\\\/\\\/i0.wp.com\\\/revistaidees.cat\\\/wp-content\\\/uploads\\\/2020\\\/11\\\/20200311_2_41300473_52976435.jpg?fit=2000%2C1389&ssl=1\",\"contentUrl\":\"https:\\\/\\\/i0.wp.com\\\/revistaidees.cat\\\/wp-content\\\/uploads\\\/2020\\\/11\\\/20200311_2_41300473_52976435.jpg?fit=2000%2C1389&ssl=1\",\"width\":2000,\"height\":1389,\"caption\":\"El presidente turco, Erdo\u011fan, durante un discurso en la reuni\u00f3n del grupo parlamentario de su partido, el 11 de marzo de 2020. Fotograf\u00eda: Partido de la Justicia y el Desarrollo \\\/ AKP\"},{\"@type\":\"BreadcrumbList\",\"@id\":\"https:\\\/\\\/revistaidees.cat\\\/es\\\/antes-de-la-primavera-llega-el-invierno\\\/#breadcrumb\",\"itemListElement\":[{\"@type\":\"ListItem\",\"position\":1,\"name\":\"Inici\",\"item\":\"https:\\\/\\\/revistaidees.cat\\\/es\\\/\"},{\"@type\":\"ListItem\",\"position\":2,\"name\":\"Antes de la primavera llega el invierno\"}]},{\"@type\":\"WebSite\",\"@id\":\"https:\\\/\\\/revistaidees.cat\\\/#website\",\"url\":\"https:\\\/\\\/revistaidees.cat\\\/\",\"name\":\"IDEES\",\"description\":\"Revista de temas contempor\u00e1neos\",\"potentialAction\":[{\"@type\":\"SearchAction\",\"target\":{\"@type\":\"EntryPoint\",\"urlTemplate\":\"https:\\\/\\\/revistaidees.cat\\\/?s={search_term_string}\"},\"query-input\":{\"@type\":\"PropertyValueSpecification\",\"valueRequired\":true,\"valueName\":\"search_term_string\"}}],\"inLanguage\":\"es\"},{\"@type\":\"Person\",\"@id\":\"https:\\\/\\\/revistaidees.cat\\\/#\\\/schema\\\/person\\\/23b13c8d154c858b03b5b4905ae0d5f6\",\"name\":\"maria\",\"image\":{\"@type\":\"ImageObject\",\"inLanguage\":\"es\",\"@id\":\"https:\\\/\\\/secure.gravatar.com\\\/avatar\\\/4abe985cb800e0b75c4c7bfc4fd0973825f533e0620f989a75661b23c3255192?s=96&d=mm&r=g\",\"url\":\"https:\\\/\\\/secure.gravatar.com\\\/avatar\\\/4abe985cb800e0b75c4c7bfc4fd0973825f533e0620f989a75661b23c3255192?s=96&d=mm&r=g\",\"contentUrl\":\"https:\\\/\\\/secure.gravatar.com\\\/avatar\\\/4abe985cb800e0b75c4c7bfc4fd0973825f533e0620f989a75661b23c3255192?s=96&d=mm&r=g\",\"caption\":\"maria\"}}]}<\/script>\n<!-- \/ Yoast SEO plugin. -->","yoast_head_json":{"title":"Antes de la primavera llega el invierno &#8211; IDEES","robots":{"index":"index","follow":"follow","max-snippet":"max-snippet:-1","max-image-preview":"max-image-preview:large","max-video-preview":"max-video-preview:-1"},"canonical":"https:\/\/revistaidees.cat\/es\/antes-de-la-primavera-llega-el-invierno\/","og_locale":"es_ES","og_type":"article","og_title":"Antes de la primavera llega el invierno &#8211; IDEES","og_description":"Jim Morrison ten\u00eda raz\u00f3n: \u201cLa gente es extra\u00f1a cuando t\u00fa eres un extra\u00f1o\u201d. Y las cosas a\u00fan se vuelven m\u00e1s extra\u00f1as cuando, de repente, un desconocido se materializa ante ti y te dice que algo terrible est\u00e1 acercando. La manera m\u00e1s razonable de tratar con un tonto as\u00ed es sonre\u00edr con compasi\u00f3n, hacer ver que lo escuchas y luego decir educadamente: \u00abGracias y adi\u00f3s\u00bb. Y s\u00f3lo cuando ya se ha ido puedes poner los ojos en blanco y soltar una risita. Probablemente esto es lo que ocurri\u00f3 en 2019 cuando termin\u00e9 la gira de presentaci\u00f3n de mi libro en la\u2026","og_url":"https:\/\/revistaidees.cat\/es\/antes-de-la-primavera-llega-el-invierno\/","og_site_name":"IDEES","article_published_time":"2020-11-02T20:21:20+00:00","article_modified_time":"2020-11-04T14:05:45+00:00","og_image":[{"width":2000,"height":1389,"url":"https:\/\/i0.wp.com\/revistaidees.cat\/wp-content\/uploads\/2020\/11\/20200311_2_41300473_52976435.jpg?fit=2000%2C1389&ssl=1","type":"image\/jpeg"}],"author":"maria","twitter_card":"summary_large_image","twitter_misc":{"Escrito por":"maria","Tiempo de lectura":"11 minutos"},"schema":{"@context":"https:\/\/schema.org","@graph":[{"@type":"Article","@id":"https:\/\/revistaidees.cat\/es\/antes-de-la-primavera-llega-el-invierno\/#article","isPartOf":{"@id":"https:\/\/revistaidees.cat\/es\/antes-de-la-primavera-llega-el-invierno\/"},"author":{"name":"maria","@id":"https:\/\/revistaidees.cat\/#\/schema\/person\/23b13c8d154c858b03b5b4905ae0d5f6"},"headline":"Antes de la primavera llega el invierno","datePublished":"2020-11-02T20:21:20+00:00","dateModified":"2020-11-04T14:05:45+00:00","mainEntityOfPage":{"@id":"https:\/\/revistaidees.cat\/es\/antes-de-la-primavera-llega-el-invierno\/"},"wordCount":2219,"image":{"@id":"https:\/\/revistaidees.cat\/es\/antes-de-la-primavera-llega-el-invierno\/#primaryimage"},"thumbnailUrl":"https:\/\/i0.wp.com\/revistaidees.cat\/wp-content\/uploads\/2020\/11\/20200311_2_41300473_52976435.jpg?fit=2000%2C1389&ssl=1","articleSection":["Fascismo y nacional-populismo"],"inLanguage":"es"},{"@type":"WebPage","@id":"https:\/\/revistaidees.cat\/es\/antes-de-la-primavera-llega-el-invierno\/","url":"https:\/\/revistaidees.cat\/es\/antes-de-la-primavera-llega-el-invierno\/","name":"Antes de la primavera llega el invierno &#8211; IDEES","isPartOf":{"@id":"https:\/\/revistaidees.cat\/#website"},"primaryImageOfPage":{"@id":"https:\/\/revistaidees.cat\/es\/antes-de-la-primavera-llega-el-invierno\/#primaryimage"},"image":{"@id":"https:\/\/revistaidees.cat\/es\/antes-de-la-primavera-llega-el-invierno\/#primaryimage"},"thumbnailUrl":"https:\/\/i0.wp.com\/revistaidees.cat\/wp-content\/uploads\/2020\/11\/20200311_2_41300473_52976435.jpg?fit=2000%2C1389&ssl=1","datePublished":"2020-11-02T20:21:20+00:00","dateModified":"2020-11-04T14:05:45+00:00","author":{"@id":"https:\/\/revistaidees.cat\/#\/schema\/person\/23b13c8d154c858b03b5b4905ae0d5f6"},"breadcrumb":{"@id":"https:\/\/revistaidees.cat\/es\/antes-de-la-primavera-llega-el-invierno\/#breadcrumb"},"inLanguage":"es","potentialAction":[{"@type":"ReadAction","target":["https:\/\/revistaidees.cat\/es\/antes-de-la-primavera-llega-el-invierno\/"]}]},{"@type":"ImageObject","inLanguage":"es","@id":"https:\/\/revistaidees.cat\/es\/antes-de-la-primavera-llega-el-invierno\/#primaryimage","url":"https:\/\/i0.wp.com\/revistaidees.cat\/wp-content\/uploads\/2020\/11\/20200311_2_41300473_52976435.jpg?fit=2000%2C1389&ssl=1","contentUrl":"https:\/\/i0.wp.com\/revistaidees.cat\/wp-content\/uploads\/2020\/11\/20200311_2_41300473_52976435.jpg?fit=2000%2C1389&ssl=1","width":2000,"height":1389,"caption":"El presidente turco, Erdo\u011fan, durante un discurso en la reuni\u00f3n del grupo parlamentario de su partido, el 11 de marzo de 2020. Fotograf\u00eda: Partido de la Justicia y el Desarrollo \/ AKP"},{"@type":"BreadcrumbList","@id":"https:\/\/revistaidees.cat\/es\/antes-de-la-primavera-llega-el-invierno\/#breadcrumb","itemListElement":[{"@type":"ListItem","position":1,"name":"Inici","item":"https:\/\/revistaidees.cat\/es\/"},{"@type":"ListItem","position":2,"name":"Antes de la primavera llega el invierno"}]},{"@type":"WebSite","@id":"https:\/\/revistaidees.cat\/#website","url":"https:\/\/revistaidees.cat\/","name":"IDEES","description":"Revista de temas contempor\u00e1neos","potentialAction":[{"@type":"SearchAction","target":{"@type":"EntryPoint","urlTemplate":"https:\/\/revistaidees.cat\/?s={search_term_string}"},"query-input":{"@type":"PropertyValueSpecification","valueRequired":true,"valueName":"search_term_string"}}],"inLanguage":"es"},{"@type":"Person","@id":"https:\/\/revistaidees.cat\/#\/schema\/person\/23b13c8d154c858b03b5b4905ae0d5f6","name":"maria","image":{"@type":"ImageObject","inLanguage":"es","@id":"https:\/\/secure.gravatar.com\/avatar\/4abe985cb800e0b75c4c7bfc4fd0973825f533e0620f989a75661b23c3255192?s=96&d=mm&r=g","url":"https:\/\/secure.gravatar.com\/avatar\/4abe985cb800e0b75c4c7bfc4fd0973825f533e0620f989a75661b23c3255192?s=96&d=mm&r=g","contentUrl":"https:\/\/secure.gravatar.com\/avatar\/4abe985cb800e0b75c4c7bfc4fd0973825f533e0620f989a75661b23c3255192?s=96&d=mm&r=g","caption":"maria"}}]}},"jetpack_sharing_enabled":true,"jetpack_featured_media_url":"https:\/\/i0.wp.com\/revistaidees.cat\/wp-content\/uploads\/2020\/11\/20200311_2_41300473_52976435.jpg?fit=2000%2C1389&ssl=1","_links":{"self":[{"href":"https:\/\/revistaidees.cat\/es\/wp-json\/wp\/v2\/posts\/24775","targetHints":{"allow":["GET"]}}],"collection":[{"href":"https:\/\/revistaidees.cat\/es\/wp-json\/wp\/v2\/posts"}],"about":[{"href":"https:\/\/revistaidees.cat\/es\/wp-json\/wp\/v2\/types\/post"}],"author":[{"embeddable":true,"href":"https:\/\/revistaidees.cat\/es\/wp-json\/wp\/v2\/users\/3"}],"replies":[{"embeddable":true,"href":"https:\/\/revistaidees.cat\/es\/wp-json\/wp\/v2\/comments?post=24775"}],"version-history":[{"count":5,"href":"https:\/\/revistaidees.cat\/es\/wp-json\/wp\/v2\/posts\/24775\/revisions"}],"predecessor-version":[{"id":25848,"href":"https:\/\/revistaidees.cat\/es\/wp-json\/wp\/v2\/posts\/24775\/revisions\/25848"}],"wp:featuredmedia":[{"embeddable":true,"href":"https:\/\/revistaidees.cat\/es\/wp-json\/wp\/v2\/media\/25446"}],"wp:attachment":[{"href":"https:\/\/revistaidees.cat\/es\/wp-json\/wp\/v2\/media?parent=24775"}],"wp:term":[{"taxonomy":"category","embeddable":true,"href":"https:\/\/revistaidees.cat\/es\/wp-json\/wp\/v2\/categories?post=24775"},{"taxonomy":"post_tag","embeddable":true,"href":"https:\/\/revistaidees.cat\/es\/wp-json\/wp\/v2\/tags?post=24775"},{"taxonomy":"segment","embeddable":true,"href":"https:\/\/revistaidees.cat\/es\/wp-json\/wp\/v2\/segment?post=24775"},{"taxonomy":"subject","embeddable":true,"href":"https:\/\/revistaidees.cat\/es\/wp-json\/wp\/v2\/subject?post=24775"}],"curies":[{"name":"wp","href":"https:\/\/api.w.org\/{rel}","templated":true}]}}