{"id":25521,"date":"2020-11-03T00:31:24","date_gmt":"2020-11-03T00:31:24","guid":{"rendered":"https:\/\/revistaidees.cat\/?p=25521"},"modified":"2020-11-03T08:47:09","modified_gmt":"2020-11-03T08:47:09","slug":"una-enmienda-a-la-totalidad","status":"publish","type":"post","link":"https:\/\/revistaidees.cat\/es\/una-enmienda-a-la-totalidad\/","title":{"rendered":"Una enmienda a la totalidad"},"content":{"rendered":"\n<p>Es dif\u00edcil analizar los acontecimientos del oto\u00f1o de 2017 y todo lo que vino despu\u00e9s si no se parte de una premisa b\u00e1sica: los partidos que actualmente gobiernan en Catalunya no saben c\u00f3mo hacer la independencia porque nunca han cre\u00eddo del todo que la independencia fuera posible. No es que no la quieran, es que les parece demasiado dif\u00edcil. La serie de desprop\u00f3sitos que se desencadenaron despu\u00e9s del 1 de octubre -y en los que voy a entrar a lo largo de este art\u00edculo tambi\u00e9n tienen que ver con esto y habr\u00eda que separarlo de las acusaciones de \u00abtraidores\u00bb e \u00abhiperventilados\u00bb que a menudo se han espetado unos a otros para evitar ir al n\u00facleo del problema.<\/p>\n\n\n\n<p>Al mismo tiempo, sin embargo, estos mismos partidos necesitan la idea de la independencia para ganar elecciones. Esto funcionaba sin muchos inconvenientes antes del 1 de octubre, en que efectivamente hubo la oportunidad de culminar una aspiraci\u00f3n supuestamente compartida -o al menos intentarlo. Despu\u00e9s del 1 de octubre ha sido necesario activar otras armas electorales, relacionadas con la represi\u00f3n, que est\u00e1n funcionando con bastante \u00e9xito. Ahora bien, el camino que han elegido los partidos que actualmente gobiernan la Generalitat no se puede transitar sin una degradaci\u00f3n de las instituciones y un vaciado de las palabras que ser\u00e1n muy dif\u00edciles de revertir y que el proceso, tal como se concibi\u00f3, ya presagiaba desde el principio. El 1 de octubre fue, en este sentido, un punto de no retorno.<\/p>\n\n\n\n<div class=\"wp-block-columns is-layout-flex wp-container-core-columns-is-layout-9d6595d7 wp-block-columns-is-layout-flex\">\n<div class=\"wp-block-column is-layout-flow wp-block-column-is-layout-flow\" style=\"flex-basis:33.33%\">\n<blockquote class=\"wp-block-quote is-style-large is-layout-flow wp-block-quote-is-layout-flow\"><p>Los partidos que gobiernan en Catalunya no saben c\u00f3mo hacer la independencia porque nunca han cre\u00eddo del todo que fuera posible<\/p><\/blockquote>\n<\/div>\n\n\n\n<div class=\"wp-block-column is-layout-flow wp-block-column-is-layout-flow\" style=\"flex-basis:66.66%\">\n<p>En este art\u00edculo intentar\u00e9 analizar todo esto, empezando por el oto\u00f1o de 2017 y los subterfugios diversos que se han hecho circular con posterioridad para describir aquella victoria convertida en fracaso. Tambi\u00e9n hablar\u00e9 de las secuelas que ha dejado aquel oto\u00f1o y de c\u00f3mo creo que los partidos que nos llevaron hasta all\u00ed pretenden -a mi entender, err\u00f3neamente- encarar el futuro. Finalmente, har\u00e9 una breve pincelada de lo que creo que le falta al independentismo, que es b\u00e1sicamente darle la vuelta al marco y hacerse a s\u00ed mismo una enmienda a la totalidad.<\/p>\n<\/div>\n<\/div>\n\n\n\n<h5 class=\"wp-block-heading\">El oto\u00f1o de 2017<\/h5>\n\n\n\n<p>Con el relato del 9N agotado y tras prometer la independencia en 18 meses en tras elecciones plebiscitarias con lista conjunta, el gobierno Puigdemont\/Junqueras empieza a caminar con la necesidad de dar un salto en la historia del <em>proc\u00e9s<\/em> y seguir alimentando la rueda. La propuesta de una peque\u00f1a parte del independentismo de celebrar un refer\u00e9ndum oficial y vinculante se abraz\u00f3 con poco convencimiento, pero poco a poco fue tomando forma en el imaginario de la gente y en la opini\u00f3n p\u00fablica. Poco se pod\u00edan pensar los promotores de aquel manifiesto de julio de 2016 que su idea acabar\u00eda siendo abrazada por los que lo ten\u00edan que llevar a cabo, exactamente como terminan todas las ideas que son universales cuando pasan por la pol\u00edtica catalana: manoseadas hasta que casi ya no quieren decir nada.<\/p>\n\n\n\n<p>Pero el refer\u00e9ndum era -y es- el instrumento democr\u00e1tico m\u00e1s limpio y claro para ejercer el derecho a la autodeterminaci\u00f3n. Por primera vez desde que comenz\u00f3 el <em>proc\u00e9s<\/em>, se pon\u00eda sobre la mesa algo homologable al resto del mundo. Parec\u00eda que pod\u00edan desterrarse para siempre del debate p\u00fablico aquellos eufemismos vac\u00edos que el <em>proc\u00e9s<\/em> hab\u00eda erigido, como \u00abderecho a decidir\u00bb o \u00abproceso participativo\u00bb. El refer\u00e9ndum es conocido en todas partes y m\u00e1s o menos todo el mundo lo entiende de la misma manera: una pregunta binaria, con respuesta de s\u00ed o no, y un resultado que tiene consecuencias y que se debe aplicar.<\/p>\n\n\n\n<p>Pronto se vio que aquella idea tan noble corr\u00eda el riesgo de acabar hecha a\u00f1icos, pero la gente empujaba mientras los dos partidos del gobierno se miraban de reojo, a ver qui\u00e9n pod\u00eda colgarle primero el sambenito al otro antes del d\u00eda en cuesti\u00f3n (esto si el gobierno espa\u00f1ol no actuaba antes, claro). La cadena de acontecimientos de aquel mes de septiembre de 2017 es por todos conocida y no es necesario que entremos en detalles, pero s\u00ed conviene recordar que ambos partidos de gobierno se comprometieron a aplicar el resultado del refer\u00e9ndum de acuerdo con las leyes del refer\u00e9ndum y de transitoriedad aprobadas en el Parlament, y tal como los l\u00edderes de ambos espacios pol\u00edticos no pararon de repetir durante las semanas previas cada vez que se les preguntaba sobre el d\u00eda siguiente.<\/p>\n\n\n\n<p>La misma noche del refer\u00e9ndum, sin embargo, el gobierno no s\u00f3lo evit\u00f3 hablar de la aplicaci\u00f3n de los resultados, sino que ni siquiera dio las cifras de participaci\u00f3n a pesar de que, supuestamente, los datos hab\u00edan sido introducidos en el sistema antes de que algunas urnas fueran incautadas por la Guardia Civil y varios colegios fueran clausurados por \u00f3rdenes de los Mossos. Se confirmaba as\u00ed la sospecha de que el Gobierno pretend\u00eda contravenir las leyes aprobadas por el Parlament (sospecha que, por otra parte, hab\u00eda ido creciendo con el cese de la Sindicatura Electoral por parte del gobierno unas semanas antes, o con la campa\u00f1a de la ANC para hacer una movilizaci\u00f3n frente a los colegios sin llegar a votar, por poner s\u00f3lo dos ejemplos). El <em>Govern<\/em> no ten\u00eda nada a punto. Nadie hab\u00eda pensado en el d\u00eda siguiente, tal y como han admitido recientemente Oriol Junqueras y Marta Rovira. La represi\u00f3n ayud\u00f3 a tapar esta constataci\u00f3n, y el debate p\u00fablico qued\u00f3 eclipsado por las im\u00e1genes de la violencia policial que todo el independentismo con representaci\u00f3n parlamentaria hizo circular como si no hubiera nada m\u00e1s. El objeto del refer\u00e9ndum se desvaneci\u00f3 de repente. Los partidos del <em>Govern<\/em> -y en menor medida la CUP, que dio apoyo externo en todo momento- hab\u00edan convocado el refer\u00e9ndum concibi\u00e9ndolo como una mera movilizaci\u00f3n.<\/p>\n\n\n\n<div class=\"wp-block-columns is-layout-flex wp-container-core-columns-is-layout-9d6595d7 wp-block-columns-is-layout-flex\">\n<div class=\"wp-block-column is-layout-flow wp-block-column-is-layout-flow\" style=\"flex-basis:33.33%\">\n<blockquote class=\"wp-block-quote is-style-large is-layout-flow wp-block-quote-is-layout-flow\"><p>Los partidos del Govern y, en menor medida, la CUP, hab\u00edan convocado el refer\u00e9ndum concibi\u00e9ndolo como una mera movilizaci\u00f3n<\/p><\/blockquote>\n<\/div>\n\n\n\n<div class=\"wp-block-column is-layout-flow wp-block-column-is-layout-flow\" style=\"flex-basis:66.66%\">\n<p>Algunos han dicho que esta es una lectura infantil que no tiene en cuenta factores importantes como la fuerza represiva del Estado que descubrimos entonces, la polarizaci\u00f3n de la sociedad catalana en relaci\u00f3n a la independencia o la falta de apoyos a nivel internacional. Desde mi punto de vista, y dejando de lado el hecho de que los partidos nunca tuvieron la intenci\u00f3n de aplicar los resultados del refer\u00e9ndum, son elementos que no fueron determinantes y que se han se\u00f1alado con poco rigor y, en muchos casos, deshonestamente. <\/p>\n<\/div>\n<\/div>\n\n\n\n<h5 class=\"wp-block-heading\">Los subterfugios<\/h5>\n\n\n\n<p>Los an\u00e1lisis posteriores al 1 de octubre de 2017 a menudo han sido, como dec\u00eda antes, intentos de soslayar las responsabilidades pol\u00edticas del desprop\u00f3sito:<\/p>\n\n\n\n<p>En primer lugar, la violencia policial que vimos ese d\u00eda fue de baja intensidad, teniendo en cuenta que nadie perdi\u00f3 la vida y que los cuerpos de seguridad espa\u00f1oles desaparecieron a partir del mediod\u00eda. Aquel fue, seguramente, el m\u00e1ximo grado de violencia que Espa\u00f1a pod\u00eda asumir en una situaci\u00f3n como aquella. Por otra parte, afirmar que la actuaci\u00f3n policial imped\u00eda que se aplicara el resultado es una manera de legitimar la violencia y lanzar el mensaje de que, ante cualquier acci\u00f3n pol\u00edtica, ser\u00e1 suficiente con enviar unos cuantos agentes antidisturbios para desactivarla.<\/p>\n\n\n\n<p>En segundo lugar, la exigencia de mayor\u00edas m\u00e1s amplias les puede funcionar a los partidos para ganar tiempo, pero parte de un planteamiento viciado en t\u00e9rminos democr\u00e1ticos que nunca nos han explicado suficientemente, y es que consideran que hay proyectos pol\u00edticos que requieren una mayor\u00eda ampl\u00edsima y otros que pueden imponerse en minor\u00eda. Puedo llegar a entender el argumento de fondo, seg\u00fan el cual para romper el statu quo se necesita m\u00e1s fuerza que para mantenerlo. Pero el mensaje es peligroso, porque puede valer para todo, y convertir en f\u00fatiles y absurdos todos los planteamientos pol\u00edticos que se planteen en t\u00e9rminos democr\u00e1ticos. Adem\u00e1s, una parte importante de la capacidad para consolidar esta mayor\u00eda depender\u00e1 del grado de movilizaci\u00f3n.<\/p>\n\n\n\n<div class=\"wp-block-columns is-layout-flex wp-container-core-columns-is-layout-9d6595d7 wp-block-columns-is-layout-flex\">\n<div class=\"wp-block-column is-layout-flow wp-block-column-is-layout-flow\" style=\"flex-basis:33.33%\">\n<blockquote class=\"wp-block-quote is-style-large is-layout-flow wp-block-quote-is-layout-flow\"><p>La violencia policial del 1 de octubre fue de baja intensidad, teniendo en cuenta que nadie perdi\u00f3 la vida y que los cuerpos de seguridad espa\u00f1oles desaparecieron a partir del mediod\u00eda<\/p><\/blockquote>\n<\/div>\n\n\n\n<div class=\"wp-block-column is-layout-flow wp-block-column-is-layout-flow\" style=\"flex-basis:66.66%\">\n<p>Un tema que tampoco abordan quienes defienden estos argumentos es que, siendo hasta cierto punto, son contradictorios entre ellos -o, por lo menos, no pueden ser complementarios. Si uno de los problemas para materializar la independencia es la ofensiva violenta del Estado, huelga decir que este supuesto impedimento no desaparecer\u00e1 por el simple hecho de que el independentismo alcance mayor\u00edas muy superiores al 50% + 1.<\/p>\n\n\n\n<p>Menci\u00f3n aparte merece la falta de reconocimientos internacionales, comprensible si tenemos en cuenta que es dif\u00edcil que alguien otorgue unas facultades determinadas a quien dice no considerarse merecedor.<\/p>\n<\/div>\n<\/div>\n\n\n\n<h5 class=\"wp-block-heading\">Las secuelas<\/h5>\n\n\n\n<p>Ciertamente, no sabemos qu\u00e9 hubiera pasado si el <em>Govern<\/em> se hubiese mantenido leal al Parlament y hubiese aplicado el resultado en el plazo de los dos d\u00edas siguientes a la proclamaci\u00f3n de los resultados tal como establec\u00eda la ley. Teniendo en cuenta c\u00f3mo se desarroll\u00f3 la votaci\u00f3n, sin embargo, se hace dif\u00edcil pensar que la situaci\u00f3n hubiera desembocado en un conflicto violento en la calle. Hay que tener presente, adem\u00e1s, que al d\u00eda siguiente del 1 de octubre la posici\u00f3n de fuerza del independentismo era enorme, mientras que buena parte del unionismo se escond\u00eda avergonzado bajo la mesa. Incluso si entendemos que la intenci\u00f3n real del <em>Govern<\/em> no era en ning\u00fan caso declarar la independencia sino forzar al Estado a acordar un refer\u00e9ndum, el margen de maniobra para dar un paso m\u00e1s en la presi\u00f3n era grande.<\/p>\n\n\n\n<p>En mi opini\u00f3n, este fue un elemento -la propia fuerza- que los l\u00edderes pol\u00edticos tampoco supieron calibrar. Seguramente porque desconoc\u00edan tenerla, sobrepasados por la calle y la presi\u00f3n que ejerc\u00eda una sociedad civil organizada al margen de las entidades que cre\u00edan controlar.<\/p>\n\n\n\n<p>Este punto es importante, porque desde entonces, y en situaciones mucho m\u00e1s inocuas, el independentismo ha sido incapaz de hacer valer sus convicciones y se ha ido desproveyendo de todas las herramientas que lo situaban en una posici\u00f3n de fuerza o que constitu\u00edan medidas de presi\u00f3n ante el Estado. Tanto es as\u00ed que el Estado se ha podido permitir, incluso, decidir qui\u00e9n puede ser Presidente de la autonom\u00eda y qui\u00e9n no, mientras ciudadanos sin ninguna responsabilidad pol\u00edtica son perseguidos penalmente y, en algunos casos, encarcelados. Sin unos m\u00ednimos de firmeza, la represi\u00f3n ha ido encontrando el terreno abonado para proliferar.<\/p>\n\n\n\n<p>Un ejemplo muy claro de esto es la investidura triplemente fallida del President de la Generalitat. En lugar de ir probando investiduras hasta encontrar el candidato que no le supon\u00eda ning\u00fan problema al Estado, el Parlament podr\u00eda haberse plantado con su primera opci\u00f3n y hacerse fuerte en esta posici\u00f3n. Las desventajas de tener las instituciones bloqueadas durante alg\u00fan tiempo m\u00e1s habr\u00edan sido m\u00ednimas, mientras la estructura administrativa siguiera funcionando. Otra cosa bien distinta son los cargos que dependen de estas instituciones, que son muchos, y hab\u00edan sido cesados desde la aplicaci\u00f3n del art\u00edculo 155 de la Constituci\u00f3n espa\u00f1ola. Aqu\u00ed radica buena parte de la pol\u00edtica catalana. <\/p>\n\n\n\n<div class=\"wp-block-columns is-layout-flex wp-container-core-columns-is-layout-9d6595d7 wp-block-columns-is-layout-flex\">\n<div class=\"wp-block-column is-layout-flow wp-block-column-is-layout-flow\" style=\"flex-basis:33.33%\">\n<blockquote class=\"wp-block-quote is-style-large is-layout-flow wp-block-quote-is-layout-flow\"><p>El independentismo ha sido incapaz de hacer valer sus convicciones y se ha ido desproveyendo de todas las herramientas que lo situaban en una posici\u00f3n de fuerza o que constitu\u00edan medidas de presi\u00f3n ante el estado<\/p><\/blockquote>\n<\/div>\n\n\n\n<div class=\"wp-block-column is-layout-flow wp-block-column-is-layout-flow\" style=\"flex-basis:66.66%\">\n<p>Esta falta de firmeza que se desprende de los hechos contrasta con la ret\u00f3rica de resistencia y del \u00abno lo vamos a permitir\u00bb que impera en los discursos tanto de los partidos del govern como de la CUP. La distancia entre lo que se dice y lo que se hace ha terminado vaciando las palabras de significado. Cuando el lenguaje se pervierte de esta manera y lo que se dice no tiene ning\u00fan valor porque no se traslada en nada tangible, la pol\u00edtica y la vida p\u00fablica se degradan y la democracia se debilita. Este es, desde mi punto de vista, el peor de los legados del proceso, porque es el m\u00e1s profundo.<\/p>\n\n\n\n<p>Para tener \u00e9xito, el independentismo debe devolver su valor a las palabras, liberarse del chantaje emocional del que se ha servido gracias y por culpa de la represi\u00f3n y huir de las excusas y las trampas que s\u00f3lo est\u00e1n pensadas para ganar elecciones y dar vueltas alrededor del concepto \u00abindependencia\u00bb sin abordar c\u00f3mo hacerla. Decir la verdad es un buen comienzo. Da miedo recuperar discursos y declaraciones p\u00fablicas y comprobar que, a pesar de todo, lo que se ha acabado haciendo es exactamente lo contrario de lo que se predicaba. <\/p>\n<\/div>\n<\/div>\n\n\n\n<h5 class=\"wp-block-heading\">Los nuevos se\u00f1uelos<\/h5>\n\n\n\n<p>El pr\u00f3ximo 14 de febrero, el independentismo ser\u00e1 llamado nuevamente a las urnas para elegir los diputados de la XIII legislatura tras la inhabilitaci\u00f3n de Quim Torra, que accedi\u00f3 a la presidencia de la Generalitat diciendo que har\u00eda la independencia a pesar de ser la cuarta opci\u00f3n del Parlamento. Porque las condiciones que llevaron a Quim Torra a aceptar la presidencia son las mismas que lo han inhabilitado: la aceptaci\u00f3n que el Estado interfiera en todo.<\/p>\n\n\n\n<p>Agotada la represi\u00f3n como arma electoral, y con la idea de complementar el voto de simple adhesi\u00f3n identitaria (\u00abo nosotros o ellos\u00bb), Junts, ERC y la CUP est\u00e1n obligados a encontrar otras maneras de alargar el <em>proc\u00e9s<\/em>. Unos agitar\u00e1n la \u00abunidad\u00bb que no quiere decir nada y los otros dir\u00e1n que van a ampliar la base hacias los m\u00e1rgenes: ambas estrategias son esl\u00f3ganes vac\u00edos con respecto al independentismo.<\/p>\n\n\n\n<p>Sumada a las anteriores, recientemente ha empezado a circular la idea de \u00abla mayor\u00eda en votos\u00bb como nuevo se\u00f1uelo para movilizar los votantes independentistas, que en las \u00faltimas contiendas electorales han ido a votar con objetivos muy diversos, pero todos igual de f\u00fatiles desde el punto de vista estrictamente pol\u00edtico. Los programas electorales tienen menos importancia que nunca: lo \u00fanico que cuenta es conseguir diputados para que la ultraderecha no tenga representaci\u00f3n, para que los otros no ganen, o porque \u00abno nos rendimos\u00bb, o porque somos buenas personas. La estrategia \u00abindependentista\u00bb -es decir, para conseguir la independencia- no se explica jam\u00e1s. Seguramente porque no existe.<\/p>\n\n\n\n<p>En el momento de redactar estas l\u00edneas, todav\u00eda no se conoce la configuraci\u00f3n exacta de las campa\u00f1as electorales de cada uno de los partidos, pero es improbable que la irrupci\u00f3n de nuevos actores, de producirse, haga cambiar estrategias a corto plazo. Sin embargo, es posible que el 1 de octubre de 2017 se vuelva a poner sobre la mesa: \u00bfes el 1 de octubre un mandato v\u00e1lido para declarar la independencia?<\/p>\n\n\n\n<div class=\"wp-block-columns is-layout-flex wp-container-core-columns-is-layout-9d6595d7 wp-block-columns-is-layout-flex\">\n<div class=\"wp-block-column is-layout-flow wp-block-column-is-layout-flow\" style=\"flex-basis:33.33%\">\n<blockquote class=\"wp-block-quote is-style-large is-layout-flow wp-block-quote-is-layout-flow\"><p>Ahora ha empezado a circular la idea de \u00abla mayor\u00eda en votos\u00bb como nuevo se\u00f1uelo para movilizar los votantes independentistas, pero la estrategia para conseguir la independencia, no se explica jam\u00e1s, seguramente porque no existe<\/p><\/blockquote>\n<\/div>\n\n\n\n<div class=\"wp-block-column is-layout-flow wp-block-column-is-layout-flow\" style=\"flex-basis:66.66%\">\n<p>M\u00e1s arriba he explicado los peligros de banalizar aquel refer\u00e9ndum. Despu\u00e9s de 3 a\u00f1os, en los que ha existido en la mente de los l\u00edderes pol\u00edticos s\u00f3lo como un recuerdo bonito y a la vez infausto, tejer una l\u00ednea de continuidad es posible s\u00f3lo si nuevos actores, que no se podr\u00e1n encontrar en los partidos actuales, lo reivindican con la intenci\u00f3n de declarar la independencia en caso de obtener una mayor\u00eda de esca\u00f1os. No pasar\u00e1, porque los partidos actuales no lo reivindicar\u00e1n en este sentido y no habr\u00e1 mayor\u00edas alternativas que lo abanderen, pero el nacimiento de nuevos actores puede sacudir la pol\u00edtica catalana y situar todo el espectro pol\u00edtico frente al espejo de sus contradicciones, oblig\u00e1ndole a cuestionar todos y cada uno de sus planteamientos y abordar las preguntas inc\u00f3modas. Si lo que se ha hecho hasta ahora ha sido ineficiente, porque la acci\u00f3n pol\u00edtica debe juzgarse por los resultados que genera y no por las intenciones de quien la lleva a cabo, empezar de nuevo es un buen punto de partida.  <\/p>\n<\/div>\n<\/div>\n\n\n\n<h5 class=\"wp-block-heading\">Darle la vuelta al marco<\/h5>\n\n\n\n<p>Con la mera aparici\u00f3n de nuevos actores no ser\u00e1 suficiente, es cierto. En Catalunya, los debates p\u00fablicos est\u00e1n tan patas arriba que crear las condiciones para materializar la independencia es mucho m\u00e1s dif\u00edcil que volver a empezar.<\/p>\n\n\n\n<p>Admit\u00e1moslo: si no hay un cambio radical de paradigma, los partidos que nos llevaron al 1 de octubre se habr\u00e1n cargado la independencia, al menos, para un par de generaciones. Las instituciones est\u00e1n m\u00e1s debilitadas que nunca, el lenguaje se ha pervertido hasta la insignificancia, la distancia entre lo que se dice y lo que se hace es enorme, y las estructuras de partido funcionan y se alimentan por pura inercia porque no proyectos de ning\u00fan tipo. La pandemia ha puesto de manifiesto -a\u00fan m\u00e1s- que la Generalitat es una gestor\u00eda sin liderazgo pol\u00edtico y que todo pende de un hilo. Desgraciadamente, las mentiras sobre las que los partidos del gobierno han sustentado el <em>proc\u00e9s<\/em> han dejado un vac\u00edo tan grande que hay que volver a llenar las palabras de significado y darle la vuelta al marco de todo lo que se ha construido sobre lo que no se dice y las lealtades viciadas.<\/p>\n\n\n\n<p>Cuando dec\u00edamos que el 1 de octubre marcaba un punto de no retorno nos refer\u00edamos precisamente a eso: era imposible dar marcha atr\u00e1s porque la autonom\u00eda, tal como lo hab\u00edamos conocida, ya no existir\u00eda nunca m\u00e1s. Cuesta creer que los partidos que nos llevaron hasta all\u00ed no fueran conscientes de ello y decidieran jugar con algo tan noble como un refer\u00e9ndum de autodeterminaci\u00f3n, pero es as\u00ed. Si no iban en serio no eran s\u00f3lo ellos los que saldr\u00edan mal parados: eran las escasas instituciones auton\u00f3micas, era el grueso de la gente a la que se dejaba a merced de la represi\u00f3n, era la hondonada que tardar\u00e1 a\u00f1os en desaparecer. Si no pensaban ir a por todas, habr\u00eda sido mejor para la credibilidad del independentismo no intentarlo.<\/p>\n\n\n\n<p>El independentismo necesita una nueva est\u00e9tica, un discurso moderno sobre las cosas que pasan en el mundo, dejar de ser un movimiento de perdedores que se victimiza y debilita con el objetivo de blindarse ante la cr\u00edtica y practicar la pol\u00edtica de la tierra quemada. Un proyecto pol\u00edtico que se quiere realmente ganador, adem\u00e1s, no puede proyectar la superioridad moral de nosotros somos los buenos y hemos sufrido mucho y los otros son malas personas que no nos entienden, pero a quienes estamos dispuestos a evangelizar porque, pobrecitos, no saben. As\u00ed tal vez se ampl\u00ede la base de determinados partidos, pero dudo que se ampl\u00ede la base de la independencia, entendida como la creaci\u00f3n de las condiciones socialmente necesarias para que se pueda materializar. Dicho de otro modo: los discursos infantiles infantilizan, alienan y no fortalecen la sociedad para ning\u00fan reto.<\/p>\n\n\n\n<div class=\"wp-block-columns is-layout-flex wp-container-core-columns-is-layout-9d6595d7 wp-block-columns-is-layout-flex\">\n<div class=\"wp-block-column is-layout-flow wp-block-column-is-layout-flow\" style=\"flex-basis:33.33%\">\n<blockquote class=\"wp-block-quote is-style-large is-layout-flow wp-block-quote-is-layout-flow\"><p>El independentismo debe apostar por una profundizaci\u00f3n democr\u00e1tica que vaya a la ra\u00edz de los problemas y cambie las preguntas; hay que hacer una enmienda a la totalidad al <em>proc\u00e9s<\/em> y hacerse responsable de sus convicciones<\/p><\/blockquote>\n<\/div>\n\n\n\n<div class=\"wp-block-column is-layout-flow wp-block-column-is-layout-flow\" style=\"flex-basis:66.66%\">\n<p>Para tener credibilidad, el independentismo debe apostar por una profundizaci\u00f3n democr\u00e1tica que vaya a la ra\u00edz de los problemas y cambie las preguntas. Es ganando credibilidad que crecen los proyectos, no mercadeando con la l\u00e1stima y las mentiras. Hay que devolver el valor a las palabras y al voto, y que votar por una opci\u00f3n u otra tenga consecuencias. <\/p>\n\n\n\n<p>En definitiva, el independentismo tiene que hacer una enmienda a la totalidad al <em>proc\u00e9s<\/em> y hacerse responsable de sus convicciones, con el objetivo de crecer por sus propios m\u00e9ritos y no por la actitud del Estado. La verdad es un valor en s\u00ed mismo, y ning\u00fan movimiento pol\u00edtico ha triunfado desde el lamento, ni con discursos que debilitan sus partidarios, ni cultivando todos los se\u00f1uelos posibles. El independentismo no ser\u00e1 una excepci\u00f3n.<\/p>\n<\/div>\n<\/div>\n","protected":false},"excerpt":{"rendered":"<p>Es dif\u00edcil analizar los acontecimientos del oto\u00f1o de 2017 y todo lo que vino despu\u00e9s si no se parte de una premisa b\u00e1sica: los partidos que actualmente gobiernan en Catalunya no saben c\u00f3mo hacer la independencia porque nunca han cre\u00eddo del todo que la independencia fuera posible. No es que no la quieran, es que les parece demasiado dif\u00edcil. La serie de desprop\u00f3sitos que se desencadenaron despu\u00e9s del 1 de octubre -y en los que voy a entrar a lo largo de este art\u00edculo tambi\u00e9n tienen que ver con esto y habr\u00eda que separarlo de las acusaciones de \u00abtraidores\u00bb e\u2026<\/p>\n","protected":false},"author":3,"featured_media":25333,"parent":0,"comment_status":"closed","ping_status":"closed","sticky":false,"template":"","format":"standard","meta":{"_acf_changed":false,"inline_featured_image":false,"_jetpack_memberships_contains_paid_content":false,"footnotes":""},"categories":[258],"tags":[],"segment":[],"subject":[],"class_list":["post-25521","post","type-post","status-publish","format-standard","has-post-thumbnail","hentry","category-el-debate-dentro-del-independentismo-es"],"acf":[],"yoast_head":"<!-- This site is optimized with the Yoast SEO plugin v27.5 - https:\/\/yoast.com\/product\/yoast-seo-wordpress\/ -->\n<title>Una enmienda a la totalidad &#8211; IDEES<\/title>\n<meta name=\"robots\" content=\"index, follow, max-snippet:-1, max-image-preview:large, max-video-preview:-1\" \/>\n<link rel=\"canonical\" href=\"https:\/\/revistaidees.cat\/es\/una-enmienda-a-la-totalidad\/\" \/>\n<meta property=\"og:locale\" content=\"es_ES\" \/>\n<meta property=\"og:type\" content=\"article\" \/>\n<meta property=\"og:title\" content=\"Una enmienda a la totalidad &#8211; IDEES\" \/>\n<meta property=\"og:description\" content=\"Es dif\u00edcil analizar los acontecimientos del oto\u00f1o de 2017 y todo lo que vino despu\u00e9s si no se parte de una premisa b\u00e1sica: los partidos que actualmente gobiernan en Catalunya no saben c\u00f3mo hacer la independencia porque nunca han cre\u00eddo del todo que la independencia fuera posible. No es que no la quieran, es que les parece demasiado dif\u00edcil. La serie de desprop\u00f3sitos que se desencadenaron despu\u00e9s del 1 de octubre -y en los que voy a entrar a lo largo de este art\u00edculo tambi\u00e9n tienen que ver con esto y habr\u00eda que separarlo de las acusaciones de \u00abtraidores\u00bb e\u2026\" \/>\n<meta property=\"og:url\" content=\"https:\/\/revistaidees.cat\/es\/una-enmienda-a-la-totalidad\/\" \/>\n<meta property=\"og:site_name\" content=\"IDEES\" \/>\n<meta property=\"article:published_time\" content=\"2020-11-03T00:31:24+00:00\" \/>\n<meta property=\"article:modified_time\" content=\"2020-11-03T08:47:09+00:00\" \/>\n<meta property=\"og:image\" content=\"https:\/\/i0.wp.com\/revistaidees.cat\/wp-content\/uploads\/2020\/11\/2-Twitter-1.jpg?fit=1024%2C512&ssl=1\" \/>\n\t<meta property=\"og:image:width\" content=\"1024\" \/>\n\t<meta property=\"og:image:height\" content=\"512\" \/>\n\t<meta property=\"og:image:type\" content=\"image\/jpeg\" \/>\n<meta name=\"author\" content=\"maria\" \/>\n<meta name=\"twitter:card\" content=\"summary_large_image\" \/>\n<meta name=\"twitter:label1\" content=\"Escrito por\" \/>\n\t<meta name=\"twitter:data1\" content=\"maria\" \/>\n\t<meta name=\"twitter:label2\" content=\"Tiempo de lectura\" \/>\n\t<meta name=\"twitter:data2\" content=\"17 minutos\" \/>\n<script type=\"application\/ld+json\" class=\"yoast-schema-graph\">{\"@context\":\"https:\\\/\\\/schema.org\",\"@graph\":[{\"@type\":\"Article\",\"@id\":\"https:\\\/\\\/revistaidees.cat\\\/es\\\/una-enmienda-a-la-totalidad\\\/#article\",\"isPartOf\":{\"@id\":\"https:\\\/\\\/revistaidees.cat\\\/es\\\/una-enmienda-a-la-totalidad\\\/\"},\"author\":{\"name\":\"maria\",\"@id\":\"https:\\\/\\\/revistaidees.cat\\\/#\\\/schema\\\/person\\\/23b13c8d154c858b03b5b4905ae0d5f6\"},\"headline\":\"Una enmienda a la totalidad\",\"datePublished\":\"2020-11-03T00:31:24+00:00\",\"dateModified\":\"2020-11-03T08:47:09+00:00\",\"mainEntityOfPage\":{\"@id\":\"https:\\\/\\\/revistaidees.cat\\\/es\\\/una-enmienda-a-la-totalidad\\\/\"},\"wordCount\":3490,\"image\":{\"@id\":\"https:\\\/\\\/revistaidees.cat\\\/es\\\/una-enmienda-a-la-totalidad\\\/#primaryimage\"},\"thumbnailUrl\":\"https:\\\/\\\/i0.wp.com\\\/revistaidees.cat\\\/wp-content\\\/uploads\\\/2020\\\/11\\\/2-Twitter-1.jpg?fit=1024%2C512&ssl=1\",\"articleSection\":[\"El debate dentro del independentismo\"],\"inLanguage\":\"es\"},{\"@type\":\"WebPage\",\"@id\":\"https:\\\/\\\/revistaidees.cat\\\/es\\\/una-enmienda-a-la-totalidad\\\/\",\"url\":\"https:\\\/\\\/revistaidees.cat\\\/es\\\/una-enmienda-a-la-totalidad\\\/\",\"name\":\"Una enmienda a la totalidad &#8211; IDEES\",\"isPartOf\":{\"@id\":\"https:\\\/\\\/revistaidees.cat\\\/#website\"},\"primaryImageOfPage\":{\"@id\":\"https:\\\/\\\/revistaidees.cat\\\/es\\\/una-enmienda-a-la-totalidad\\\/#primaryimage\"},\"image\":{\"@id\":\"https:\\\/\\\/revistaidees.cat\\\/es\\\/una-enmienda-a-la-totalidad\\\/#primaryimage\"},\"thumbnailUrl\":\"https:\\\/\\\/i0.wp.com\\\/revistaidees.cat\\\/wp-content\\\/uploads\\\/2020\\\/11\\\/2-Twitter-1.jpg?fit=1024%2C512&ssl=1\",\"datePublished\":\"2020-11-03T00:31:24+00:00\",\"dateModified\":\"2020-11-03T08:47:09+00:00\",\"author\":{\"@id\":\"https:\\\/\\\/revistaidees.cat\\\/#\\\/schema\\\/person\\\/23b13c8d154c858b03b5b4905ae0d5f6\"},\"breadcrumb\":{\"@id\":\"https:\\\/\\\/revistaidees.cat\\\/es\\\/una-enmienda-a-la-totalidad\\\/#breadcrumb\"},\"inLanguage\":\"es\",\"potentialAction\":[{\"@type\":\"ReadAction\",\"target\":[\"https:\\\/\\\/revistaidees.cat\\\/es\\\/una-enmienda-a-la-totalidad\\\/\"]}]},{\"@type\":\"ImageObject\",\"inLanguage\":\"es\",\"@id\":\"https:\\\/\\\/revistaidees.cat\\\/es\\\/una-enmienda-a-la-totalidad\\\/#primaryimage\",\"url\":\"https:\\\/\\\/i0.wp.com\\\/revistaidees.cat\\\/wp-content\\\/uploads\\\/2020\\\/11\\\/2-Twitter-1.jpg?fit=1024%2C512&ssl=1\",\"contentUrl\":\"https:\\\/\\\/i0.wp.com\\\/revistaidees.cat\\\/wp-content\\\/uploads\\\/2020\\\/11\\\/2-Twitter-1.jpg?fit=1024%2C512&ssl=1\",\"width\":1024,\"height\":512,\"caption\":\"Imatge del v\u00eddeo \\\"Ara comen\u00e7a el mambo!\\\", on la CUP donava per acabat el 'proc\u00e9s'. En el v\u00eddeo, publicat el 8 de setembre de 2017, els cupaires acaben amb el 'proc\u00e9s' empenyent la furgoneta que el simbolitza per un penya-segat. Il\u00b7lustraci\u00f3: C\u00e9sar Cromit\"},{\"@type\":\"BreadcrumbList\",\"@id\":\"https:\\\/\\\/revistaidees.cat\\\/es\\\/una-enmienda-a-la-totalidad\\\/#breadcrumb\",\"itemListElement\":[{\"@type\":\"ListItem\",\"position\":1,\"name\":\"Inici\",\"item\":\"https:\\\/\\\/revistaidees.cat\\\/es\\\/\"},{\"@type\":\"ListItem\",\"position\":2,\"name\":\"Una enmienda a la totalidad\"}]},{\"@type\":\"WebSite\",\"@id\":\"https:\\\/\\\/revistaidees.cat\\\/#website\",\"url\":\"https:\\\/\\\/revistaidees.cat\\\/\",\"name\":\"IDEES\",\"description\":\"Revista de temas contempor\u00e1neos\",\"potentialAction\":[{\"@type\":\"SearchAction\",\"target\":{\"@type\":\"EntryPoint\",\"urlTemplate\":\"https:\\\/\\\/revistaidees.cat\\\/?s={search_term_string}\"},\"query-input\":{\"@type\":\"PropertyValueSpecification\",\"valueRequired\":true,\"valueName\":\"search_term_string\"}}],\"inLanguage\":\"es\"},{\"@type\":\"Person\",\"@id\":\"https:\\\/\\\/revistaidees.cat\\\/#\\\/schema\\\/person\\\/23b13c8d154c858b03b5b4905ae0d5f6\",\"name\":\"maria\",\"image\":{\"@type\":\"ImageObject\",\"inLanguage\":\"es\",\"@id\":\"https:\\\/\\\/secure.gravatar.com\\\/avatar\\\/4abe985cb800e0b75c4c7bfc4fd0973825f533e0620f989a75661b23c3255192?s=96&d=mm&r=g\",\"url\":\"https:\\\/\\\/secure.gravatar.com\\\/avatar\\\/4abe985cb800e0b75c4c7bfc4fd0973825f533e0620f989a75661b23c3255192?s=96&d=mm&r=g\",\"contentUrl\":\"https:\\\/\\\/secure.gravatar.com\\\/avatar\\\/4abe985cb800e0b75c4c7bfc4fd0973825f533e0620f989a75661b23c3255192?s=96&d=mm&r=g\",\"caption\":\"maria\"}}]}<\/script>\n<!-- \/ Yoast SEO plugin. -->","yoast_head_json":{"title":"Una enmienda a la totalidad &#8211; IDEES","robots":{"index":"index","follow":"follow","max-snippet":"max-snippet:-1","max-image-preview":"max-image-preview:large","max-video-preview":"max-video-preview:-1"},"canonical":"https:\/\/revistaidees.cat\/es\/una-enmienda-a-la-totalidad\/","og_locale":"es_ES","og_type":"article","og_title":"Una enmienda a la totalidad &#8211; IDEES","og_description":"Es dif\u00edcil analizar los acontecimientos del oto\u00f1o de 2017 y todo lo que vino despu\u00e9s si no se parte de una premisa b\u00e1sica: los partidos que actualmente gobiernan en Catalunya no saben c\u00f3mo hacer la independencia porque nunca han cre\u00eddo del todo que la independencia fuera posible. No es que no la quieran, es que les parece demasiado dif\u00edcil. La serie de desprop\u00f3sitos que se desencadenaron despu\u00e9s del 1 de octubre -y en los que voy a entrar a lo largo de este art\u00edculo tambi\u00e9n tienen que ver con esto y habr\u00eda que separarlo de las acusaciones de \u00abtraidores\u00bb e\u2026","og_url":"https:\/\/revistaidees.cat\/es\/una-enmienda-a-la-totalidad\/","og_site_name":"IDEES","article_published_time":"2020-11-03T00:31:24+00:00","article_modified_time":"2020-11-03T08:47:09+00:00","og_image":[{"width":1024,"height":512,"url":"https:\/\/i0.wp.com\/revistaidees.cat\/wp-content\/uploads\/2020\/11\/2-Twitter-1.jpg?fit=1024%2C512&ssl=1","type":"image\/jpeg"}],"author":"maria","twitter_card":"summary_large_image","twitter_misc":{"Escrito por":"maria","Tiempo de lectura":"17 minutos"},"schema":{"@context":"https:\/\/schema.org","@graph":[{"@type":"Article","@id":"https:\/\/revistaidees.cat\/es\/una-enmienda-a-la-totalidad\/#article","isPartOf":{"@id":"https:\/\/revistaidees.cat\/es\/una-enmienda-a-la-totalidad\/"},"author":{"name":"maria","@id":"https:\/\/revistaidees.cat\/#\/schema\/person\/23b13c8d154c858b03b5b4905ae0d5f6"},"headline":"Una enmienda a la totalidad","datePublished":"2020-11-03T00:31:24+00:00","dateModified":"2020-11-03T08:47:09+00:00","mainEntityOfPage":{"@id":"https:\/\/revistaidees.cat\/es\/una-enmienda-a-la-totalidad\/"},"wordCount":3490,"image":{"@id":"https:\/\/revistaidees.cat\/es\/una-enmienda-a-la-totalidad\/#primaryimage"},"thumbnailUrl":"https:\/\/i0.wp.com\/revistaidees.cat\/wp-content\/uploads\/2020\/11\/2-Twitter-1.jpg?fit=1024%2C512&ssl=1","articleSection":["El debate dentro del independentismo"],"inLanguage":"es"},{"@type":"WebPage","@id":"https:\/\/revistaidees.cat\/es\/una-enmienda-a-la-totalidad\/","url":"https:\/\/revistaidees.cat\/es\/una-enmienda-a-la-totalidad\/","name":"Una enmienda a la totalidad &#8211; IDEES","isPartOf":{"@id":"https:\/\/revistaidees.cat\/#website"},"primaryImageOfPage":{"@id":"https:\/\/revistaidees.cat\/es\/una-enmienda-a-la-totalidad\/#primaryimage"},"image":{"@id":"https:\/\/revistaidees.cat\/es\/una-enmienda-a-la-totalidad\/#primaryimage"},"thumbnailUrl":"https:\/\/i0.wp.com\/revistaidees.cat\/wp-content\/uploads\/2020\/11\/2-Twitter-1.jpg?fit=1024%2C512&ssl=1","datePublished":"2020-11-03T00:31:24+00:00","dateModified":"2020-11-03T08:47:09+00:00","author":{"@id":"https:\/\/revistaidees.cat\/#\/schema\/person\/23b13c8d154c858b03b5b4905ae0d5f6"},"breadcrumb":{"@id":"https:\/\/revistaidees.cat\/es\/una-enmienda-a-la-totalidad\/#breadcrumb"},"inLanguage":"es","potentialAction":[{"@type":"ReadAction","target":["https:\/\/revistaidees.cat\/es\/una-enmienda-a-la-totalidad\/"]}]},{"@type":"ImageObject","inLanguage":"es","@id":"https:\/\/revistaidees.cat\/es\/una-enmienda-a-la-totalidad\/#primaryimage","url":"https:\/\/i0.wp.com\/revistaidees.cat\/wp-content\/uploads\/2020\/11\/2-Twitter-1.jpg?fit=1024%2C512&ssl=1","contentUrl":"https:\/\/i0.wp.com\/revistaidees.cat\/wp-content\/uploads\/2020\/11\/2-Twitter-1.jpg?fit=1024%2C512&ssl=1","width":1024,"height":512,"caption":"Imatge del v\u00eddeo \"Ara comen\u00e7a el mambo!\", on la CUP donava per acabat el 'proc\u00e9s'. En el v\u00eddeo, publicat el 8 de setembre de 2017, els cupaires acaben amb el 'proc\u00e9s' empenyent la furgoneta que el simbolitza per un penya-segat. Il\u00b7lustraci\u00f3: C\u00e9sar Cromit"},{"@type":"BreadcrumbList","@id":"https:\/\/revistaidees.cat\/es\/una-enmienda-a-la-totalidad\/#breadcrumb","itemListElement":[{"@type":"ListItem","position":1,"name":"Inici","item":"https:\/\/revistaidees.cat\/es\/"},{"@type":"ListItem","position":2,"name":"Una enmienda a la totalidad"}]},{"@type":"WebSite","@id":"https:\/\/revistaidees.cat\/#website","url":"https:\/\/revistaidees.cat\/","name":"IDEES","description":"Revista de temas contempor\u00e1neos","potentialAction":[{"@type":"SearchAction","target":{"@type":"EntryPoint","urlTemplate":"https:\/\/revistaidees.cat\/?s={search_term_string}"},"query-input":{"@type":"PropertyValueSpecification","valueRequired":true,"valueName":"search_term_string"}}],"inLanguage":"es"},{"@type":"Person","@id":"https:\/\/revistaidees.cat\/#\/schema\/person\/23b13c8d154c858b03b5b4905ae0d5f6","name":"maria","image":{"@type":"ImageObject","inLanguage":"es","@id":"https:\/\/secure.gravatar.com\/avatar\/4abe985cb800e0b75c4c7bfc4fd0973825f533e0620f989a75661b23c3255192?s=96&d=mm&r=g","url":"https:\/\/secure.gravatar.com\/avatar\/4abe985cb800e0b75c4c7bfc4fd0973825f533e0620f989a75661b23c3255192?s=96&d=mm&r=g","contentUrl":"https:\/\/secure.gravatar.com\/avatar\/4abe985cb800e0b75c4c7bfc4fd0973825f533e0620f989a75661b23c3255192?s=96&d=mm&r=g","caption":"maria"}}]}},"jetpack_featured_media_url":"https:\/\/i0.wp.com\/revistaidees.cat\/wp-content\/uploads\/2020\/11\/2-Twitter-1.jpg?fit=1024%2C512&ssl=1","jetpack_sharing_enabled":true,"_links":{"self":[{"href":"https:\/\/revistaidees.cat\/es\/wp-json\/wp\/v2\/posts\/25521","targetHints":{"allow":["GET"]}}],"collection":[{"href":"https:\/\/revistaidees.cat\/es\/wp-json\/wp\/v2\/posts"}],"about":[{"href":"https:\/\/revistaidees.cat\/es\/wp-json\/wp\/v2\/types\/post"}],"author":[{"embeddable":true,"href":"https:\/\/revistaidees.cat\/es\/wp-json\/wp\/v2\/users\/3"}],"replies":[{"embeddable":true,"href":"https:\/\/revistaidees.cat\/es\/wp-json\/wp\/v2\/comments?post=25521"}],"version-history":[{"count":5,"href":"https:\/\/revistaidees.cat\/es\/wp-json\/wp\/v2\/posts\/25521\/revisions"}],"predecessor-version":[{"id":25591,"href":"https:\/\/revistaidees.cat\/es\/wp-json\/wp\/v2\/posts\/25521\/revisions\/25591"}],"wp:featuredmedia":[{"embeddable":true,"href":"https:\/\/revistaidees.cat\/es\/wp-json\/wp\/v2\/media\/25333"}],"wp:attachment":[{"href":"https:\/\/revistaidees.cat\/es\/wp-json\/wp\/v2\/media?parent=25521"}],"wp:term":[{"taxonomy":"category","embeddable":true,"href":"https:\/\/revistaidees.cat\/es\/wp-json\/wp\/v2\/categories?post=25521"},{"taxonomy":"post_tag","embeddable":true,"href":"https:\/\/revistaidees.cat\/es\/wp-json\/wp\/v2\/tags?post=25521"},{"taxonomy":"segment","embeddable":true,"href":"https:\/\/revistaidees.cat\/es\/wp-json\/wp\/v2\/segment?post=25521"},{"taxonomy":"subject","embeddable":true,"href":"https:\/\/revistaidees.cat\/es\/wp-json\/wp\/v2\/subject?post=25521"}],"curies":[{"name":"wp","href":"https:\/\/api.w.org\/{rel}","templated":true}]}}