{"id":25734,"date":"2020-11-02T17:01:21","date_gmt":"2020-11-02T17:01:21","guid":{"rendered":"https:\/\/revistaidees.cat\/catalunya-espanya-alternatives-fracassades-noves-perspectives-i-una-llarga-marxa-pendent\/"},"modified":"2020-11-03T18:31:07","modified_gmt":"2020-11-03T18:31:07","slug":"catalunya-espanya-alternatives-fracassades-noves-perspectives-i-una-llarga-marxa-pendent","status":"publish","type":"post","link":"https:\/\/revistaidees.cat\/es\/catalunya-espanya-alternatives-fracassades-noves-perspectives-i-una-llarga-marxa-pendent\/","title":{"rendered":"Catalunya &#8211; Espa\u00f1a: alternativas fracasadas, nuevas perspectivas y una larga marcha pendiente"},"content":{"rendered":"\n<p>Volver a escribir sobre las relaciones Espa\u00f1a-Catalunya a petici\u00f3n de los editores de IDEES no es para m\u00ed un ejercicio sencillo. Durante casi cincuenta a\u00f1os he redactado muchas p\u00e1ginas sobre la cuesti\u00f3n. Algunas publicadas y otras in\u00e9ditas. Con pretensi\u00f3n de an\u00e1lisis acad\u00e9mico, de estrategia pol\u00edtica o de comentario period\u00edstico de circunstancias. Dudo que pueda aportar gran cosa si lo que se busca es originalidad o novedad. Lo que hago aqu\u00ed es resumir algunas consideraciones sobre la inestable vinculaci\u00f3n de Catalunya con Espa\u00f1a y su problem\u00e1tica evoluci\u00f3n futura. Para muchos, podr\u00e1n sonar como observaciones obvias, repetitivas y poco originales. Pero es lo que honestamente puedo aportar en respuesta a la demanda de los editores. Si este pre\u00e1mbulo le quita al lector las ganas de continuar, lo entender\u00e9 perfectamente.<\/p>\n\n\n\n<h5 class=\"wp-block-heading\">El punto de partida: alternativas fracasadas (2000-2017)<\/h5>\n\n\n\n<p>Durante el siglo XX y lo que llevamos del XXI, la caracter\u00edstica principal de la relaci\u00f3n Catalunya-Espa\u00f1a es un estado permanente de tensi\u00f3n. La inestabilidad caracter\u00edstica de la relaci\u00f3n no se limita a las inevitables alteraciones de cuant\u00eda variable que experimenta toda pol\u00edtica. Ha estado cr\u00f3nicamente afectada de demandas de transformaci\u00f3n m\u00e1s sustancial y a veces de una ruptura directa. \u00bfA qu\u00e9 responde esta tensi\u00f3n cr\u00f3nica?<\/p>\n\n\n\n<p>La din\u00e1mica pol\u00edtica siempre es el resultado de la acci\u00f3n combinada de ideas, instituciones (normas legales y sociales) e intereses en un lugar y en un momento hist\u00f3rico. Las fricciones entre estos elementos van generando ajustes graduales, cambios repentinos o momentos de bloqueo y crisis. En un ejercicio de estilizaci\u00f3n, se han descrito cuatro formas posibles de transformaci\u00f3n de una pol\u00edtica determinada: la deriva, la reforma o reconversi\u00f3n, la agregaci\u00f3n y la sustituci\u00f3n (Hacker, Pierson, Thelen).<\/p>\n\n\n\n<p>La modificaci\u00f3n por la v\u00eda de la deriva se produce sin que se adopten iniciativas deliberadas para hacerla, dejando aparentemente que las cosas sigan \u201ccomo est\u00e1n\u201d cuando en realidad se van modificando de manera m\u00e1s o menos perceptible. El cambio por reforma o reconversi\u00f3n es el que introduce alteraciones deliberadas a partir de los elementos de la situaci\u00f3n. La agregaci\u00f3n consiste en mantener las l\u00edneas b\u00e1sicas de la pol\u00edtica, pero a\u00f1adi\u00e9ndole elementos superpuestos para responder a nuevas demandas expresadas. Finalmente, la sustituci\u00f3n es la liquidaci\u00f3n de la pol\u00edtica existente y su recambio por otra diferente.<\/p>\n\n\n\n<div class=\"wp-block-columns is-layout-flex wp-container-core-columns-is-layout-9d6595d7 wp-block-columns-is-layout-flex\">\n<div class=\"wp-block-column is-layout-flow wp-block-column-is-layout-flow\" style=\"flex-basis:33.33%\">\n<blockquote class=\"wp-block-quote is-style-large is-layout-flow wp-block-quote-is-layout-flow\"><p>Ninguna de las alternativas ha podido encontrar una salida a una situaci\u00f3n conflictiva que tiene costes elevados para Catalunya y para el conjunto de Espa\u00f1a<\/p><\/blockquote>\n<\/div>\n\n\n\n<div class=\"wp-block-column is-layout-flow wp-block-column-is-layout-flow\" style=\"flex-basis:66.66%\">\n<p>Aplico ahora este esquema a la situaci\u00f3n de la relaci\u00f3n Espa\u00f1a-Catalunya a comienzos de este siglo XXI que ya ha consumido buena parte de su recorrido. El 26 de abril de 2000, Jos\u00e9 M. Aznar era investido presidente del gobierno espa\u00f1ol, con los votos del PP, de Coalici\u00f3n Canaria y \u2013hay que recordarlo\u2013 de CiU, que pagaba el voto favorable del PP a la investidura de Jordi Pujol el a\u00f1o anterior. El 12 de octubre del mismo a\u00f1o 2000, quedaba izada en la Plaza de Col\u00f3n, en Madrid, la bandera espa\u00f1ola m\u00e1s grande del mundo. Un mes despu\u00e9s, el 14 de noviembre, el Parlamento de Catalunya constitu\u00eda una comisi\u00f3n de estudio por la profundizaci\u00f3n del autogobierno, impulsada por los grupos de la oposici\u00f3n de izquierda PSC-Ciutadans pel Canvi, ERC e IC-Verds.<\/p>\n<\/div>\n<\/div>\n\n\n\n<p>Despu\u00e9s de un periodo de casi veinte a\u00f1os, aparec\u00edan nuevos indicios de inestabilidad en la relaci\u00f3n Espa\u00f1a-Catalunya. De manera expl\u00edcita, el presidente Maragall y su gobierno (2003-2006) incorporaron en su programa la voluntad de renovar el Estatuto, tal como hab\u00eda apuntado el Informe de la mencionada comisi\u00f3n parlamentaria (2002). M\u00e1s adelante, la accidentada aprobaci\u00f3n del Estatuto de 2006 y la alteraci\u00f3n de la doctrina del Tribunal Constitucional sobre el r\u00e9gimen auton\u00f3mico (2010) pon\u00eda de manifiesto que la relaci\u00f3n Espa\u00f1a-Catalunya hab\u00eda entrado en fase de crisis. Desde entonces y hasta 2017, asistimos a una sucesi\u00f3n de tratamientos diversos, siguiendo las opciones enumeradas m\u00e1s arriba: la deriva, la reconversi\u00f3n\/reforma y la sustituci\u00f3n.<\/p>\n\n\n\n<ul class=\"wp-block-list\"><li>La deriva ha sido la alternativa impl\u00edcitamente asumida por los gobiernos del PP, en no tomar ninguna iniciativa y aferrarse a un determinado integrismo constitucionalista que <em>de facto<\/em> implicaba una mutaci\u00f3n recentralizadora. El PP y buena parte del PSOE se han instalado en esta posici\u00f3n. Tambi\u00e9n lo han hecho con influencia decisiva la alta burocracia del Estado (cuerpos jur\u00eddicos, tribunales) y un importante sector intelectual y medi\u00e1tico espa\u00f1ol. La negaci\u00f3n de la existencia de un problema grave ha conducido a una insostenible deriva de recentralizaci\u00f3n, muy bien acogida por sectores de la opini\u00f3n p\u00fablica espa\u00f1ola desde siempre poco c\u00f3modas con las responsabilidades del autogobierno.<\/li><\/ul>\n\n\n\n<ul class=\"wp-block-list\"><li>La alternativa de la reforma fue impulsada por Pasqual Maragall y por el gobierno de coalici\u00f3n que presid\u00eda (2003-2006). El Estatuto catal\u00e1n de 2006 aspiraba a reformar la relaci\u00f3n Espa\u00f1a-Catalunya, a partir de una reinterpretaci\u00f3n posible de la misma Constituci\u00f3n, aceptada por los parlamentos espa\u00f1ol y catal\u00e1n al aprobarlo y por el electorado catal\u00e1n al ratificarlo. El intento fue abortado por la intervenci\u00f3n del Tribunal Constitucional al atribuirse en exclusiva esta capacidad interpretativa, corrigiendo posiciones suyas anteriores (STC 2010) <span class=\"note-item\"><a href=\"#note-01\" class=\"scroll-to\">[1]<\/a><span class=\"note-item-tooltip\">1 \u2014 El intento hab\u00eda sido precedido por el intento \u2013m\u00e1s de reconversi\u00f3n que de reforma\u2013 propugnado en el Pa\u00eds Vasco por el gobierno del PNV (Plan Ibarretxe 2001-2005). El proyecto vasco aparec\u00eda como un intento de modificar sustancialmente la relaci\u00f3n entre el Pa\u00eds Vasco y el Estado, transform\u00e1ndola en una asociaci\u00f3n libre y voluntaria.\n<\/span><\/span>.<\/li><\/ul>\n\n\n\n<ul class=\"wp-block-list\"><li>Finalmente, la opci\u00f3n de la sustituci\u00f3n por liquidaci\u00f3n es la que intent\u00f3 el independentismo catal\u00e1n en el oto\u00f1o de 2017. En Catalunya, la propuesta independentista hab\u00eda ido ganando apoyo, pero sin lograr una adhesi\u00f3n mayoritaria. Con una ajustada mayor\u00eda parlamentaria que no se correspond\u00eda con una mayor\u00eda electoral, los dirigentes independentistas pusieron en marcha un proceso de movilizaciones populares e iniciativas parlamentarias que desemboc\u00f3 en una declaraci\u00f3n unilateral de independencia (septiembre-octubre 2017), sin obtener el resultado que pretend\u00eda.<\/li><\/ul>\n\n\n\n<p><br>Ninguna de las alternativas intentadas, por lo tanto, ha podido encontrar una salida a una situaci\u00f3n conflictiva que tiene costes elevados para Catalunya y para el conjunto de Espa\u00f1a. Quienes optaban por el inmovilismo y aceptaban la deriva han comprobado que, en lugar de estabilizarse, la situaci\u00f3n se ha hecho mucho m\u00e1s dif\u00edcil de gestionar. Quienes intentaban la reforma han verificado la presencia de obst\u00e1culos institucionales que la han hecho imposible. Finalmente, una parte importante de quienes apostaron por la liquidaci\u00f3n radical mediante un proceso de separaci\u00f3n se han visto obligados a aceptar abierta o impl\u00edcitamente la inviabilidad de su aplicaci\u00f3n inmediata.<\/p>\n\n\n\n<h5 class=\"wp-block-heading\">\u00bfNuevas perspectivas?<\/h5>\n\n\n\n<p>Situados ahora a finales de 2020, \u00bfhasta qu\u00e9 punto han cambiado las circunstancias que llevaron al fracaso de las alternativas mencionadas? Si han cambiado, \u00bfhay perspectivas favorables para otros intentos? Repaso nuevamente las alternativas disponibles sobre el papel y sus apoyos.<\/p>\n\n\n\n<p>En cuanto a la salida por deriva, han disminuido quienes no quieren reconocer que la situaci\u00f3n requiere un tratamiento pol\u00edtico y conf\u00edan en la inercia de una din\u00e1mica descontrolada. Es cierto, sin embargo, que los estragos de la Gran Crisis de 2008 y m\u00e1s recientemente la pandemia de la COVID-19 parec\u00edan permitir cierto \u201caparcamiento\u201d pol\u00edtico de la cuesti\u00f3n. La magnitud misma de la crisis lo ha impedido: la cuesti\u00f3n sigue siendo objeto de incidencias constantes en el mundo judicial y en la esfera medi\u00e1tica. Se mantiene, por lo tanto, en el primer plano de la agenda pol\u00edtica. No vale, pues, la f\u00f3rmula de dejar las cosas como est\u00e1n, pensando que el conflicto ya se ir\u00e1 apagando por s\u00ed mismo.<\/p>\n\n\n\n<p>\u00bfQu\u00e9 podemos decir sobre la propuesta de liquidar directamente la relaci\u00f3n entre Espa\u00f1a y Catalunya con una nueva declaraci\u00f3n unilateral de independencia? El intento de octubre de 2017 result\u00f3 en un fracaso innegable porque sus promotores ignoraron las condiciones indispensables para conseguir aquel objetivo. A pesar de la movilizaci\u00f3n de un amplio sector de la ciudadan\u00eda catalana y de la instrumentalizaci\u00f3n partidaria de las instituciones de la Generalitat, el intento no contaba con los tres factores exigidos para el \u00e9xito de operaciones parecidas en un contexto europeo: el apoyo de una muy amplia mayor\u00eda de la ciudadan\u00eda, el patrocinio o la complicidad de algunas potencias extranjeras y, finalmente, la capacidad de sus promotores de administrar cierto grado de violencia o coacci\u00f3n para hacerla respetar. No se trata de condiciones te\u00f3ricas, sino de la observaci\u00f3n emp\u00edrica de c\u00f3mo se han desarrollado los procesos de independencia en Europa durante los siglos XIX y XX <span class=\"note-item\"><a href=\"#note-02\" class=\"scroll-to\">[2]<\/a><span class=\"note-item-tooltip\">2 \u2014 Evito en este art\u00edculo las citas otros autores y las auto citas. Tampoco reproduzco datos de encuestas elaboradas por CIS, CEO y ICPS, que se encuentran en las respectivas webs.\n<\/span><\/span>. Tres a\u00f1os despu\u00e9s del oto\u00f1o de 2007, \u00bfpodemos percibir perspectivas m\u00e1s favorables para esta liquidaci\u00f3n de la relaci\u00f3n Espa\u00f1a-Catalunya? <\/p>\n\n\n\n<ul class=\"wp-block-list\"><li>En cuanto al apoyo popular, los datos electorales y de opini\u00f3n revelan cierto estancamiento en el apoyo independentista. No se ha producido ni una desmovilizaci\u00f3n notable por el fracaso registrado, ni un incremento significativo por reacci\u00f3n a la represi\u00f3n sufrida por sus partidarios. La preferencia por la opci\u00f3n independentista y el apoyo electoral hacia los partidos y formaciones que la promueven se sit\u00faan en la franja del 45-50 por ciento de la ciudadan\u00eda, con oscilaciones en torno de esta proporci\u00f3n <span class=\"note-item\"><a href=\"#note-03\" class=\"scroll-to\">[3]<\/a><span class=\"note-item-tooltip\">3 \u2014 Si se tienen en cuenta los m\u00e1rgenes de error estad\u00edstico, no son muy significativas las diferencias en los aumentos y disminuciones en favor y en contra de la independencia en las sucesivas encuestas.\n<\/span><\/span>. Son suficientes para condicionar la evoluci\u00f3n de la situaci\u00f3n, pero no para asegurar socialmente la imposici\u00f3n de su opci\u00f3n a quienes no la comparten. Adem\u00e1s, el desenlace del intento de 2017 ha provocado fisuras en la direcci\u00f3n del bloque independentista, perjudicando su expansi\u00f3n. Lo ha agraviado el car\u00e1cter \u201cprovisional\u201d y aparentemente subalterno de la presidencia y del gobierno actuales de la Generalitat. Por el contrario, los opositores a la opci\u00f3n independentista presentes en Catalunya han adoptado actitudes m\u00e1s decididas, aunque no hayan sido capaces de definir alternativas ni liderazgos pol\u00edticos suficientes. El resultado de este doble movimiento \u2013estancamiento y fragmentaci\u00f3n independentista, por una parte, y reacci\u00f3n defensiva no independentista, por la otra\u2013 impiden por ahora construir una gran mayor\u00eda favorable a la independencia y privan sus promotores de uno de los factores necesarios para la realizaci\u00f3n de su proyecto.<\/li><\/ul>\n\n\n\n<ul class=\"wp-block-list\"><li>Respecto a la posici\u00f3n de actores pol\u00edticos extranjeros \u2013la UE y otros pa\u00edses con influencia geoestrat\u00e9gica y econ\u00f3mica\u2013, tampoco se ha producido ning\u00fan cambio sustantivo: siguen sin ofrecer un aval, ni siquiera una inhibici\u00f3n favorable a la opci\u00f3n independentista. M\u00e1s bien ha disminuido la simpat\u00eda o el respeto por esta propuesta. Ha influido probablemente en esta disposici\u00f3n una reacci\u00f3n defensiva en favor del statu quo internacional, generada por los riesgos econ\u00f3micos, sociales y estrat\u00e9gicos derivados de la crisis econ\u00f3mica mundial y, posteriormente, de la pandemia de la COVID-19.<\/li><\/ul>\n\n\n\n<ul class=\"wp-block-list\"><li>Finalmente, y en cuanto a recursos coactivos, la desigualdad de condiciones no se ha corregido. Los aparatos legales, judiciales y policiales del Estado han actuado con efectividad, a pesar de que su gesti\u00f3n torpe y desbocada haya debilitado su reputaci\u00f3n, en Catalunya y tambi\u00e9n en el escenario internacional. En esta desigual relaci\u00f3n de capacidad coactiva, no ha habido ning\u00fan cambio esencial. No han aumentado, m\u00e1s bien al contrario, han disminuido los instrumentos en manos de los independentistas que les permitir\u00edan ejercer m\u00e1s presi\u00f3n en pro de su objetivo: potencial financiero, direcci\u00f3n de la actividad econ\u00f3mica y de servicios p\u00fablicos, control de infraestructuras estrat\u00e9gicas, acci\u00f3n policial, etc. A pesar de la abundancia de gesticulaci\u00f3n simb\u00f3lica y en condiciones de creciente inseguridad econ\u00f3mica, el precio de una confrontaci\u00f3n en esta desigualdad de condiciones aumenta y disminuye la predisposici\u00f3n a pagarlo.<\/li><\/ul>\n\n\n\n<p><br>En conclusi\u00f3n, las tres condiciones que aparecen como necesarias \u2013aunque no suficientes\u2013 por una rotura unilateral de la relaci\u00f3n Espa\u00f1a-Catalunya ausentes del escenario pol\u00edtico a medio plazo. Esta ausencia hace muy improbable el \u00e9xito de la propuesta de separaci\u00f3n, a pesar de ciertas enf\u00e1ticas afirmaciones de algunos de sus promotores. <\/p>\n\n\n\n<p>\u00bfQu\u00e9 podemos decir sobre las otras f\u00f3rmulas de cambio \u2013por agregaci\u00f3n y por reforma\/conversi\u00f3n\u2013 de nuestro cuadro inicial? Comparten algunos de los requisitos necesarios para prosperar. Por eso mismo, las trato ahora conjuntamente. Antes, sin embargo, aclaro hacia qu\u00e9 objetivos podr\u00edan apuntar estas v\u00edas de cambio.<\/p>\n\n\n\n<p>Al hablar de agregaci\u00f3n, me refiero a la posibilidad de llegar a una relaci\u00f3n Espa\u00f1a-Catalunya paralela y no integrada en el modelo general de las comunidades aut\u00f3nomas. Se tratar\u00eda de a\u00f1adir un tratamiento especial y singular para Catalunya con un reconocimiento simb\u00f3lico y de competencias fiscales y pol\u00edticas. Definir\u00eda una relaci\u00f3n pactada libremente y solo reformable de mutuo acuerdo <span class=\"note-item\"><a href=\"#note-04\" class=\"scroll-to\">[4]<\/a><span class=\"note-item-tooltip\">4 \u2014 C\u00f3mo he hecho constar otras veces, equivaldr\u00eda a una imitaci\u00f3n de la posici\u00f3n lograda por la Comunidad Foral de Navarra, con la Ley de Reintegraci\u00f3n y Amejoramiento del Fuero (LORAFNA, 1982) que define una relaci\u00f3n casi confederal con el Estado de car\u00e1cter a\u00fan m\u00e1s singular que la mantenida por el Pa\u00eds Vasco. Es este r\u00e9gimen especial el que se puede interpretar como un cambio por \u201cagregaci\u00f3n\u201d al modelo preexistente.\n<\/span><\/span>.<\/p>\n\n\n\n<p>En cuanto a la reforma o conversi\u00f3n, apuntar\u00eda a la revisi\u00f3n de la relaci\u00f3n actual por la v\u00eda de la iniciativa legislativa estatal o incluso de la revisi\u00f3n constitucional. Conllevar\u00eda una modificaci\u00f3n del modelo territorial actual en materia de competencias, financiaci\u00f3n y participaci\u00f3n en la toma de decisiones estatales. Se mover\u00eda entre una versi\u00f3n auton\u00f3mica 2.0 y una ambigua federalizaci\u00f3n, nunca del todo explicitada.<\/p>\n\n\n\n<p>\u00bfQu\u00e9 grado de probabilidad de realizaci\u00f3n presentan estas \u201cterceras v\u00edas\u201d? Un an\u00e1lisis de las condiciones que suelen facilitar estos momentos de transformaci\u00f3n pol\u00edtica nos indica que son necesarios un asentimiento social y pol\u00edtico muy amplio que las reclame o las acepte, un cuadro institucional que permita una interpretaci\u00f3n flexible de sus reglas y la inexistencia o la inhibici\u00f3n de los actores que cuenten con capacidad de vetarlas.<\/p>\n\n\n\n<div class=\"wp-block-columns is-layout-flex wp-container-core-columns-is-layout-9d6595d7 wp-block-columns-is-layout-flex\">\n<div class=\"wp-block-column is-layout-flow wp-block-column-is-layout-flow\" style=\"flex-basis:33.33%\">\n<blockquote class=\"wp-block-quote is-style-large is-layout-flow wp-block-quote-is-layout-flow\"><p>Solo con una presi\u00f3n reforzada de la opini\u00f3n p\u00fablica se pueden doblar rigideces y esquivar vetos. Para potenciar esta presi\u00f3n hace falta tiempo y una conducci\u00f3n pol\u00edtica persistente con visi\u00f3n a medio o largo plazo. Exige trabajar en la transformaci\u00f3n de las ideas que dominan en la cultura pol\u00edtica mayoritaria, espa\u00f1ola y catalana<\/p><\/blockquote>\n<\/div>\n\n\n\n<div class=\"wp-block-column is-layout-flow wp-block-column-is-layout-flow\" style=\"flex-basis:66.66%\">\n<p>En la situaci\u00f3n espa\u00f1ola actual, ninguna de las tres condiciones se est\u00e1 cumpliendo. La opini\u00f3n predominante en Espa\u00f1a es, hoy por hoy, favorable al mantenimiento del statu quo (Estado de las autonom\u00edas). As\u00ed lo dicen las encuestas. Algunos sectores acad\u00e9micos postulan desde hace tiempo la revisi\u00f3n de algunas disposiciones constitucionales, no siempre en sentido m\u00e1s descentralizador. Pero si se trata de conversi\u00f3n por reinterpretaci\u00f3n del cuadro normativo existente o para reformarlo de manera sustantiva, habr\u00eda que transitar por procedimientos muy r\u00edgidos en los que aparecen actores con poderes de veto, tanto formales (instituciones contra mayoritarias, mayor\u00edas parlamentarias cualificadas) como f\u00e1cticos (cuerpos burocr\u00e1ticos, actores socioecon\u00f3micos, etc).<\/p>\n\n\n\n<p>Solo con una presi\u00f3n reforzada de la opini\u00f3n p\u00fablica se pueden doblar rigideces y esquivar vetos. Para potenciar esta presi\u00f3n hace falta tiempo y una conducci\u00f3n pol\u00edtica persistente y con visi\u00f3n a medio o largo plazo. Exige trabajar en la transformaci\u00f3n de las ideas que dominan en la cultura pol\u00edtica mayoritaria, espa\u00f1ola y catalana. El cambio de mayor\u00eda de gobierno en el Estado desde 2019 y algunas autocr\u00edticas internas en el independentismo catal\u00e1n ofrecen signos favorables a una lenta reorientaci\u00f3n de este marco mental, abriendo posibles rendijas en las barreras de la rigidez legal y del veto pol\u00edtico. Eso s\u00ed, a medio plazo, tanto en Espa\u00f1a como Catalunya.<\/p>\n<\/div>\n<\/div>\n\n\n\n<h5 class=\"wp-block-heading\">Preparando una larga marcha<\/h5>\n\n\n\n<p>En todo caso, las salidas apuntadas se sit\u00faan en un horizonte a medio plazo porque es considerable la distancia que nos separa de las necesarias condiciones de viabilidad para cualquiera de ellas. El punto de partida para construirlas es de gran debilidad, despu\u00e9s de haber derrochado buena parte del capital social e institucional acumulado durante a\u00f1os. En Catalunya y en Espa\u00f1a. A pesar de todo y desde cierto \u201cpesimismo activo\u201d, estamos obligados a sentar las bases de una estaci\u00f3n inicial desde la cual pueda arrancar la larga marcha hacia el cambio necesario. Apunto lo que me parecen ser estas bases y las caracter\u00edsticas principales del recorrido.<\/p>\n\n\n\n<h5 class=\"wp-block-heading\"><em>Los preparativos<\/em><\/h5>\n\n\n\n<ul class=\"wp-block-list\"><li>Hay que empezar con plena conciencia de un doble fracaso. El m\u00e9todo insurreccional \u2013por pac\u00edfico que pretenda ser\u2013 se ha demostrado est\u00e9ril para responder eficazmente a una demanda de cambio en la relaci\u00f3n Espa\u00f1a-Catalunya. Del mismo modo, el instrumental jur\u00eddico-penal se ha manifestado in\u00fatil y contraproducente para sofocar esta demanda de cambio. Sin asumirlo (aunque no se explicite), no parece posible iniciar el itinerario y salir del punto muerto.<\/li><\/ul>\n\n\n\n<ul class=\"wp-block-list\"><li>Es cierto que ni en Espa\u00f1a, ni en Catalunya existe una posici\u00f3n rotundamente mayoritaria sobre c\u00f3mo tiene que ser la relaci\u00f3n que las ha unido hasta ahora. Pero no creo que se tenga que condicionar el arranque de la aproximaci\u00f3n a encontrar una posici\u00f3n \u00fanica en cada una de las partes. M\u00e1s bien ser\u00e1 una participaci\u00f3n amplia en los preparativos la que podr\u00e1 ir reajustando posiciones previas y hacerlas confluir en bases compartidas. Sin esta participaci\u00f3n inicial, no habr\u00e1 esfuerzo para la aproximaci\u00f3n.<\/li><\/ul>\n\n\n\n<ul class=\"wp-block-list\"><li>En Catalunya se tiene que hacer honestamente un balance de situaci\u00f3n. En el activo de este balance, se computan tres factores. Primero, la voluntad ciudadana claramente mayoritaria (no exclusivamente independentista) de revisar la relaci\u00f3n Espa\u00f1a-Catalunya. En segundo lugar, la capacidad de movilizaci\u00f3n social demostrada en favor de esta revisi\u00f3n. Finalmente, la preferencia para llegar a este cambio por la v\u00eda negociada, tal como nos indican tambi\u00e9n las encuestas de opini\u00f3n. En el pasivo catal\u00e1n, constan el desgaste innegable de sus instituciones y de su reputaci\u00f3n interna y exterior (Generalitat, administraci\u00f3n, polic\u00eda, medios p\u00fablicos de comunicaci\u00f3n), la desconfianza en el sistema de partidos y en sus dirigentes y, finalmente, el peso del coste social y econ\u00f3mico derivado de la Gran crisis de 2008, de la misma inestabilidad pol\u00edtica causada por el \u201cproc\u00e9s\u201d y de la pandemia de la COVID-19. No hay que olvidar este balance en el momento de marcar objetivos y ritmos.<\/li><\/ul>\n\n\n\n<ul class=\"wp-block-list\"><li>En una perspectiva m\u00e1s inmediata, la entrada decidida en una v\u00eda de aproximaci\u00f3n a una futura negociaci\u00f3n requerir\u00eda mayor\u00edas de gobierno s\u00f3lidas y claramente favorables a este planteamiento, tanto en el Estado como en Catalunya. La consolidaci\u00f3n de estas mayor\u00edas es hoy por hoy problem\u00e1tica en Madrid y todav\u00eda m\u00e1s en Barcelona. Pero esto no tiene que impedir los tanteos exploratorios (la denominada \u201cmesa de di\u00e1logo\u201d), sin esperar esta consolidaci\u00f3n.<\/li><\/ul>\n\n\n\n<ul class=\"wp-block-list\"><li>Finalmente, el clima para avanzar mejorar\u00eda si se tomaran dos iniciativas paralelas: la desactivaci\u00f3n de los instrumentos judiciales y penales por parte del Estado y la desactivaci\u00f3n de los instrumentos propagand\u00edsticos de la Corporaci\u00f3n Catalana de Medios Audiovisuales (CCMA) por parte de la Generalitat. Ambas iniciativas son de realizaci\u00f3n igualmente complicada. Pero sin intentar esta doble desactivaci\u00f3n parcial o total, el acercamiento que se pretende correr\u00e1 un riesgo permanente de sabotaje o de obstrucci\u00f3n por parte de quienes act\u00faan desde aquellas dos instancias.<\/li><\/ul>\n\n\n\n<h5 class=\"wp-block-heading\"><br><em>Las caracter\u00edsticas del recorrido<\/em><\/h5>\n\n\n\n<ul class=\"wp-block-list\"><li>En el contexto europeo e internacional actual, un cambio estable en el formato de la relaci\u00f3n Espa\u00f1a-Catalunya solo puede lograrse mediante la transacci\u00f3n pol\u00edtica y a partir de un proceso de negociaci\u00f3n. Esta negociaci\u00f3n se tiene que situar en un horizonte a medio-largo plazo, no puede fijar calendarios temporales y tiene que admitir de entrada la previsi\u00f3n de accidentes de recorrido que la pondr\u00e1n en crisis, con episodios de estancamiento, suspensi\u00f3n y reanudaci\u00f3n.<\/li><\/ul>\n\n\n\n<ul class=\"wp-block-list\"><li>Los negociadores tendr\u00e1n que ser conscientes de los l\u00edmites de sus pretensiones y de los m\u00e1rgenes en la capacidad de cesi\u00f3n de sus oponentes, especialmente mientras no se vayan transformando las ideas dominantes en la cultura pol\u00edtica tanto espa\u00f1ola como catalana que siguen pensando la relaci\u00f3n en t\u00e9rminos de soberan\u00eda estatal inexpugnable.<\/li><\/ul>\n\n\n\n<ul class=\"wp-block-list\"><li>Esta negociaci\u00f3n no podr\u00e1 identificar de entrada un punto de llegada espec\u00edfico (el contenido concreto de un acuerdo), porque las metas sucesivas se ir\u00e1n definiendo sobre la marcha a partir de un progreso por etapas, con compromisos parciales y espec\u00edficos sobre asuntos particulares.<\/li><\/ul>\n\n\n\n<ul class=\"wp-block-list\"><li>En alg\u00fan momento de esta negociaci\u00f3n, ser\u00e1 necesario someter sus resultados a consulta o refer\u00e9ndum. La salida del punto muerto actual \u2013por provisional que sea\u2013 no ser\u00e1 efectiva sin alguna forma de validaci\u00f3n popular directa.<\/li><\/ul>\n\n\n\n<ul class=\"wp-block-list\"><li>El di\u00e1logo pol\u00edtico que se tiene que poner en marcha debe ir acompa\u00f1ado y reforzado por un di\u00e1logo social en el que intervengan instituciones y colectivos del mundo socioecon\u00f3mico, intelectual y cultural. Su formato tendr\u00eda que ser m\u00e1s de car\u00e1cter reticular que bilateral, estableciendo diferentes puntos de conexi\u00f3n a partir de \u201cmesas civiles\u201d de base territorial o sectorial. En estos contactos se tendr\u00eda que ir reforzando la idea de que la crisis existente solo puede ser abordada por la v\u00eda de la negociaci\u00f3n.<\/li><\/ul>\n\n\n\n<p><br>Para concluir este ejercicio, un comentario final. Doy por asumido que Catalunya y Espa\u00f1a se enfrentan a los mismos retos globales: una desigualdad socioecon\u00f3mica creciente, el cambio clim\u00e1tico, la transici\u00f3n hacia la digitalizaci\u00f3n, el desgaste de la democracia representativa, etc. Estabilizar la relaci\u00f3n que mantienen es indispensable para responder eficazmente a estos retos. Esto comporta el uso inteligente de la pol\u00edtica. En el trasfondo del planteamiento que hago para la revisi\u00f3n de la relaci\u00f3n Espa\u00f1a-Catalunya, se perfila una transici\u00f3n obligada desde la l\u00f3gica argumental del \u201cs\u00ed o no\u201d \u2013y todav\u00eda m\u00e1s del est\u00e9ril \u201cs\u00ed o s\u00ed\u201d\u2013 a la l\u00f3gica del \u201cm\u00e1s o menos\u201d y del \u201cm\u00e1s pronto o m\u00e1s tarde\u201d (Offe). En cierto modo, significa abandonar un posicionamiento m\u00e1s propio de tesis casi metaf\u00edsicas y volver al terreno de la pol\u00edtica democr\u00e1tica. Que nunca se tendr\u00eda que haber abandonado.<\/p>\n","protected":false},"excerpt":{"rendered":"<p>Volver a escribir sobre las relaciones Espa\u00f1a-Catalunya a petici\u00f3n de los editores de IDEES no es para m\u00ed un ejercicio sencillo. Durante casi cincuenta a\u00f1os he redactado muchas p\u00e1ginas sobre la cuesti\u00f3n. Algunas publicadas y otras in\u00e9ditas. Con pretensi\u00f3n de an\u00e1lisis acad\u00e9mico, de estrategia pol\u00edtica o de comentario period\u00edstico de circunstancias. Dudo que pueda aportar gran cosa si lo que se busca es originalidad o novedad. Lo que hago aqu\u00ed es resumir algunas consideraciones sobre la inestable vinculaci\u00f3n de Catalunya con Espa\u00f1a y su problem\u00e1tica evoluci\u00f3n futura. Para muchos, podr\u00e1n sonar como observaciones obvias, repetitivas y poco originales. Pero es\u2026<\/p>\n","protected":false},"author":3,"featured_media":25351,"parent":0,"comment_status":"closed","ping_status":"closed","sticky":false,"template":"","format":"standard","meta":{"_acf_changed":false,"inline_featured_image":false,"_jetpack_memberships_contains_paid_content":false,"footnotes":""},"categories":[260],"tags":[],"segment":[],"subject":[],"class_list":["post-25734","post","type-post","status-publish","format-standard","has-post-thumbnail","hentry","category-el-debate-en-catalunya-es"],"acf":[],"yoast_head":"<!-- This site is optimized with the Yoast SEO plugin v27.4 - https:\/\/yoast.com\/product\/yoast-seo-wordpress\/ -->\n<title>Catalunya - Espa\u00f1a: alternativas fracasadas, nuevas perspectivas y una larga marcha pendiente &#8211; IDEES<\/title>\n<meta name=\"robots\" content=\"index, follow, max-snippet:-1, max-image-preview:large, max-video-preview:-1\" \/>\n<link rel=\"canonical\" href=\"https:\/\/revistaidees.cat\/es\/catalunya-espanya-alternatives-fracassades-noves-perspectives-i-una-llarga-marxa-pendent\/\" \/>\n<meta property=\"og:locale\" content=\"es_ES\" \/>\n<meta property=\"og:type\" content=\"article\" \/>\n<meta property=\"og:title\" content=\"Catalunya - Espa\u00f1a: alternativas fracasadas, nuevas perspectivas y una larga marcha pendiente &#8211; IDEES\" \/>\n<meta property=\"og:description\" content=\"Volver a escribir sobre las relaciones Espa\u00f1a-Catalunya a petici\u00f3n de los editores de IDEES no es para m\u00ed un ejercicio sencillo. Durante casi cincuenta a\u00f1os he redactado muchas p\u00e1ginas sobre la cuesti\u00f3n. Algunas publicadas y otras in\u00e9ditas. Con pretensi\u00f3n de an\u00e1lisis acad\u00e9mico, de estrategia pol\u00edtica o de comentario period\u00edstico de circunstancias. Dudo que pueda aportar gran cosa si lo que se busca es originalidad o novedad. Lo que hago aqu\u00ed es resumir algunas consideraciones sobre la inestable vinculaci\u00f3n de Catalunya con Espa\u00f1a y su problem\u00e1tica evoluci\u00f3n futura. Para muchos, podr\u00e1n sonar como observaciones obvias, repetitivas y poco originales. Pero es\u2026\" \/>\n<meta property=\"og:url\" content=\"https:\/\/revistaidees.cat\/es\/catalunya-espanya-alternatives-fracassades-noves-perspectives-i-una-llarga-marxa-pendent\/\" \/>\n<meta property=\"og:site_name\" content=\"IDEES\" \/>\n<meta property=\"article:published_time\" content=\"2020-11-02T17:01:21+00:00\" \/>\n<meta property=\"article:modified_time\" content=\"2020-11-03T18:31:07+00:00\" \/>\n<meta property=\"og:image\" content=\"https:\/\/i0.wp.com\/revistaidees.cat\/wp-content\/uploads\/2020\/11\/2-Twitter-4.jpg?fit=1024%2C512&ssl=1\" \/>\n\t<meta property=\"og:image:width\" content=\"1024\" \/>\n\t<meta property=\"og:image:height\" content=\"512\" \/>\n\t<meta property=\"og:image:type\" content=\"image\/jpeg\" \/>\n<meta name=\"author\" content=\"maria\" \/>\n<meta name=\"twitter:card\" content=\"summary_large_image\" \/>\n<meta name=\"twitter:label1\" content=\"Escrito por\" \/>\n\t<meta name=\"twitter:data1\" content=\"maria\" \/>\n\t<meta name=\"twitter:label2\" content=\"Tiempo de lectura\" \/>\n\t<meta name=\"twitter:data2\" content=\"19 minutos\" \/>\n<script type=\"application\/ld+json\" class=\"yoast-schema-graph\">{\"@context\":\"https:\\\/\\\/schema.org\",\"@graph\":[{\"@type\":\"Article\",\"@id\":\"https:\\\/\\\/revistaidees.cat\\\/es\\\/catalunya-espanya-alternatives-fracassades-noves-perspectives-i-una-llarga-marxa-pendent\\\/#article\",\"isPartOf\":{\"@id\":\"https:\\\/\\\/revistaidees.cat\\\/es\\\/catalunya-espanya-alternatives-fracassades-noves-perspectives-i-una-llarga-marxa-pendent\\\/\"},\"author\":{\"name\":\"maria\",\"@id\":\"https:\\\/\\\/revistaidees.cat\\\/#\\\/schema\\\/person\\\/23b13c8d154c858b03b5b4905ae0d5f6\"},\"headline\":\"Catalunya &#8211; Espa\u00f1a: alternativas fracasadas, nuevas perspectivas y una larga marcha pendiente\",\"datePublished\":\"2020-11-02T17:01:21+00:00\",\"dateModified\":\"2020-11-03T18:31:07+00:00\",\"mainEntityOfPage\":{\"@id\":\"https:\\\/\\\/revistaidees.cat\\\/es\\\/catalunya-espanya-alternatives-fracassades-noves-perspectives-i-una-llarga-marxa-pendent\\\/\"},\"wordCount\":3771,\"image\":{\"@id\":\"https:\\\/\\\/revistaidees.cat\\\/es\\\/catalunya-espanya-alternatives-fracassades-noves-perspectives-i-una-llarga-marxa-pendent\\\/#primaryimage\"},\"thumbnailUrl\":\"https:\\\/\\\/i0.wp.com\\\/revistaidees.cat\\\/wp-content\\\/uploads\\\/2020\\\/11\\\/2-Twitter-4.jpg?fit=1024%2C512&ssl=1\",\"articleSection\":[\"El debate en Catalunya\"],\"inLanguage\":\"es\"},{\"@type\":\"WebPage\",\"@id\":\"https:\\\/\\\/revistaidees.cat\\\/es\\\/catalunya-espanya-alternatives-fracassades-noves-perspectives-i-una-llarga-marxa-pendent\\\/\",\"url\":\"https:\\\/\\\/revistaidees.cat\\\/es\\\/catalunya-espanya-alternatives-fracassades-noves-perspectives-i-una-llarga-marxa-pendent\\\/\",\"name\":\"Catalunya - Espa\u00f1a: alternativas fracasadas, nuevas perspectivas y una larga marcha pendiente &#8211; IDEES\",\"isPartOf\":{\"@id\":\"https:\\\/\\\/revistaidees.cat\\\/#website\"},\"primaryImageOfPage\":{\"@id\":\"https:\\\/\\\/revistaidees.cat\\\/es\\\/catalunya-espanya-alternatives-fracassades-noves-perspectives-i-una-llarga-marxa-pendent\\\/#primaryimage\"},\"image\":{\"@id\":\"https:\\\/\\\/revistaidees.cat\\\/es\\\/catalunya-espanya-alternatives-fracassades-noves-perspectives-i-una-llarga-marxa-pendent\\\/#primaryimage\"},\"thumbnailUrl\":\"https:\\\/\\\/i0.wp.com\\\/revistaidees.cat\\\/wp-content\\\/uploads\\\/2020\\\/11\\\/2-Twitter-4.jpg?fit=1024%2C512&ssl=1\",\"datePublished\":\"2020-11-02T17:01:21+00:00\",\"dateModified\":\"2020-11-03T18:31:07+00:00\",\"author\":{\"@id\":\"https:\\\/\\\/revistaidees.cat\\\/#\\\/schema\\\/person\\\/23b13c8d154c858b03b5b4905ae0d5f6\"},\"breadcrumb\":{\"@id\":\"https:\\\/\\\/revistaidees.cat\\\/es\\\/catalunya-espanya-alternatives-fracassades-noves-perspectives-i-una-llarga-marxa-pendent\\\/#breadcrumb\"},\"inLanguage\":\"es\",\"potentialAction\":[{\"@type\":\"ReadAction\",\"target\":[\"https:\\\/\\\/revistaidees.cat\\\/es\\\/catalunya-espanya-alternatives-fracassades-noves-perspectives-i-una-llarga-marxa-pendent\\\/\"]}]},{\"@type\":\"ImageObject\",\"inLanguage\":\"es\",\"@id\":\"https:\\\/\\\/revistaidees.cat\\\/es\\\/catalunya-espanya-alternatives-fracassades-noves-perspectives-i-una-llarga-marxa-pendent\\\/#primaryimage\",\"url\":\"https:\\\/\\\/i0.wp.com\\\/revistaidees.cat\\\/wp-content\\\/uploads\\\/2020\\\/11\\\/2-Twitter-4.jpg?fit=1024%2C512&ssl=1\",\"contentUrl\":\"https:\\\/\\\/i0.wp.com\\\/revistaidees.cat\\\/wp-content\\\/uploads\\\/2020\\\/11\\\/2-Twitter-4.jpg?fit=1024%2C512&ssl=1\",\"width\":1024,\"height\":512,\"caption\":\"Imagen del exterior del Congreso de los Diputados, con dos s\u00edmbolos al lado que indican \\\"calle sin salida\\\". Ilustraci\u00f3n: C\u00e9sar Cromit\"},{\"@type\":\"BreadcrumbList\",\"@id\":\"https:\\\/\\\/revistaidees.cat\\\/es\\\/catalunya-espanya-alternatives-fracassades-noves-perspectives-i-una-llarga-marxa-pendent\\\/#breadcrumb\",\"itemListElement\":[{\"@type\":\"ListItem\",\"position\":1,\"name\":\"Inici\",\"item\":\"https:\\\/\\\/revistaidees.cat\\\/es\\\/\"},{\"@type\":\"ListItem\",\"position\":2,\"name\":\"Catalunya &#8211; Espa\u00f1a: alternativas fracasadas, nuevas perspectivas y una larga marcha pendiente\"}]},{\"@type\":\"WebSite\",\"@id\":\"https:\\\/\\\/revistaidees.cat\\\/#website\",\"url\":\"https:\\\/\\\/revistaidees.cat\\\/\",\"name\":\"IDEES\",\"description\":\"Revista de temas contempor\u00e1neos\",\"potentialAction\":[{\"@type\":\"SearchAction\",\"target\":{\"@type\":\"EntryPoint\",\"urlTemplate\":\"https:\\\/\\\/revistaidees.cat\\\/?s={search_term_string}\"},\"query-input\":{\"@type\":\"PropertyValueSpecification\",\"valueRequired\":true,\"valueName\":\"search_term_string\"}}],\"inLanguage\":\"es\"},{\"@type\":\"Person\",\"@id\":\"https:\\\/\\\/revistaidees.cat\\\/#\\\/schema\\\/person\\\/23b13c8d154c858b03b5b4905ae0d5f6\",\"name\":\"maria\",\"image\":{\"@type\":\"ImageObject\",\"inLanguage\":\"es\",\"@id\":\"https:\\\/\\\/secure.gravatar.com\\\/avatar\\\/4abe985cb800e0b75c4c7bfc4fd0973825f533e0620f989a75661b23c3255192?s=96&d=mm&r=g\",\"url\":\"https:\\\/\\\/secure.gravatar.com\\\/avatar\\\/4abe985cb800e0b75c4c7bfc4fd0973825f533e0620f989a75661b23c3255192?s=96&d=mm&r=g\",\"contentUrl\":\"https:\\\/\\\/secure.gravatar.com\\\/avatar\\\/4abe985cb800e0b75c4c7bfc4fd0973825f533e0620f989a75661b23c3255192?s=96&d=mm&r=g\",\"caption\":\"maria\"}}]}<\/script>\n<!-- \/ Yoast SEO plugin. -->","yoast_head_json":{"title":"Catalunya - Espa\u00f1a: alternativas fracasadas, nuevas perspectivas y una larga marcha pendiente &#8211; IDEES","robots":{"index":"index","follow":"follow","max-snippet":"max-snippet:-1","max-image-preview":"max-image-preview:large","max-video-preview":"max-video-preview:-1"},"canonical":"https:\/\/revistaidees.cat\/es\/catalunya-espanya-alternatives-fracassades-noves-perspectives-i-una-llarga-marxa-pendent\/","og_locale":"es_ES","og_type":"article","og_title":"Catalunya - Espa\u00f1a: alternativas fracasadas, nuevas perspectivas y una larga marcha pendiente &#8211; IDEES","og_description":"Volver a escribir sobre las relaciones Espa\u00f1a-Catalunya a petici\u00f3n de los editores de IDEES no es para m\u00ed un ejercicio sencillo. Durante casi cincuenta a\u00f1os he redactado muchas p\u00e1ginas sobre la cuesti\u00f3n. Algunas publicadas y otras in\u00e9ditas. Con pretensi\u00f3n de an\u00e1lisis acad\u00e9mico, de estrategia pol\u00edtica o de comentario period\u00edstico de circunstancias. Dudo que pueda aportar gran cosa si lo que se busca es originalidad o novedad. Lo que hago aqu\u00ed es resumir algunas consideraciones sobre la inestable vinculaci\u00f3n de Catalunya con Espa\u00f1a y su problem\u00e1tica evoluci\u00f3n futura. Para muchos, podr\u00e1n sonar como observaciones obvias, repetitivas y poco originales. Pero es\u2026","og_url":"https:\/\/revistaidees.cat\/es\/catalunya-espanya-alternatives-fracassades-noves-perspectives-i-una-llarga-marxa-pendent\/","og_site_name":"IDEES","article_published_time":"2020-11-02T17:01:21+00:00","article_modified_time":"2020-11-03T18:31:07+00:00","og_image":[{"width":1024,"height":512,"url":"https:\/\/i0.wp.com\/revistaidees.cat\/wp-content\/uploads\/2020\/11\/2-Twitter-4.jpg?fit=1024%2C512&ssl=1","type":"image\/jpeg"}],"author":"maria","twitter_card":"summary_large_image","twitter_misc":{"Escrito por":"maria","Tiempo de lectura":"19 minutos"},"schema":{"@context":"https:\/\/schema.org","@graph":[{"@type":"Article","@id":"https:\/\/revistaidees.cat\/es\/catalunya-espanya-alternatives-fracassades-noves-perspectives-i-una-llarga-marxa-pendent\/#article","isPartOf":{"@id":"https:\/\/revistaidees.cat\/es\/catalunya-espanya-alternatives-fracassades-noves-perspectives-i-una-llarga-marxa-pendent\/"},"author":{"name":"maria","@id":"https:\/\/revistaidees.cat\/#\/schema\/person\/23b13c8d154c858b03b5b4905ae0d5f6"},"headline":"Catalunya &#8211; Espa\u00f1a: alternativas fracasadas, nuevas perspectivas y una larga marcha pendiente","datePublished":"2020-11-02T17:01:21+00:00","dateModified":"2020-11-03T18:31:07+00:00","mainEntityOfPage":{"@id":"https:\/\/revistaidees.cat\/es\/catalunya-espanya-alternatives-fracassades-noves-perspectives-i-una-llarga-marxa-pendent\/"},"wordCount":3771,"image":{"@id":"https:\/\/revistaidees.cat\/es\/catalunya-espanya-alternatives-fracassades-noves-perspectives-i-una-llarga-marxa-pendent\/#primaryimage"},"thumbnailUrl":"https:\/\/i0.wp.com\/revistaidees.cat\/wp-content\/uploads\/2020\/11\/2-Twitter-4.jpg?fit=1024%2C512&ssl=1","articleSection":["El debate en Catalunya"],"inLanguage":"es"},{"@type":"WebPage","@id":"https:\/\/revistaidees.cat\/es\/catalunya-espanya-alternatives-fracassades-noves-perspectives-i-una-llarga-marxa-pendent\/","url":"https:\/\/revistaidees.cat\/es\/catalunya-espanya-alternatives-fracassades-noves-perspectives-i-una-llarga-marxa-pendent\/","name":"Catalunya - Espa\u00f1a: alternativas fracasadas, nuevas perspectivas y una larga marcha pendiente &#8211; IDEES","isPartOf":{"@id":"https:\/\/revistaidees.cat\/#website"},"primaryImageOfPage":{"@id":"https:\/\/revistaidees.cat\/es\/catalunya-espanya-alternatives-fracassades-noves-perspectives-i-una-llarga-marxa-pendent\/#primaryimage"},"image":{"@id":"https:\/\/revistaidees.cat\/es\/catalunya-espanya-alternatives-fracassades-noves-perspectives-i-una-llarga-marxa-pendent\/#primaryimage"},"thumbnailUrl":"https:\/\/i0.wp.com\/revistaidees.cat\/wp-content\/uploads\/2020\/11\/2-Twitter-4.jpg?fit=1024%2C512&ssl=1","datePublished":"2020-11-02T17:01:21+00:00","dateModified":"2020-11-03T18:31:07+00:00","author":{"@id":"https:\/\/revistaidees.cat\/#\/schema\/person\/23b13c8d154c858b03b5b4905ae0d5f6"},"breadcrumb":{"@id":"https:\/\/revistaidees.cat\/es\/catalunya-espanya-alternatives-fracassades-noves-perspectives-i-una-llarga-marxa-pendent\/#breadcrumb"},"inLanguage":"es","potentialAction":[{"@type":"ReadAction","target":["https:\/\/revistaidees.cat\/es\/catalunya-espanya-alternatives-fracassades-noves-perspectives-i-una-llarga-marxa-pendent\/"]}]},{"@type":"ImageObject","inLanguage":"es","@id":"https:\/\/revistaidees.cat\/es\/catalunya-espanya-alternatives-fracassades-noves-perspectives-i-una-llarga-marxa-pendent\/#primaryimage","url":"https:\/\/i0.wp.com\/revistaidees.cat\/wp-content\/uploads\/2020\/11\/2-Twitter-4.jpg?fit=1024%2C512&ssl=1","contentUrl":"https:\/\/i0.wp.com\/revistaidees.cat\/wp-content\/uploads\/2020\/11\/2-Twitter-4.jpg?fit=1024%2C512&ssl=1","width":1024,"height":512,"caption":"Imagen del exterior del Congreso de los Diputados, con dos s\u00edmbolos al lado que indican \"calle sin salida\". Ilustraci\u00f3n: C\u00e9sar Cromit"},{"@type":"BreadcrumbList","@id":"https:\/\/revistaidees.cat\/es\/catalunya-espanya-alternatives-fracassades-noves-perspectives-i-una-llarga-marxa-pendent\/#breadcrumb","itemListElement":[{"@type":"ListItem","position":1,"name":"Inici","item":"https:\/\/revistaidees.cat\/es\/"},{"@type":"ListItem","position":2,"name":"Catalunya &#8211; Espa\u00f1a: alternativas fracasadas, nuevas perspectivas y una larga marcha pendiente"}]},{"@type":"WebSite","@id":"https:\/\/revistaidees.cat\/#website","url":"https:\/\/revistaidees.cat\/","name":"IDEES","description":"Revista de temas contempor\u00e1neos","potentialAction":[{"@type":"SearchAction","target":{"@type":"EntryPoint","urlTemplate":"https:\/\/revistaidees.cat\/?s={search_term_string}"},"query-input":{"@type":"PropertyValueSpecification","valueRequired":true,"valueName":"search_term_string"}}],"inLanguage":"es"},{"@type":"Person","@id":"https:\/\/revistaidees.cat\/#\/schema\/person\/23b13c8d154c858b03b5b4905ae0d5f6","name":"maria","image":{"@type":"ImageObject","inLanguage":"es","@id":"https:\/\/secure.gravatar.com\/avatar\/4abe985cb800e0b75c4c7bfc4fd0973825f533e0620f989a75661b23c3255192?s=96&d=mm&r=g","url":"https:\/\/secure.gravatar.com\/avatar\/4abe985cb800e0b75c4c7bfc4fd0973825f533e0620f989a75661b23c3255192?s=96&d=mm&r=g","contentUrl":"https:\/\/secure.gravatar.com\/avatar\/4abe985cb800e0b75c4c7bfc4fd0973825f533e0620f989a75661b23c3255192?s=96&d=mm&r=g","caption":"maria"}}]}},"jetpack_featured_media_url":"https:\/\/i0.wp.com\/revistaidees.cat\/wp-content\/uploads\/2020\/11\/2-Twitter-4.jpg?fit=1024%2C512&ssl=1","jetpack_sharing_enabled":true,"_links":{"self":[{"href":"https:\/\/revistaidees.cat\/es\/wp-json\/wp\/v2\/posts\/25734","targetHints":{"allow":["GET"]}}],"collection":[{"href":"https:\/\/revistaidees.cat\/es\/wp-json\/wp\/v2\/posts"}],"about":[{"href":"https:\/\/revistaidees.cat\/es\/wp-json\/wp\/v2\/types\/post"}],"author":[{"embeddable":true,"href":"https:\/\/revistaidees.cat\/es\/wp-json\/wp\/v2\/users\/3"}],"replies":[{"embeddable":true,"href":"https:\/\/revistaidees.cat\/es\/wp-json\/wp\/v2\/comments?post=25734"}],"version-history":[{"count":5,"href":"https:\/\/revistaidees.cat\/es\/wp-json\/wp\/v2\/posts\/25734\/revisions"}],"predecessor-version":[{"id":25758,"href":"https:\/\/revistaidees.cat\/es\/wp-json\/wp\/v2\/posts\/25734\/revisions\/25758"}],"wp:featuredmedia":[{"embeddable":true,"href":"https:\/\/revistaidees.cat\/es\/wp-json\/wp\/v2\/media\/25351"}],"wp:attachment":[{"href":"https:\/\/revistaidees.cat\/es\/wp-json\/wp\/v2\/media?parent=25734"}],"wp:term":[{"taxonomy":"category","embeddable":true,"href":"https:\/\/revistaidees.cat\/es\/wp-json\/wp\/v2\/categories?post=25734"},{"taxonomy":"post_tag","embeddable":true,"href":"https:\/\/revistaidees.cat\/es\/wp-json\/wp\/v2\/tags?post=25734"},{"taxonomy":"segment","embeddable":true,"href":"https:\/\/revistaidees.cat\/es\/wp-json\/wp\/v2\/segment?post=25734"},{"taxonomy":"subject","embeddable":true,"href":"https:\/\/revistaidees.cat\/es\/wp-json\/wp\/v2\/subject?post=25734"}],"curies":[{"name":"wp","href":"https:\/\/api.w.org\/{rel}","templated":true}]}}