{"id":44392,"date":"2021-07-01T11:47:43","date_gmt":"2021-07-01T11:47:43","guid":{"rendered":"https:\/\/revistaidees.cat\/?p=44392"},"modified":"2021-07-02T08:24:40","modified_gmt":"2021-07-02T08:24:40","slug":"masculinidades-imaginacion-y-practicas-culturales","status":"publish","type":"post","link":"https:\/\/revistaidees.cat\/es\/masculinidades-imaginacion-y-practicas-culturales\/","title":{"rendered":"Masculinidades, imaginaci\u00f3n y pr\u00e1cticas culturales"},"content":{"rendered":"\n<p>En las \u00faltimas d\u00e9cadas la masculinidad se ha convertido en una agenda de debate cada vez m\u00e1s importante, debido en gran parte a las cr\u00edticas a los modelos de masculinidad normativa que han desarrollado en diferentes partes del mundo los movimientos feministas, los movimientos por los derechos civiles o los movimientos postcoloniales. Pero tambi\u00e9n a que una parte de la extrema derecha ha hecho de la reivindicaci\u00f3n de la masculinidad la bandera de su defensa de un orden social amenazado por esos movimientos (especialmente por los feminismos). El debate sobre qu\u00e9 hacer con la masculinidad, en este contexto de disputa, est\u00e1 dando lugar a postulados muy diferentes.<\/p>\n\n\n\n<p>En algunas ocasiones se habla de abolir la masculinidad. Una postura que parte de la existencia de una asociaci\u00f3n permanente entre masculinidad, violencia y patriarcado. Esta es una aproximaci\u00f3n esencialista que considera que hay que abolir la masculinidad porque es imposible reformarla y que, adem\u00e1s, entiende la masculinidad como un patrimonio exclusivo de los hombres. En segundo lugar, nos encontramos con otras aproximaciones que entienden que los privilegios son el \u00e1mbito esencial de discusi\u00f3n y que la culpa ante dichos privilegios y ante las pr\u00e1cticas masculinas, constituye no solo la l\u00f3gica movilizadora (reconocer la culpabilidad es el primer paso para reformarse como hombres), sino que se convierte en una forma de identidad que agrupa a los hombres que tienen la valent\u00eda suficiente para avanzar en la deconstrucci\u00f3n de su masculinidad. <\/p>\n\n\n\n<p>Esta perspectiva est\u00e1 \u00edntimamente vinculada a otra que rescata un componente esencial de la masculinidad normativa, la del sujeto masculino autosuficiente, racional y calculador. Solo ese tipo de sujeto puede enfrentarse a un proceso de transformaci\u00f3n social como el que implica transformar los roles y las relaciones de g\u00e9nero desde una posici\u00f3n marcadamente individual. Estas ideas de una esencia inherente a la masculinidad, del sujeto autosuficiente \u2013casi guerrero\u2013 que puede enfrentarse a s\u00ed mismo y reconstruirse individualmente, o bien, la de los privilegios como el campo de tensi\u00f3n fundamental, son tres marcos que, curiosamente, las corrientes cr\u00edticas de la masculinidad comparten con el argumentario de la extrema derecha en su defensa del orden masculino. En este art\u00edculo trataremos de presentar algunas perspectivas diferentes a las anteriormente se\u00f1aladas.<\/p>\n\n\n\n<p>Este texto, que reconoce y tiene como punto de partida que existe una relaci\u00f3n constitutiva entre la masculinidad normativa, el dividendo patriarcal y diferentes formas de violencia (machista, lgtbif\u00f3bica,\u2026), est\u00e1 inscrito dentro de lo que se han venido en denominar los Estudios Cr\u00edticos de la Masculinidad. En primer lugar, esta corriente tiene como premisa que no hay nada de esencia en la masculinidad, sino que se trata de una construcci\u00f3n social y que, como tal, se transforma hist\u00f3rica y espacialmente. Adem\u00e1s, esta tambi\u00e9n cambia biogr\u00e1ficamente, en la medida que podemos habitar y practicar formas de masculinidad diferentes a lo largo de nuestras vidas. En segundo lugar, existen numerosas formas de masculinidad, con diferencias y jerarqu\u00edas entre las mismas, y tambi\u00e9n con contradicciones internas, y es precisamente en esa diversidad donde se esconden las posibilidades de transformaci\u00f3n. Ante esta diversidad, Jablonka nos invita a politizar las masculinidades, \u201csubvirtiendo las masculinidades de dominaci\u00f3n y haciendo proliferar las disidentes\u201d <span class=\"note-item\"><a href=\"#note-01\" class=\"scroll-to\">[1]<\/a><span class=\"note-item-tooltip\">1 \u2014 Jablonka, I. (2019) Des hommes justes. Paris: Seuil. 389.\n<\/span><\/span>. En tercer lugar, transformar la masculinidad no es un esfuerzo individual, sino que requiere de arenas de discusi\u00f3n colectiva, de espacios pol\u00edticos en los que se discuta, con toda la intensidad democr\u00e1tica posible, sobre qu\u00e9 hacer con uno de los elementos que condiciona nuestros modos de vida.<\/p>\n\n\n\n<div class=\"wp-block-columns is-layout-flex wp-container-core-columns-is-layout-9d6595d7 wp-block-columns-is-layout-flex\">\n<div class=\"wp-block-column is-layout-flow wp-block-column-is-layout-flow\" style=\"flex-basis:33.33%\">\n<blockquote class=\"wp-block-quote is-style-large is-layout-flow wp-block-quote-is-layout-flow\"><p>Las pol\u00edticas contra la masculinidad hegem\u00f3nica est\u00e1n m\u00e1s centradas en la prevenci\u00f3n que en la imaginaci\u00f3n y, por lo tanto, m\u00e1s dedicadas a describir a esos hombres que no deber\u00edamos ser que en abrir espacios para imaginar, proponer y ofrecer otras formas posibles de ser hombres&nbsp;<\/p><\/blockquote>\n<\/div>\n\n\n\n<div class=\"wp-block-column is-layout-flow wp-block-column-is-layout-flow\" style=\"flex-basis:66.66%\">\n<p>Tal tarea colectiva requiere pensar en elementos movilizadores que, reconociendo la responsabilidad de los hombres, superen una l\u00f3gica estructurada en torno a la culpa para abrir espacio a preguntas como \u00bfqu\u00e9 gana lo masculino en una sociedad caracterizada por la justicia de g\u00e9nero? \u00bfC\u00f3mo podemos ampliar el enfoque para ocuparnos de la creatividad, el deseo y el placer que pueden darse mediante otras formas de masculinidad o en el propio proceso de imaginarlas? Imaginaci\u00f3n, precisamente es lo que m\u00e1s necesitamos para responder a preguntas como \u00bfqu\u00e9 significa eso de ganar?, \u00bfqu\u00e9 bienes implica? \u00bfc\u00f3mo abrimos la discusi\u00f3n a diferentes sujetos que no sean los habituales? \u00bfc\u00f3mo movilizamos el deseo? Sin embargo, las pol\u00edticas o las pr\u00e1cticas contra la masculinidad hegem\u00f3nica comparten el marco general de la pol\u00edtica de nuestro tiempo, m\u00e1s centrada en la prevenci\u00f3n que en la imaginaci\u00f3n y, por lo tanto, m\u00e1s dedicadas a describir a esos hombres que no deber\u00edamos ser que en abrir espacios para imaginar, proponer y ofrecer otras formas posibles de ser hombres.<\/p>\n<\/div>\n<\/div>\n\n\n\n<h5 class=\"wp-block-heading\">Pr\u00e1cticas art\u00edsticas para pensar las masculinidades<\/h5>\n\n\n\n<p>En esa necesidad de vincular imaginaci\u00f3n con la construcci\u00f3n de espacios de discusi\u00f3n colectiva, es donde reivindicamos el lugar de determinadas pr\u00e1cticas art\u00edsticas. En primer lugar, porque hablamos de pr\u00e1cticas a trav\u00e9s de las cuales se conforman s\u00edmbolos e identidades que nos ayudan a construir e interpretar nuestros modos de vivir. En segundo lugar, porque se han convertido en un \u00e1mbito especialmente f\u00e9rtil para analizar c\u00f3mo se construyen masculinidades normativas, hegem\u00f3nicas u otras masculinidades que participan de sus beneficios. Es decir, las pr\u00e1cticas art\u00edsticas y culturales se han conformado como un territorio de cr\u00edtica. Pero tambi\u00e9n, a la vez, ofrecen la oportunidad de generar nuevas representaciones de la masculinidad, de visibilizar otras masculinidades, abriendo, como dir\u00eda Connell <span class=\"note-item\"><a href=\"#note-02\" class=\"scroll-to\">[2]<\/a><span class=\"note-item-tooltip\">2 \u2014 Connel, R. (2015) \u201cInscriptions au masculin\u201d en Fabre, A. (ed.) Chercher le gar\u00e7on. Val de Marne. MAC VAL, 170.\n<\/span><\/span>, \u201cun sentido de la multiplicidad y de la posibilidad\u00bb <span class=\"note-item\"><a href=\"#note-03\" class=\"scroll-to\">[3]<\/a><span class=\"note-item-tooltip\">3 \u2014 Ejemplos como la exposici\u00f3n Chercher le Gar\u00e7on en el MAC de Val de Marne (2015) o la reciente Masculinities. Liberation through photography en el Barbican Center (2020) o proyectos art\u00edsticos como The Mith of Men de Ahmed Polat, ilustran las apuestas recientes en el campo del arte por ampliar la caja de herramientas para interpretar y representar las maculinidades.\n<\/span><\/span>. Las pr\u00e1cticas art\u00edsticas nos ofrecen diferentes arenas para articular diferentes saberes a la hora de analizar y de desplegar narrativas contrahegem\u00f3nicas sobre los comportamientos y actitudes asociadas a la misma <span class=\"note-item\"><a href=\"#note-04\" class=\"scroll-to\">[4]<\/a><span class=\"note-item-tooltip\">4 \u2014 Moura, T. y Cerdeira, L. (2021) Re-thinking gender, artivism and choices. Culltures of equality emerging from urban peripheries. Frontiers in Sociology, 6.\n<\/span><\/span>. <\/p>\n\n\n\n<p>Por \u00faltimo, el campo de las pr\u00e1cticas art\u00edsticas y culturales ha sido especialmente fecundo no s\u00f3lo para imaginar otras formas de masculinidad, sino tambi\u00e9n para ponerlas en pr\u00e1ctica. Las comunidades creadas en torno a las casas de la escena <em>Ballroom<\/em>, durante las d\u00e9cadas de los 80 y los 90, son ejemplos ilustrativos de esto \u00faltimo. Dentro de esas comunidades, compuestas fundamentalmente por personas pertenecientes a las comunidades afrodescendientes o latinas y LGTBI, se creaban nuevos linajes que iban m\u00e1s all\u00e1 de la forma cl\u00e1sica de familia, formas de cuidado y solidaridad ante el VIH a las que dichas personas no hubieran podido acceder o, por \u00faltimo, formas de transmisi\u00f3n de conocimientos (desde el baile a la salud) diferentes y m\u00e1s accesibles que las que proporcionaban las instituciones cl\u00e1sicas <span class=\"note-item\"><a href=\"#note-05\" class=\"scroll-to\">[5]<\/a><span class=\"note-item-tooltip\">5 \u2014 Klitg\u00e5rd, M. (2019) Family Time Gone Awry: Vogue Houses and Queer Repro-Generationality at the Intersection(s) of Race and Sexuality. Debate Feminista 57: 108-133\n<\/span><\/span>.<\/p>\n\n\n\n<p>Este art\u00edculo analiza como parte de estas cuestiones se dan en tres iniciativas culturales realizadas por agentes muy diversos y en contextos muy diferentes (Finlandia, Brasil, B\u00e9lgica, Pa\u00edses Bajos o los Estados Unidos). Estos proyectos son <em>Construindo Masculinidades Outras<\/em> (Rio de Janeiro, Brasil), <em>The New Masculinities Festival<\/em> (Nueva York, Estados Unidos) y <em>Re-defining Masculinities<\/em> (Finlandia, B\u00e9lgica y Pa\u00edses Bajos) <span class=\"note-item\"><a href=\"#note-06\" class=\"scroll-to\">[6]<\/a><span class=\"note-item-tooltip\">6 \u2014 Para la realizaci\u00f3n de este texto se entrevist\u00f3 a Michael Wilson (uno de los fundadores del New Masculinities Festival), Gleyce Heitor (coordinadora del programa pedag\u00f3gico en Construindo Masculinidades Outras) y Malin Bergstrom (coordinadora del proyecto Re-defining Masculinities).\n<\/span><\/span>. El programa <em><a href=\"https:\/\/finncult.be\/redefining-masculinities\" target=\"_blank\" rel=\"noreferrer noopener\">Re-defining Masculinities<\/a><\/em> es una iniciativa del Instituto de Cultura Finlandesa para el Benelux. Una iniciativa que nace a ra\u00edz de las preguntas que se dan dentro de un proyecto sobre los retos del feminismo promovido en 2018 por la misma instituci\u00f3n: \u201c\u00bfqu\u00e9 sucede con los hombres?\u201d El programa se desarrolla entre 2019 y 2020 mediante un conjunto de eventos (performances, debates, actividades culturales) que se celebran en Bruselas, Amsterdam y Helsinki. El Festival <em><a href=\"https:\/\/www.manquestion.org\/festival\" target=\"_blank\" rel=\"noreferrer noopener\">New Masculinities<\/a><\/em> surge en 2012 y celebra su octava edici\u00f3n el pasado 2020. Es un proyecto de la compa\u00f1\u00eda Man Question que ya desarrollaba talleres sobre masculinidades (basados en una metodolog\u00eda teatral) anteriormente, pero que encuentra que una plataforma de exhibici\u00f3n como la que constituye un festival puede ampliar el acceso a los debates que se dan de manera m\u00e1s espec\u00edfica en los talleres. <em>Construindo Masculinidades Outras<\/em> es una iniciativa del <a href=\"http:\/\/observatoriodefavelas.org.br\/\" target=\"_blank\" rel=\"noreferrer noopener\">Observatorio de las Favelas<\/a> y la productora de arte contempor\u00e1neo Autom\u00e1tica, dentro de un proyecto de cooperaci\u00f3n internacional sobre G\u00e9nero y Culturas Globales de Igualdad, coordinado por un equipo de investigaci\u00f3n de la Universidad de Goldsmith y con programas en varios pa\u00edses. El caso que nos ocupa se desarrolla en la El\u00e3 (Escola Livre das Artes), una iniciativa pedag\u00f3gica localizada en el Galp\u00e3o Bela Mar\u00e9, un espacio de formaci\u00f3n y exhibici\u00f3n para artistas de las periferias de Rio de Janeiro. <em>Construindo Masculinidades Outras<\/em> es una convocatoria de residencia formativa para artistas o colectivos centrada en la tem\u00e1tica de las masculinidades junto a una exposici\u00f3n derivada del proceso <span class=\"note-item\"><a href=\"#note-07\" class=\"scroll-to\">[7]<\/a><span class=\"note-item-tooltip\">7 \u2014 Pueden consultarse videos e im\u00e1genes de la exposici\u00f3n en el instagram @galpaobelamare.\n<\/span><\/span>.<\/p>\n\n\n\n<div class=\"wp-block-columns is-layout-flex wp-container-core-columns-is-layout-9d6595d7 wp-block-columns-is-layout-flex\">\n<div class=\"wp-block-column is-layout-flow wp-block-column-is-layout-flow\" style=\"flex-basis:33.33%\">\n<blockquote class=\"wp-block-quote is-style-large is-layout-flow wp-block-quote-is-layout-flow\"><p>Las pr\u00e1cticas art\u00edsticas y culturales se han conformado como un territorio de cr\u00edtica que ofrece la oportunidad de generar nuevas representaciones de la masculinidad; no s\u00f3lo para imaginarlas, sino tambi\u00e9n para ponerlas en pr\u00e1ctica<\/p><\/blockquote>\n<\/div>\n\n\n\n<div class=\"wp-block-column is-layout-flow wp-block-column-is-layout-flow\" style=\"flex-basis:66.66%\">\n<p>Los nombres de estas tres iniciativas ilustran una aproximaci\u00f3n espec\u00edfica dentro de los debates sobre qu\u00e9 hacer con las masculinidades. Se apuesta por ese car\u00e1cter de construcci\u00f3n social de la masculinidad y, por lo tanto, por las posibilidades y necesidades de intervenir sobre la misma, de dar visibilidad y reconocimiento a otras formas de habitar, imaginar y practicar la masculinidad. Todo ello, vinculando este intento de imaginar las masculinidades, en torno a proyectos m\u00e1s amplios que buscan generar culturas de paz m\u00e1s equitativas, debates sobre un futuro m\u00e1s inclusivo o nuevas posibilidades de expresi\u00f3n de g\u00e9nero. Pero se a\u00f1ade algo m\u00e1s, la vinculaci\u00f3n a una idea de derechos coherente con aquellas corrientes contrahegem\u00f3nicas que nos invitan a pensar qu\u00e9 existe de apropiable o accesible en la masculinidad, o c\u00f3mo reescribirla, haciendo de la masculinidad un \u00e1mbito seguro.<\/p>\n<\/div>\n<\/div>\n\n\n\n<p>El trabajo de Halberstam respecto a las masculinidades femeninas es fundamental dentro de esta l\u00ednea, al plantearnos preguntas sobre \u00bfc\u00f3mo puede dejarse de vivir la masculinidad como estigma para poder ser una pr\u00e1ctica accesible y que se viva con orgullo? O bien, \u00bfc\u00f3mo puede dejar de ser un privilegio exclusivo de determinados hombres? <span class=\"note-item\"><a href=\"#note-08\" class=\"scroll-to\">[8]<\/a><span class=\"note-item-tooltip\">8 \u2014 Halberstam, J. (2008) Masculinidad Femenina. Barcelona: Egales.\n<\/span><\/span>. No obstante, de la obra de Halberstam nos interesa especialmente la idea ver c\u00f3mo las pr\u00e1cticas de reescritura de las masculinidades pueden convertirse en parte del futuro de las mismas masculinidades. Esta idea de futuro de las masculinidades podemos pensarla a trav\u00e9s de la sugerencia de Gleyce Heitor, coordinadora del programa pedag\u00f3gico en <em>Construindo Masculinidades Outras<\/em>, que al responder a la pregunta de si se trata de construir masculinidades otras o de romper con la idea de masculinidades, nos se\u00f1ala que \u201clo que est\u00e1 en juego es el derecho a un modo espec\u00edfico de ser hombre, <em>el derecho a un modo espec\u00edfico de performar lo masculino<\/em> (\u2026) la b\u00fasqueda de la posibilidad de otros modos de ser masculino\u201d.<\/p>\n\n\n\n<p>Los tres proyectos comparten la idea de que la esfera art\u00edstica es especialmente productiva para pensar en las masculinidades. \u00bfPor qu\u00e9? Porque dichas pr\u00e1cticas se convierten en un campo de discusi\u00f3n donde se abren posibilidades para tener debates que pueden resultar complejos ya sea a nivel personal como a nivel pol\u00edtico (por ejemplo, el de las asociaciones entre feminismos y masculinidades), es decir, porque puede generar nuevas posibilidades pol\u00edticas. \u201cLa masculinidad puede ser muy dura. Hay mucha violencia en ella, sentimientos muy fuertes\u2026 y parte del c\u00f3digo de la masculinidad es que tu no experimentas estos sentimientos, de forma que existe una ceguera doble. Trabajar estas cuestiones mediante el arte genera una cierta seguridad, una cierta distorsi\u00f3n, de forma que la gente pueda experimentar cosas que de otra manera podr\u00edan generar dificultades a nivel personal, con la familia o amistades. En este contexto, podemos simplemente mirar una obra de teatro, podemos proyectar nuestra imaginaci\u00f3n respecto a algunos asuntos sensibles, tener conversaciones importantes, pero sin tener que exponernos personalmente\u201d. As\u00ed describe Michael Wilson, uno de los fundadores del <em>New Masculinities Festival<\/em>, c\u00f3mo el arte puede hacer accesible una reflexi\u00f3n o un cuestionamiento de la masculinidad que en otros \u00e1mbitos puede resultar dif\u00edcil de emprender por parte de los sujetos.<\/p>\n\n\n\n<p>Malin Bergstrom, coordinadora del proyecto<em> Re-defining Masculinities<\/em>, habla tambi\u00e9n de c\u00f3mo a trav\u00e9s del arte puede producirse un acercamiento de los hombres a las preguntas cr\u00edticas sobre la masculinidad y, por lo tanto, a los feminismos. \u201cEl \u00e1mbito art\u00edstico es un \u00e1mbito especialmente fluido para que se pueda engrasar un di\u00e1logo entre feminismos y masculinidades. Yo entiendo el feminismo desde la idea que los hombres tienen que estar activamente implicados (\u2026) Adem\u00e1s considero que los hombres pueden sacar provecho de esto, ya que existen muchos elementos negativos de la masculinidad hegem\u00f3nica a los que podr\u00edan enfrentarse (\u2026) y el arte es un campo especialmente creativo para favorecer esta aproximaci\u00f3n\u201d.<\/p>\n\n\n\n<div class=\"wp-block-columns is-layout-flex wp-container-core-columns-is-layout-9d6595d7 wp-block-columns-is-layout-flex\">\n<div class=\"wp-block-column is-layout-flow wp-block-column-is-layout-flow\" style=\"flex-basis:33.33%\">\n<blockquote class=\"wp-block-quote is-style-large is-layout-flow wp-block-quote-is-layout-flow\"><p>Estamos ante un problema estructural: la negociaci\u00f3n de la masculinidad y la construcci\u00f3n de otras formas alternativas de ser hombres solo ser\u00e1 exitosa si es un trabajo colectivo, que implique activamente al conjunto de la sociedad<\/p><\/blockquote>\n<\/div>\n\n\n\n<div class=\"wp-block-column is-layout-flow wp-block-column-is-layout-flow\" style=\"flex-basis:66.66%\">\n<p>Estas discusiones que el arte facilita tienen, en los tres proyectos, una dimensi\u00f3n colectiva. Se promueven debates y procesos donde, evidentemente, la reflexi\u00f3n individual juega un papel importante, pero no es el objetivo fundamental de una discusi\u00f3n vinculada a qu\u00e9 modos de vida y organizaci\u00f3n nos damos. \u201cHay determinadas cuestiones que se pueden abordar de forma individual, pero lo realmente importante para las comunidades es cambiar sus normas de manera colectiva \u2013dice Michel Wilson\u2013. \u201cA trav\u00e9s de la performance, del arte, etc. El conjunto de una comunidad puede negociar sobre su idea de masculinidad de forma colectiva\u201d. Esto nos lleva a una de las grandes cuestiones que atraviesan el campo de las masculinidades y que enfrenta a distintas perspectivas. \u00bfSon pol\u00edticamente transformadores los discursos que ponen en los propios hombres la responsabilidad y, por tanto, las soluciones? Si estamos ante un problema estructural, la negociaci\u00f3n de la masculinidad y la construcci\u00f3n de otras formas de alternativas de ser hombres solo ser\u00e1 exitosa si es un trabajo colectivo, que implique activamente al conjunto de la sociedad.<\/p>\n<\/div>\n<\/div>\n\n\n\n<h5 class=\"wp-block-heading\">Saberes, tem\u00e1ticas y p\u00fablicos para discutir masculinidades<\/h5>\n\n\n\n<p>Los tres proyectos presentados en este texto comparten una premisa: la masculinidad es un paraguas que permite abordar numerosas tem\u00e1ticas como la salud mental, los cuidados, la violencia o la exclusi\u00f3n social. Pero lo relevante en este caso es no s\u00f3lo c\u00f3mo se abordan diferentes aspectos, sino c\u00f3mo se desarrollan aproximaciones plurales al debate sobre las masculinidades, movilizando saberes y formas de participaci\u00f3n diversas, implicando a actores muy distintos y produciendo, por lo tanto, una discusi\u00f3n o negociaci\u00f3n colectiva entorno a la masculinidad.<\/p>\n\n\n\n<p>Al tratarse de una iniciativa que cuenta con un programa formativo, <em>Construindo Masculinidades Outras<\/em> es, de los tres proyectos, el que presenta un abanico m\u00e1s complejo de tem\u00e1ticas trabajadas a partir del enfoque de masculinidades <span class=\"note-item\"><a href=\"#note-09\" class=\"scroll-to\">[9]<\/a><span class=\"note-item-tooltip\">9 \u2014 Gil, A. (2021) Launch: Free School of Arts- Escola Livre de Artes-El\u00e3. Disponible en l\u00ednea.\n<\/span><\/span>. La formaci\u00f3n y los debates que se plantean en la primera parte del proceso se ocupan de cuestiones como: de qu\u00e9 manera disputar las formas de representaci\u00f3n de lo masculino, c\u00f3mo alterar los c\u00e1nones y las formas de exclusi\u00f3n\/ inclusi\u00f3n de determinados sujetos de esas representaciones; c\u00f3mo relacionar los estudios de la masculinidad con pr\u00e1cticas interseccionales, cu\u00e1les pueden ser las formas de exclusi\u00f3n que genera el arte y cu\u00e1les ser\u00edan las condiciones de posibilidad de formas y estructuras art\u00edsticas m\u00e1s democr\u00e1ticas; como pensar los cuidados y la paternidad o como usar el cuerpo como un espacio cr\u00edtico de las pr\u00e1cticas art\u00edsticas para analizar las masculinidades.<\/p>\n\n\n\n<p>Adem\u00e1s de la pluralidad de tem\u00e1ticas, lo interesante de estos proyectos es que consiguen implicar a un conjunto muy variado de actores a reflexionar sobre la masculinidad. Los saberes leg\u00edtimos a la hora de discutir sobre las masculinidades se ampl\u00edan incorporando no s\u00f3lo profesionales del \u00e1mbito acad\u00e9mico o de las pol\u00edticas p\u00fablicas, tambi\u00e9n otros procedentes del campo cultural (m\u00fasica, danza, artes visuales, performance, cine, moda o literatura) o a activistas de movimientos queer, feministas o de masculinidades alternativas. Las tres iniciativas han planteado diferentes propuestas respecto a c\u00f3mo ampliar los p\u00fablicos del debate sobre las masculinidades y el proyecto <em>New Masculinities Festival<\/em> tiene una apuesta enormemente interesante: trabajar con los internos de la c\u00e1rcel de m\u00e1xima seguridad Garner. Durante varias ediciones, se creaban y exhib\u00edan piezas sobre masculinidad elaboradas con los internos del correccional. Una pr\u00e1ctica que no s\u00f3lo incorpora el trabajo con masculinidades con un colectivo que en muchas ocasiones est\u00e1 fuera de las pol\u00edticas sobre masculinidad, sino que tambi\u00e9n permite ampliar las audiencias del festival a las familias de los presos, diversificando los p\u00fablicos del proceso.<\/p>\n\n\n\n<p>A la hora de organizar <em>Re-defining Masculinities<\/em>, sus organizadoras se planteaban que \u201cno ser\u00eda justo promover una discusi\u00f3n solo sobre la base de nuestra perspectiva occidental sobre la tem\u00e1tica\u201d (M. Bergstrom), con lo que la necesidad de descolonizar los saberes y las audiencias se hac\u00eda especialmente presente. Gleyce Heitor, coordinadora del proyecto brasile\u00f1o, habla tambi\u00e9n de la importancia de incorporar las potencialidades de las pr\u00e1cticas en las periferias para pensar la cr\u00edtica a las representaciones de g\u00e9nero y raza. \u201cTenemos que abordar la cuesti\u00f3n de manera plural, pero entendiendo que si las nociones opresoras de masculinidad, descansan en el propio problema estructural del patriarcado, existe un marco espec\u00edfico de la expectativa de ser hombre, de ser macho, que golpea de manera directa al hombre perif\u00e9rico en Brasil (\u2026) lo que se espera en t\u00e9rminos de que ese hombre perif\u00e9rico, favelado, racializado, act\u00fae en el mundo a partir de un registro de masculinidad muy espec\u00edfica, que es el registro de la virilidad, de la no sensibilidad, de la irracionalidad e, inclusive, la expectativa de ese hombre como hombre violento\u201d.<\/p>\n\n\n\n<div class=\"wp-block-columns is-layout-flex wp-container-core-columns-is-layout-9d6595d7 wp-block-columns-is-layout-flex\">\n<div class=\"wp-block-column is-layout-flow wp-block-column-is-layout-flow\" style=\"flex-basis:33.33%\">\n<blockquote class=\"wp-block-quote is-style-large is-layout-flow wp-block-quote-is-layout-flow\"><p>La moda, como sistema de gesti\u00f3n de la apariencia, es un \u00e1mbito especialmente relevante para la construcci\u00f3n de identidades y ha sido hist\u00f3ricamente una de las formas claves para performar masculinidades m\u00e1s hegem\u00f3nicas, pero tambi\u00e9n otras formas m\u00e1s complejas y diversas<\/p><\/blockquote>\n<\/div>\n\n\n\n<div class=\"wp-block-column is-layout-flow wp-block-column-is-layout-flow\" style=\"flex-basis:66.66%\">\n<p>Pero de entre estas iniciativas hay una que se nos presenta especialmente relevante a la hora de ampliar el espectro de tem\u00e1ticas a debatir y de sujetos que pueden participar de estos debates. Nos referimos a la apuesta por la moda que hace el proyecto <em>Re-defining Masculinities<\/em>. La moda, como sistema de gesti\u00f3n de la apariencia, es un \u00e1mbito especialmente relevante para la construcci\u00f3n de identidades y ha sido hist\u00f3ricamente una de las formas claves para performar masculinidades m\u00e1s hegem\u00f3nicas, pero tambi\u00e9n otras formas m\u00e1s complejas y diversas. Durante d\u00e9cadas, por no decir siglos, la relaci\u00f3n entre moda y masculinidad hegem\u00f3nica se ha denominado la <em>gran renuncia masculina<\/em> y ha estado vinculada a su asociaci\u00f3n a una forma de masculinidad sobria, no feminizada, no excesiva y, especialmente, no debilitada por estar sujeta a lo ef\u00edmero (permiti\u00e9ndose expresar una esencia permanente) <span class=\"note-item\"><a href=\"#note-010\" class=\"scroll-to\">[10]<\/a><span class=\"note-item-tooltip\">10 \u2014 Brajato, N. (2020) Queer(ing) tailoring: Walter Van Beirendonck and the glorious bastardization of the suit. Critical Studies in Fashion &amp; Beauty 11 (1): 45-72.\n<\/span><\/span>. Sin embargo, la moda no est\u00e1 asociada \u00fanicamente a las formas m\u00e1s normativas de masculinidad ofrece diferentes posibilidades para expresar otros tipos de masculinidad, otras relaciones entre las formas de practicar lo masculino y el cuerpo vestido.<\/p>\n<\/div>\n<\/div>\n\n\n\n<p>En el terreno que nos ocupa, el de c\u00f3mo implicar a un conjunto de personas en la negociaci\u00f3n colectiva de la masculinidad a trav\u00e9s de formas posibles de representarla, la moda ampl\u00eda sensiblemente el p\u00fablico que puede participar del debate. En primer lugar, porque permite trabajar con poblaci\u00f3n m\u00e1s joven, recogiendo debates que ya se est\u00e1n dando en la cultura popular y en determinadas esferas del dise\u00f1o. En segundo lugar, porque nos ofrece una oportunidad para cambiar el eje de la conversaci\u00f3n con estos p\u00fablicos, para hablar de los problemas y las posibilidades de la masculinidad a trav\u00e9s de cuestiones como la alegr\u00eda, el deseo, la pluralidad de las formas de elegancia y la belleza.<\/p>\n","protected":false},"excerpt":{"rendered":"<p>En las \u00faltimas d\u00e9cadas la masculinidad se ha convertido en una agenda de debate cada vez m\u00e1s importante, debido en gran parte a las cr\u00edticas a los modelos de masculinidad normativa que han desarrollado en diferentes partes del mundo los movimientos feministas, los movimientos por los derechos civiles o los movimientos postcoloniales. Pero tambi\u00e9n a que una parte de la extrema derecha ha hecho de la reivindicaci\u00f3n de la masculinidad la bandera de su defensa de un orden social amenazado por esos movimientos (especialmente por los feminismos). El debate sobre qu\u00e9 hacer con la masculinidad, en este contexto de disputa,\u2026<\/p>\n","protected":false},"author":3,"featured_media":44562,"parent":0,"comment_status":"closed","ping_status":"closed","sticky":false,"template":"","format":"standard","meta":{"_acf_changed":false,"inline_featured_image":false,"_jetpack_memberships_contains_paid_content":false,"footnotes":""},"categories":[383],"tags":[],"segment":[],"subject":[],"class_list":["post-44392","post","type-post","status-publish","format-standard","has-post-thumbnail","hentry","category-masculinidad-imaginario-cultural"],"acf":[],"yoast_head":"<!-- This site is optimized with the Yoast SEO plugin v27.5 - https:\/\/yoast.com\/product\/yoast-seo-wordpress\/ -->\n<title>Masculinidades, imaginaci\u00f3n y pr\u00e1cticas culturales &#8211; IDEES<\/title>\n<meta name=\"robots\" content=\"index, follow, max-snippet:-1, max-image-preview:large, max-video-preview:-1\" \/>\n<link rel=\"canonical\" href=\"https:\/\/revistaidees.cat\/es\/masculinidades-imaginacion-y-practicas-culturales\/\" \/>\n<meta property=\"og:locale\" content=\"es_ES\" \/>\n<meta property=\"og:type\" content=\"article\" \/>\n<meta property=\"og:title\" content=\"Masculinidades, imaginaci\u00f3n y pr\u00e1cticas culturales &#8211; IDEES\" \/>\n<meta property=\"og:description\" content=\"En las \u00faltimas d\u00e9cadas la masculinidad se ha convertido en una agenda de debate cada vez m\u00e1s importante, debido en gran parte a las cr\u00edticas a los modelos de masculinidad normativa que han desarrollado en diferentes partes del mundo los movimientos feministas, los movimientos por los derechos civiles o los movimientos postcoloniales. Pero tambi\u00e9n a que una parte de la extrema derecha ha hecho de la reivindicaci\u00f3n de la masculinidad la bandera de su defensa de un orden social amenazado por esos movimientos (especialmente por los feminismos). El debate sobre qu\u00e9 hacer con la masculinidad, en este contexto de disputa,\u2026\" \/>\n<meta property=\"og:url\" content=\"https:\/\/revistaidees.cat\/es\/masculinidades-imaginacion-y-practicas-culturales\/\" \/>\n<meta property=\"og:site_name\" content=\"IDEES\" \/>\n<meta property=\"article:published_time\" content=\"2021-07-01T11:47:43+00:00\" \/>\n<meta property=\"article:modified_time\" content=\"2021-07-02T08:24:40+00:00\" \/>\n<meta property=\"og:image\" content=\"https:\/\/i0.wp.com\/revistaidees.cat\/wp-content\/uploads\/2021\/07\/Alfredo-Ramos-FB_TW.jpg?fit=1024%2C512&ssl=1\" \/>\n\t<meta property=\"og:image:width\" content=\"1024\" \/>\n\t<meta property=\"og:image:height\" content=\"512\" \/>\n\t<meta property=\"og:image:type\" content=\"image\/jpeg\" \/>\n<meta name=\"author\" content=\"maria\" \/>\n<meta name=\"twitter:card\" content=\"summary_large_image\" \/>\n<meta name=\"twitter:label1\" content=\"Escrito por\" \/>\n\t<meta name=\"twitter:data1\" content=\"maria\" \/>\n\t<meta name=\"twitter:label2\" content=\"Tiempo de lectura\" \/>\n\t<meta name=\"twitter:data2\" content=\"15 minutos\" \/>\n<script type=\"application\/ld+json\" class=\"yoast-schema-graph\">{\"@context\":\"https:\\\/\\\/schema.org\",\"@graph\":[{\"@type\":\"Article\",\"@id\":\"https:\\\/\\\/revistaidees.cat\\\/es\\\/masculinidades-imaginacion-y-practicas-culturales\\\/#article\",\"isPartOf\":{\"@id\":\"https:\\\/\\\/revistaidees.cat\\\/es\\\/masculinidades-imaginacion-y-practicas-culturales\\\/\"},\"author\":{\"name\":\"maria\",\"@id\":\"https:\\\/\\\/revistaidees.cat\\\/#\\\/schema\\\/person\\\/23b13c8d154c858b03b5b4905ae0d5f6\"},\"headline\":\"Masculinidades, imaginaci\u00f3n y pr\u00e1cticas culturales\",\"datePublished\":\"2021-07-01T11:47:43+00:00\",\"dateModified\":\"2021-07-02T08:24:40+00:00\",\"mainEntityOfPage\":{\"@id\":\"https:\\\/\\\/revistaidees.cat\\\/es\\\/masculinidades-imaginacion-y-practicas-culturales\\\/\"},\"wordCount\":3472,\"image\":{\"@id\":\"https:\\\/\\\/revistaidees.cat\\\/es\\\/masculinidades-imaginacion-y-practicas-culturales\\\/#primaryimage\"},\"thumbnailUrl\":\"https:\\\/\\\/i0.wp.com\\\/revistaidees.cat\\\/wp-content\\\/uploads\\\/2021\\\/07\\\/Alfredo-Ramos-FB_TW.jpg?fit=1024%2C512&ssl=1\",\"articleSection\":[\"Masculinidad e imaginario cultural\"],\"inLanguage\":\"es\"},{\"@type\":\"WebPage\",\"@id\":\"https:\\\/\\\/revistaidees.cat\\\/es\\\/masculinidades-imaginacion-y-practicas-culturales\\\/\",\"url\":\"https:\\\/\\\/revistaidees.cat\\\/es\\\/masculinidades-imaginacion-y-practicas-culturales\\\/\",\"name\":\"Masculinidades, imaginaci\u00f3n y pr\u00e1cticas culturales &#8211; IDEES\",\"isPartOf\":{\"@id\":\"https:\\\/\\\/revistaidees.cat\\\/#website\"},\"primaryImageOfPage\":{\"@id\":\"https:\\\/\\\/revistaidees.cat\\\/es\\\/masculinidades-imaginacion-y-practicas-culturales\\\/#primaryimage\"},\"image\":{\"@id\":\"https:\\\/\\\/revistaidees.cat\\\/es\\\/masculinidades-imaginacion-y-practicas-culturales\\\/#primaryimage\"},\"thumbnailUrl\":\"https:\\\/\\\/i0.wp.com\\\/revistaidees.cat\\\/wp-content\\\/uploads\\\/2021\\\/07\\\/Alfredo-Ramos-FB_TW.jpg?fit=1024%2C512&ssl=1\",\"datePublished\":\"2021-07-01T11:47:43+00:00\",\"dateModified\":\"2021-07-02T08:24:40+00:00\",\"author\":{\"@id\":\"https:\\\/\\\/revistaidees.cat\\\/#\\\/schema\\\/person\\\/23b13c8d154c858b03b5b4905ae0d5f6\"},\"breadcrumb\":{\"@id\":\"https:\\\/\\\/revistaidees.cat\\\/es\\\/masculinidades-imaginacion-y-practicas-culturales\\\/#breadcrumb\"},\"inLanguage\":\"es\",\"potentialAction\":[{\"@type\":\"ReadAction\",\"target\":[\"https:\\\/\\\/revistaidees.cat\\\/es\\\/masculinidades-imaginacion-y-practicas-culturales\\\/\"]}]},{\"@type\":\"ImageObject\",\"inLanguage\":\"es\",\"@id\":\"https:\\\/\\\/revistaidees.cat\\\/es\\\/masculinidades-imaginacion-y-practicas-culturales\\\/#primaryimage\",\"url\":\"https:\\\/\\\/i0.wp.com\\\/revistaidees.cat\\\/wp-content\\\/uploads\\\/2021\\\/07\\\/Alfredo-Ramos-FB_TW.jpg?fit=1024%2C512&ssl=1\",\"contentUrl\":\"https:\\\/\\\/i0.wp.com\\\/revistaidees.cat\\\/wp-content\\\/uploads\\\/2021\\\/07\\\/Alfredo-Ramos-FB_TW.jpg?fit=1024%2C512&ssl=1\",\"width\":1024,\"height\":512,\"caption\":\"Ilustraci\u00f3n de Lara Lars\"},{\"@type\":\"BreadcrumbList\",\"@id\":\"https:\\\/\\\/revistaidees.cat\\\/es\\\/masculinidades-imaginacion-y-practicas-culturales\\\/#breadcrumb\",\"itemListElement\":[{\"@type\":\"ListItem\",\"position\":1,\"name\":\"Inici\",\"item\":\"https:\\\/\\\/revistaidees.cat\\\/es\\\/\"},{\"@type\":\"ListItem\",\"position\":2,\"name\":\"Masculinidades, imaginaci\u00f3n y pr\u00e1cticas culturales\"}]},{\"@type\":\"WebSite\",\"@id\":\"https:\\\/\\\/revistaidees.cat\\\/#website\",\"url\":\"https:\\\/\\\/revistaidees.cat\\\/\",\"name\":\"IDEES\",\"description\":\"Revista de temas contempor\u00e1neos\",\"potentialAction\":[{\"@type\":\"SearchAction\",\"target\":{\"@type\":\"EntryPoint\",\"urlTemplate\":\"https:\\\/\\\/revistaidees.cat\\\/?s={search_term_string}\"},\"query-input\":{\"@type\":\"PropertyValueSpecification\",\"valueRequired\":true,\"valueName\":\"search_term_string\"}}],\"inLanguage\":\"es\"},{\"@type\":\"Person\",\"@id\":\"https:\\\/\\\/revistaidees.cat\\\/#\\\/schema\\\/person\\\/23b13c8d154c858b03b5b4905ae0d5f6\",\"name\":\"maria\",\"image\":{\"@type\":\"ImageObject\",\"inLanguage\":\"es\",\"@id\":\"https:\\\/\\\/secure.gravatar.com\\\/avatar\\\/4abe985cb800e0b75c4c7bfc4fd0973825f533e0620f989a75661b23c3255192?s=96&d=mm&r=g\",\"url\":\"https:\\\/\\\/secure.gravatar.com\\\/avatar\\\/4abe985cb800e0b75c4c7bfc4fd0973825f533e0620f989a75661b23c3255192?s=96&d=mm&r=g\",\"contentUrl\":\"https:\\\/\\\/secure.gravatar.com\\\/avatar\\\/4abe985cb800e0b75c4c7bfc4fd0973825f533e0620f989a75661b23c3255192?s=96&d=mm&r=g\",\"caption\":\"maria\"}}]}<\/script>\n<!-- \/ Yoast SEO plugin. -->","yoast_head_json":{"title":"Masculinidades, imaginaci\u00f3n y pr\u00e1cticas culturales &#8211; IDEES","robots":{"index":"index","follow":"follow","max-snippet":"max-snippet:-1","max-image-preview":"max-image-preview:large","max-video-preview":"max-video-preview:-1"},"canonical":"https:\/\/revistaidees.cat\/es\/masculinidades-imaginacion-y-practicas-culturales\/","og_locale":"es_ES","og_type":"article","og_title":"Masculinidades, imaginaci\u00f3n y pr\u00e1cticas culturales &#8211; IDEES","og_description":"En las \u00faltimas d\u00e9cadas la masculinidad se ha convertido en una agenda de debate cada vez m\u00e1s importante, debido en gran parte a las cr\u00edticas a los modelos de masculinidad normativa que han desarrollado en diferentes partes del mundo los movimientos feministas, los movimientos por los derechos civiles o los movimientos postcoloniales. Pero tambi\u00e9n a que una parte de la extrema derecha ha hecho de la reivindicaci\u00f3n de la masculinidad la bandera de su defensa de un orden social amenazado por esos movimientos (especialmente por los feminismos). El debate sobre qu\u00e9 hacer con la masculinidad, en este contexto de disputa,\u2026","og_url":"https:\/\/revistaidees.cat\/es\/masculinidades-imaginacion-y-practicas-culturales\/","og_site_name":"IDEES","article_published_time":"2021-07-01T11:47:43+00:00","article_modified_time":"2021-07-02T08:24:40+00:00","og_image":[{"width":1024,"height":512,"url":"https:\/\/i0.wp.com\/revistaidees.cat\/wp-content\/uploads\/2021\/07\/Alfredo-Ramos-FB_TW.jpg?fit=1024%2C512&ssl=1","type":"image\/jpeg"}],"author":"maria","twitter_card":"summary_large_image","twitter_misc":{"Escrito por":"maria","Tiempo de lectura":"15 minutos"},"schema":{"@context":"https:\/\/schema.org","@graph":[{"@type":"Article","@id":"https:\/\/revistaidees.cat\/es\/masculinidades-imaginacion-y-practicas-culturales\/#article","isPartOf":{"@id":"https:\/\/revistaidees.cat\/es\/masculinidades-imaginacion-y-practicas-culturales\/"},"author":{"name":"maria","@id":"https:\/\/revistaidees.cat\/#\/schema\/person\/23b13c8d154c858b03b5b4905ae0d5f6"},"headline":"Masculinidades, imaginaci\u00f3n y pr\u00e1cticas culturales","datePublished":"2021-07-01T11:47:43+00:00","dateModified":"2021-07-02T08:24:40+00:00","mainEntityOfPage":{"@id":"https:\/\/revistaidees.cat\/es\/masculinidades-imaginacion-y-practicas-culturales\/"},"wordCount":3472,"image":{"@id":"https:\/\/revistaidees.cat\/es\/masculinidades-imaginacion-y-practicas-culturales\/#primaryimage"},"thumbnailUrl":"https:\/\/i0.wp.com\/revistaidees.cat\/wp-content\/uploads\/2021\/07\/Alfredo-Ramos-FB_TW.jpg?fit=1024%2C512&ssl=1","articleSection":["Masculinidad e imaginario cultural"],"inLanguage":"es"},{"@type":"WebPage","@id":"https:\/\/revistaidees.cat\/es\/masculinidades-imaginacion-y-practicas-culturales\/","url":"https:\/\/revistaidees.cat\/es\/masculinidades-imaginacion-y-practicas-culturales\/","name":"Masculinidades, imaginaci\u00f3n y pr\u00e1cticas culturales &#8211; IDEES","isPartOf":{"@id":"https:\/\/revistaidees.cat\/#website"},"primaryImageOfPage":{"@id":"https:\/\/revistaidees.cat\/es\/masculinidades-imaginacion-y-practicas-culturales\/#primaryimage"},"image":{"@id":"https:\/\/revistaidees.cat\/es\/masculinidades-imaginacion-y-practicas-culturales\/#primaryimage"},"thumbnailUrl":"https:\/\/i0.wp.com\/revistaidees.cat\/wp-content\/uploads\/2021\/07\/Alfredo-Ramos-FB_TW.jpg?fit=1024%2C512&ssl=1","datePublished":"2021-07-01T11:47:43+00:00","dateModified":"2021-07-02T08:24:40+00:00","author":{"@id":"https:\/\/revistaidees.cat\/#\/schema\/person\/23b13c8d154c858b03b5b4905ae0d5f6"},"breadcrumb":{"@id":"https:\/\/revistaidees.cat\/es\/masculinidades-imaginacion-y-practicas-culturales\/#breadcrumb"},"inLanguage":"es","potentialAction":[{"@type":"ReadAction","target":["https:\/\/revistaidees.cat\/es\/masculinidades-imaginacion-y-practicas-culturales\/"]}]},{"@type":"ImageObject","inLanguage":"es","@id":"https:\/\/revistaidees.cat\/es\/masculinidades-imaginacion-y-practicas-culturales\/#primaryimage","url":"https:\/\/i0.wp.com\/revistaidees.cat\/wp-content\/uploads\/2021\/07\/Alfredo-Ramos-FB_TW.jpg?fit=1024%2C512&ssl=1","contentUrl":"https:\/\/i0.wp.com\/revistaidees.cat\/wp-content\/uploads\/2021\/07\/Alfredo-Ramos-FB_TW.jpg?fit=1024%2C512&ssl=1","width":1024,"height":512,"caption":"Ilustraci\u00f3n de Lara Lars"},{"@type":"BreadcrumbList","@id":"https:\/\/revistaidees.cat\/es\/masculinidades-imaginacion-y-practicas-culturales\/#breadcrumb","itemListElement":[{"@type":"ListItem","position":1,"name":"Inici","item":"https:\/\/revistaidees.cat\/es\/"},{"@type":"ListItem","position":2,"name":"Masculinidades, imaginaci\u00f3n y pr\u00e1cticas culturales"}]},{"@type":"WebSite","@id":"https:\/\/revistaidees.cat\/#website","url":"https:\/\/revistaidees.cat\/","name":"IDEES","description":"Revista de temas contempor\u00e1neos","potentialAction":[{"@type":"SearchAction","target":{"@type":"EntryPoint","urlTemplate":"https:\/\/revistaidees.cat\/?s={search_term_string}"},"query-input":{"@type":"PropertyValueSpecification","valueRequired":true,"valueName":"search_term_string"}}],"inLanguage":"es"},{"@type":"Person","@id":"https:\/\/revistaidees.cat\/#\/schema\/person\/23b13c8d154c858b03b5b4905ae0d5f6","name":"maria","image":{"@type":"ImageObject","inLanguage":"es","@id":"https:\/\/secure.gravatar.com\/avatar\/4abe985cb800e0b75c4c7bfc4fd0973825f533e0620f989a75661b23c3255192?s=96&d=mm&r=g","url":"https:\/\/secure.gravatar.com\/avatar\/4abe985cb800e0b75c4c7bfc4fd0973825f533e0620f989a75661b23c3255192?s=96&d=mm&r=g","contentUrl":"https:\/\/secure.gravatar.com\/avatar\/4abe985cb800e0b75c4c7bfc4fd0973825f533e0620f989a75661b23c3255192?s=96&d=mm&r=g","caption":"maria"}}]}},"jetpack_featured_media_url":"https:\/\/i0.wp.com\/revistaidees.cat\/wp-content\/uploads\/2021\/07\/Alfredo-Ramos-FB_TW.jpg?fit=1024%2C512&ssl=1","jetpack_sharing_enabled":true,"_links":{"self":[{"href":"https:\/\/revistaidees.cat\/es\/wp-json\/wp\/v2\/posts\/44392","targetHints":{"allow":["GET"]}}],"collection":[{"href":"https:\/\/revistaidees.cat\/es\/wp-json\/wp\/v2\/posts"}],"about":[{"href":"https:\/\/revistaidees.cat\/es\/wp-json\/wp\/v2\/types\/post"}],"author":[{"embeddable":true,"href":"https:\/\/revistaidees.cat\/es\/wp-json\/wp\/v2\/users\/3"}],"replies":[{"embeddable":true,"href":"https:\/\/revistaidees.cat\/es\/wp-json\/wp\/v2\/comments?post=44392"}],"version-history":[{"count":7,"href":"https:\/\/revistaidees.cat\/es\/wp-json\/wp\/v2\/posts\/44392\/revisions"}],"predecessor-version":[{"id":44646,"href":"https:\/\/revistaidees.cat\/es\/wp-json\/wp\/v2\/posts\/44392\/revisions\/44646"}],"wp:featuredmedia":[{"embeddable":true,"href":"https:\/\/revistaidees.cat\/es\/wp-json\/wp\/v2\/media\/44562"}],"wp:attachment":[{"href":"https:\/\/revistaidees.cat\/es\/wp-json\/wp\/v2\/media?parent=44392"}],"wp:term":[{"taxonomy":"category","embeddable":true,"href":"https:\/\/revistaidees.cat\/es\/wp-json\/wp\/v2\/categories?post=44392"},{"taxonomy":"post_tag","embeddable":true,"href":"https:\/\/revistaidees.cat\/es\/wp-json\/wp\/v2\/tags?post=44392"},{"taxonomy":"segment","embeddable":true,"href":"https:\/\/revistaidees.cat\/es\/wp-json\/wp\/v2\/segment?post=44392"},{"taxonomy":"subject","embeddable":true,"href":"https:\/\/revistaidees.cat\/es\/wp-json\/wp\/v2\/subject?post=44392"}],"curies":[{"name":"wp","href":"https:\/\/api.w.org\/{rel}","templated":true}]}}