{"id":48004,"date":"2021-10-27T12:44:39","date_gmt":"2021-10-27T12:44:39","guid":{"rendered":"https:\/\/revistaidees.cat\/?p=48004"},"modified":"2021-10-27T12:44:42","modified_gmt":"2021-10-27T12:44:42","slug":"accion-humanitaria-feminista-una-cuestion-de-derechos-humanos","status":"publish","type":"post","link":"https:\/\/revistaidees.cat\/es\/accion-humanitaria-feminista-una-cuestion-de-derechos-humanos\/","title":{"rendered":"Acci\u00f3n humanitaria feminista: una cuesti\u00f3n de derechos humanos"},"content":{"rendered":"\n<p>La acci\u00f3n humanitaria (AH) se ha venido gestionando como una modalidad y un sector de cooperaci\u00f3n internacional espec\u00edfico, con rasgos, marcos temporales, principios, objetivos o procedimientos de actuaci\u00f3n propios. Esta actuaci\u00f3n diferenciada ha potenciado la sectorializaci\u00f3n de las intervenciones y la especializaci\u00f3n de las organizaciones y agencias, dificultando as\u00ed la articulaci\u00f3n de un di\u00e1logo fluido orientado a la armonizaci\u00f3n y a la complementariedad entre las distintas actuaciones.<\/p>\n\n\n\n<p>Los cambios en la concepci\u00f3n del desarrollo y de la cooperaci\u00f3n internacional desaf\u00edan esta sectorializaci\u00f3n e impulsan la b\u00fasqueda de f\u00f3rmulas que potencien la complementariedad y la posible convergencia entre las acciones de desarrollo y de acci\u00f3n humanitaria. Desde esta perspectiva integral puede interpretarse tambi\u00e9n la vinculaci\u00f3n que enfatiza la Agenda 2030 para el Desarrollo Sostenible entre la paz, la seguridad y el desarrollo sostenible.<\/p>\n\n\n\n<p>La perspectiva feminista contribuye a trazar estos puentes te\u00f3ricos y pr\u00e1cticos. Las cr\u00edticas feministas hacia una visi\u00f3n de desarrollo ce\u00f1ida al crecimiento econ\u00f3mico han sido claves para desvelar el sesgo androc\u00e9ntrico y etnoc\u00e9ntrico de las estrategias de desarrollo, nutriendo la noci\u00f3n de <em>maldesarrollo<\/em> y apuntando a la existencia de un fracaso global sist\u00e9mico del modelo de desarrollo hegem\u00f3nico.<\/p>\n\n\n\n<div class=\"wp-block-columns is-layout-flex wp-container-core-columns-is-layout-9d6595d7 wp-block-columns-is-layout-flex\">\n<div class=\"wp-block-column is-layout-flow wp-block-column-is-layout-flow\" style=\"flex-basis:33.33%\">\n<blockquote class=\"wp-block-quote is-style-large is-layout-flow wp-block-quote-is-layout-flow\"><p>Las cr\u00edticas feministas hacia una visi\u00f3n de desarrollo ce\u00f1ida al crecimiento econ\u00f3mico han sido claves para desvelar los sesgos androc\u00e9ntricos y etnoc\u00e9ntricos<\/p><\/blockquote>\n<\/div>\n\n\n\n<div class=\"wp-block-column is-layout-flow wp-block-column-is-layout-flow\" style=\"flex-basis:66.66%\">\n<p>As\u00ed mismo, las estrategias de empoderamiento han amplificado el principio de protecci\u00f3n, incidiendo en la importancia de las causas estructurales de las crisis humanitarias y promoviendo actuaciones centradas en la protecci\u00f3n y garant\u00eda de los derechos humanos y, en concreto, en la defensa de los derechos de las mujeres. En este sentido, la perspectiva feminista ha desvelado la conexi\u00f3n entre la expansi\u00f3n del modelo de globalizaci\u00f3n neoliberal hegem\u00f3nico y la aparici\u00f3n de nuevas formas de vulneraci\u00f3n de los derechos de las mujeres, de control y de violencias machistas a escala global.<\/p>\n<\/div>\n<\/div>\n\n\n\n<h5 class=\"wp-block-heading\">Cambios en la visi\u00f3n del desarrollo<\/h5>\n\n\n\n<p>La visi\u00f3n de desarrollo dominante en torno al crecimiento econ\u00f3mico ha dado muestras de limitaciones te\u00f3ricas y metodol\u00f3gicas para integrar elementos esenciales para el bienestar de los seres humanos y para la conservaci\u00f3n del entorno natural. En este contexto, la narrativa del desarrollo se ha nutrido de nuevos enfoques que cuestionan el crecimiento econ\u00f3mico como pilar del modelo, o que trascienden la visi\u00f3n del desarrollo como objetivo universal, denunciando el sesgo individualista y excluyente de los valores liberales.<\/p>\n\n\n\n<p>Las consecuencias de la globalizaci\u00f3n neoliberal y de la crisis ecol\u00f3gica, as\u00ed como las propuestas de modelos alternativos de reconfiguraci\u00f3n de las relaciones sociales y con la naturaleza, tienen una importante lectura de g\u00e9nero. As\u00ed, por ejemplo, desde la econom\u00eda feminista se evidencia c\u00f3mo el modelo de producci\u00f3n y consumo capitalista se asienta en un modelo de organizaci\u00f3n social patriarcal, que infravalora y desatiende la reproducci\u00f3n social y los cuidados.<\/p>\n\n\n\n<p>La econom\u00eda feminista apuesta por un cambio de modelo que ponga la sostenibilidad de vida en el centro y que entienda la interdependencia entre los seres humanos con su necesidad de cuidados como base del sistema de organizaci\u00f3n comunitaria <span class=\"note-item\"><a href=\"#note-01\" class=\"scroll-to\">[1]<\/a><span class=\"note-item-tooltip\">1 \u2014 P\u00e9rez Orozco, A. (2019). Subversi\u00f3n feminista de la econom\u00eda. Apuntes para un debate sobre el conflicto capital-vida. Madrid: Traficantes de Sue\u00f1os.\n<\/span><\/span>. As\u00ed mismo, y en sinton\u00eda con los ecofeminismos, el nuevo modelo hace referencia a la ecodependencia de los procesos de desarrollo. Es decir, por un lado, la econom\u00eda feminista enfatiza los l\u00edmites del modelo actual de globalizaci\u00f3n, su car\u00e1cter antropoc\u00e9ntrico y androc\u00e9ntrico; y por otro lado, vincula la conservaci\u00f3n y el cuidado de la naturaleza \u2014justicia ambiental\u2014 con la igualdad y la justicia de g\u00e9nero. Estos aportes est\u00e1n contribuyendo de manera decisiva a la redefinici\u00f3n del concepto de desarrollo y a la construcci\u00f3n colectiva de modelos de convivencia alternativos.<\/p>\n\n\n\n<p>As\u00ed mismo, en las \u00faltimas d\u00e9cadas el sistema de cooperaci\u00f3n para el desarrollo ha iniciado un proceso de transformaci\u00f3n sustancial que afecta a su naturaleza, su configuraci\u00f3n, a su medici\u00f3n y a su funcionamiento. Este proceso de cambio est\u00e1 motivado por las trasformaciones acontecidas en el escenario internacional, as\u00ed como por los nuevos contenidos en los debates y en las agendas de desarrollo.<\/p>\n\n\n\n<div class=\"wp-block-columns is-layout-flex wp-container-core-columns-is-layout-9d6595d7 wp-block-columns-is-layout-flex\">\n<div class=\"wp-block-column is-layout-flow wp-block-column-is-layout-flow\" style=\"flex-basis:33.33%\">\n<blockquote class=\"wp-block-quote is-style-large is-layout-flow wp-block-quote-is-layout-flow\"><p>Desde la econom\u00eda feminista se evidencia c\u00f3mo el modelo de producci\u00f3n y consumo capitalista se asienta en un modelo de organizaci\u00f3n social patriarcal, que infravalora y desatiende la reproducci\u00f3n social y los cuidados<\/p><\/blockquote>\n<\/div>\n\n\n\n<div class=\"wp-block-column is-layout-flow wp-block-column-is-layout-flow\" style=\"flex-basis:66.66%\">\n<p>El mayor peso de los debates sobre desigualdades, la b\u00fasqueda de f\u00f3rmulas de gobernanza internacional m\u00e1s representativas y m\u00e1s eficaces en la gesti\u00f3n colaborativa de los bienes p\u00fablicos globales o la coherencia de pol\u00edticas, constituyen l\u00edneas tractoras de una cooperaci\u00f3n internacional renovada. As\u00ed mismo, la integralidad, interdependencia y el car\u00e1cter estructural de los desaf\u00edos del desarrollo actuales interpelan hacia la transformaci\u00f3n del modelo de desarrollo como un \u00e1mbito de actuaci\u00f3n para el trabajo en cooperaci\u00f3n internacional. Esta transformaci\u00f3n se orientar\u00eda hacia la puesta en marcha de nuevas relaciones de producci\u00f3n y de consumo m\u00e1s sostenibles y basadas en la justicia social y de g\u00e9nero; o hacia la consolidaci\u00f3n de entornos sociopol\u00edticos m\u00e1s democr\u00e1ticos, inclusivos y cohesionados, centrados en el empoderamiento y en la participaci\u00f3n de la ciudadan\u00eda.<\/p>\n<\/div>\n<\/div>\n\n\n\n<h5 class=\"wp-block-heading\">El principio de protecci\u00f3n desde un enfoque de derechos humanos<\/h5>\n\n\n\n<p>El enfoque asistencialista que tradicionalmente ha caracterizado a la acci\u00f3n humanitaria, sufri\u00f3 una importante contestaci\u00f3n a partir de la d\u00e9cada de 1980 por visiones m\u00e1s pol\u00edticas, completas e integradoras de las crisis humanitarias <span class=\"note-item\"><a href=\"#note-02\" class=\"scroll-to\">[2]<\/a><span class=\"note-item-tooltip\">2 \u2014 P\u00e9rez de Armi\u00f1o, K. (2002). La vinculaci\u00f3n ayuda humanitaria-cooperaci\u00f3n al desarrollo. Cuaderno de Trabajo 33. Bilbao: HEGOA.\n<\/span><\/span>. Desde entonces han surgido nuevas aproximaciones, como el enfoque VARD, basado en la vinculaci\u00f3n entre la ayuda de emergencia, la rehabilitaci\u00f3n y el desarrollo; la perspectiva de reducci\u00f3n y gesti\u00f3n del riesgo de desastres (RRD); o el enfoque de resiliencia, ambos centrados en la importancia del trabajo preventivo. Estos enfoques promueven acciones destinadas a la evaluaci\u00f3n de los factores de riesgo que pueden provocar una crisis humanitaria, o a mejorar la capacidad de preparaci\u00f3n de los pa\u00edses y de las comunidades para dar respuesta, contribuyendo a reducir los factores de vulnerabilidad ante riesgos futuros.<\/p>\n\n\n\n<p>El nuevo humanitarismo plantea un enfoque a\u00fan m\u00e1s hol\u00edstico, capaz de reinterpretar los objetivos de la acci\u00f3n humanitaria centr\u00e1ndolos en la transformaci\u00f3n de las causas estructurales de las crisis y en la promoci\u00f3n del desarrollo, la paz y los derechos humanos. Desde esta visi\u00f3n m\u00e1s amplia, el trabajo humanitario se orientar\u00eda tambi\u00e9n a la prevenci\u00f3n de los conflictos y a la construcci\u00f3n de la paz, incluyendo las acciones de testimonio, denuncia e incidencia, tanto en los contextos en crisis como tambi\u00e9n en los pa\u00edses del Norte <span class=\"note-item\"><a href=\"#note-03\" class=\"scroll-to\">[3]<\/a><span class=\"note-item-tooltip\">3 \u2014 IECAH y HEGOA (2017a). Un sistema humanitario en transformaci\u00f3n. Retos tras la Cumbre Humanitaria Mundial. Documentos de Trabajo sobre Acci\u00f3n Humanitaria N\u00ba 1. Vitoria-Gasteiz: Agencia Vasca de Cooperaci\u00f3n para el Desarrollo.\n<\/span><\/span>.<\/p>\n\n\n\n<p>As\u00ed mismo, otra l\u00ednea de debate que asume el nuevo humanitarismo, es la superaci\u00f3n del enfoque de necesidades por un enfoque basado en derechos humanos (EBDH), que pivote en torno al principio de protecci\u00f3n. De hecho, junto con el deber de asistir a las v\u00edctimas de las crisis humanitarias, el deber de protecci\u00f3n fue tambi\u00e9n central en el surgimiento del humanitarismo; sin embargo, este deber de protecci\u00f3n ha resultado m\u00e1s complejo de definir. Desde un enfoque basado en derechos humanos, la acci\u00f3n humanitaria trascender\u00eda por tanto el asistencialismo, y se articular\u00eda sobre una noci\u00f3n de justicia social que enfatiza la participaci\u00f3n y la exigibilidad de derechos de las personas.<\/p>\n\n\n\n<div class=\"wp-block-columns is-layout-flex wp-container-core-columns-is-layout-9d6595d7 wp-block-columns-is-layout-flex\">\n<div class=\"wp-block-column is-layout-flow wp-block-column-is-layout-flow\" style=\"flex-basis:33.33%\">\n<blockquote class=\"wp-block-quote is-style-large is-layout-flow wp-block-quote-is-layout-flow\"><p>El nuevo humanitarismo plantea un enfoque m\u00e1s hol\u00edstico para reinterpretar los objetivos de la acci\u00f3n humanitaria, centr\u00e1ndolos en la transformaci\u00f3n de las causas estructurales de las crisis y en la promoci\u00f3n del desarrollo, la paz y los derechos humanos<\/p><\/blockquote>\n<\/div>\n\n\n\n<div class=\"wp-block-column is-layout-flow wp-block-column-is-layout-flow\" style=\"flex-basis:66.66%\">\n<p>Desde finales de la d\u00e9cada de 1990, el sistema humanitario ha tratado de consensuar principios y normas m\u00ednimas compartidas, as\u00ed como marcos operativos, con el objetivo de articular unos criterios comunes de actuaci\u00f3n (como, entre otros, la iniciativa Esfera, la Norma Humanitaria Esencial, el Marco de Sendai para la RRD, o el <em>Grand Bargain<\/em> surgido tras la primera Cumbre Humanitaria Mundial). A pesar de que la concreci\u00f3n y el desarrollo del principio de protecci\u00f3n no siempre se encuentran en el centro de estas propuestas, s\u00ed han contribuido a canalizar la responsabilidad de los actores humanitarios, a mejorar la transparencia y la rendici\u00f3n de cuentas o a promover la coordinaci\u00f3n y la participaci\u00f3n. Con todo, la mayor parte de estas iniciativas se orientan finalmente hacia la gesti\u00f3n de los recursos econ\u00f3micos por parte de los donantes, sin apuntalar de manera efectiva criterios de calidad con base en la realizaci\u00f3n de derechos.<\/p>\n<\/div>\n<\/div>\n\n\n\n<h5 class=\"wp-block-heading\">Una acci\u00f3n humanitaria feminista<\/h5>\n\n\n\n<p>La incorporaci\u00f3n de la perspectiva de g\u00e9nero en la acci\u00f3n humanitaria se ha producido m\u00e1s tarde que en las pol\u00edticas e iniciativas de desarrollo. No obstante, la adopci\u00f3n de un enfoque m\u00e1s centrado en los derechos, la protecci\u00f3n y la rendici\u00f3n de cuentas ha favorecido la incorporaci\u00f3n de la perspectiva de g\u00e9nero en el trabajo de los actores humanitarios, estandarizando pautas de actuaci\u00f3n <span class=\"note-item\"><a href=\"#note-04\" class=\"scroll-to\">[4]<\/a><span class=\"note-item-tooltip\">4 \u2014 Pueden destacarse los siguientes documentos: el propio Manual Esfera (2018) o las directrices y gu\u00edas de la Direcci\u00f3n General Europea de Protecci\u00f3n Civil y Operaciones de Ayuda Humanitaria (2013) o del Inter-Agency Standing Committee (2005, 2008, 2015, 2018).\n<\/span><\/span>. Actualmente existe un amplio consenso en afirmar que la perspectiva de g\u00e9nero en el trabajo humanitario permite reconocer el impacto diferenciado de las crisis humanitarias en mujeres y hombres, o el efecto espec\u00edfico de los conflictos armados en las mujeres y las ni\u00f1as. La perspectiva de g\u00e9nero tambi\u00e9n permite visibilizar c\u00f3mo la vulnerabilidad, la capacidad o la resiliencia (individuales y colectivas), tienen una importante dimensi\u00f3n de g\u00e9nero al estar profundamente determinadas por las relaciones de poder, los roles tradicionales, la calidad de la participaci\u00f3n, el acceso y control de los recursos, o las normas sociales discriminatorias.<\/p>\n\n\n\n<p>Tener en cuenta las diferentes necesidades, oportunidades, prioridades o estrategias y atender al modo en que las relaciones de g\u00e9nero han cambiado durante las crisis, es una informaci\u00f3n muy relevante para una programaci\u00f3n humanitaria eficaz y para el cumplimiento de los derechos humanos. Cabe destacar tambi\u00e9n que el rol tradicional asignado a las mujeres, vinculado con las tareas reproductivas y de cuidados, suele colocarlas en la vanguardia de la respuesta. Tambi\u00e9n por este motivo, su participaci\u00f3n es clave en todas las fases de la programaci\u00f3n, disponiendo de una informaci\u00f3n esencial a la hora de planificar eficazmente la preparaci\u00f3n, la respuesta y la rehabilitaci\u00f3n.<\/p>\n\n\n\n<p>As\u00ed mismo, la perspectiva de g\u00e9nero contribuye a asegurar la aplicaci\u00f3n de los principios humanitarios \u2013humanidad, imparcialidad y no discriminaci\u00f3n, neutralidad e independencia\u2013 desde una visi\u00f3n integral del principio de protecci\u00f3n. Para ello, se requieren actuaciones humanitarias que partan del reconocimiento de las diferencias y de las desigualdades entre mujeres y hombres, procurando no consolidarlas ni perpetuarlas; actuaciones que no sit\u00faen a las mujeres y las ni\u00f1as en una situaci\u00f3n de mayor vulnerabilidad, o que lleven a cabo medidas espec\u00edficas para proteger sus derechos.<\/p>\n\n\n\n<p>Desde un punto de vista operativo, la incorporaci\u00f3n de la perspectiva de g\u00e9nero en acci\u00f3n humanitaria ha de partir de la realizaci\u00f3n de an\u00e1lisis de g\u00e9nero capaces de orientar el dise\u00f1o de medidas hacia la protecci\u00f3n y el empoderamiento, as\u00ed como de plantear programas transversales, tanto en la fase de dise\u00f1o, como en la ejecuci\u00f3n y en la evaluaci\u00f3n de las acciones. Entre estas medidas destacan la atenci\u00f3n a las situaciones de violencia de g\u00e9nero, la explotaci\u00f3n sexual o el abuso sexual, espec\u00edficamente, durante los conflictos armados; el empoderamiento de las mujeres y las ni\u00f1as; o las capacidades institucionales en clave de g\u00e9nero de las organizaciones humanitarias, incluido el equilibrio de g\u00e9nero entre su personal.<\/p>\n\n\n\n<p>En este sentido, cabe se\u00f1alar que, a pesar de los avances que se han producido en los marcos normativos y operativos de la acci\u00f3n humanitaria, entre los que destaca la Resoluci\u00f3n 1325 del Consejo de Seguridad de las Naciones Unidas, todav\u00eda hay un amplio margen de mejora en la integraci\u00f3n de un enfoque basado en derechos humanos desde la perspectiva de g\u00e9nero. En la pr\u00e1ctica son todav\u00eda escasas las actuaciones humanitarias que tienen en su centro el fortalecimiento del protagonismo, el liderazgo y la agencia de las mujeres, que planifican partiendo de un an\u00e1lisis de g\u00e9nero o que priorizan la transformaci\u00f3n de unas relaciones de g\u00e9nero desigualitarias.  \u2013 <\/p>\n\n\n\n<div class=\"wp-block-columns is-layout-flex wp-container-core-columns-is-layout-9d6595d7 wp-block-columns-is-layout-flex\">\n<div class=\"wp-block-column is-layout-flow wp-block-column-is-layout-flow\" style=\"flex-basis:33.33%\">\n<blockquote class=\"wp-block-quote is-style-large is-layout-flow wp-block-quote-is-layout-flow\"><p>La perspectiva de g\u00e9nero en el trabajo humanitario permite reconocer el impacto diferenciado de las crisis humanitarias en mujeres y hombres, o el efecto espec\u00edfico de los conflictos armados en mujeres y ni\u00f1as<\/p><\/blockquote>\n<\/div>\n\n\n\n<div class=\"wp-block-column is-layout-flow wp-block-column-is-layout-flow\" style=\"flex-basis:66.66%\">\n<p>Las aproximaciones feministas cr\u00edticas \u2013especialmente desde los feminismos postmodernos y decoloniales\u2013, tambi\u00e9n llaman la atenci\u00f3n sobre las pol\u00edticas de identidad patriarcales y etnoc\u00e9ntricas que (re)crea el sector humanitario. En este sentido, los feminismos cr\u00edticos tratan de visibilizar las importantes resistencias del mundo humanitario para priorizar la igualdad de g\u00e9nero. Ante todo, los planteamientos feministas cuestionan la instrumentalizaci\u00f3n del discurso de igualdad, la evaporaci\u00f3n de su alcance m\u00e1s transformador, el riesgo de simplificar y homogeneizar la diversidad, la amenaza de fortalecer un nuevo esencialismo de g\u00e9nero, o el silencio generalizado sobre las causas estructurales de estas desigualdades <span class=\"note-item\"><a href=\"#note-05\" class=\"scroll-to\">[5]<\/a><span class=\"note-item-tooltip\">5 \u2014 Ruiz-Gim\u00e9nez, I. (2017b). Una mirada cr\u00edtica al \u201chumanitarismo\u201d desde los estudios pospositivistas. Revista CIDOB d&#8217;Afers Internacionals, 117: 173-196.\n<\/span><\/span>.<\/p>\n<\/div>\n<\/div>\n\n\n\n<h5 class=\"wp-block-heading\">Mayor igualdad ante los nuevos desaf\u00edos humanitarios<\/h5>\n\n\n\n<p>En definitiva, la incorporaci\u00f3n de la perspectiva de g\u00e9nero en la acci\u00f3n humanitaria contribuye a asegurar la aplicaci\u00f3n de los principios humanitarios desde una visi\u00f3n integral del principio de protecci\u00f3n; pero tambi\u00e9n, mejora la eficacia y eficiencia del trabajo humanitario al ofrecer un mejor diagn\u00f3stico de las problem\u00e1ticas y necesidades y, por tanto, al orientar de manera m\u00e1s adecuada las actuaciones de protecci\u00f3n y socorro. As\u00ed mismo, la perspectiva de g\u00e9nero favorece la conectividad entre emergencia y desarrollo, porque contribuye a reducir el nivel de riesgo y tambi\u00e9n, porque los contextos de emergencia generan importantes oportunidades para transformar los roles tradicionales y las pr\u00e1cticas discriminatorias, as\u00ed como para avanzar hacia la igualdad en procesos postemergencia.<\/p>\n\n\n\n<p>Los desaf\u00edos actuales muestran c\u00f3mo las crisis humanitarias ya no pueden interpretarse como irrupciones imprevistas o puntuales, sino que, en su mayor parte, est\u00e1n causadas por los impactos globales de un modelo de desarrollo extractivista, insostenible e injusto, que ha incrementado la vulnerabilidad ecol\u00f3gica y social de las sociedades. Las desigualdades de g\u00e9nero se han mostrado tambi\u00e9n como un importante factor de vulnerabilidad, que debilita las capacidades sociales ante la gesti\u00f3n de los riesgos de desastre, y que erosiona la cohesi\u00f3n social y las bases para una convivencia en paz.<\/p>\n\n\n\n<p>La intensificaci\u00f3n de los conflictos y de las situaciones de violencia, la crisis de la poblaci\u00f3n refugiada, o los impactos del cambio clim\u00e1tico, han complejizado el trabajo humanitario; con todo, la acci\u00f3n humanitaria sigue fallando en ofrecer una mayor atenci\u00f3n a las casusas estructurales de las crisis. As\u00ed mismo, se est\u00e1 produciendo una din\u00e1mica de securitizaci\u00f3n e instrumentalizaci\u00f3n de la acci\u00f3n humanitaria con objetivos geoestrat\u00e9gicos, justificando intervenciones militares por razones humanitarias, calificando de crisis humanitarias situaciones con claros componentes sociales, econ\u00f3micos o pol\u00edticos; o, por el contrario, ampliando la brecha de emergencia ante situaciones que requerir\u00edan una mayor atenci\u00f3n y protecci\u00f3n <span class=\"note-item\"><a href=\"#note-06\" class=\"scroll-to\">[6]<\/a><span class=\"note-item-tooltip\">6 \u2014 IECAH y M\u00e9dicos Sin Fronteras (2017). La Acci\u00f3n Humanitaria en 2016-2017: usos, abusos y desusos del humanitarismo en el escenario internacional. Disponible en l\u00ednea.\n<\/span><\/span>.<\/p>\n\n\n\n<p>En este contexto, resulta necesario que el sector humanitario intensifique los esfuerzos por recuperar la labor de articulaci\u00f3n y canalizaci\u00f3n de las demandas de justicia global y de justicia de g\u00e9nero, por parte de la ciudadan\u00eda. Un cometido que a su vez se alinea con los planteamientos feministas al tener como objetivo contribuir a la conformaci\u00f3n de una ciudadan\u00eda cr\u00edtica, movilizada e informada sobre las causas estructurales de las crisis, las desigualdades y las vulneraciones de derechos. Asimismo, aunque la acci\u00f3n humanitaria debe escuchar las propuestas de transformaci\u00f3n que parten de las experiencias cotidianas y localizadas, tambi\u00e9n es necesario que al mismo tiempo recoja los v\u00ednculos globales que nutren el intercambio de experiencias y aprendizajes. Esta l\u00ednea de avance del trabajo humanitario contribuir\u00eda al proceso de transformaci\u00f3n y actualizaci\u00f3n de una nueva cooperaci\u00f3n internacional al desarrollo, y a su vez, a la convergencia con las actuales propuestas desde la educaci\u00f3n para la transformaci\u00f3n social y la justicia global.<\/p>\n","protected":false},"excerpt":{"rendered":"<p>La acci\u00f3n humanitaria (AH) se ha venido gestionando como una modalidad y un sector de cooperaci\u00f3n internacional espec\u00edfico, con rasgos, marcos temporales, principios, objetivos o procedimientos de actuaci\u00f3n propios. Esta actuaci\u00f3n diferenciada ha potenciado la sectorializaci\u00f3n de las intervenciones y la especializaci\u00f3n de las organizaciones y agencias, dificultando as\u00ed la articulaci\u00f3n de un di\u00e1logo fluido orientado a la armonizaci\u00f3n y a la complementariedad entre las distintas actuaciones. Los cambios en la concepci\u00f3n del desarrollo y de la cooperaci\u00f3n internacional desaf\u00edan esta sectorializaci\u00f3n e impulsan la b\u00fasqueda de f\u00f3rmulas que potencien la complementariedad y la posible convergencia entre las acciones de\u2026<\/p>\n","protected":false},"author":3,"featured_media":48373,"parent":0,"comment_status":"closed","ping_status":"closed","sticky":false,"template":"","format":"standard","meta":{"_acf_changed":false,"inline_featured_image":false,"_jetpack_memberships_contains_paid_content":false,"footnotes":""},"categories":[405],"tags":[],"segment":[],"subject":[],"class_list":["post-48004","post","type-post","status-publish","format-standard","has-post-thumbnail","hentry","category-el-sistema-de-cooperacio-enfront-l-evolucio-de-l-ordre-mundial-i-els-reptes-globals-es"],"acf":[],"yoast_head":"<!-- This site is optimized with the Yoast SEO plugin v27.5 - https:\/\/yoast.com\/product\/yoast-seo-wordpress\/ -->\n<title>Acci\u00f3n humanitaria feminista: una cuesti\u00f3n de derechos humanos &#8211; IDEES<\/title>\n<meta name=\"robots\" content=\"index, follow, max-snippet:-1, max-image-preview:large, max-video-preview:-1\" \/>\n<link rel=\"canonical\" href=\"https:\/\/revistaidees.cat\/es\/accion-humanitaria-feminista-una-cuestion-de-derechos-humanos\/\" \/>\n<meta property=\"og:locale\" content=\"es_ES\" \/>\n<meta property=\"og:type\" content=\"article\" \/>\n<meta property=\"og:title\" content=\"Acci\u00f3n humanitaria feminista: una cuesti\u00f3n de derechos humanos &#8211; IDEES\" \/>\n<meta property=\"og:description\" content=\"La acci\u00f3n humanitaria (AH) se ha venido gestionando como una modalidad y un sector de cooperaci\u00f3n internacional espec\u00edfico, con rasgos, marcos temporales, principios, objetivos o procedimientos de actuaci\u00f3n propios. Esta actuaci\u00f3n diferenciada ha potenciado la sectorializaci\u00f3n de las intervenciones y la especializaci\u00f3n de las organizaciones y agencias, dificultando as\u00ed la articulaci\u00f3n de un di\u00e1logo fluido orientado a la armonizaci\u00f3n y a la complementariedad entre las distintas actuaciones. Los cambios en la concepci\u00f3n del desarrollo y de la cooperaci\u00f3n internacional desaf\u00edan esta sectorializaci\u00f3n e impulsan la b\u00fasqueda de f\u00f3rmulas que potencien la complementariedad y la posible convergencia entre las acciones de\u2026\" \/>\n<meta property=\"og:url\" content=\"https:\/\/revistaidees.cat\/es\/accion-humanitaria-feminista-una-cuestion-de-derechos-humanos\/\" \/>\n<meta property=\"og:site_name\" content=\"IDEES\" \/>\n<meta property=\"article:published_time\" content=\"2021-10-27T12:44:39+00:00\" \/>\n<meta property=\"article:modified_time\" content=\"2021-10-27T12:44:42+00:00\" \/>\n<meta property=\"og:image\" content=\"https:\/\/revistaidees.cat\/wp-content\/uploads\/2021\/10\/Marta-Pajarin-IDEES-Cooperacio-tw-1024x482.png\" \/>\n\t<meta property=\"og:image:width\" content=\"1024\" \/>\n\t<meta property=\"og:image:height\" content=\"482\" \/>\n\t<meta property=\"og:image:type\" content=\"image\/png\" \/>\n<meta name=\"author\" content=\"maria\" \/>\n<meta name=\"twitter:card\" content=\"summary_large_image\" \/>\n<meta name=\"twitter:label1\" content=\"Escrito por\" \/>\n\t<meta name=\"twitter:data1\" content=\"maria\" \/>\n\t<meta name=\"twitter:label2\" content=\"Tiempo de lectura\" \/>\n\t<meta name=\"twitter:data2\" content=\"12 minutos\" \/>\n<script type=\"application\/ld+json\" class=\"yoast-schema-graph\">{\"@context\":\"https:\\\/\\\/schema.org\",\"@graph\":[{\"@type\":\"Article\",\"@id\":\"https:\\\/\\\/revistaidees.cat\\\/es\\\/accion-humanitaria-feminista-una-cuestion-de-derechos-humanos\\\/#article\",\"isPartOf\":{\"@id\":\"https:\\\/\\\/revistaidees.cat\\\/es\\\/accion-humanitaria-feminista-una-cuestion-de-derechos-humanos\\\/\"},\"author\":{\"name\":\"maria\",\"@id\":\"https:\\\/\\\/revistaidees.cat\\\/#\\\/schema\\\/person\\\/23b13c8d154c858b03b5b4905ae0d5f6\"},\"headline\":\"Acci\u00f3n humanitaria feminista: una cuesti\u00f3n de derechos humanos\",\"datePublished\":\"2021-10-27T12:44:39+00:00\",\"dateModified\":\"2021-10-27T12:44:42+00:00\",\"mainEntityOfPage\":{\"@id\":\"https:\\\/\\\/revistaidees.cat\\\/es\\\/accion-humanitaria-feminista-una-cuestion-de-derechos-humanos\\\/\"},\"wordCount\":2830,\"image\":{\"@id\":\"https:\\\/\\\/revistaidees.cat\\\/es\\\/accion-humanitaria-feminista-una-cuestion-de-derechos-humanos\\\/#primaryimage\"},\"thumbnailUrl\":\"https:\\\/\\\/i0.wp.com\\\/revistaidees.cat\\\/wp-content\\\/uploads\\\/2021\\\/10\\\/Marta-Pajarin-IDEES-Cooperacio-tw.png?fit=1700%2C800&ssl=1\",\"articleSection\":[\"El sistema de cooperaci\u00f3n ante la evoluci\u00f3n del orden mundial y los retos globales\"],\"inLanguage\":\"es\"},{\"@type\":\"WebPage\",\"@id\":\"https:\\\/\\\/revistaidees.cat\\\/es\\\/accion-humanitaria-feminista-una-cuestion-de-derechos-humanos\\\/\",\"url\":\"https:\\\/\\\/revistaidees.cat\\\/es\\\/accion-humanitaria-feminista-una-cuestion-de-derechos-humanos\\\/\",\"name\":\"Acci\u00f3n humanitaria feminista: una cuesti\u00f3n de derechos humanos &#8211; IDEES\",\"isPartOf\":{\"@id\":\"https:\\\/\\\/revistaidees.cat\\\/#website\"},\"primaryImageOfPage\":{\"@id\":\"https:\\\/\\\/revistaidees.cat\\\/es\\\/accion-humanitaria-feminista-una-cuestion-de-derechos-humanos\\\/#primaryimage\"},\"image\":{\"@id\":\"https:\\\/\\\/revistaidees.cat\\\/es\\\/accion-humanitaria-feminista-una-cuestion-de-derechos-humanos\\\/#primaryimage\"},\"thumbnailUrl\":\"https:\\\/\\\/i0.wp.com\\\/revistaidees.cat\\\/wp-content\\\/uploads\\\/2021\\\/10\\\/Marta-Pajarin-IDEES-Cooperacio-tw.png?fit=1700%2C800&ssl=1\",\"datePublished\":\"2021-10-27T12:44:39+00:00\",\"dateModified\":\"2021-10-27T12:44:42+00:00\",\"author\":{\"@id\":\"https:\\\/\\\/revistaidees.cat\\\/#\\\/schema\\\/person\\\/23b13c8d154c858b03b5b4905ae0d5f6\"},\"breadcrumb\":{\"@id\":\"https:\\\/\\\/revistaidees.cat\\\/es\\\/accion-humanitaria-feminista-una-cuestion-de-derechos-humanos\\\/#breadcrumb\"},\"inLanguage\":\"es\",\"potentialAction\":[{\"@type\":\"ReadAction\",\"target\":[\"https:\\\/\\\/revistaidees.cat\\\/es\\\/accion-humanitaria-feminista-una-cuestion-de-derechos-humanos\\\/\"]}]},{\"@type\":\"ImageObject\",\"inLanguage\":\"es\",\"@id\":\"https:\\\/\\\/revistaidees.cat\\\/es\\\/accion-humanitaria-feminista-una-cuestion-de-derechos-humanos\\\/#primaryimage\",\"url\":\"https:\\\/\\\/i0.wp.com\\\/revistaidees.cat\\\/wp-content\\\/uploads\\\/2021\\\/10\\\/Marta-Pajarin-IDEES-Cooperacio-tw.png?fit=1700%2C800&ssl=1\",\"contentUrl\":\"https:\\\/\\\/i0.wp.com\\\/revistaidees.cat\\\/wp-content\\\/uploads\\\/2021\\\/10\\\/Marta-Pajarin-IDEES-Cooperacio-tw.png?fit=1700%2C800&ssl=1\",\"width\":1700,\"height\":800,\"caption\":\"llustraci\u00f3n: Hansel Obando\"},{\"@type\":\"BreadcrumbList\",\"@id\":\"https:\\\/\\\/revistaidees.cat\\\/es\\\/accion-humanitaria-feminista-una-cuestion-de-derechos-humanos\\\/#breadcrumb\",\"itemListElement\":[{\"@type\":\"ListItem\",\"position\":1,\"name\":\"Inici\",\"item\":\"https:\\\/\\\/revistaidees.cat\\\/es\\\/\"},{\"@type\":\"ListItem\",\"position\":2,\"name\":\"Acci\u00f3n humanitaria feminista: una cuesti\u00f3n de derechos humanos\"}]},{\"@type\":\"WebSite\",\"@id\":\"https:\\\/\\\/revistaidees.cat\\\/#website\",\"url\":\"https:\\\/\\\/revistaidees.cat\\\/\",\"name\":\"IDEES\",\"description\":\"Revista de temas contempor\u00e1neos\",\"potentialAction\":[{\"@type\":\"SearchAction\",\"target\":{\"@type\":\"EntryPoint\",\"urlTemplate\":\"https:\\\/\\\/revistaidees.cat\\\/?s={search_term_string}\"},\"query-input\":{\"@type\":\"PropertyValueSpecification\",\"valueRequired\":true,\"valueName\":\"search_term_string\"}}],\"inLanguage\":\"es\"},{\"@type\":\"Person\",\"@id\":\"https:\\\/\\\/revistaidees.cat\\\/#\\\/schema\\\/person\\\/23b13c8d154c858b03b5b4905ae0d5f6\",\"name\":\"maria\",\"image\":{\"@type\":\"ImageObject\",\"inLanguage\":\"es\",\"@id\":\"https:\\\/\\\/secure.gravatar.com\\\/avatar\\\/4abe985cb800e0b75c4c7bfc4fd0973825f533e0620f989a75661b23c3255192?s=96&d=mm&r=g\",\"url\":\"https:\\\/\\\/secure.gravatar.com\\\/avatar\\\/4abe985cb800e0b75c4c7bfc4fd0973825f533e0620f989a75661b23c3255192?s=96&d=mm&r=g\",\"contentUrl\":\"https:\\\/\\\/secure.gravatar.com\\\/avatar\\\/4abe985cb800e0b75c4c7bfc4fd0973825f533e0620f989a75661b23c3255192?s=96&d=mm&r=g\",\"caption\":\"maria\"}}]}<\/script>\n<!-- \/ Yoast SEO plugin. -->","yoast_head_json":{"title":"Acci\u00f3n humanitaria feminista: una cuesti\u00f3n de derechos humanos &#8211; IDEES","robots":{"index":"index","follow":"follow","max-snippet":"max-snippet:-1","max-image-preview":"max-image-preview:large","max-video-preview":"max-video-preview:-1"},"canonical":"https:\/\/revistaidees.cat\/es\/accion-humanitaria-feminista-una-cuestion-de-derechos-humanos\/","og_locale":"es_ES","og_type":"article","og_title":"Acci\u00f3n humanitaria feminista: una cuesti\u00f3n de derechos humanos &#8211; IDEES","og_description":"La acci\u00f3n humanitaria (AH) se ha venido gestionando como una modalidad y un sector de cooperaci\u00f3n internacional espec\u00edfico, con rasgos, marcos temporales, principios, objetivos o procedimientos de actuaci\u00f3n propios. Esta actuaci\u00f3n diferenciada ha potenciado la sectorializaci\u00f3n de las intervenciones y la especializaci\u00f3n de las organizaciones y agencias, dificultando as\u00ed la articulaci\u00f3n de un di\u00e1logo fluido orientado a la armonizaci\u00f3n y a la complementariedad entre las distintas actuaciones. Los cambios en la concepci\u00f3n del desarrollo y de la cooperaci\u00f3n internacional desaf\u00edan esta sectorializaci\u00f3n e impulsan la b\u00fasqueda de f\u00f3rmulas que potencien la complementariedad y la posible convergencia entre las acciones de\u2026","og_url":"https:\/\/revistaidees.cat\/es\/accion-humanitaria-feminista-una-cuestion-de-derechos-humanos\/","og_site_name":"IDEES","article_published_time":"2021-10-27T12:44:39+00:00","article_modified_time":"2021-10-27T12:44:42+00:00","og_image":[{"width":1024,"height":482,"url":"https:\/\/revistaidees.cat\/wp-content\/uploads\/2021\/10\/Marta-Pajarin-IDEES-Cooperacio-tw-1024x482.png","type":"image\/png"}],"author":"maria","twitter_card":"summary_large_image","twitter_misc":{"Escrito por":"maria","Tiempo de lectura":"12 minutos"},"schema":{"@context":"https:\/\/schema.org","@graph":[{"@type":"Article","@id":"https:\/\/revistaidees.cat\/es\/accion-humanitaria-feminista-una-cuestion-de-derechos-humanos\/#article","isPartOf":{"@id":"https:\/\/revistaidees.cat\/es\/accion-humanitaria-feminista-una-cuestion-de-derechos-humanos\/"},"author":{"name":"maria","@id":"https:\/\/revistaidees.cat\/#\/schema\/person\/23b13c8d154c858b03b5b4905ae0d5f6"},"headline":"Acci\u00f3n humanitaria feminista: una cuesti\u00f3n de derechos humanos","datePublished":"2021-10-27T12:44:39+00:00","dateModified":"2021-10-27T12:44:42+00:00","mainEntityOfPage":{"@id":"https:\/\/revistaidees.cat\/es\/accion-humanitaria-feminista-una-cuestion-de-derechos-humanos\/"},"wordCount":2830,"image":{"@id":"https:\/\/revistaidees.cat\/es\/accion-humanitaria-feminista-una-cuestion-de-derechos-humanos\/#primaryimage"},"thumbnailUrl":"https:\/\/i0.wp.com\/revistaidees.cat\/wp-content\/uploads\/2021\/10\/Marta-Pajarin-IDEES-Cooperacio-tw.png?fit=1700%2C800&ssl=1","articleSection":["El sistema de cooperaci\u00f3n ante la evoluci\u00f3n del orden mundial y los retos globales"],"inLanguage":"es"},{"@type":"WebPage","@id":"https:\/\/revistaidees.cat\/es\/accion-humanitaria-feminista-una-cuestion-de-derechos-humanos\/","url":"https:\/\/revistaidees.cat\/es\/accion-humanitaria-feminista-una-cuestion-de-derechos-humanos\/","name":"Acci\u00f3n humanitaria feminista: una cuesti\u00f3n de derechos humanos &#8211; IDEES","isPartOf":{"@id":"https:\/\/revistaidees.cat\/#website"},"primaryImageOfPage":{"@id":"https:\/\/revistaidees.cat\/es\/accion-humanitaria-feminista-una-cuestion-de-derechos-humanos\/#primaryimage"},"image":{"@id":"https:\/\/revistaidees.cat\/es\/accion-humanitaria-feminista-una-cuestion-de-derechos-humanos\/#primaryimage"},"thumbnailUrl":"https:\/\/i0.wp.com\/revistaidees.cat\/wp-content\/uploads\/2021\/10\/Marta-Pajarin-IDEES-Cooperacio-tw.png?fit=1700%2C800&ssl=1","datePublished":"2021-10-27T12:44:39+00:00","dateModified":"2021-10-27T12:44:42+00:00","author":{"@id":"https:\/\/revistaidees.cat\/#\/schema\/person\/23b13c8d154c858b03b5b4905ae0d5f6"},"breadcrumb":{"@id":"https:\/\/revistaidees.cat\/es\/accion-humanitaria-feminista-una-cuestion-de-derechos-humanos\/#breadcrumb"},"inLanguage":"es","potentialAction":[{"@type":"ReadAction","target":["https:\/\/revistaidees.cat\/es\/accion-humanitaria-feminista-una-cuestion-de-derechos-humanos\/"]}]},{"@type":"ImageObject","inLanguage":"es","@id":"https:\/\/revistaidees.cat\/es\/accion-humanitaria-feminista-una-cuestion-de-derechos-humanos\/#primaryimage","url":"https:\/\/i0.wp.com\/revistaidees.cat\/wp-content\/uploads\/2021\/10\/Marta-Pajarin-IDEES-Cooperacio-tw.png?fit=1700%2C800&ssl=1","contentUrl":"https:\/\/i0.wp.com\/revistaidees.cat\/wp-content\/uploads\/2021\/10\/Marta-Pajarin-IDEES-Cooperacio-tw.png?fit=1700%2C800&ssl=1","width":1700,"height":800,"caption":"llustraci\u00f3n: Hansel Obando"},{"@type":"BreadcrumbList","@id":"https:\/\/revistaidees.cat\/es\/accion-humanitaria-feminista-una-cuestion-de-derechos-humanos\/#breadcrumb","itemListElement":[{"@type":"ListItem","position":1,"name":"Inici","item":"https:\/\/revistaidees.cat\/es\/"},{"@type":"ListItem","position":2,"name":"Acci\u00f3n humanitaria feminista: una cuesti\u00f3n de derechos humanos"}]},{"@type":"WebSite","@id":"https:\/\/revistaidees.cat\/#website","url":"https:\/\/revistaidees.cat\/","name":"IDEES","description":"Revista de temas contempor\u00e1neos","potentialAction":[{"@type":"SearchAction","target":{"@type":"EntryPoint","urlTemplate":"https:\/\/revistaidees.cat\/?s={search_term_string}"},"query-input":{"@type":"PropertyValueSpecification","valueRequired":true,"valueName":"search_term_string"}}],"inLanguage":"es"},{"@type":"Person","@id":"https:\/\/revistaidees.cat\/#\/schema\/person\/23b13c8d154c858b03b5b4905ae0d5f6","name":"maria","image":{"@type":"ImageObject","inLanguage":"es","@id":"https:\/\/secure.gravatar.com\/avatar\/4abe985cb800e0b75c4c7bfc4fd0973825f533e0620f989a75661b23c3255192?s=96&d=mm&r=g","url":"https:\/\/secure.gravatar.com\/avatar\/4abe985cb800e0b75c4c7bfc4fd0973825f533e0620f989a75661b23c3255192?s=96&d=mm&r=g","contentUrl":"https:\/\/secure.gravatar.com\/avatar\/4abe985cb800e0b75c4c7bfc4fd0973825f533e0620f989a75661b23c3255192?s=96&d=mm&r=g","caption":"maria"}}]}},"jetpack_featured_media_url":"https:\/\/i0.wp.com\/revistaidees.cat\/wp-content\/uploads\/2021\/10\/Marta-Pajarin-IDEES-Cooperacio-tw.png?fit=1700%2C800&ssl=1","jetpack_sharing_enabled":true,"_links":{"self":[{"href":"https:\/\/revistaidees.cat\/es\/wp-json\/wp\/v2\/posts\/48004","targetHints":{"allow":["GET"]}}],"collection":[{"href":"https:\/\/revistaidees.cat\/es\/wp-json\/wp\/v2\/posts"}],"about":[{"href":"https:\/\/revistaidees.cat\/es\/wp-json\/wp\/v2\/types\/post"}],"author":[{"embeddable":true,"href":"https:\/\/revistaidees.cat\/es\/wp-json\/wp\/v2\/users\/3"}],"replies":[{"embeddable":true,"href":"https:\/\/revistaidees.cat\/es\/wp-json\/wp\/v2\/comments?post=48004"}],"version-history":[{"count":20,"href":"https:\/\/revistaidees.cat\/es\/wp-json\/wp\/v2\/posts\/48004\/revisions"}],"predecessor-version":[{"id":48407,"href":"https:\/\/revistaidees.cat\/es\/wp-json\/wp\/v2\/posts\/48004\/revisions\/48407"}],"wp:featuredmedia":[{"embeddable":true,"href":"https:\/\/revistaidees.cat\/es\/wp-json\/wp\/v2\/media\/48373"}],"wp:attachment":[{"href":"https:\/\/revistaidees.cat\/es\/wp-json\/wp\/v2\/media?parent=48004"}],"wp:term":[{"taxonomy":"category","embeddable":true,"href":"https:\/\/revistaidees.cat\/es\/wp-json\/wp\/v2\/categories?post=48004"},{"taxonomy":"post_tag","embeddable":true,"href":"https:\/\/revistaidees.cat\/es\/wp-json\/wp\/v2\/tags?post=48004"},{"taxonomy":"segment","embeddable":true,"href":"https:\/\/revistaidees.cat\/es\/wp-json\/wp\/v2\/segment?post=48004"},{"taxonomy":"subject","embeddable":true,"href":"https:\/\/revistaidees.cat\/es\/wp-json\/wp\/v2\/subject?post=48004"}],"curies":[{"name":"wp","href":"https:\/\/api.w.org\/{rel}","templated":true}]}}