{"id":52120,"date":"2021-12-20T15:59:00","date_gmt":"2021-12-20T15:59:00","guid":{"rendered":"https:\/\/revistaidees.cat\/john-rawls-100-anys-despres-el-llegat-duna-teoria-de-la-justicia\/"},"modified":"2022-01-14T09:21:46","modified_gmt":"2022-01-14T09:21:46","slug":"john-rawls-100-anys-despres-el-llegat-duna-teoria-de-la-justicia","status":"publish","type":"post","link":"https:\/\/revistaidees.cat\/es\/john-rawls-100-anys-despres-el-llegat-duna-teoria-de-la-justicia\/","title":{"rendered":"John Rawls, 100 a\u00f1os despu\u00e9s: el legado de \u00abTeor\u00eda de la justicia\u00bb"},"content":{"rendered":"\n<p>John Rawls (1921-2002) es uno de los fil\u00f3sofos pol\u00edticos m\u00e1s importantes de la \u00e9poca contempor\u00e1nea. Seg\u00fan la opini\u00f3n de muchos, la publicaci\u00f3n de la obra <em>A Theory of Justice<\/em>, su <em>opus magnum<\/em>, le convirti\u00f3 en todo un cl\u00e1sico del pensamiento pol\u00edtico moderno. A mediados de los a\u00f1os 70 del siglo pasado, Robert Nozick sostuvo que \u00abhoy en d\u00eda, aquellos que hacen filosof\u00eda pol\u00edtica tienen que trabajar seg\u00fan la teor\u00eda de Rawls o bien explicar porque no lo hacen.\u00bb A finales del primer decenio del siglo XXI, Gerald A. Cohen escribi\u00f3 que \u00abs\u00f3lo hay dos libros en la historia de la filosof\u00eda pol\u00edtica occidental que puedan hacer sombra a <em>Teor\u00eda de la justicia<\/em>: la <em>Rep\u00fablica <\/em>de Plat\u00f3n y el <em>Leviat\u00e1n<\/em> de Hobbes\u00bb. La influencia de esta obra en el pensamiento pol\u00edtico actual, especialmente en el \u00e1mbito acad\u00e9mico, es un hecho indudable. Una influencia que todav\u00eda se hizo m\u00e1s amplia y profunda con la publicaci\u00f3n de <em>Political Liberalism<\/em> (1993), <em>The Law of Peoples<\/em> (1999) y <em>Justice as Fairness: A Restatement<\/em> (2001), los otros libros que Rawls public\u00f3 en vida \u2014m\u00e1s adelante, sus albaceas se encargar\u00edan de publicar los apuntes que el fil\u00f3sofo hab\u00eda utilizado para impartir sus clases de Historia de la Filosof\u00eda Moral y Pol\u00edtica en la Universidad de Harvard y tambi\u00e9n los primeros textos de juventud\u2014.<\/p>\n\n\n\n<p>La obra de Rawls, sin embargo, no ha sido influyente solamente en el \u00e1mbito acad\u00e9mico. Rawls no fue nunca un intelectual <em>avant la lettre<\/em>, es decir, no intervino casi nunca en la esfera p\u00fablica con el fin de encauzar una opini\u00f3n o defendi\u00f3 una postura controvertida; a pesar de este perfil p\u00fablico m\u00e1s bien discreto, en el mundo jur\u00eddico norteamericano sus tesis sobre la justicia son sobradamente conocidas y utilizadas recurrentemente. No es nada extra\u00f1o, por ejemplo, que a la hora de justificar una sentencia los jueces apelen a sus textos con el fin de fundamentar la decisi\u00f3n tomada. Asimismo, y tal como <a href=\"https:\/\/revistaidees.cat\/es\/igualdad-y-justificacion-un-replanteamiento-de-la-posicion-original\/\" target=\"_blank\" rel=\"noreferrer noopener\">se\u00f1ala V\u00e9ronique Munoz-Dard\u00e9<\/a> en el texto que hemos incluido en esta publicaci\u00f3n, Rawls es padre de la figura de la posici\u00f3n original, uno de los experimentos de pensamiento m\u00e1s c\u00e9lebres de la historia de la filosof\u00eda y que ha trascendido, como dec\u00edamos, el \u00e1mbito estrictamente acad\u00e9mico.<\/p>\n\n\n\n<p>Durante el a\u00f1o 2021 se han conmemorado dos efem\u00e9rides: en primer lugar, el 100\u00ba aniversario del nacimiento de John Rawls (naci\u00f3 el 21 de febrero de 1921) y, en segundo lugar, el 50\u00ba aniversario de la publicaci\u00f3n de la obra <em>A Theory of Justice<\/em>. Con motivo de esta doble efem\u00e9ride, cuatro universidades catalanas (la Universitat Pompeu Fabra, la Universitat Aut\u00f2noma de Barcelona, la Universitat de Barcelona y la Universitat de Girona, a trav\u00e9s de la C\u00e1tedra Ferrater Mora) organizaron un <a href=\"https:\/\/sites.google.com\/view\/rawlsinternationalsymposium-es\/?authuser=0\" target=\"_blank\" rel=\"noreferrer noopener\">Simposio Internacional<\/a> sobre la figura y la obra del fil\u00f3sofo norteamericano, que cont\u00f3 con la colaboraci\u00f3n del Centro de Estudios de Temas Contempor\u00e1neos.<\/p>\n\n\n\n<p>La figura de John Rawls y los debates que suscita su obra alrededor de conceptos como la equidad, la justicia y la racionalidad no son ajenos al Centro de Estudios de Temas Contempor\u00e1neos y a la Revista IDEES. En el a\u00f1o 2003, coincidiendo con la Segunda Guerra del Golfo, IDEES public\u00f3 su art\u00edculo \u2018<a href=\"https:\/\/revistaidees.cat\/la-doctrina-de-la-guerra-justa\/\" target=\"_blank\" rel=\"noreferrer noopener\">La doctrina de la guerra justa<\/a>\u2019. Y en 2006, en el marco de la colecci\u00f3n Temes Contemporanis, se public\u00f3 el ensayo <em><a href=\"https:\/\/www.grup62.cat\/llibre-les-esquerdes-del-liberalisme\/101713\" target=\"_blank\" rel=\"noreferrer noopener\">Les esquerdes del liberalisme pol\u00edtic. Una cr\u00edtica filos\u00f2fica a John Rawls<\/a><\/em>, de Joan Verg\u00e9s Gifra, director de la C\u00e1tedra Ferrater Mora.<\/p>\n\n\n\n<p>La doble efem\u00e9ride, pues, ha resultado un momento propicio para recuperar un autor primordial para el pensamiento pol\u00edtico contempor\u00e1neo, y es por ello que, para dar continuidad a algunas de las numerosas aportaciones que acogi\u00f3 el simposio, publicamos este <a href=\"https:\/\/revistaidees.cat\/es\/monografics\/john-rawls-100-anos-despues-el-legado-de-teoria-de-la-justicia\/\" target=\"_blank\" rel=\"noreferrer noopener\">dosier monogr\u00e1fico de la revista IDEES<\/a>, con una selecci\u00f3n <em>ex professo<\/em> de art\u00edculos que eval\u00faan la vigencia y recontextualizan la obra del pensador norteamericano. Para ilustrar los contenidos hemos tenido la suerte de poder recurrir a los Archivos de la Universidad de Harvard, que nos han cedido algunos de los manuscritos de Rawls que custodian, y que hemos podido adaptar gr\u00e1ficamente en cada caso.<\/p>\n","protected":false},"excerpt":{"rendered":"<p>John Rawls (1921-2002) es uno de los fil\u00f3sofos pol\u00edticos m\u00e1s importantes de la \u00e9poca contempor\u00e1nea. Seg\u00fan la opini\u00f3n de muchos, la publicaci\u00f3n de la obra A Theory of Justice, su opus magnum, le convirti\u00f3 en todo un cl\u00e1sico del pensamiento pol\u00edtico moderno. A mediados de los a\u00f1os 70 del siglo pasado, Robert Nozick sostuvo que \u00abhoy en d\u00eda, aquellos que hacen filosof\u00eda pol\u00edtica tienen que trabajar seg\u00fan la teor\u00eda de Rawls o bien explicar porque no lo hacen.\u00bb A finales del primer decenio del siglo XXI, Gerald A. Cohen escribi\u00f3 que \u00abs\u00f3lo hay dos libros en la historia de la\u2026<\/p>\n","protected":false},"author":6,"featured_media":52001,"parent":0,"comment_status":"closed","ping_status":"closed","sticky":false,"template":"","format":"standard","meta":{"_acf_changed":false,"inline_featured_image":false,"_jetpack_memberships_contains_paid_content":false,"footnotes":""},"categories":[452],"tags":[],"segment":[],"subject":[],"class_list":["post-52120","post","type-post","status-publish","format-standard","has-post-thumbnail","hentry","category-introduccio-john-rawls-es"],"acf":[],"yoast_head":"<!-- This site is optimized with the Yoast SEO plugin v27.4 - https:\/\/yoast.com\/product\/yoast-seo-wordpress\/ -->\n<title>John Rawls, 100 a\u00f1os despu\u00e9s: el legado de \u00abTeor\u00eda de la justicia\u00bb &#8211; IDEES<\/title>\n<meta name=\"robots\" content=\"index, follow, max-snippet:-1, max-image-preview:large, max-video-preview:-1\" \/>\n<link rel=\"canonical\" href=\"https:\/\/revistaidees.cat\/es\/john-rawls-100-anys-despres-el-llegat-duna-teoria-de-la-justicia\/\" \/>\n<meta property=\"og:locale\" content=\"es_ES\" \/>\n<meta property=\"og:type\" content=\"article\" \/>\n<meta property=\"og:title\" content=\"John Rawls, 100 a\u00f1os despu\u00e9s: el legado de \u00abTeor\u00eda de la justicia\u00bb &#8211; IDEES\" \/>\n<meta property=\"og:description\" content=\"John Rawls (1921-2002) es uno de los fil\u00f3sofos pol\u00edticos m\u00e1s importantes de la \u00e9poca contempor\u00e1nea. Seg\u00fan la opini\u00f3n de muchos, la publicaci\u00f3n de la obra A Theory of Justice, su opus magnum, le convirti\u00f3 en todo un cl\u00e1sico del pensamiento pol\u00edtico moderno. A mediados de los a\u00f1os 70 del siglo pasado, Robert Nozick sostuvo que \u00abhoy en d\u00eda, aquellos que hacen filosof\u00eda pol\u00edtica tienen que trabajar seg\u00fan la teor\u00eda de Rawls o bien explicar porque no lo hacen.\u00bb A finales del primer decenio del siglo XXI, Gerald A. Cohen escribi\u00f3 que \u00abs\u00f3lo hay dos libros en la historia de la\u2026\" \/>\n<meta property=\"og:url\" content=\"https:\/\/revistaidees.cat\/es\/john-rawls-100-anys-despres-el-llegat-duna-teoria-de-la-justicia\/\" \/>\n<meta property=\"og:site_name\" content=\"IDEES\" \/>\n<meta property=\"article:published_time\" content=\"2021-12-20T15:59:00+00:00\" \/>\n<meta property=\"article:modified_time\" content=\"2022-01-14T09:21:46+00:00\" \/>\n<meta property=\"og:image\" content=\"https:\/\/i0.wp.com\/revistaidees.cat\/wp-content\/uploads\/2021\/12\/Portada-John-Rawls.png?fit=1450%2C800&ssl=1\" \/>\n\t<meta property=\"og:image:width\" content=\"1450\" \/>\n\t<meta property=\"og:image:height\" content=\"800\" \/>\n\t<meta property=\"og:image:type\" content=\"image\/png\" \/>\n<meta name=\"author\" content=\"Guille Velasco\" \/>\n<meta name=\"twitter:card\" content=\"summary_large_image\" \/>\n<meta name=\"twitter:label1\" content=\"Escrito por\" \/>\n\t<meta name=\"twitter:data1\" content=\"Guille Velasco\" \/>\n\t<meta name=\"twitter:label2\" content=\"Tiempo de lectura\" \/>\n\t<meta name=\"twitter:data2\" content=\"4 minutos\" \/>\n<script type=\"application\/ld+json\" class=\"yoast-schema-graph\">{\"@context\":\"https:\\\/\\\/schema.org\",\"@graph\":[{\"@type\":\"Article\",\"@id\":\"https:\\\/\\\/revistaidees.cat\\\/es\\\/john-rawls-100-anys-despres-el-llegat-duna-teoria-de-la-justicia\\\/#article\",\"isPartOf\":{\"@id\":\"https:\\\/\\\/revistaidees.cat\\\/es\\\/john-rawls-100-anys-despres-el-llegat-duna-teoria-de-la-justicia\\\/\"},\"author\":{\"name\":\"Guille Velasco\",\"@id\":\"https:\\\/\\\/revistaidees.cat\\\/#\\\/schema\\\/person\\\/adfa7c9b46b4f5aba1a2db263fdfd38f\"},\"headline\":\"John Rawls, 100 a\u00f1os despu\u00e9s: el legado de \u00abTeor\u00eda de la justicia\u00bb\",\"datePublished\":\"2021-12-20T15:59:00+00:00\",\"dateModified\":\"2022-01-14T09:21:46+00:00\",\"mainEntityOfPage\":{\"@id\":\"https:\\\/\\\/revistaidees.cat\\\/es\\\/john-rawls-100-anys-despres-el-llegat-duna-teoria-de-la-justicia\\\/\"},\"wordCount\":747,\"image\":{\"@id\":\"https:\\\/\\\/revistaidees.cat\\\/es\\\/john-rawls-100-anys-despres-el-llegat-duna-teoria-de-la-justicia\\\/#primaryimage\"},\"thumbnailUrl\":\"https:\\\/\\\/i0.wp.com\\\/revistaidees.cat\\\/wp-content\\\/uploads\\\/2021\\\/12\\\/Portada-John-Rawls.png?fit=1450%2C800&ssl=1\",\"articleSection\":[\"Introducci\u00f3n\"],\"inLanguage\":\"es\"},{\"@type\":\"WebPage\",\"@id\":\"https:\\\/\\\/revistaidees.cat\\\/es\\\/john-rawls-100-anys-despres-el-llegat-duna-teoria-de-la-justicia\\\/\",\"url\":\"https:\\\/\\\/revistaidees.cat\\\/es\\\/john-rawls-100-anys-despres-el-llegat-duna-teoria-de-la-justicia\\\/\",\"name\":\"John Rawls, 100 a\u00f1os despu\u00e9s: el legado de \u00abTeor\u00eda de la justicia\u00bb &#8211; IDEES\",\"isPartOf\":{\"@id\":\"https:\\\/\\\/revistaidees.cat\\\/#website\"},\"primaryImageOfPage\":{\"@id\":\"https:\\\/\\\/revistaidees.cat\\\/es\\\/john-rawls-100-anys-despres-el-llegat-duna-teoria-de-la-justicia\\\/#primaryimage\"},\"image\":{\"@id\":\"https:\\\/\\\/revistaidees.cat\\\/es\\\/john-rawls-100-anys-despres-el-llegat-duna-teoria-de-la-justicia\\\/#primaryimage\"},\"thumbnailUrl\":\"https:\\\/\\\/i0.wp.com\\\/revistaidees.cat\\\/wp-content\\\/uploads\\\/2021\\\/12\\\/Portada-John-Rawls.png?fit=1450%2C800&ssl=1\",\"datePublished\":\"2021-12-20T15:59:00+00:00\",\"dateModified\":\"2022-01-14T09:21:46+00:00\",\"author\":{\"@id\":\"https:\\\/\\\/revistaidees.cat\\\/#\\\/schema\\\/person\\\/adfa7c9b46b4f5aba1a2db263fdfd38f\"},\"breadcrumb\":{\"@id\":\"https:\\\/\\\/revistaidees.cat\\\/es\\\/john-rawls-100-anys-despres-el-llegat-duna-teoria-de-la-justicia\\\/#breadcrumb\"},\"inLanguage\":\"es\",\"potentialAction\":[{\"@type\":\"ReadAction\",\"target\":[\"https:\\\/\\\/revistaidees.cat\\\/es\\\/john-rawls-100-anys-despres-el-llegat-duna-teoria-de-la-justicia\\\/\"]}]},{\"@type\":\"ImageObject\",\"inLanguage\":\"es\",\"@id\":\"https:\\\/\\\/revistaidees.cat\\\/es\\\/john-rawls-100-anys-despres-el-llegat-duna-teoria-de-la-justicia\\\/#primaryimage\",\"url\":\"https:\\\/\\\/i0.wp.com\\\/revistaidees.cat\\\/wp-content\\\/uploads\\\/2021\\\/12\\\/Portada-John-Rawls.png?fit=1450%2C800&ssl=1\",\"contentUrl\":\"https:\\\/\\\/i0.wp.com\\\/revistaidees.cat\\\/wp-content\\\/uploads\\\/2021\\\/12\\\/Portada-John-Rawls.png?fit=1450%2C800&ssl=1\",\"width\":1450,\"height\":800,\"caption\":\"En 2021 se cumplieron 100 a\u00f1os del nacimiento del fil\u00f3sofo John Rawls, y tambi\u00e9n 50 a\u00f1os de la publicaci\u00f3n de su obra m\u00e1s paradigm\u00e1tica: \\\"Una teor\u00eda de la justicia\\\".\"},{\"@type\":\"BreadcrumbList\",\"@id\":\"https:\\\/\\\/revistaidees.cat\\\/es\\\/john-rawls-100-anys-despres-el-llegat-duna-teoria-de-la-justicia\\\/#breadcrumb\",\"itemListElement\":[{\"@type\":\"ListItem\",\"position\":1,\"name\":\"Inici\",\"item\":\"https:\\\/\\\/revistaidees.cat\\\/es\\\/\"},{\"@type\":\"ListItem\",\"position\":2,\"name\":\"John Rawls, 100 a\u00f1os despu\u00e9s: el legado de \u00abTeor\u00eda de la justicia\u00bb\"}]},{\"@type\":\"WebSite\",\"@id\":\"https:\\\/\\\/revistaidees.cat\\\/#website\",\"url\":\"https:\\\/\\\/revistaidees.cat\\\/\",\"name\":\"IDEES\",\"description\":\"Revista de temas contempor\u00e1neos\",\"potentialAction\":[{\"@type\":\"SearchAction\",\"target\":{\"@type\":\"EntryPoint\",\"urlTemplate\":\"https:\\\/\\\/revistaidees.cat\\\/?s={search_term_string}\"},\"query-input\":{\"@type\":\"PropertyValueSpecification\",\"valueRequired\":true,\"valueName\":\"search_term_string\"}}],\"inLanguage\":\"es\"},{\"@type\":\"Person\",\"@id\":\"https:\\\/\\\/revistaidees.cat\\\/#\\\/schema\\\/person\\\/adfa7c9b46b4f5aba1a2db263fdfd38f\",\"name\":\"Guille Velasco\",\"image\":{\"@type\":\"ImageObject\",\"inLanguage\":\"es\",\"@id\":\"https:\\\/\\\/secure.gravatar.com\\\/avatar\\\/629007751c4a3e3bc4a875f83b1492bf27b7e7eff053528d6942b03ce18e75ad?s=96&d=mm&r=g\",\"url\":\"https:\\\/\\\/secure.gravatar.com\\\/avatar\\\/629007751c4a3e3bc4a875f83b1492bf27b7e7eff053528d6942b03ce18e75ad?s=96&d=mm&r=g\",\"contentUrl\":\"https:\\\/\\\/secure.gravatar.com\\\/avatar\\\/629007751c4a3e3bc4a875f83b1492bf27b7e7eff053528d6942b03ce18e75ad?s=96&d=mm&r=g\",\"caption\":\"Guille Velasco\"}}]}<\/script>\n<!-- \/ Yoast SEO plugin. -->","yoast_head_json":{"title":"John Rawls, 100 a\u00f1os despu\u00e9s: el legado de \u00abTeor\u00eda de la justicia\u00bb &#8211; IDEES","robots":{"index":"index","follow":"follow","max-snippet":"max-snippet:-1","max-image-preview":"max-image-preview:large","max-video-preview":"max-video-preview:-1"},"canonical":"https:\/\/revistaidees.cat\/es\/john-rawls-100-anys-despres-el-llegat-duna-teoria-de-la-justicia\/","og_locale":"es_ES","og_type":"article","og_title":"John Rawls, 100 a\u00f1os despu\u00e9s: el legado de \u00abTeor\u00eda de la justicia\u00bb &#8211; IDEES","og_description":"John Rawls (1921-2002) es uno de los fil\u00f3sofos pol\u00edticos m\u00e1s importantes de la \u00e9poca contempor\u00e1nea. Seg\u00fan la opini\u00f3n de muchos, la publicaci\u00f3n de la obra A Theory of Justice, su opus magnum, le convirti\u00f3 en todo un cl\u00e1sico del pensamiento pol\u00edtico moderno. A mediados de los a\u00f1os 70 del siglo pasado, Robert Nozick sostuvo que \u00abhoy en d\u00eda, aquellos que hacen filosof\u00eda pol\u00edtica tienen que trabajar seg\u00fan la teor\u00eda de Rawls o bien explicar porque no lo hacen.\u00bb A finales del primer decenio del siglo XXI, Gerald A. Cohen escribi\u00f3 que \u00abs\u00f3lo hay dos libros en la historia de la\u2026","og_url":"https:\/\/revistaidees.cat\/es\/john-rawls-100-anys-despres-el-llegat-duna-teoria-de-la-justicia\/","og_site_name":"IDEES","article_published_time":"2021-12-20T15:59:00+00:00","article_modified_time":"2022-01-14T09:21:46+00:00","og_image":[{"width":1450,"height":800,"url":"https:\/\/i0.wp.com\/revistaidees.cat\/wp-content\/uploads\/2021\/12\/Portada-John-Rawls.png?fit=1450%2C800&ssl=1","type":"image\/png"}],"author":"Guille Velasco","twitter_card":"summary_large_image","twitter_misc":{"Escrito por":"Guille Velasco","Tiempo de lectura":"4 minutos"},"schema":{"@context":"https:\/\/schema.org","@graph":[{"@type":"Article","@id":"https:\/\/revistaidees.cat\/es\/john-rawls-100-anys-despres-el-llegat-duna-teoria-de-la-justicia\/#article","isPartOf":{"@id":"https:\/\/revistaidees.cat\/es\/john-rawls-100-anys-despres-el-llegat-duna-teoria-de-la-justicia\/"},"author":{"name":"Guille Velasco","@id":"https:\/\/revistaidees.cat\/#\/schema\/person\/adfa7c9b46b4f5aba1a2db263fdfd38f"},"headline":"John Rawls, 100 a\u00f1os despu\u00e9s: el legado de \u00abTeor\u00eda de la justicia\u00bb","datePublished":"2021-12-20T15:59:00+00:00","dateModified":"2022-01-14T09:21:46+00:00","mainEntityOfPage":{"@id":"https:\/\/revistaidees.cat\/es\/john-rawls-100-anys-despres-el-llegat-duna-teoria-de-la-justicia\/"},"wordCount":747,"image":{"@id":"https:\/\/revistaidees.cat\/es\/john-rawls-100-anys-despres-el-llegat-duna-teoria-de-la-justicia\/#primaryimage"},"thumbnailUrl":"https:\/\/i0.wp.com\/revistaidees.cat\/wp-content\/uploads\/2021\/12\/Portada-John-Rawls.png?fit=1450%2C800&ssl=1","articleSection":["Introducci\u00f3n"],"inLanguage":"es"},{"@type":"WebPage","@id":"https:\/\/revistaidees.cat\/es\/john-rawls-100-anys-despres-el-llegat-duna-teoria-de-la-justicia\/","url":"https:\/\/revistaidees.cat\/es\/john-rawls-100-anys-despres-el-llegat-duna-teoria-de-la-justicia\/","name":"John Rawls, 100 a\u00f1os despu\u00e9s: el legado de \u00abTeor\u00eda de la justicia\u00bb &#8211; IDEES","isPartOf":{"@id":"https:\/\/revistaidees.cat\/#website"},"primaryImageOfPage":{"@id":"https:\/\/revistaidees.cat\/es\/john-rawls-100-anys-despres-el-llegat-duna-teoria-de-la-justicia\/#primaryimage"},"image":{"@id":"https:\/\/revistaidees.cat\/es\/john-rawls-100-anys-despres-el-llegat-duna-teoria-de-la-justicia\/#primaryimage"},"thumbnailUrl":"https:\/\/i0.wp.com\/revistaidees.cat\/wp-content\/uploads\/2021\/12\/Portada-John-Rawls.png?fit=1450%2C800&ssl=1","datePublished":"2021-12-20T15:59:00+00:00","dateModified":"2022-01-14T09:21:46+00:00","author":{"@id":"https:\/\/revistaidees.cat\/#\/schema\/person\/adfa7c9b46b4f5aba1a2db263fdfd38f"},"breadcrumb":{"@id":"https:\/\/revistaidees.cat\/es\/john-rawls-100-anys-despres-el-llegat-duna-teoria-de-la-justicia\/#breadcrumb"},"inLanguage":"es","potentialAction":[{"@type":"ReadAction","target":["https:\/\/revistaidees.cat\/es\/john-rawls-100-anys-despres-el-llegat-duna-teoria-de-la-justicia\/"]}]},{"@type":"ImageObject","inLanguage":"es","@id":"https:\/\/revistaidees.cat\/es\/john-rawls-100-anys-despres-el-llegat-duna-teoria-de-la-justicia\/#primaryimage","url":"https:\/\/i0.wp.com\/revistaidees.cat\/wp-content\/uploads\/2021\/12\/Portada-John-Rawls.png?fit=1450%2C800&ssl=1","contentUrl":"https:\/\/i0.wp.com\/revistaidees.cat\/wp-content\/uploads\/2021\/12\/Portada-John-Rawls.png?fit=1450%2C800&ssl=1","width":1450,"height":800,"caption":"En 2021 se cumplieron 100 a\u00f1os del nacimiento del fil\u00f3sofo John Rawls, y tambi\u00e9n 50 a\u00f1os de la publicaci\u00f3n de su obra m\u00e1s paradigm\u00e1tica: \"Una teor\u00eda de la justicia\"."},{"@type":"BreadcrumbList","@id":"https:\/\/revistaidees.cat\/es\/john-rawls-100-anys-despres-el-llegat-duna-teoria-de-la-justicia\/#breadcrumb","itemListElement":[{"@type":"ListItem","position":1,"name":"Inici","item":"https:\/\/revistaidees.cat\/es\/"},{"@type":"ListItem","position":2,"name":"John Rawls, 100 a\u00f1os despu\u00e9s: el legado de \u00abTeor\u00eda de la justicia\u00bb"}]},{"@type":"WebSite","@id":"https:\/\/revistaidees.cat\/#website","url":"https:\/\/revistaidees.cat\/","name":"IDEES","description":"Revista de temas contempor\u00e1neos","potentialAction":[{"@type":"SearchAction","target":{"@type":"EntryPoint","urlTemplate":"https:\/\/revistaidees.cat\/?s={search_term_string}"},"query-input":{"@type":"PropertyValueSpecification","valueRequired":true,"valueName":"search_term_string"}}],"inLanguage":"es"},{"@type":"Person","@id":"https:\/\/revistaidees.cat\/#\/schema\/person\/adfa7c9b46b4f5aba1a2db263fdfd38f","name":"Guille Velasco","image":{"@type":"ImageObject","inLanguage":"es","@id":"https:\/\/secure.gravatar.com\/avatar\/629007751c4a3e3bc4a875f83b1492bf27b7e7eff053528d6942b03ce18e75ad?s=96&d=mm&r=g","url":"https:\/\/secure.gravatar.com\/avatar\/629007751c4a3e3bc4a875f83b1492bf27b7e7eff053528d6942b03ce18e75ad?s=96&d=mm&r=g","contentUrl":"https:\/\/secure.gravatar.com\/avatar\/629007751c4a3e3bc4a875f83b1492bf27b7e7eff053528d6942b03ce18e75ad?s=96&d=mm&r=g","caption":"Guille Velasco"}}]}},"jetpack_featured_media_url":"https:\/\/i0.wp.com\/revistaidees.cat\/wp-content\/uploads\/2021\/12\/Portada-John-Rawls.png?fit=1450%2C800&ssl=1","jetpack_sharing_enabled":true,"_links":{"self":[{"href":"https:\/\/revistaidees.cat\/es\/wp-json\/wp\/v2\/posts\/52120","targetHints":{"allow":["GET"]}}],"collection":[{"href":"https:\/\/revistaidees.cat\/es\/wp-json\/wp\/v2\/posts"}],"about":[{"href":"https:\/\/revistaidees.cat\/es\/wp-json\/wp\/v2\/types\/post"}],"author":[{"embeddable":true,"href":"https:\/\/revistaidees.cat\/es\/wp-json\/wp\/v2\/users\/6"}],"replies":[{"embeddable":true,"href":"https:\/\/revistaidees.cat\/es\/wp-json\/wp\/v2\/comments?post=52120"}],"version-history":[{"count":8,"href":"https:\/\/revistaidees.cat\/es\/wp-json\/wp\/v2\/posts\/52120\/revisions"}],"predecessor-version":[{"id":52574,"href":"https:\/\/revistaidees.cat\/es\/wp-json\/wp\/v2\/posts\/52120\/revisions\/52574"}],"wp:featuredmedia":[{"embeddable":true,"href":"https:\/\/revistaidees.cat\/es\/wp-json\/wp\/v2\/media\/52001"}],"wp:attachment":[{"href":"https:\/\/revistaidees.cat\/es\/wp-json\/wp\/v2\/media?parent=52120"}],"wp:term":[{"taxonomy":"category","embeddable":true,"href":"https:\/\/revistaidees.cat\/es\/wp-json\/wp\/v2\/categories?post=52120"},{"taxonomy":"post_tag","embeddable":true,"href":"https:\/\/revistaidees.cat\/es\/wp-json\/wp\/v2\/tags?post=52120"},{"taxonomy":"segment","embeddable":true,"href":"https:\/\/revistaidees.cat\/es\/wp-json\/wp\/v2\/segment?post=52120"},{"taxonomy":"subject","embeddable":true,"href":"https:\/\/revistaidees.cat\/es\/wp-json\/wp\/v2\/subject?post=52120"}],"curies":[{"name":"wp","href":"https:\/\/api.w.org\/{rel}","templated":true}]}}