{"id":58208,"date":"2022-07-05T09:42:01","date_gmt":"2022-07-05T09:42:01","guid":{"rendered":"https:\/\/revistaidees.cat\/?p=58208"},"modified":"2022-07-07T12:45:03","modified_gmt":"2022-07-07T12:45:03","slug":"medios-de-comunicacion-y-democracia-la-perspectiva-de-la-union-europea","status":"publish","type":"post","link":"https:\/\/revistaidees.cat\/es\/medios-de-comunicacion-y-democracia-la-perspectiva-de-la-union-europea\/","title":{"rendered":"Medios de comunicaci\u00f3n y democracia: la perspectiva de la Uni\u00f3n Europea"},"content":{"rendered":"\n<p>Democracia y medios de comunicaci\u00f3n es un binomio que pone de relieve la interdependencia entre ambos conceptos. Se considera fundamental para un buen funcionamiento de la democracia que la ciudadan\u00eda tenga acceso a un conjunto de medios plurales y diversos que les permitan acceder a informaciones ideol\u00f3gicamente plurales; y como resultado, poder ejercer su voto. De hecho, el compromiso de la Uni\u00f3n Europea de respetar la libertad y el pluralismo de los medios de comunicaci\u00f3n y de defender la libertad de expresi\u00f3n \u2014que incluye el derecho a recibir y difundir informaci\u00f3n sin injerencia de la autoridad p\u00fablica\u2014 est\u00e1 recogido en el art\u00edculo 11 de la Carta de los Derechos Fundamentales de la UE, que refleja el art\u00edculo 10 del Convenio Europeo para la protecci\u00f3n de los derechos humanos y las libertades fundamentales.<\/p>\n\n\n\n<p>Uno de los \u00e1mbitos cruciales para asegurar un buen funcionamiento democr\u00e1tico est\u00e1 al establecer controles a la concentraci\u00f3n de la propiedad medi\u00e1tica. Seg\u00fan el profesor Robert Picard <span class=\"note-item\"><a href=\"#note-01\" class=\"scroll-to\">[1]<\/a><span class=\"note-item-tooltip\">1 \u2014 Picard, Robert (2020). Media and Communications Policy Making. Processes, Dynamics, and International Variations. Oxford: Palgrave-Macmillan.\n<\/span><\/span>, la regulaci\u00f3n de la propiedad equivale a \u201cla acci\u00f3n gubernamental que determina qui\u00e9n puede ser propietario de las empresas, qu\u00e9 empresas pueden participar en una industria y la medida y el impacto de las empresas en el mercado. La propiedad se puede controlar por razones de competencia, para dar apoyo a la diversidad de propiedad y el pluralismo y para mantener el control de los medios de comunicaci\u00f3n y las comunicaciones\u201d.<\/p>\n\n\n\n<div class=\"wp-block-columns is-layout-flex wp-container-core-columns-is-layout-9d6595d7 wp-block-columns-is-layout-flex\">\n<div class=\"wp-block-column is-layout-flow wp-block-column-is-layout-flow\" style=\"flex-basis:33.33%\">\n<blockquote class=\"wp-block-quote is-style-large is-layout-flow wp-block-quote-is-layout-flow\"><p>El control de la concentraci\u00f3n de la propiedad medi\u00e1tica es uno de los \u00e1mbitos cruciales para asegurar un buen funcionamiento del sistema democr\u00e1tico<\/p><\/blockquote>\n<\/div>\n\n\n\n<div class=\"wp-block-column is-layout-flow wp-block-column-is-layout-flow\" style=\"flex-basis:66.66%\">\n<p>Dentro de la Uni\u00f3n Europea, dos pol\u00edticas son las encargadas de establecer las reglas de juego en este \u00e1mbito: <a href=\"https:\/\/digital-strategy.ec.europa.eu\/en\/policies\" target=\"_blank\" rel=\"noreferrer noopener\">la pol\u00edtica digital<\/a> y <a href=\"https:\/\/ec.europa.eu\/competition-policy\/index_en\" target=\"_blank\" rel=\"noreferrer noopener\">la de competencia<\/a>. Ambas han dise\u00f1ado un conjunto de actuaciones para desarrollar y alcanzar su buen funcionamiento en el seno de la UE durante lo que llaman la d\u00e9cada digital (2020 \u2013 2030). Este art\u00edculo repasa las directrices europeas en el \u00e1mbito de la concentraci\u00f3n de la propiedad de los medios de comunicaci\u00f3n. En concreto, se analizan las \u00faltimas actuaciones que ha dise\u00f1ado la Comisi\u00f3n Europea para poder hacerlas frente, acentuadas por la pandemia de la COVID-19 y la expansi\u00f3n de la desinformaci\u00f3n global.<\/p>\n<\/div>\n<\/div>\n\n\n\n<h5 class=\"wp-block-heading\">La pol\u00edtica digital europea: las directrices para la protecci\u00f3n de los medios de comunicaci\u00f3n<\/h5>\n\n\n\n<p>La pol\u00edtica digital de la Uni\u00f3n Europea es una de las seis prioridades que tiene la Comisi\u00f3n Europea, liderada por Ursula Von der Leyen, para el periodo 2019 \u2013 2024. El objetivo es que esta transformaci\u00f3n digital funcione para las personas y las empresas, a la vez que ayude a alcanzar el objetivo de una Europa clim\u00e1ticamente neutra el a\u00f1o 2050. Esta voluntad digitalizadora del conjunto de la econom\u00eda se ha encontrado con dificultades como la pandemia y al mismo tiempo con un incremento del fen\u00f3meno de la desinformaci\u00f3n.<\/p>\n\n\n\n<p>La Comisi\u00f3n ha reaccionado con la elaboraci\u00f3n de dos planes de acci\u00f3n dirigidos a garantizar el buen funcionamiento de los medios de comunicaci\u00f3n y a proteger las democracias europeas. Est\u00e1n en estos documentos  las l\u00edneas actuales de actuaci\u00f3n de las instituciones comunitarias. A finales de diciembre de 2020, la Comisi\u00f3n Europea presenta la comunicaci\u00f3n <a href=\"https:\/\/eur-lex.europa.eu\/legal-content\/ES\/TXT\/PDF\/?uri=CELEX:52020DC0784&amp;from=EN\" target=\"_blank\" rel=\"noreferrer noopener\">\u2018Los medios de comunicaci\u00f3n de Europa a la d\u00e9cada digital: Plan de acci\u00f3n para ayudar a la recuperaci\u00f3n y transformaci\u00f3n de los medios\u2019<\/a>. Este plan tiene como objetivo acelerar la recuperaci\u00f3n, transformaci\u00f3n y resiliencia de la industria de los medios de comunicaci\u00f3n. Define los desaf\u00edos estructurales que enfrentan los sectores audiovisuales y de los medios informativos, sobre todo en la dimensi\u00f3n econ\u00f3mica (en especial, las dificultades en los mercados publicitarios digitales) y tecnol\u00f3gica (predominio de los nuevos consumos audiovisuales a trav\u00e9s de las plataformas de <em>streaming<\/em>).<\/p>\n\n\n\n<p>En paralelo, la Uni\u00f3n Europea aprob\u00f3 el <a href=\"https:\/\/eur-lex.europa.eu\/legal-content\/ES\/TXT\/?uri=COM:2020:790:FIN\" target=\"_blank\" rel=\"noreferrer noopener\">\u201cPlan de Acci\u00f3n para la Democracia Europea\u201d<\/a> <span class=\"note-item\"><a href=\"#note-02\" class=\"scroll-to\">[2]<\/a><span class=\"note-item-tooltip\">2 \u2014 Europe\u2019s Media in the Digital Decade: An Action Plan to Support Recovery and Transformation; COM(2020) 784 final; 3.12.2020, [disponible en l\u00ednea].\n<\/span><\/span> tambi\u00e9n el mismo mes de diciembre de 2020. La Comisi\u00f3n ha posicionado la libertad de los medios de comunicaci\u00f3n en el centro de sus informes sobre el estado de derecho. Para dar soluci\u00f3n, la Comisi\u00f3n ha puesto en marcha varios proyectos financiados que tienen como objetivo <em>mapear <\/em>las violaciones de la libertad de los medios y defender a los periodistas amenazados, controlar los riesgos para el pluralismo de los medios y dar apoyo al periodismo de colaboraci\u00f3n, la cooperaci\u00f3n y el intercambio de buenas pr\u00e1cticas. La Comisi\u00f3n Europea cofinancia proyectos dirigidos por el Centro Europeo para la Libertad de Prensa y Medios (ECPMF) y sus socios orientados a abordar las violaciones de la libertad y el pluralismo de los medios a los Estados miembros de la UE y a los pa\u00edses candidatos. Se han concedido subvenciones en el Centro para el Pluralismo de los Medios de Comunicaci\u00f3n y la Libertad de los Medios (CMPF) para el desarrollo y la implementaci\u00f3n del &#8216;Med\u00eda Pluralism Monitor&#8217; (MPM), que ofrece una visi\u00f3n global de los riesgos para la libertad y el pluralismo de los medios en Europa, analizando cuatro grandes \u00e1reas: protecci\u00f3n b\u00e1sica, pluralidad de mercado, independencia pol\u00edtica e inclusi\u00f3n social.<\/p>\n\n\n\n<p>Dentro de este el \u00abPlan de Acci\u00f3n para la Democracia Europea\u00bb, una de las medidas est\u00e1 destinada a mejorar la comprensi\u00f3n y la disponibilidad p\u00fablica de la informaci\u00f3n sobre la propiedad de los medios. Para conseguir este objetivo, la Comisi\u00f3n anunci\u00f3 que cofinanciar\u00eda el nuevo sistema de seguimiento de la propiedad de los medios de comunicaci\u00f3n. En primer lugar, se ha puesto en marcha un proyecto piloto que quiere construir una base de datos p\u00fablicas con informaci\u00f3n relevante sobre la propiedad de los medios de comunicaci\u00f3n. El mes de octubre de 2021 se cre\u00f3 el Euromediana Ownership Monitor (EurOMo), coordinado por la Universidad Paris Lodron de Salzburgo. Sus investigadores principales son los profesores Josef Trappel y Tomaz Tales. El importe del apoyo de la UE dedicado al proyecto es de 1 mill\u00f3n de euros y se prev\u00e9 que el proyecto dure hasta septiembre de 2022.<\/p>\n\n\n\n<p>Este proyecto tiene que crear una herramienta para facilitar informaci\u00f3n relevante para definir las pol\u00edticas y las normativas que dan apoyo a la libertad y el pluralismo de los medios, delimitando claramente donde se encuentra la propiedad, haciendo m\u00e1s visibles los problemas potenciales y contribuyendo as\u00ed a mejorar la comprensi\u00f3n del mercado de los medios. Concretamente, el Monitor proporcionar\u00e1 una base de datos basada en el pa\u00eds, que contendr\u00e1 informaci\u00f3n sobre la propiedad de los medios, evaluar\u00e1 sistem\u00e1ticamente los marcos legales relevantes e identificar\u00e1 los posibles riesgos para la transparencia de la propiedad de los medios. La necesidad de esta herramienta ha surgido a causa de las tendencias crecientes de concentraci\u00f3n de la propiedad en medios digitales y tradicionales y los consiguientes riesgos para el pluralismo de los medios.<\/p>\n\n\n\n<div class=\"wp-block-columns is-layout-flex wp-container-core-columns-is-layout-9d6595d7 wp-block-columns-is-layout-flex\">\n<div class=\"wp-block-column is-layout-flow wp-block-column-is-layout-flow\" style=\"flex-basis:33.33%\">\n<blockquote class=\"wp-block-quote is-style-large is-layout-flow wp-block-quote-is-layout-flow\"><p>El Euromedia Ownership Monitor, que se cre\u00f3 en octubre de 2021, es un proyecto piloto que tiene por objetivo construir una base de datos p\u00fablica con informaci\u00f3n relevante sobre la propiedad de los medios de comunicaci\u00f3n<\/p><\/blockquote>\n<\/div>\n\n\n\n<div class=\"wp-block-column is-layout-flow wp-block-column-is-layout-flow\" style=\"flex-basis:66.66%\">\n<p>La preocupaci\u00f3n por este tema es visible con las declaraciones de los mandatarios de la Comisi\u00f3n Europea que recoge la nota de prensa del lanzamiento del EurOMo. La vicepresidenta de Valores y Transparencia, V\u011bra Jourov\u00e1, dijo: \u201ccada vez es m\u00e1s dif\u00edcil entender qui\u00e9n es el propietario de los medios en la UE. No puede ser as\u00ed, porque en democracia la gente merece saber qui\u00e9n les proporciona la informaci\u00f3n. Esta nueva herramienta ayudar\u00e1 a entender el mercado de los medios y las futuras iniciativas pol\u00edticas.\u201d El comisario de Mercado Interior, Thierry Breton, a\u00f1adi\u00f3: \u201ccomo pilar clave de nuestras democracias, es crucial abordar y destacar las amenazas existentes a los medios independientes. Continuamos decididos a presentar nuevas iniciativas como la Ley de Libertad de Medios y aumentar nuestro apoyo a proyectos de transparencia en el sector <span class=\"note-item\"><a href=\"#note-03\" class=\"scroll-to\">[3]<\/a><span class=\"note-item-tooltip\">3 \u2014 Comisi\u00f3n Europea (2020) \u201cEuropean Democracy Action Plan: making EU democracies stronger\u201d. Nota de prensa, 3 de diciembre de 2020, [disponible en l\u00ednea].\n<\/span><\/span>.<\/p>\n<\/div>\n<\/div>\n\n\n\n<p>La creaci\u00f3n del EurOMo se encuentra alineada con lo que indica la Directiva de Servicios de Comunicaci\u00f3n Audiovisual, donde se establece la necesidad de que la legislaci\u00f3n nacional exija transparencia de la propiedad de los prestadores de servicios de comunicaci\u00f3n. El plazo para la transposici\u00f3n de la Directiva para los Estados miembros todav\u00eda no se ha completado, aunque la fecha inicial era el 19 de septiembre del 2020. Por este motivo, la Comisi\u00f3n envi\u00f3 el pasado mes de septiembre en 24 pa\u00edses, entre ellos Espa\u00f1a, una primera advertencia para que lo hagan antes de que acabe 2021.<\/p>\n\n\n\n<p>La segunda parte del proyecto EurOMo se complementa con la creaci\u00f3n de una base de datos nacional que contenga informaci\u00f3n sobre la propiedad de los medios de comunicaci\u00f3n y una evaluaci\u00f3n sistem\u00e1tica tanto de los marcos legales relevantes como de los riesgos para la transparencia de la propiedad de los medios. Se tendr\u00eda que poner en marcha durante el 2022. El presupuesto destinando ser\u00e1 de 500.000 \u20ac.<\/p>\n\n\n\n<p>Aparte de las acciones que est\u00e1 realizando la Comisi\u00f3n Europea para poder obtener informaci\u00f3n sobre la propiedad de los medios, tambi\u00e9n es importante destacar el protagonismo de un organismo internacional, <a href=\"https:\/\/www.obs.coe.int\/en\/web\/observatoire\/\" target=\"_blank\" rel=\"noreferrer noopener\">el Observatorio Audiovisual Europeo<\/a> (OAE) a la hora de recoger datos sobre la industria audiovisual. Creado en diciembre de 1992, el OAE tiene como misi\u00f3n reunir y distribuir informaci\u00f3n sobre la industria audiovisual en Europa. El Observatorio es un organismo p\u00fablico europeo formado por 41 estados miembros y la Uni\u00f3n Europea, representada por la Comisi\u00f3n Europea. Funciona dentro del marco legal del Consejo de Europa y trabaja al lado de una serie de organizaciones asociadas y profesionales del sector y con una red de corresponsales. Este organismo internacional hace un seguimiento de los movimientos empresariales que se producen en el seno del espacio audiovisual europeo y toma nota de las acciones que pueden comportar concentraci\u00f3n en el mercado. El a\u00f1o 2017 realiz\u00f3 un estudio <a href=\"https:\/\/rm.coe.int\/native\/090000168078996c\" target=\"_blank\" rel=\"noreferrer noopener\">\u00abMedia ownership &#8211; Market realities and regulatory responses\u00bb<\/a> <span class=\"note-item\"><a href=\"#note-04\" class=\"scroll-to\">[4]<\/a><span class=\"note-item-tooltip\">4 \u2014 European Audiovisual Observatory (2017), Media ownership &#8211; Market realities and regulatory responses. Estrasburgo: Consejo de Europa [disponible en l\u00ednea].\n<\/span><\/span> donde se describ\u00eda la situaci\u00f3n de la propiedad de las empresas que se encontraban dentro del espacio audiovisual europeo.<\/p>\n\n\n\n<p>El Observatorio Audiovisual Europeo cuenta con una base de datos <a href=\"https:\/\/mavise.obs.coe.int\/\" target=\"_blank\" rel=\"noreferrer noopener\">MAVISE <\/a>que recoge la informaci\u00f3n sobre la propiedad de las empresas audiovisuales que operan dentro del \u00e1mbito europeo. Cubre todos los servicios audiovisuales y plataformas de intercambio de v\u00eddeos que se encuentran bajo la jurisdicci\u00f3n de un pa\u00eds miembro del Observatorio. MAVISE tambi\u00e9n puede incluir servicios disponibles en Europa que no est\u00e9n incluidos en los registros de las autoridades reguladoras del audiovisual europeas.<\/p>\n\n\n\n<p>Para los servicios audiovisuales, MAVISE proporciona los metadatos siguientes:<\/p>\n\n\n\n<ul class=\"wp-block-list\"><li>Denominaci\u00f3n del servicio: denominaci\u00f3n comercial m\u00e1s, cuando sea necesario, la indicaci\u00f3n de una versi\u00f3n territorial o ling\u00fc\u00edstica concreta.<br><br><\/li><li>Tipo de servicio: Canal de televisi\u00f3n (TV), FOD (servicio gratuito a la carta), TVOD (v\u00eddeo transaccional a la carta), SVOD (v\u00eddeo por suscripci\u00f3n a la carta), VOD (v\u00eddeo en la carta N\/A), VSP (plataformas para compartir v\u00eddeos).<br><br><\/li><li>Pa\u00eds: el pa\u00eds que consta en el registro regulador nacional de mediados de servicio p\u00fablico. Para los servicios audiovisuales no registrados en ninguno de los pa\u00edses cubiertos por el Observatorio Europeo del Audiovisual, el pa\u00eds asignado es un supuesto del Observatorio basado en una serie de criterios, como el idioma, el contenido y las oficinas.<br><br><\/li><li>Proveedor de servicios: empresa (o persona) que opera el servicio. Entidad que consta en el registro de una autoridad reguladora europea.<br><br><\/li><li>Propietario final: nivel de propiedad m\u00e1s alto que controla el servicio.<br><br><\/li><li>Estatuto del servicio: titularidad p\u00fablica, privada o mixta.<br><br><\/li><li>Pa\u00edses destinatarios: p\u00fablico principal al cual se dirige el servicio audiovisual desde una perspectiva geogr\u00e1fica que es comunicado por el servicio o evaluado por el Observatorio en funci\u00f3n de una serie de criterios como el idioma, la cobertura t\u00e9cnica, el \u00e1mbito de registro, la programaci\u00f3n\/agenda editorial y otros.<br><br><\/li><li>G\u00e9nero de la programaci\u00f3n del servicio.<br><br><\/li><li>Organismos de registro: entidades representadas habitualmente por las autoridades reguladoras del audiovisual europeas que han registrado un servicio audiovisual.<br><br><\/li><li>Denominaci\u00f3n registral: denominaci\u00f3n del servicio audiovisual tal como consta en los registros de las autoridades reguladoras del audiovisual europeas.<br><br><\/li><li>Pa\u00eds de jurisdicci\u00f3n: estado de la Uni\u00f3n Europea o del Espacio Econ\u00f3mico Europeo (EEE) de la Asociaci\u00f3n Europea de Libre Comercio bajo cuya jurisdicci\u00f3n recae el servicio, de acuerdo con la Directiva 2018\/1808 de servicios de medios audiovisuales.<br><br><\/li><\/ul>\n\n\n\n<div class=\"wp-block-columns is-layout-flex wp-container-core-columns-is-layout-9d6595d7 wp-block-columns-is-layout-flex\">\n<div class=\"wp-block-column is-layout-flow wp-block-column-is-layout-flow\" style=\"flex-basis:33.33%\">\n<blockquote class=\"wp-block-quote is-style-large is-layout-flow wp-block-quote-is-layout-flow\"><p>El Observatorio Audiovisual Europeo tambi\u00e9n recoge informaci\u00f3n sobre la propiedad de las empresas audiovisuales que operan en el \u00e1mbito europeo<\/p><\/blockquote>\n<\/div>\n\n\n\n<div class=\"wp-block-column is-layout-flow wp-block-column-is-layout-flow\" style=\"flex-basis:66.66%\">\n<p>La base de datos MAVISE es una primera herramienta para poder hacer el seguimiento de la concentraci\u00f3n de propiedad, pero al encontrarse la informaci\u00f3n desagregada, necesita de un equipo que elabore la fotograf\u00eda de conjunto. Seguramente el EurOMo ser\u00e1 el encargado de utilizar estos datos y las completar\u00e1 con las de otros sectores dentro de la industria medi\u00e1tica.<\/p>\n<\/div>\n<\/div>\n\n\n\n<h5 class=\"wp-block-heading\">Pol\u00edtica de la competencia de la Uni\u00f3n Europea: el control de los mercados <\/h5>\n\n\n\n<p>Para evitar la concentraci\u00f3n de los medios dentro del mercado interior europeo, la Uni\u00f3n Europea cuenta con un conjunto de instrumentos del \u00e1mbito del Derecho y la pr\u00e1ctica de la competencia. En concreto, el marco regulador lo establecen los art\u00edculos 101 y 102 del Tratado de Funcionamiento de la Uni\u00f3n Europea (TFUE). Por una parte, el art\u00edculo 101 TFUE proh\u00edbe los acuerdos entre empresas que puedan afectar al comercio entre los estados miembros y que tengan por objeto o efecto impedir, restringir o falsear el juego de la competencia dentro del mercado interior. De la otra banda, el art\u00edculo 102 TFUE proh\u00edbe la explotaci\u00f3n abusiva, por parte de unas o m\u00e1s empresas, de una posici\u00f3n dominante al mercado interior o en una parte sustancial.<\/p>\n\n\n\n<p>Adem\u00e1s, el Reglamento (CE) n\u00ba 139\/2004 sobre el control de las concentraciones entre empresas <span class=\"note-item\"><a href=\"#note-05\" class=\"scroll-to\">[5]<\/a><span class=\"note-item-tooltip\">5 \u2014 Reglamento (CE) n\u00fam. 139\/2004 del Consejo, de 20 de enero de 2004, sobre el control de las concentraciones entre empresas (\u00abReglamento comunitario de concentraciones\u00bb) [disponible en l\u00ednea].\n<\/span><\/span> establece un registro que detalla las que se producen en el seno del mercado interno europeo. Tambi\u00e9n prev\u00e9 un trato especial por la defensa de intereses leg\u00edtimos vinculados a la defensa de la pluralidad de los medios de comunicaci\u00f3n. As\u00ed se detalla al art\u00edculo 21.4: \u201c(..), los Estados miembros podr\u00e1n adoptar las medidas pertinentes para proteger intereses leg\u00edtimos diferentes de los considerados en el presente Reglamento que sean compatibles con los principios generales y otras disposiciones del derecho comunitario. Se considerar\u00e1n intereses leg\u00edtimos en el sentido del primer p\u00e1rrafo la seguridad p\u00fablica, la pluralidad de los medios de comunicaci\u00f3n y las normas prudenciales. Cualquier otro inter\u00e9s p\u00fablico tendr\u00e1 que ser comunicado por el Estado miembro a la Comisi\u00f3n, y tendr\u00e1 que ser reconocido por este previo examen de su compatibilidad con los principios generales y otras disposiciones del derecho comunitario antes que se puedan adoptar las medidas mencionadas anteriormente (..)\u201d.<\/p>\n\n\n\n<p>Dentro del escenario de la pol\u00edtica de la competencia de los mercados medi\u00e1ticos, se ha observado que el despliegue de la tecnolog\u00eda digital ha tenido un doble impacto: ha reducido los costes de entrada de los medios de comunicaci\u00f3n de masas, ha abierto un mercado estrictamente regulado a un amplio abanico de nuevos actores, y al mismo tiempo tambi\u00e9n ha provocado una tendencia a la concentraci\u00f3n de la propiedad a medida que ha ido evolucionando el modelo de negocio de los medios tradicionales. Esta \u00faltima consecuencia ha puesto de relieve que no se tiene acceso a informaci\u00f3n transparente sobre qui\u00e9n son los propietarios de estos medios, un requisito previo para una comprensi\u00f3n significativa del mercado, que, a su vez, es necesaria para cualquier control de concentraci\u00f3n y\/o intervenci\u00f3n reguladora. Adem\u00e1s, esta concentraci\u00f3n medi\u00e1tica puede influir claramente en el desarrollo y la preservaci\u00f3n de la cultura, la informaci\u00f3n, la educaci\u00f3n y la democracia.<\/p>\n\n\n\n<p>La Direcci\u00f3n General de la Competencia es la encargada dentro de la Comisi\u00f3n Europea de velar por el cumplimiento de las normas de competencia en el sector de los medios. Los casos y las iniciativas pol\u00edticas que trata tienen como objetivo garantizar que los consumidores se puedan beneficiar tanto de una selecci\u00f3n m\u00e1s amplia y de un acceso sin restricciones a contenidos de alta calidad a precios competitivos, como del aumento de la innovaci\u00f3n tecnol\u00f3gica en el sector. Es la dimensi\u00f3n de mercado la que les preocupa pero se complementa con las acciones que realizan los responsables del desarrollo de la pol\u00edtica digital.<\/p>\n\n\n\n<p>En el \u00e1mbito de las actuaciones sobre la competencia, la Comisi\u00f3n ha realizado diferentes actuaciones relacionadas con las restricciones a la venta transfronteriza de contenido televisivo y de mercanc\u00edas con licencia, contribuyendo as\u00ed al funcionamiento del mercado interior. La Comisi\u00f3n tambi\u00e9n ha llevado a cabo investigaciones sobre la distribuci\u00f3n de libros electr\u00f3nicos, con el objetivo de defender la innovaci\u00f3n en el sector o de garantizar la r\u00e1pida restauraci\u00f3n de la competencia en un mercado digital tan r\u00e1pido.<\/p>\n\n\n\n<div class=\"wp-block-columns is-layout-flex wp-container-core-columns-is-layout-9d6595d7 wp-block-columns-is-layout-flex\">\n<div class=\"wp-block-column is-layout-flow wp-block-column-is-layout-flow\" style=\"flex-basis:33.33%\">\n<blockquote class=\"wp-block-quote is-style-large is-layout-flow wp-block-quote-is-layout-flow\"><p>La tecnolog\u00eda digital reduce los costes de entrada de los medios de comunicaci\u00f3n de masas y abre un mercado estrictamente regulado a un amplio abanico de nuevos actores, pero tambi\u00e9n provoca una tendencia a la concentraci\u00f3n de la propiedad<\/p><\/blockquote>\n<\/div>\n\n\n\n<div class=\"wp-block-column is-layout-flow wp-block-column-is-layout-flow\" style=\"flex-basis:66.66%\">\n<p>Uno de los \u00e1mbitos que pueden incidir sobre la concentraci\u00f3n de la propiedad es el de las fusiones entre empresas. Una de las principales preocupaciones de la Comisi\u00f3n es que no dificulten significativamente la competencia y que el acceso a los elementos clave (ya sean contenidos, tecnolog\u00eda o interconexi\u00f3n) no se vea afectado. En los \u00faltimos a\u00f1os ha actuado en varios casos, como por ejemplo en la autorizaci\u00f3n de la adquisici\u00f3n de Scripps por parte de Discovery (febrero de 2018). La aprobaci\u00f3n estuvo condicionada al compromiso de Discovery de poner determinados canales de televisi\u00f3n a disposici\u00f3n de los distribuidores de televisi\u00f3n actuales y futuros en Polonia por una tarifa razonable. Otro caso fue la autorizaci\u00f3n de la adquisici\u00f3n de Sky por parte de Comcast, que va aprobada sin condiciones.<\/p>\n<\/div>\n<\/div>\n\n\n\n<h5 class=\"wp-block-heading\">Conclusiones<\/h5>\n\n\n\n<p>Las diferentes acciones que ha emprendido \u00faltimamente la Uni\u00f3n Europea ponen de manifiesto que la concentraci\u00f3n de los medios es un tema que preocupa a los mandatarios europeos. El impacto de la falta de transparencia en la propiedad de los medios de comunicaci\u00f3n se ha evidenciado en un momento dominado por la desinformaci\u00f3n y la completa digitalizaci\u00f3n de los consumos medi\u00e1ticos. Parece contradictorio que el sector que su negocio es la informaci\u00f3n y los contenidos sea de los m\u00e1s reticentes a informar sobre quienes est\u00e1n sus propietarios. Eso no es una novedad porque siempre ha estado as\u00ed en la industria de los medios de comunicaci\u00f3n.<\/p>\n\n\n\n<p>La oportunidad que surge hoy la puede ofrecer una acci\u00f3n coordinada entre las instituciones europeas y los Estados miembros; y la existencia de bases de datos digitales que pueden trabajar con algoritmos que hagan del cruce de las informaciones una tarea sencilla y actualizada. De esta manera, el resultado ser\u00e1 una fotograf\u00eda real de conjunto del espacio europeo con la posibilidad de aplicar la regulaci\u00f3n y pol\u00edticas comunitarias de una manera m\u00e1s \u00e1gil y eficaz.<\/p>\n\n\n\n<p>Lo que est\u00e1 claro es que la voluntad pol\u00edtica est\u00e1 y se ha destinado algunos recursos para poner en marcha la herramienta para obtener los datos sobre la propiedad de los medios. El reto est\u00e1 al pasar a la acci\u00f3n y aplicar la regulaci\u00f3n vigente cuando los datos est\u00e9n disponibles. Ojal\u00e1 no se quede en una acci\u00f3n m\u00e1s del voluntarismo europeo.<\/p>\n","protected":false},"excerpt":{"rendered":"<p>Democracia y medios de comunicaci\u00f3n es un binomio que pone de relieve la interdependencia entre ambos conceptos. Se considera fundamental para un buen funcionamiento de la democracia que la ciudadan\u00eda tenga acceso a un conjunto de medios plurales y diversos que les permitan acceder a informaciones ideol\u00f3gicamente plurales; y como resultado, poder ejercer su voto. De hecho, el compromiso de la Uni\u00f3n Europea de respetar la libertad y el pluralismo de los medios de comunicaci\u00f3n y de defender la libertad de expresi\u00f3n \u2014que incluye el derecho a recibir y difundir informaci\u00f3n sin injerencia de la autoridad p\u00fablica\u2014 est\u00e1 recogido en\u2026<\/p>\n","protected":false},"author":41,"featured_media":58409,"parent":0,"comment_status":"closed","ping_status":"closed","sticky":false,"template":"","format":"standard","meta":{"_acf_changed":false,"inline_featured_image":false,"_jetpack_memberships_contains_paid_content":false,"footnotes":""},"categories":[480],"tags":[],"segment":[],"subject":[],"class_list":["post-58208","post","type-post","status-publish","format-standard","has-post-thumbnail","hentry","category-mitjans-de-comunicacio-pluralisme-i-control-democratic-es"],"acf":[],"yoast_head":"<!-- This site is optimized with the Yoast SEO plugin v27.5 - https:\/\/yoast.com\/product\/yoast-seo-wordpress\/ -->\n<title>Medios de comunicaci\u00f3n y democracia: la perspectiva de la Uni\u00f3n Europea &#8211; IDEES<\/title>\n<meta name=\"robots\" content=\"index, follow, max-snippet:-1, max-image-preview:large, max-video-preview:-1\" \/>\n<link rel=\"canonical\" href=\"https:\/\/revistaidees.cat\/es\/medios-de-comunicacion-y-democracia-la-perspectiva-de-la-union-europea\/\" \/>\n<meta property=\"og:locale\" content=\"es_ES\" \/>\n<meta property=\"og:type\" content=\"article\" \/>\n<meta property=\"og:title\" content=\"Medios de comunicaci\u00f3n y democracia: la perspectiva de la Uni\u00f3n Europea &#8211; IDEES\" \/>\n<meta property=\"og:description\" content=\"Democracia y medios de comunicaci\u00f3n es un binomio que pone de relieve la interdependencia entre ambos conceptos. Se considera fundamental para un buen funcionamiento de la democracia que la ciudadan\u00eda tenga acceso a un conjunto de medios plurales y diversos que les permitan acceder a informaciones ideol\u00f3gicamente plurales; y como resultado, poder ejercer su voto. De hecho, el compromiso de la Uni\u00f3n Europea de respetar la libertad y el pluralismo de los medios de comunicaci\u00f3n y de defender la libertad de expresi\u00f3n \u2014que incluye el derecho a recibir y difundir informaci\u00f3n sin injerencia de la autoridad p\u00fablica\u2014 est\u00e1 recogido en\u2026\" \/>\n<meta property=\"og:url\" content=\"https:\/\/revistaidees.cat\/es\/medios-de-comunicacion-y-democracia-la-perspectiva-de-la-union-europea\/\" \/>\n<meta property=\"og:site_name\" content=\"IDEES\" \/>\n<meta property=\"article:published_time\" content=\"2022-07-05T09:42:01+00:00\" \/>\n<meta property=\"article:modified_time\" content=\"2022-07-07T12:45:03+00:00\" \/>\n<meta property=\"og:image\" content=\"https:\/\/revistaidees.cat\/wp-content\/uploads\/2022\/07\/Mitjans-de-comunicacio-i-democracia_la-perspectiva-de-la-Unio-Europea-mobil-1024x590.png\" \/>\n\t<meta property=\"og:image:width\" content=\"1024\" \/>\n\t<meta property=\"og:image:height\" content=\"590\" \/>\n\t<meta property=\"og:image:type\" content=\"image\/png\" \/>\n<meta name=\"author\" content=\"Arnau In\u00e9s\" \/>\n<meta name=\"twitter:card\" content=\"summary_large_image\" \/>\n<meta name=\"twitter:label1\" content=\"Escrito por\" \/>\n\t<meta name=\"twitter:data1\" content=\"Arnau In\u00e9s\" \/>\n\t<meta name=\"twitter:label2\" content=\"Tiempo de lectura\" \/>\n\t<meta name=\"twitter:data2\" content=\"17 minutos\" \/>\n<script type=\"application\/ld+json\" class=\"yoast-schema-graph\">{\"@context\":\"https:\\\/\\\/schema.org\",\"@graph\":[{\"@type\":\"Article\",\"@id\":\"https:\\\/\\\/revistaidees.cat\\\/es\\\/medios-de-comunicacion-y-democracia-la-perspectiva-de-la-union-europea\\\/#article\",\"isPartOf\":{\"@id\":\"https:\\\/\\\/revistaidees.cat\\\/es\\\/medios-de-comunicacion-y-democracia-la-perspectiva-de-la-union-europea\\\/\"},\"author\":{\"name\":\"Arnau In\u00e9s\",\"@id\":\"https:\\\/\\\/revistaidees.cat\\\/#\\\/schema\\\/person\\\/785fc6a55d7361164f0c0002d391ce18\"},\"headline\":\"Medios de comunicaci\u00f3n y democracia: la perspectiva de la Uni\u00f3n Europea\",\"datePublished\":\"2022-07-05T09:42:01+00:00\",\"dateModified\":\"2022-07-07T12:45:03+00:00\",\"mainEntityOfPage\":{\"@id\":\"https:\\\/\\\/revistaidees.cat\\\/es\\\/medios-de-comunicacion-y-democracia-la-perspectiva-de-la-union-europea\\\/\"},\"wordCount\":3375,\"image\":{\"@id\":\"https:\\\/\\\/revistaidees.cat\\\/es\\\/medios-de-comunicacion-y-democracia-la-perspectiva-de-la-union-europea\\\/#primaryimage\"},\"thumbnailUrl\":\"https:\\\/\\\/i0.wp.com\\\/revistaidees.cat\\\/wp-content\\\/uploads\\\/2022\\\/07\\\/Mitjans-de-comunicacio-i-democracia_la-perspectiva-de-la-Unio-Europea-mobil.png?fit=1650%2C950&ssl=1\",\"articleSection\":[\"Medios de comunicaci\u00f3n, pluralismo y control democr\u00e1tico\"],\"inLanguage\":\"es\"},{\"@type\":\"WebPage\",\"@id\":\"https:\\\/\\\/revistaidees.cat\\\/es\\\/medios-de-comunicacion-y-democracia-la-perspectiva-de-la-union-europea\\\/\",\"url\":\"https:\\\/\\\/revistaidees.cat\\\/es\\\/medios-de-comunicacion-y-democracia-la-perspectiva-de-la-union-europea\\\/\",\"name\":\"Medios de comunicaci\u00f3n y democracia: la perspectiva de la Uni\u00f3n Europea &#8211; IDEES\",\"isPartOf\":{\"@id\":\"https:\\\/\\\/revistaidees.cat\\\/#website\"},\"primaryImageOfPage\":{\"@id\":\"https:\\\/\\\/revistaidees.cat\\\/es\\\/medios-de-comunicacion-y-democracia-la-perspectiva-de-la-union-europea\\\/#primaryimage\"},\"image\":{\"@id\":\"https:\\\/\\\/revistaidees.cat\\\/es\\\/medios-de-comunicacion-y-democracia-la-perspectiva-de-la-union-europea\\\/#primaryimage\"},\"thumbnailUrl\":\"https:\\\/\\\/i0.wp.com\\\/revistaidees.cat\\\/wp-content\\\/uploads\\\/2022\\\/07\\\/Mitjans-de-comunicacio-i-democracia_la-perspectiva-de-la-Unio-Europea-mobil.png?fit=1650%2C950&ssl=1\",\"datePublished\":\"2022-07-05T09:42:01+00:00\",\"dateModified\":\"2022-07-07T12:45:03+00:00\",\"author\":{\"@id\":\"https:\\\/\\\/revistaidees.cat\\\/#\\\/schema\\\/person\\\/785fc6a55d7361164f0c0002d391ce18\"},\"breadcrumb\":{\"@id\":\"https:\\\/\\\/revistaidees.cat\\\/es\\\/medios-de-comunicacion-y-democracia-la-perspectiva-de-la-union-europea\\\/#breadcrumb\"},\"inLanguage\":\"es\",\"potentialAction\":[{\"@type\":\"ReadAction\",\"target\":[\"https:\\\/\\\/revistaidees.cat\\\/es\\\/medios-de-comunicacion-y-democracia-la-perspectiva-de-la-union-europea\\\/\"]}]},{\"@type\":\"ImageObject\",\"inLanguage\":\"es\",\"@id\":\"https:\\\/\\\/revistaidees.cat\\\/es\\\/medios-de-comunicacion-y-democracia-la-perspectiva-de-la-union-europea\\\/#primaryimage\",\"url\":\"https:\\\/\\\/i0.wp.com\\\/revistaidees.cat\\\/wp-content\\\/uploads\\\/2022\\\/07\\\/Mitjans-de-comunicacio-i-democracia_la-perspectiva-de-la-Unio-Europea-mobil.png?fit=1650%2C950&ssl=1\",\"contentUrl\":\"https:\\\/\\\/i0.wp.com\\\/revistaidees.cat\\\/wp-content\\\/uploads\\\/2022\\\/07\\\/Mitjans-de-comunicacio-i-democracia_la-perspectiva-de-la-Unio-Europea-mobil.png?fit=1650%2C950&ssl=1\",\"width\":1650,\"height\":950,\"caption\":\"CC-BY-4.0: \u00a9 European Union 2019 \u2013 Fuente: EP\"},{\"@type\":\"BreadcrumbList\",\"@id\":\"https:\\\/\\\/revistaidees.cat\\\/es\\\/medios-de-comunicacion-y-democracia-la-perspectiva-de-la-union-europea\\\/#breadcrumb\",\"itemListElement\":[{\"@type\":\"ListItem\",\"position\":1,\"name\":\"Inici\",\"item\":\"https:\\\/\\\/revistaidees.cat\\\/es\\\/\"},{\"@type\":\"ListItem\",\"position\":2,\"name\":\"Medios de comunicaci\u00f3n y democracia: la perspectiva de la Uni\u00f3n Europea\"}]},{\"@type\":\"WebSite\",\"@id\":\"https:\\\/\\\/revistaidees.cat\\\/#website\",\"url\":\"https:\\\/\\\/revistaidees.cat\\\/\",\"name\":\"IDEES\",\"description\":\"Revista de temas contempor\u00e1neos\",\"potentialAction\":[{\"@type\":\"SearchAction\",\"target\":{\"@type\":\"EntryPoint\",\"urlTemplate\":\"https:\\\/\\\/revistaidees.cat\\\/?s={search_term_string}\"},\"query-input\":{\"@type\":\"PropertyValueSpecification\",\"valueRequired\":true,\"valueName\":\"search_term_string\"}}],\"inLanguage\":\"es\"},{\"@type\":\"Person\",\"@id\":\"https:\\\/\\\/revistaidees.cat\\\/#\\\/schema\\\/person\\\/785fc6a55d7361164f0c0002d391ce18\",\"name\":\"Arnau In\u00e9s\",\"image\":{\"@type\":\"ImageObject\",\"inLanguage\":\"es\",\"@id\":\"https:\\\/\\\/secure.gravatar.com\\\/avatar\\\/9b9715db4ef77f5b2d87dc7c6106028a3dacd703a7e4954f0520f4a3dfb05b1b?s=96&d=mm&r=g\",\"url\":\"https:\\\/\\\/secure.gravatar.com\\\/avatar\\\/9b9715db4ef77f5b2d87dc7c6106028a3dacd703a7e4954f0520f4a3dfb05b1b?s=96&d=mm&r=g\",\"contentUrl\":\"https:\\\/\\\/secure.gravatar.com\\\/avatar\\\/9b9715db4ef77f5b2d87dc7c6106028a3dacd703a7e4954f0520f4a3dfb05b1b?s=96&d=mm&r=g\",\"caption\":\"Arnau In\u00e9s\"}}]}<\/script>\n<!-- \/ Yoast SEO plugin. -->","yoast_head_json":{"title":"Medios de comunicaci\u00f3n y democracia: la perspectiva de la Uni\u00f3n Europea &#8211; IDEES","robots":{"index":"index","follow":"follow","max-snippet":"max-snippet:-1","max-image-preview":"max-image-preview:large","max-video-preview":"max-video-preview:-1"},"canonical":"https:\/\/revistaidees.cat\/es\/medios-de-comunicacion-y-democracia-la-perspectiva-de-la-union-europea\/","og_locale":"es_ES","og_type":"article","og_title":"Medios de comunicaci\u00f3n y democracia: la perspectiva de la Uni\u00f3n Europea &#8211; IDEES","og_description":"Democracia y medios de comunicaci\u00f3n es un binomio que pone de relieve la interdependencia entre ambos conceptos. Se considera fundamental para un buen funcionamiento de la democracia que la ciudadan\u00eda tenga acceso a un conjunto de medios plurales y diversos que les permitan acceder a informaciones ideol\u00f3gicamente plurales; y como resultado, poder ejercer su voto. De hecho, el compromiso de la Uni\u00f3n Europea de respetar la libertad y el pluralismo de los medios de comunicaci\u00f3n y de defender la libertad de expresi\u00f3n \u2014que incluye el derecho a recibir y difundir informaci\u00f3n sin injerencia de la autoridad p\u00fablica\u2014 est\u00e1 recogido en\u2026","og_url":"https:\/\/revistaidees.cat\/es\/medios-de-comunicacion-y-democracia-la-perspectiva-de-la-union-europea\/","og_site_name":"IDEES","article_published_time":"2022-07-05T09:42:01+00:00","article_modified_time":"2022-07-07T12:45:03+00:00","og_image":[{"width":1024,"height":590,"url":"https:\/\/revistaidees.cat\/wp-content\/uploads\/2022\/07\/Mitjans-de-comunicacio-i-democracia_la-perspectiva-de-la-Unio-Europea-mobil-1024x590.png","type":"image\/png"}],"author":"Arnau In\u00e9s","twitter_card":"summary_large_image","twitter_misc":{"Escrito por":"Arnau In\u00e9s","Tiempo de lectura":"17 minutos"},"schema":{"@context":"https:\/\/schema.org","@graph":[{"@type":"Article","@id":"https:\/\/revistaidees.cat\/es\/medios-de-comunicacion-y-democracia-la-perspectiva-de-la-union-europea\/#article","isPartOf":{"@id":"https:\/\/revistaidees.cat\/es\/medios-de-comunicacion-y-democracia-la-perspectiva-de-la-union-europea\/"},"author":{"name":"Arnau In\u00e9s","@id":"https:\/\/revistaidees.cat\/#\/schema\/person\/785fc6a55d7361164f0c0002d391ce18"},"headline":"Medios de comunicaci\u00f3n y democracia: la perspectiva de la Uni\u00f3n Europea","datePublished":"2022-07-05T09:42:01+00:00","dateModified":"2022-07-07T12:45:03+00:00","mainEntityOfPage":{"@id":"https:\/\/revistaidees.cat\/es\/medios-de-comunicacion-y-democracia-la-perspectiva-de-la-union-europea\/"},"wordCount":3375,"image":{"@id":"https:\/\/revistaidees.cat\/es\/medios-de-comunicacion-y-democracia-la-perspectiva-de-la-union-europea\/#primaryimage"},"thumbnailUrl":"https:\/\/i0.wp.com\/revistaidees.cat\/wp-content\/uploads\/2022\/07\/Mitjans-de-comunicacio-i-democracia_la-perspectiva-de-la-Unio-Europea-mobil.png?fit=1650%2C950&ssl=1","articleSection":["Medios de comunicaci\u00f3n, pluralismo y control democr\u00e1tico"],"inLanguage":"es"},{"@type":"WebPage","@id":"https:\/\/revistaidees.cat\/es\/medios-de-comunicacion-y-democracia-la-perspectiva-de-la-union-europea\/","url":"https:\/\/revistaidees.cat\/es\/medios-de-comunicacion-y-democracia-la-perspectiva-de-la-union-europea\/","name":"Medios de comunicaci\u00f3n y democracia: la perspectiva de la Uni\u00f3n Europea &#8211; IDEES","isPartOf":{"@id":"https:\/\/revistaidees.cat\/#website"},"primaryImageOfPage":{"@id":"https:\/\/revistaidees.cat\/es\/medios-de-comunicacion-y-democracia-la-perspectiva-de-la-union-europea\/#primaryimage"},"image":{"@id":"https:\/\/revistaidees.cat\/es\/medios-de-comunicacion-y-democracia-la-perspectiva-de-la-union-europea\/#primaryimage"},"thumbnailUrl":"https:\/\/i0.wp.com\/revistaidees.cat\/wp-content\/uploads\/2022\/07\/Mitjans-de-comunicacio-i-democracia_la-perspectiva-de-la-Unio-Europea-mobil.png?fit=1650%2C950&ssl=1","datePublished":"2022-07-05T09:42:01+00:00","dateModified":"2022-07-07T12:45:03+00:00","author":{"@id":"https:\/\/revistaidees.cat\/#\/schema\/person\/785fc6a55d7361164f0c0002d391ce18"},"breadcrumb":{"@id":"https:\/\/revistaidees.cat\/es\/medios-de-comunicacion-y-democracia-la-perspectiva-de-la-union-europea\/#breadcrumb"},"inLanguage":"es","potentialAction":[{"@type":"ReadAction","target":["https:\/\/revistaidees.cat\/es\/medios-de-comunicacion-y-democracia-la-perspectiva-de-la-union-europea\/"]}]},{"@type":"ImageObject","inLanguage":"es","@id":"https:\/\/revistaidees.cat\/es\/medios-de-comunicacion-y-democracia-la-perspectiva-de-la-union-europea\/#primaryimage","url":"https:\/\/i0.wp.com\/revistaidees.cat\/wp-content\/uploads\/2022\/07\/Mitjans-de-comunicacio-i-democracia_la-perspectiva-de-la-Unio-Europea-mobil.png?fit=1650%2C950&ssl=1","contentUrl":"https:\/\/i0.wp.com\/revistaidees.cat\/wp-content\/uploads\/2022\/07\/Mitjans-de-comunicacio-i-democracia_la-perspectiva-de-la-Unio-Europea-mobil.png?fit=1650%2C950&ssl=1","width":1650,"height":950,"caption":"CC-BY-4.0: \u00a9 European Union 2019 \u2013 Fuente: EP"},{"@type":"BreadcrumbList","@id":"https:\/\/revistaidees.cat\/es\/medios-de-comunicacion-y-democracia-la-perspectiva-de-la-union-europea\/#breadcrumb","itemListElement":[{"@type":"ListItem","position":1,"name":"Inici","item":"https:\/\/revistaidees.cat\/es\/"},{"@type":"ListItem","position":2,"name":"Medios de comunicaci\u00f3n y democracia: la perspectiva de la Uni\u00f3n Europea"}]},{"@type":"WebSite","@id":"https:\/\/revistaidees.cat\/#website","url":"https:\/\/revistaidees.cat\/","name":"IDEES","description":"Revista de temas contempor\u00e1neos","potentialAction":[{"@type":"SearchAction","target":{"@type":"EntryPoint","urlTemplate":"https:\/\/revistaidees.cat\/?s={search_term_string}"},"query-input":{"@type":"PropertyValueSpecification","valueRequired":true,"valueName":"search_term_string"}}],"inLanguage":"es"},{"@type":"Person","@id":"https:\/\/revistaidees.cat\/#\/schema\/person\/785fc6a55d7361164f0c0002d391ce18","name":"Arnau In\u00e9s","image":{"@type":"ImageObject","inLanguage":"es","@id":"https:\/\/secure.gravatar.com\/avatar\/9b9715db4ef77f5b2d87dc7c6106028a3dacd703a7e4954f0520f4a3dfb05b1b?s=96&d=mm&r=g","url":"https:\/\/secure.gravatar.com\/avatar\/9b9715db4ef77f5b2d87dc7c6106028a3dacd703a7e4954f0520f4a3dfb05b1b?s=96&d=mm&r=g","contentUrl":"https:\/\/secure.gravatar.com\/avatar\/9b9715db4ef77f5b2d87dc7c6106028a3dacd703a7e4954f0520f4a3dfb05b1b?s=96&d=mm&r=g","caption":"Arnau In\u00e9s"}}]}},"jetpack_featured_media_url":"https:\/\/i0.wp.com\/revistaidees.cat\/wp-content\/uploads\/2022\/07\/Mitjans-de-comunicacio-i-democracia_la-perspectiva-de-la-Unio-Europea-mobil.png?fit=1650%2C950&ssl=1","jetpack_sharing_enabled":true,"_links":{"self":[{"href":"https:\/\/revistaidees.cat\/es\/wp-json\/wp\/v2\/posts\/58208","targetHints":{"allow":["GET"]}}],"collection":[{"href":"https:\/\/revistaidees.cat\/es\/wp-json\/wp\/v2\/posts"}],"about":[{"href":"https:\/\/revistaidees.cat\/es\/wp-json\/wp\/v2\/types\/post"}],"author":[{"embeddable":true,"href":"https:\/\/revistaidees.cat\/es\/wp-json\/wp\/v2\/users\/41"}],"replies":[{"embeddable":true,"href":"https:\/\/revistaidees.cat\/es\/wp-json\/wp\/v2\/comments?post=58208"}],"version-history":[{"count":27,"href":"https:\/\/revistaidees.cat\/es\/wp-json\/wp\/v2\/posts\/58208\/revisions"}],"predecessor-version":[{"id":58502,"href":"https:\/\/revistaidees.cat\/es\/wp-json\/wp\/v2\/posts\/58208\/revisions\/58502"}],"wp:featuredmedia":[{"embeddable":true,"href":"https:\/\/revistaidees.cat\/es\/wp-json\/wp\/v2\/media\/58409"}],"wp:attachment":[{"href":"https:\/\/revistaidees.cat\/es\/wp-json\/wp\/v2\/media?parent=58208"}],"wp:term":[{"taxonomy":"category","embeddable":true,"href":"https:\/\/revistaidees.cat\/es\/wp-json\/wp\/v2\/categories?post=58208"},{"taxonomy":"post_tag","embeddable":true,"href":"https:\/\/revistaidees.cat\/es\/wp-json\/wp\/v2\/tags?post=58208"},{"taxonomy":"segment","embeddable":true,"href":"https:\/\/revistaidees.cat\/es\/wp-json\/wp\/v2\/segment?post=58208"},{"taxonomy":"subject","embeddable":true,"href":"https:\/\/revistaidees.cat\/es\/wp-json\/wp\/v2\/subject?post=58208"}],"curies":[{"name":"wp","href":"https:\/\/api.w.org\/{rel}","templated":true}]}}