{"id":59910,"date":"2022-09-19T17:03:00","date_gmt":"2022-09-19T15:03:00","guid":{"rendered":"https:\/\/revistaidees.cat\/?p=59910"},"modified":"2023-01-26T11:17:57","modified_gmt":"2023-01-26T09:17:57","slug":"el-wilsonismo-en-catalunya-y-los-intentos-catalanistas-de-participar-en-la-conferencia-de-paz-de-paris","status":"publish","type":"post","link":"https:\/\/revistaidees.cat\/es\/el-wilsonismo-en-catalunya-y-los-intentos-catalanistas-de-participar-en-la-conferencia-de-paz-de-paris\/","title":{"rendered":"El wilsonismo en Catalu\u00f1a y los intentos catalanistas de participar en la Conferencia de Paz de Par\u00eds"},"content":{"rendered":"\n<h5 class=\"wp-block-heading\">Los intentos de internacionalizar las reivindicaciones de autogobierno catalanas. Union des Nationalit\u00e9s y los voluntarios catalanes en la primera Guerra Mundial<\/h5>\n\n\n\n<p>Antes del inicio de la Gran Guerra, algunos sectores del nacionalismo catal\u00e1n iniciaron el proceso de internacionalizaci\u00f3n de sus reivindicaciones de autogobierno. En 1912, el arquitecto y dirigente de la Lliga Regionalista Josep Puig i Cadafalch, posteriormente segundo presidente de la Mancomunitat, fue el representante de los catalanistas en la Union des Nationalit\u00e9s. Esta actu\u00f3 como oficina de informaci\u00f3n, publicidad y propaganda, as\u00ed como de lobby de los que se autoidentificaban como nacionalidades oprimidas, especialmente las europeas, adem\u00e1s de impulsar una corriente de opini\u00f3n favorable al derecho a la autodeterminaci\u00f3n de las nacionalidades <span class=\"note-item\"><a href=\"#note-01\" class=\"scroll-to\">[1]<\/a><span class=\"note-item-tooltip\">1 \u2014 Pich, J., Mart\u00ednez Fiol, D., Contreras, J. I Pastrana, J. (2020) \u201cLa Lliga Regionalista y la Union des Nationalit\u00e9s (1912-1919)\u201d, Ucelay-Da Cal, E. N\u00fa\u00f1ez Seixas, X.M. i Gonz\u00e0lez i Vilalta, A., \u00bfPatrias diversas misma lucha? Alianzas transnacionalistas en el mundo de entreguerras (1912-1939). Barcelona: Bellaterra: 307-324.\n<\/span><\/span>.<\/p>\n\n\n\n<p>En oto\u00f1o de 1916, <em>Les Annales des Nationalit\u00e9s<\/em>, peri\u00f3dico de la Union des Nationalit\u00e9s, dedic\u00f3 un n\u00famero monogr\u00e1fico a estudiar la \u201cnation catalane\u201d. Posiblemente, el escritor y periodista Alfons Maseras lo facilit\u00f3. Previamente, ya se hab\u00edan publicado otros n\u00fameros dedicados al estudio de diferentes nacionalidades, como la ucraniana, la lituana-letona o la checa.<\/p>\n\n\n\n<p>Con el estallido de la Gran Guerra, los sectores m\u00e1s radicales del nacionalismo catal\u00e1n vieron en el conflicto mundial una oportunidad de conseguir el autogobierno catal\u00e1n aline\u00e1ndose con la Entente (coalici\u00f3n militar formada por Francia, Gran Breta\u00f1a y Rusia) y especialmente con Francia. Un grupo no demasiado numeroso de estos catalanistas radicales decidi\u00f3 alistarse voluntariamente a la Legi\u00f3n Extranjera francesa para combatir, con el lema \u201cPor la Libertad del Mundo\u201d. Su esfuerzo militar recibi\u00f3 el apoyo moral y material del Comit\u00e9 d\u2019Agermanats amb els Voluntaris Catalans, creado en febrero de 1916 por el miembro de la Uni\u00f3 Catalanista, el doctor Joan Sol\u00e9 i Pla, amigo de Francesc Maci\u00e0. La mayor parte de los sectores catalanistas franc\u00f3filos se entusiasmaron con el potencial de los voluntarios catalanes para la causa nacional de Catalu\u00f1a y construyeron el espejismo de una Catalu\u00f1a que habr\u00eda participado en la guerra al lado de las potencias victoriosas con la quim\u00e9rica cifra de diez o doce mil voluntarios. La realidad era mucho m\u00e1s modesta: los voluntarios nacidos en Catalu\u00f1a eran quinientos cuarenta y seis y, a\u00f1adiendo los que se consideraban de alguna manera catalanes, se llegar\u00eda a la cifra m\u00e1xima de novecientos cincuenta y cuatro voluntarios <span class=\"note-item\"><a href=\"#note-02\" class=\"scroll-to\">[2]<\/a><span class=\"note-item-tooltip\">2 \u2014 Mart\u00ednez Fiol, D. (1991) Els voluntaris catalans a la Gran Guerra. Barcelona: PAM. Esculies, J. i Mart\u00ednez Fiol, D. (2014) 12.000. Els catalans a la primera Guerra Mundial. Barcelona: Ara llibres.\n<\/span><\/span>.<\/p>\n\n\n\n<h5 class=\"wp-block-heading\"><em>Messidor <\/em>o la competencia del wilsonismo con la francofilia<\/h5>\n\n\n\n<p>En enero de 1918, el presidente de los Estados Unidos de Am\u00e9rica Woodrow Wilson anunci\u00f3 sus catorce puntos sobre como tendr\u00eda que ser la organizaci\u00f3n del mundo en la futura posguerra. Estos cautivaron a una parte de la intelectualidad aliad\u00f3fila catalanista: Wilson defend\u00eda el derecho de autodeterminaci\u00f3n de los pueblos y la constituci\u00f3n de una Sociedad de Naciones. La paz germano-bolchevique de Brest-Litovsk, en marzo de 1918, se present\u00f3 como una especie de alternativa a los catorce puntos de Wilson: mientras que la propuesta bolchevique favorec\u00eda la construcci\u00f3n de unos estados nacionales independientes que, como Polonia, ser\u00edan favorables a Alemania, Wilson propon\u00eda una Polonia pro-Entente y una remodelaci\u00f3n del Imperio Austroh\u00fangaro. Sin embargo, la izquierda liberal, socialista y republicana catalana opt\u00f3 por el proyecto de Wilson <span class=\"note-item\"><a href=\"#note-03\" class=\"scroll-to\">[3]<\/a><span class=\"note-item-tooltip\">3 \u2014 Ucelay-da Cal (9\/10\/1978), E. Wilson, i no Lenin: l\u2019esquerra catalana i l\u2019any 1917. L\u2019Aven\u00e7: 53-58. Tooze, A. (2016) El Diluvio. La Gran Guerra y la reconstrucci\u00f3n del orden mundial (1916-1931). Barcelona: Cr\u00edtica, 2016. Herman, A. (2017), 1917. Lenin, Wilson, and the Birth of the New World Disorder. New York: Harper Collins Publishers.c\n<\/span><\/span>. <\/p>\n\n\n\n<p>El estado de \u00e1nimo wilsoniano de una buena parte de la intelectualidad aliad\u00f3fila catalana se concret\u00f3 el 1 de enero de 1918 cuando publicaron la revista <em>Messidor. Revista quinzenal, regionalisme, solidaritat internacional, iberisme<\/em>. El t\u00edtulo de la publicaci\u00f3n reflejaba su vinculaci\u00f3n con la Union des Nationalit\u00e9s, ya que la sede de esta organizaci\u00f3n en Suiza era la \u201cVilla Messidor\u201d. La revista, dirigida por el intelectual de Sabadell Pau M. Turull (1878-1972) <span class=\"note-item\"><a href=\"#note-04\" class=\"scroll-to\">[4]<\/a><span class=\"note-item-tooltip\">4 \u2014 Casanovas, P. (2003) Pau Maria Turull Fournols i la Societat de Nacions, en Montserrat Molas, J. i Pompeu CASANOVAS (eds.) Pensament i filosofia a Catalunya. Vol. 2, Barcelona: INEHCA. Societat catalana de Filosofia: 55-59. N\u00fa\u00f1ez Seixas, X.M. (2010) El catalanisme, el pacifisme liberal i la futura Societat de Nacions. Internacionalitzant el nacionalisme. El catalanisme pol\u00edtic i la q\u00fcesti\u00f3 de les minories nacionals a Europa (1914-1936). Valencia: Afers: 64-75. Pich, J., Mart\u00ednez Fiol, D., Contreras, J. I Pastrana, J. (2020) \u201cInternacionalismo, nacionalismo y pacifismo: los amigos de la unidad moral de Europa, Maseras, Messidor, Turull y la Sociedad de Naciones\u201d, Ucelay-Da Cal, E. N\u00fa\u00f1ez Seixas, X.M. i Gonz\u00e0lez i Vilalta, A., \u00bfPatrias diversas misma lucha?&#8230;: 325-342.\n<\/span><\/span>, public\u00f3 veinticinco n\u00fameros y cont\u00f3 con la colaboraci\u00f3n de personajes de todas las tendencias del catalanismo, desde el progresismo de Antoni Rovira i Virgili y de Maseras, hasta el regionalismo de Eugeni d&#8217;Ors o Manuel de Montoliu. Este \u00faltimo hab\u00eda sido expl\u00edcitamente german\u00f3filo durante la guerra. Las iniciativas de Turull tambi\u00e9n contaron con el apoyo del secretario de Camb\u00f3, Joan Estelrich (1896-1958). Este, en 1919, fund\u00f3 la Oficina de Expansi\u00f3n Catalana en Par\u00eds, donde tambi\u00e9n colabor\u00f3 Maseras <span class=\"note-item\"><a href=\"#note-05\" class=\"scroll-to\">[5]<\/a><span class=\"note-item-tooltip\">5 \u2014 Cattini, Giovanni, \u201cJoan Estelrich i l\u2019Expansi\u00f3 Catalana. La traducci\u00f3n de Prat de la Riba i Camb\u00f3 en la It\u00e0lia feixista\u201d, Cercles. Revista d\u2019hist\u00f2ria cultural, n\u00fam. 12, gener 2009, p. 75-89.\n<\/span><\/span>. <\/p>\n\n\n\n<p>La revista dirigida por Turull ten\u00eda como objetivo primordial la defensa del ideal de la Sociedad de Naciones y estaba influida por el pensamiento de Wilson, y de figuras bandera de la pol\u00edtica internacional del momento como Leon Bourgeois, diputado del Partido Radical franc\u00e9s y futuro premio Nobel de la Paz en 1920, Paul Otlet, escritor y bibli\u00f3grafo belga, Edgard Milhaud, economista y socialista franc\u00e9s, y los pol\u00edticos ingleses Lord Edward Grey, Herbert Henry Asquith o Lord Cecil, entre otros. Sin embargo, la iniciativa de Turull fue cuestionada en Barcelona por su internacionalismo y en Madrid por su catalanismo. El \u00faltimo n\u00famero de la revista es un monogr\u00e1fico sobre la Conferencia Internacional de Comunicaciones y Tr\u00e1fico que la Sociedad de Naciones celebr\u00f3 en Barcelona entre el 20 de marzo y el 10 de abril de 1921.<\/p>\n\n\n\n<div class=\"wp-block-columns is-layout-flex wp-container-core-columns-is-layout-9d6595d7 wp-block-columns-is-layout-flex\">\n<div class=\"wp-block-column is-layout-flow wp-block-column-is-layout-flow\" style=\"flex-basis:33.33%\">\n<blockquote class=\"wp-block-quote is-style-large is-layout-flow wp-block-quote-is-layout-flow\">\n<p>Durante el periodo final de la Gran Guerra, el wilsonismo tuvo como funci\u00f3n no declarada elevar los \u00e1nimos del catalanismo aliad\u00f3filo y, especialmente, del nacionalismo radical catal\u00e1n<\/p>\n<\/blockquote>\n<\/div>\n\n\n\n<div class=\"wp-block-column is-layout-flow wp-block-column-is-layout-flow\" style=\"flex-basis:66.66%\">\n<p>Durante el periodo final de la Gran Guerra, el wilsonismo tuvo como funci\u00f3n no declarada elevar los \u00e1nimos del catalanismo aliad\u00f3filo y, especialmente, del nacionalismo radical catal\u00e1n, en especial entre aquellos sectores que hab\u00edan hecho del intervencionismo en la guerra la piedra angular de la estrategia internacional del catalanismo. As\u00ed, para el doctor Sol\u00e9 i Pla, alma de los voluntarios catalanes, o Maseras, miembro tambi\u00e9n del Comit\u00e9 d\u2019Agermanats amb els Voluntaris Catalans, el wilsonismo se convirti\u00f3 en un nuevo y modernizado punto de referencia de la aliadofilia, basado en la creencia que la apuesta wilsoniana de autodeterminaci\u00f3n de las nacionalidades se aplicar\u00eda por todo el mundo. Maseras tambi\u00e9n hab\u00eda formado parte del Comit\u00e9 para la Unidad Moral de Europa; a pesar de ser acusado de german\u00f3filo, Maseras no dud\u00f3 a afirmar que el Comit\u00e9 habr\u00eda defendido las ideas de Wilson.<\/p>\n<\/div>\n<\/div>\n\n\n\n<h5 class=\"wp-block-heading\">El fin de la guerra<\/h5>\n\n\n\n<p>Con la victoria de la Triple Entente, las expectativas de una posible liberaci\u00f3n nacional (se hab\u00eda hablado de la Gran Guerra como la \u201cGuerra de las Naciones\u201d) desataron las ilusiones de franc\u00f3filos y wilsonianos catalanistas. Los nacionalistas radicales de la Uni\u00f3 Catalanista y los j\u00f3venes intelectuales y profesionales de la Juventut Nacionalista de la Lliga se declararon partidarios de la rep\u00fablica e impulsaron el Comit\u00e9 Pro Catalu\u00f1a para intentar internacionalizar la problem\u00e1tica catalana, con el objetivo de conseguir el autogobierno. Este Comit\u00e9 pretend\u00eda ser un tipo de reguarda de los voluntarios catalanes, que hab\u00edan luchado en la Legi\u00f3n Extranjera francesa.<\/p>\n\n\n\n<p>Los promotores del Comit\u00e9 Pro Catalu\u00f1a y de la Uni\u00f3 Catalanista fueron conscientes de que la internacionalizaci\u00f3n de la causa nacional catalana en la capital francesa no ser\u00eda viable sin la presencia de un l\u00edder carism\u00e1tico que se pudiera presentar en nombre de Catalu\u00f1a en las embajadas aliadas a reclamar la autonom\u00eda o la independencia, aunque los separatistas en aquellos momentos eran muy minoritarios. Para hacerlo, dos figuras despuntaban, aunque no ten\u00edan en aquel momento la entidad y la proyecci\u00f3n de estadista de Camb\u00f3. Una era Francesc Maci\u00e0, que empezaba a tener una notable influencia entre los sectores j\u00f3venes separatistas, partidarios de la acci\u00f3n y vinculados al Centre Autonomista de Dependents del Comer\u00e7 i de la Ind\u00fastria (CADCI), m\u00e1s all\u00e1 de su amistad con los viejos militantes y dirigentes de la Uni\u00f3 Catalanista en aquel periodo, como Sol\u00e9 i Pla o Manuel Folguera. Un respeto ganado, sobre todo, al haber roto con el regionalismo e intentado una revuelta como la irlandesa de la Pascua de 1916, en plena Asamblea de Parlamentarios el verano de 1917. El otro era el tortosino Marcel\u00b7l\u00ed Domingo, que hab\u00eda participado del mismo intento insurreccional, y que, detenido por los militares de la guarnici\u00f3n de Barcelona, hab\u00eda estado a punto de ser ejecutado. Este pod\u00eda considerarse como un punto de contacto con los voluntarios catalanes al ser primo de Daniel Domingo Montserrat, un joven de diecinueve a\u00f1os que se hab\u00eda alistado en 1917 a la Legi\u00f3n Extranjera francesa en busca de aventuras y heroicidades patri\u00f3ticas catalanistas. En 1918, Domingo era el principal activo de la publicaci\u00f3n de los voluntarios catalanes en el frente, <em>La Trinxera Catalan<\/em>a. Adem\u00e1s, fue uno de los futuros impulsores del Comit\u00e9 Nacional Catal\u00e1n (CNC), la principal obsesi\u00f3n del cual era la de ser recibido por el presidente norteamericano Wilson en Par\u00eds para poder presentarle las reivindicaciones del catalanismo. Sin embargo, a diferencia de Maci\u00e0, Marcel\u00b7l\u00ed Domingo no estaba interesado en mezclarse en unos c\u00edrculos pol\u00edticos, en aquel periodo, tan marginales como eran los del separatismo catal\u00e1n <span class=\"note-item\"><a href=\"#note-06\" class=\"scroll-to\">[6]<\/a><span class=\"note-item-tooltip\">6 \u2014 Mart\u00ednez Fiol, D (1990). Daniel Domingo Montserrat (1900-1968). Entre el marxisme i el nacionalisme radical. Barcelona: Publicacions de l\u2019Abadia de Montserrat, 2001: 21-82.\n<\/span><\/span>.  <\/p>\n\n\n\n<div class=\"wp-block-columns is-layout-flex wp-container-core-columns-is-layout-9d6595d7 wp-block-columns-is-layout-flex\">\n<div class=\"wp-block-column is-layout-flow wp-block-column-is-layout-flow\" style=\"flex-basis:33.33%\">\n<blockquote class=\"wp-block-quote is-style-large is-layout-flow wp-block-quote-is-layout-flow\">\n<p>En Catalu\u00f1a, en un marco de euforia wilsoniana y franc\u00f3fila, empez\u00f3 una campa\u00f1a autonomista impulsada inicialmente por la minor\u00eda republicana catalanista en el Congreso de los Diputados<\/p>\n<\/blockquote>\n<\/div>\n\n\n\n<div class=\"wp-block-column is-layout-flow wp-block-column-is-layout-flow\" style=\"flex-basis:66.66%\">\n<p>Paralelamente a estas gestiones en Par\u00eds, en Catalu\u00f1a, en un marco de euforia wilsoniana y franc\u00f3fila (que se reflej\u00f3 en los nombres que pusieron en calles y plazas), empez\u00f3 una campa\u00f1a autonomista impulsada inicialmente por la minor\u00eda republicana catalanista en el Congreso de los Diputados. Poco despu\u00e9s, la Lliga, a partir de la infraestructura institucional de la Mancomunitat, se puso al frente de la iniciativa. Circul\u00f3 el rumor de que la Lliga, a trav\u00e9s de Camb\u00f3, pod\u00eda estar interesada en impulsar tambi\u00e9n, como ya hab\u00eda hecho Puig i Cadafalch en 1912, la internacionalizaci\u00f3n del conflicto catal\u00e1n. Sin embargo, los principales dirigentes de la Lliga no fueron a Par\u00eds en el marco de las Conferencias de Paz, aunque enviaron al exministro Ventosa i Calvell. Este, posiblemente, les inform\u00f3 de que si iban no obtendr\u00edan nada.<\/p>\n<\/div>\n<\/div>\n\n\n\n<h5 class=\"wp-block-heading\">El choque del idealismo con la realidad<\/h5>\n\n\n\n<p>La impresi\u00f3n de Ventosa era cierta. La III Rep\u00fablica francesa no estaba por la labor de dar apoyo a las reivindicaciones catalanistas. Despu\u00e9s de los esfuerzos militares de los muy publicitados voluntarios catalanes, los catalanistas franc\u00f3filos descubrieron, con inocente sorpresa, que el gobierno franc\u00e9s prefer\u00eda incorporar la monarqu\u00eda espa\u00f1ola al nuevo orden mundial, prescindiendo de las reivindicaciones de autogobierno de los catalanistas <span class=\"note-item\"><a href=\"#note-07\" class=\"scroll-to\">[7]<\/a><span class=\"note-item-tooltip\">7 \u2014 AGA Ministerio de Estado (Exteriores) caja 54\/05977, Embajada de S.M. en Par\u00eds, Legajo N\u00ba 1078, A\u00f1o de 1918, Pol\u00edtica 2.\n<\/span><\/span>. Ante este desenga\u00f1o, todav\u00eda existieron algunos sectores que confiaron en las promesas de autodeterminaci\u00f3n formuladas por Wilson.<\/p>\n\n\n\n<p>En todo caso, ni los l\u00edderes de la Lliga ni los del republicanismo catalanista fueron a Par\u00eds para intentar internacionalizar la cuesti\u00f3n catalana. En esta oportunidad, Domingo Montserrat asumi\u00f3 la representaci\u00f3n catalanista en las posibles negociaciones de paz que se iniciaron al final del conflicto en la capital francesa. Ten\u00eda el convencimiento de que la propaganda en torno a los combatientes catalanes ser\u00eda el \u00fanico ejemplo concreto de lo que hab\u00eda hecho Catalu\u00f1a a favor de las potencias victoriosas. Al proclamarse l\u00edder de la delegaci\u00f3n catalana en las canciller\u00edas de la Entente, pas\u00f3 a la acci\u00f3n e impuls\u00f3 el Comit\u00e9 Nacional Catal\u00e1n (CNC) que, establecido en Par\u00eds, pretend\u00eda configurarse en imagen y semejanza del Comit\u00e9 de Acci\u00f3n Checa al Extranjero. La presidencia del Comit\u00e9 Nacional Catal\u00e1n recay\u00f3 en el doctor Monta\u00f1\u00e0, m\u00e9dico catalanista de orientaci\u00f3n socialista, mientras el voluntario se reserv\u00f3 el papel de secretario de propaganda.<\/p>\n\n\n\n<p>Sin embargo, las idas y venidas catalanistas en Par\u00eds, m\u00e1s la campa\u00f1a autonomista, pusieron un punto de preocupaci\u00f3n en el gobierno espa\u00f1ol, hasta el punto que el presidente del Consejo de Ministros, el liberal Conde de Romanones, fue a la capital francesa para que le aseguraran que ni el Comit\u00e9 Nacional Catal\u00e1n, ni la campa\u00f1a autonomista influir\u00edan en los gobiernos nombrados aliados y correspondientes a la Entente Cordial en las futuras negociaciones de paz. De hecho, Romanones solicit\u00f3 un lugar en la Conferencia de Paz. Previamente, a lo largo de la primera quincena de diciembre, el embajador espa\u00f1ol en Par\u00eds, Jos\u00e9 Mar\u00eda Qui\u00f1ones de Le\u00f3n mostr\u00f3 preocupaci\u00f3n por el intento de internacionalizaci\u00f3n del conflicto catal\u00e1n por parte de los catalanistas <span class=\"note-item\"><a href=\"#note-08\" class=\"scroll-to\">[8]<\/a><span class=\"note-item-tooltip\">8 \u2014 Mart\u00ednez Fiol, D (1990). Daniel Domingo Montserrat (1900-1968). Entre el marxisme i el nacionalisme radical. Barcelona: Publicacions de l\u2019Abadia de Montserrat, 2001: 21-82.\n<\/span><\/span>.<\/p>\n\n\n\n<p>Romanones lleg\u00f3 a Par\u00eds el viernes 20 de diciembre de 1918 por la ma\u00f1ana. Acto seguido, se entrevist\u00f3 con el primer ministro Clemenceau y despu\u00e9s se reuni\u00f3 con Joan Ventosa, el exministro regionalista de Finanzas, diputado en Cortes y estrecho colaborador de Camb\u00f3. Tambi\u00e9n se entrevist\u00f3 con el presidente del Consejo de Ministros italiano, Vittorio Emanuele Orlando, y su ministro de Exteriores, Sidney Sonnino, as\u00ed como con el ministro de Asuntos Exteriores franc\u00e9s, Stephen Pichon. Posteriormente, mantuvo una reuni\u00f3n de media hora con el presidente norteamericano, Wilson, que parece que le dijo que no sab\u00eda nada de la cuesti\u00f3n catalana, y tambi\u00e9n se encontr\u00f3 durante una hora con el presidente franc\u00e9s, Raymond Poincar\u00e9. No obtuvo el visto bueno de los mandatarios europeos para que Espa\u00f1a participara en la Conferencia de Paz, pero le garantizaron que consideraban la problem\u00e1tica con los catalanes como una cuesti\u00f3n interna espa\u00f1ola y, por lo tanto, que no intervendr\u00edan. El lunes 23 por la tarde, Romanones cogi\u00f3 el tren de vuelta a Espa\u00f1a. En un par de d\u00edas hab\u00eda tenido bastante para cerrar la v\u00eda internacionalista de los nacionalistas catalanes, cu\u00e1ndo la Conferencia de Paz ni siquiera hab\u00eda empezado <span class=\"note-item\"><a href=\"#note-09\" class=\"scroll-to\">[9]<\/a><span class=\"note-item-tooltip\">9 \u2014 Esculies, J. i Mart\u00ednez Fiol, D. (2014) 12.000\u2026: 192.\n<\/span><\/span>.<\/p>\n\n\n\n<p>Uno de los dirigentes de la Lliga Regionalista, Joan Garriga i Mass\u00f3, asegur\u00f3 que, cu\u00e1ndo Romanones volvi\u00f3 pudo tranquilizar al rey Alfonso XIII y los dirigentes din\u00e1sticos de la Restauraci\u00f3n, asegur\u00e1ndoles que la Conferencia de Paz no afectar\u00eda a Espa\u00f1a <span class=\"note-item\"><a href=\"#note-010\" class=\"scroll-to\">[10]<\/a><span class=\"note-item-tooltip\">10 \u2014 Garriga i Mass\u00f3, J. (1987) Mem\u00f2ries d\u2019un liberal catalanista (1871-1939). Barcelona: Ed. 62: 236.\n<\/span><\/span>. <\/p>\n\n\n\n<p>Los dirigentes de la Lliga sab\u00edan lo que Romanones hab\u00eda conseguido. Por lo tanto, no profundizaron m\u00e1s en la internacionalizaci\u00f3n del \u201cproblema catal\u00e1n\u201d. No parece demasiado l\u00f3gico que una buena parte de los catalanistas pensara que la III Rep\u00fablica francesa, paradigma del centralismo uniformizador y aliada de la monarqu\u00eda espa\u00f1ola, les agradeciera la francofilia y la supuesta contribuci\u00f3n de sangre a la victoria de la Entente presionando al gobierno espa\u00f1ol para que aceptara el autogobierno de Catalu\u00f1a, aunque eso es lo que intentaron. Circul\u00f3 la an\u00e9cdota, ap\u00f3crifa, que cuando los nacionalistas radicales catalanes y los nacionalistas vascos intentaron que en las negociaciones de paz se negociaran tambi\u00e9n sus reivindicaciones, se encontraron una desagradable sorpresa. Clemenceau los habr\u00eda recibido y, cuando intentaron explicarle los or\u00edgenes hist\u00f3ricos en que basaban sus reivindicaciones nacionales, habr\u00eda exclamado: \u00abPas d\u2019histoires ! Pas d\u2019histoires !\u00bb La realidad era que las autoridades francesas s\u00f3lo estaban interesadas en aquellos movimientos nacionales que beneficiaban su pol\u00edtica exterior. Por esta raz\u00f3n, los pol\u00edticos franceses que impulsaron la Union des Nationalit\u00e9s en 1912, la disolvieron en 1919, cuando ya no les hac\u00eda falta.<\/p>\n","protected":false},"excerpt":{"rendered":"<p>Los intentos de internacionalizar las reivindicaciones de autogobierno catalanas. Union des Nationalit\u00e9s y los voluntarios catalanes en la primera Guerra Mundial Antes del inicio de la Gran Guerra, algunos sectores del nacionalismo catal\u00e1n iniciaron el proceso de internacionalizaci\u00f3n de sus reivindicaciones de autogobierno. En 1912, el arquitecto y dirigente de la Lliga Regionalista Josep Puig i Cadafalch, posteriormente segundo presidente de la Mancomunitat, fue el representante de los catalanistas en la Union des Nationalit\u00e9s. Esta actu\u00f3 como oficina de informaci\u00f3n, publicidad y propaganda, as\u00ed como de lobby de los que se autoidentificaban como nacionalidades oprimidas, especialmente las europeas, adem\u00e1s de\u2026<\/p>\n","protected":false},"author":41,"featured_media":59913,"parent":0,"comment_status":"closed","ping_status":"closed","sticky":false,"template":"","format":"standard","meta":{"_acf_changed":false,"inline_featured_image":false,"_jetpack_memberships_contains_paid_content":false,"footnotes":""},"categories":[485],"tags":[],"segment":[],"subject":[505],"class_list":["post-59910","post","type-post","status-publish","format-standard","has-post-thumbnail","hentry","category-catalunya-i-la-societat-de-nacions-es","subject-catalunya-i-la-societat-de-nacions-es"],"acf":[],"yoast_head":"<!-- This site is optimized with the Yoast SEO plugin v27.5 - https:\/\/yoast.com\/product\/yoast-seo-wordpress\/ -->\n<title>El wilsonismo en Catalu\u00f1a y los intentos catalanistas de participar en la Conferencia de Paz de Par\u00eds &#8211; IDEES<\/title>\n<meta name=\"robots\" content=\"index, follow, max-snippet:-1, max-image-preview:large, max-video-preview:-1\" \/>\n<link rel=\"canonical\" href=\"https:\/\/revistaidees.cat\/es\/el-wilsonismo-en-catalunya-y-los-intentos-catalanistas-de-participar-en-la-conferencia-de-paz-de-paris\/\" \/>\n<meta property=\"og:locale\" content=\"es_ES\" \/>\n<meta property=\"og:type\" content=\"article\" \/>\n<meta property=\"og:title\" content=\"El wilsonismo en Catalu\u00f1a y los intentos catalanistas de participar en la Conferencia de Paz de Par\u00eds &#8211; IDEES\" \/>\n<meta property=\"og:description\" content=\"Los intentos de internacionalizar las reivindicaciones de autogobierno catalanas. Union des Nationalit\u00e9s y los voluntarios catalanes en la primera Guerra Mundial Antes del inicio de la Gran Guerra, algunos sectores del nacionalismo catal\u00e1n iniciaron el proceso de internacionalizaci\u00f3n de sus reivindicaciones de autogobierno. En 1912, el arquitecto y dirigente de la Lliga Regionalista Josep Puig i Cadafalch, posteriormente segundo presidente de la Mancomunitat, fue el representante de los catalanistas en la Union des Nationalit\u00e9s. Esta actu\u00f3 como oficina de informaci\u00f3n, publicidad y propaganda, as\u00ed como de lobby de los que se autoidentificaban como nacionalidades oprimidas, especialmente las europeas, adem\u00e1s de\u2026\" \/>\n<meta property=\"og:url\" content=\"https:\/\/revistaidees.cat\/es\/el-wilsonismo-en-catalunya-y-los-intentos-catalanistas-de-participar-en-la-conferencia-de-paz-de-paris\/\" \/>\n<meta property=\"og:site_name\" content=\"IDEES\" \/>\n<meta property=\"article:published_time\" content=\"2022-09-19T15:03:00+00:00\" \/>\n<meta property=\"article:modified_time\" content=\"2023-01-26T09:17:57+00:00\" \/>\n<meta property=\"og:image\" content=\"https:\/\/i0.wp.com\/revistaidees.cat\/wp-content\/uploads\/2022\/07\/3a-ilustracio_2000x800-1.jpg?fit=1500%2C800&ssl=1\" \/>\n\t<meta property=\"og:image:width\" content=\"1500\" \/>\n\t<meta property=\"og:image:height\" content=\"800\" \/>\n\t<meta property=\"og:image:type\" content=\"image\/jpeg\" \/>\n<meta name=\"author\" content=\"Arnau In\u00e9s\" \/>\n<meta name=\"twitter:card\" content=\"summary_large_image\" \/>\n<meta name=\"twitter:label1\" content=\"Escrito por\" \/>\n\t<meta name=\"twitter:data1\" content=\"Arnau In\u00e9s\" \/>\n\t<meta name=\"twitter:label2\" content=\"Tiempo de lectura\" \/>\n\t<meta name=\"twitter:data2\" content=\"13 minutos\" \/>\n<script type=\"application\/ld+json\" class=\"yoast-schema-graph\">{\"@context\":\"https:\\\/\\\/schema.org\",\"@graph\":[{\"@type\":\"Article\",\"@id\":\"https:\\\/\\\/revistaidees.cat\\\/es\\\/el-wilsonismo-en-catalunya-y-los-intentos-catalanistas-de-participar-en-la-conferencia-de-paz-de-paris\\\/#article\",\"isPartOf\":{\"@id\":\"https:\\\/\\\/revistaidees.cat\\\/es\\\/el-wilsonismo-en-catalunya-y-los-intentos-catalanistas-de-participar-en-la-conferencia-de-paz-de-paris\\\/\"},\"author\":{\"name\":\"Arnau In\u00e9s\",\"@id\":\"https:\\\/\\\/revistaidees.cat\\\/#\\\/schema\\\/person\\\/785fc6a55d7361164f0c0002d391ce18\"},\"headline\":\"El wilsonismo en Catalu\u00f1a y los intentos catalanistas de participar en la Conferencia de Paz de Par\u00eds\",\"datePublished\":\"2022-09-19T15:03:00+00:00\",\"dateModified\":\"2023-01-26T09:17:57+00:00\",\"mainEntityOfPage\":{\"@id\":\"https:\\\/\\\/revistaidees.cat\\\/es\\\/el-wilsonismo-en-catalunya-y-los-intentos-catalanistas-de-participar-en-la-conferencia-de-paz-de-paris\\\/\"},\"wordCount\":2580,\"image\":{\"@id\":\"https:\\\/\\\/revistaidees.cat\\\/es\\\/el-wilsonismo-en-catalunya-y-los-intentos-catalanistas-de-participar-en-la-conferencia-de-paz-de-paris\\\/#primaryimage\"},\"thumbnailUrl\":\"https:\\\/\\\/i0.wp.com\\\/revistaidees.cat\\\/wp-content\\\/uploads\\\/2022\\\/07\\\/3a-ilustracio_2000x800-1.jpg?fit=1500%2C800&ssl=1\",\"articleSection\":[\"Catalu\u00f1a y la Sociedad de Naciones\"],\"inLanguage\":\"es\"},{\"@type\":\"WebPage\",\"@id\":\"https:\\\/\\\/revistaidees.cat\\\/es\\\/el-wilsonismo-en-catalunya-y-los-intentos-catalanistas-de-participar-en-la-conferencia-de-paz-de-paris\\\/\",\"url\":\"https:\\\/\\\/revistaidees.cat\\\/es\\\/el-wilsonismo-en-catalunya-y-los-intentos-catalanistas-de-participar-en-la-conferencia-de-paz-de-paris\\\/\",\"name\":\"El wilsonismo en Catalu\u00f1a y los intentos catalanistas de participar en la Conferencia de Paz de Par\u00eds &#8211; IDEES\",\"isPartOf\":{\"@id\":\"https:\\\/\\\/revistaidees.cat\\\/#website\"},\"primaryImageOfPage\":{\"@id\":\"https:\\\/\\\/revistaidees.cat\\\/es\\\/el-wilsonismo-en-catalunya-y-los-intentos-catalanistas-de-participar-en-la-conferencia-de-paz-de-paris\\\/#primaryimage\"},\"image\":{\"@id\":\"https:\\\/\\\/revistaidees.cat\\\/es\\\/el-wilsonismo-en-catalunya-y-los-intentos-catalanistas-de-participar-en-la-conferencia-de-paz-de-paris\\\/#primaryimage\"},\"thumbnailUrl\":\"https:\\\/\\\/i0.wp.com\\\/revistaidees.cat\\\/wp-content\\\/uploads\\\/2022\\\/07\\\/3a-ilustracio_2000x800-1.jpg?fit=1500%2C800&ssl=1\",\"datePublished\":\"2022-09-19T15:03:00+00:00\",\"dateModified\":\"2023-01-26T09:17:57+00:00\",\"author\":{\"@id\":\"https:\\\/\\\/revistaidees.cat\\\/#\\\/schema\\\/person\\\/785fc6a55d7361164f0c0002d391ce18\"},\"breadcrumb\":{\"@id\":\"https:\\\/\\\/revistaidees.cat\\\/es\\\/el-wilsonismo-en-catalunya-y-los-intentos-catalanistas-de-participar-en-la-conferencia-de-paz-de-paris\\\/#breadcrumb\"},\"inLanguage\":\"es\",\"potentialAction\":[{\"@type\":\"ReadAction\",\"target\":[\"https:\\\/\\\/revistaidees.cat\\\/es\\\/el-wilsonismo-en-catalunya-y-los-intentos-catalanistas-de-participar-en-la-conferencia-de-paz-de-paris\\\/\"]}]},{\"@type\":\"ImageObject\",\"inLanguage\":\"es\",\"@id\":\"https:\\\/\\\/revistaidees.cat\\\/es\\\/el-wilsonismo-en-catalunya-y-los-intentos-catalanistas-de-participar-en-la-conferencia-de-paz-de-paris\\\/#primaryimage\",\"url\":\"https:\\\/\\\/i0.wp.com\\\/revistaidees.cat\\\/wp-content\\\/uploads\\\/2022\\\/07\\\/3a-ilustracio_2000x800-1.jpg?fit=1500%2C800&ssl=1\",\"contentUrl\":\"https:\\\/\\\/i0.wp.com\\\/revistaidees.cat\\\/wp-content\\\/uploads\\\/2022\\\/07\\\/3a-ilustracio_2000x800-1.jpg?fit=1500%2C800&ssl=1\",\"width\":1500,\"height\":800,\"caption\":\"Il\u00b7lustraci\u00f3: Jes\u00fas Gald\u00f3n\"},{\"@type\":\"BreadcrumbList\",\"@id\":\"https:\\\/\\\/revistaidees.cat\\\/es\\\/el-wilsonismo-en-catalunya-y-los-intentos-catalanistas-de-participar-en-la-conferencia-de-paz-de-paris\\\/#breadcrumb\",\"itemListElement\":[{\"@type\":\"ListItem\",\"position\":1,\"name\":\"Inici\",\"item\":\"https:\\\/\\\/revistaidees.cat\\\/es\\\/\"},{\"@type\":\"ListItem\",\"position\":2,\"name\":\"El wilsonismo en Catalu\u00f1a y los intentos catalanistas de participar en la Conferencia de Paz de Par\u00eds\"}]},{\"@type\":\"WebSite\",\"@id\":\"https:\\\/\\\/revistaidees.cat\\\/#website\",\"url\":\"https:\\\/\\\/revistaidees.cat\\\/\",\"name\":\"IDEES\",\"description\":\"Revista de temas contempor\u00e1neos\",\"potentialAction\":[{\"@type\":\"SearchAction\",\"target\":{\"@type\":\"EntryPoint\",\"urlTemplate\":\"https:\\\/\\\/revistaidees.cat\\\/?s={search_term_string}\"},\"query-input\":{\"@type\":\"PropertyValueSpecification\",\"valueRequired\":true,\"valueName\":\"search_term_string\"}}],\"inLanguage\":\"es\"},{\"@type\":\"Person\",\"@id\":\"https:\\\/\\\/revistaidees.cat\\\/#\\\/schema\\\/person\\\/785fc6a55d7361164f0c0002d391ce18\",\"name\":\"Arnau In\u00e9s\",\"image\":{\"@type\":\"ImageObject\",\"inLanguage\":\"es\",\"@id\":\"https:\\\/\\\/secure.gravatar.com\\\/avatar\\\/9b9715db4ef77f5b2d87dc7c6106028a3dacd703a7e4954f0520f4a3dfb05b1b?s=96&d=mm&r=g\",\"url\":\"https:\\\/\\\/secure.gravatar.com\\\/avatar\\\/9b9715db4ef77f5b2d87dc7c6106028a3dacd703a7e4954f0520f4a3dfb05b1b?s=96&d=mm&r=g\",\"contentUrl\":\"https:\\\/\\\/secure.gravatar.com\\\/avatar\\\/9b9715db4ef77f5b2d87dc7c6106028a3dacd703a7e4954f0520f4a3dfb05b1b?s=96&d=mm&r=g\",\"caption\":\"Arnau In\u00e9s\"}}]}<\/script>\n<!-- \/ Yoast SEO plugin. -->","yoast_head_json":{"title":"El wilsonismo en Catalu\u00f1a y los intentos catalanistas de participar en la Conferencia de Paz de Par\u00eds &#8211; IDEES","robots":{"index":"index","follow":"follow","max-snippet":"max-snippet:-1","max-image-preview":"max-image-preview:large","max-video-preview":"max-video-preview:-1"},"canonical":"https:\/\/revistaidees.cat\/es\/el-wilsonismo-en-catalunya-y-los-intentos-catalanistas-de-participar-en-la-conferencia-de-paz-de-paris\/","og_locale":"es_ES","og_type":"article","og_title":"El wilsonismo en Catalu\u00f1a y los intentos catalanistas de participar en la Conferencia de Paz de Par\u00eds &#8211; IDEES","og_description":"Los intentos de internacionalizar las reivindicaciones de autogobierno catalanas. Union des Nationalit\u00e9s y los voluntarios catalanes en la primera Guerra Mundial Antes del inicio de la Gran Guerra, algunos sectores del nacionalismo catal\u00e1n iniciaron el proceso de internacionalizaci\u00f3n de sus reivindicaciones de autogobierno. En 1912, el arquitecto y dirigente de la Lliga Regionalista Josep Puig i Cadafalch, posteriormente segundo presidente de la Mancomunitat, fue el representante de los catalanistas en la Union des Nationalit\u00e9s. Esta actu\u00f3 como oficina de informaci\u00f3n, publicidad y propaganda, as\u00ed como de lobby de los que se autoidentificaban como nacionalidades oprimidas, especialmente las europeas, adem\u00e1s de\u2026","og_url":"https:\/\/revistaidees.cat\/es\/el-wilsonismo-en-catalunya-y-los-intentos-catalanistas-de-participar-en-la-conferencia-de-paz-de-paris\/","og_site_name":"IDEES","article_published_time":"2022-09-19T15:03:00+00:00","article_modified_time":"2023-01-26T09:17:57+00:00","og_image":[{"width":1500,"height":800,"url":"https:\/\/i0.wp.com\/revistaidees.cat\/wp-content\/uploads\/2022\/07\/3a-ilustracio_2000x800-1.jpg?fit=1500%2C800&ssl=1","type":"image\/jpeg"}],"author":"Arnau In\u00e9s","twitter_card":"summary_large_image","twitter_misc":{"Escrito por":"Arnau In\u00e9s","Tiempo de lectura":"13 minutos"},"schema":{"@context":"https:\/\/schema.org","@graph":[{"@type":"Article","@id":"https:\/\/revistaidees.cat\/es\/el-wilsonismo-en-catalunya-y-los-intentos-catalanistas-de-participar-en-la-conferencia-de-paz-de-paris\/#article","isPartOf":{"@id":"https:\/\/revistaidees.cat\/es\/el-wilsonismo-en-catalunya-y-los-intentos-catalanistas-de-participar-en-la-conferencia-de-paz-de-paris\/"},"author":{"name":"Arnau In\u00e9s","@id":"https:\/\/revistaidees.cat\/#\/schema\/person\/785fc6a55d7361164f0c0002d391ce18"},"headline":"El wilsonismo en Catalu\u00f1a y los intentos catalanistas de participar en la Conferencia de Paz de Par\u00eds","datePublished":"2022-09-19T15:03:00+00:00","dateModified":"2023-01-26T09:17:57+00:00","mainEntityOfPage":{"@id":"https:\/\/revistaidees.cat\/es\/el-wilsonismo-en-catalunya-y-los-intentos-catalanistas-de-participar-en-la-conferencia-de-paz-de-paris\/"},"wordCount":2580,"image":{"@id":"https:\/\/revistaidees.cat\/es\/el-wilsonismo-en-catalunya-y-los-intentos-catalanistas-de-participar-en-la-conferencia-de-paz-de-paris\/#primaryimage"},"thumbnailUrl":"https:\/\/i0.wp.com\/revistaidees.cat\/wp-content\/uploads\/2022\/07\/3a-ilustracio_2000x800-1.jpg?fit=1500%2C800&ssl=1","articleSection":["Catalu\u00f1a y la Sociedad de Naciones"],"inLanguage":"es"},{"@type":"WebPage","@id":"https:\/\/revistaidees.cat\/es\/el-wilsonismo-en-catalunya-y-los-intentos-catalanistas-de-participar-en-la-conferencia-de-paz-de-paris\/","url":"https:\/\/revistaidees.cat\/es\/el-wilsonismo-en-catalunya-y-los-intentos-catalanistas-de-participar-en-la-conferencia-de-paz-de-paris\/","name":"El wilsonismo en Catalu\u00f1a y los intentos catalanistas de participar en la Conferencia de Paz de Par\u00eds &#8211; IDEES","isPartOf":{"@id":"https:\/\/revistaidees.cat\/#website"},"primaryImageOfPage":{"@id":"https:\/\/revistaidees.cat\/es\/el-wilsonismo-en-catalunya-y-los-intentos-catalanistas-de-participar-en-la-conferencia-de-paz-de-paris\/#primaryimage"},"image":{"@id":"https:\/\/revistaidees.cat\/es\/el-wilsonismo-en-catalunya-y-los-intentos-catalanistas-de-participar-en-la-conferencia-de-paz-de-paris\/#primaryimage"},"thumbnailUrl":"https:\/\/i0.wp.com\/revistaidees.cat\/wp-content\/uploads\/2022\/07\/3a-ilustracio_2000x800-1.jpg?fit=1500%2C800&ssl=1","datePublished":"2022-09-19T15:03:00+00:00","dateModified":"2023-01-26T09:17:57+00:00","author":{"@id":"https:\/\/revistaidees.cat\/#\/schema\/person\/785fc6a55d7361164f0c0002d391ce18"},"breadcrumb":{"@id":"https:\/\/revistaidees.cat\/es\/el-wilsonismo-en-catalunya-y-los-intentos-catalanistas-de-participar-en-la-conferencia-de-paz-de-paris\/#breadcrumb"},"inLanguage":"es","potentialAction":[{"@type":"ReadAction","target":["https:\/\/revistaidees.cat\/es\/el-wilsonismo-en-catalunya-y-los-intentos-catalanistas-de-participar-en-la-conferencia-de-paz-de-paris\/"]}]},{"@type":"ImageObject","inLanguage":"es","@id":"https:\/\/revistaidees.cat\/es\/el-wilsonismo-en-catalunya-y-los-intentos-catalanistas-de-participar-en-la-conferencia-de-paz-de-paris\/#primaryimage","url":"https:\/\/i0.wp.com\/revistaidees.cat\/wp-content\/uploads\/2022\/07\/3a-ilustracio_2000x800-1.jpg?fit=1500%2C800&ssl=1","contentUrl":"https:\/\/i0.wp.com\/revistaidees.cat\/wp-content\/uploads\/2022\/07\/3a-ilustracio_2000x800-1.jpg?fit=1500%2C800&ssl=1","width":1500,"height":800,"caption":"Il\u00b7lustraci\u00f3: Jes\u00fas Gald\u00f3n"},{"@type":"BreadcrumbList","@id":"https:\/\/revistaidees.cat\/es\/el-wilsonismo-en-catalunya-y-los-intentos-catalanistas-de-participar-en-la-conferencia-de-paz-de-paris\/#breadcrumb","itemListElement":[{"@type":"ListItem","position":1,"name":"Inici","item":"https:\/\/revistaidees.cat\/es\/"},{"@type":"ListItem","position":2,"name":"El wilsonismo en Catalu\u00f1a y los intentos catalanistas de participar en la Conferencia de Paz de Par\u00eds"}]},{"@type":"WebSite","@id":"https:\/\/revistaidees.cat\/#website","url":"https:\/\/revistaidees.cat\/","name":"IDEES","description":"Revista de temas contempor\u00e1neos","potentialAction":[{"@type":"SearchAction","target":{"@type":"EntryPoint","urlTemplate":"https:\/\/revistaidees.cat\/?s={search_term_string}"},"query-input":{"@type":"PropertyValueSpecification","valueRequired":true,"valueName":"search_term_string"}}],"inLanguage":"es"},{"@type":"Person","@id":"https:\/\/revistaidees.cat\/#\/schema\/person\/785fc6a55d7361164f0c0002d391ce18","name":"Arnau In\u00e9s","image":{"@type":"ImageObject","inLanguage":"es","@id":"https:\/\/secure.gravatar.com\/avatar\/9b9715db4ef77f5b2d87dc7c6106028a3dacd703a7e4954f0520f4a3dfb05b1b?s=96&d=mm&r=g","url":"https:\/\/secure.gravatar.com\/avatar\/9b9715db4ef77f5b2d87dc7c6106028a3dacd703a7e4954f0520f4a3dfb05b1b?s=96&d=mm&r=g","contentUrl":"https:\/\/secure.gravatar.com\/avatar\/9b9715db4ef77f5b2d87dc7c6106028a3dacd703a7e4954f0520f4a3dfb05b1b?s=96&d=mm&r=g","caption":"Arnau In\u00e9s"}}]}},"jetpack_featured_media_url":"https:\/\/i0.wp.com\/revistaidees.cat\/wp-content\/uploads\/2022\/07\/3a-ilustracio_2000x800-1.jpg?fit=1500%2C800&ssl=1","jetpack_sharing_enabled":true,"_links":{"self":[{"href":"https:\/\/revistaidees.cat\/es\/wp-json\/wp\/v2\/posts\/59910","targetHints":{"allow":["GET"]}}],"collection":[{"href":"https:\/\/revistaidees.cat\/es\/wp-json\/wp\/v2\/posts"}],"about":[{"href":"https:\/\/revistaidees.cat\/es\/wp-json\/wp\/v2\/types\/post"}],"author":[{"embeddable":true,"href":"https:\/\/revistaidees.cat\/es\/wp-json\/wp\/v2\/users\/41"}],"replies":[{"embeddable":true,"href":"https:\/\/revistaidees.cat\/es\/wp-json\/wp\/v2\/comments?post=59910"}],"version-history":[{"count":20,"href":"https:\/\/revistaidees.cat\/es\/wp-json\/wp\/v2\/posts\/59910\/revisions"}],"predecessor-version":[{"id":61260,"href":"https:\/\/revistaidees.cat\/es\/wp-json\/wp\/v2\/posts\/59910\/revisions\/61260"}],"wp:featuredmedia":[{"embeddable":true,"href":"https:\/\/revistaidees.cat\/es\/wp-json\/wp\/v2\/media\/59913"}],"wp:attachment":[{"href":"https:\/\/revistaidees.cat\/es\/wp-json\/wp\/v2\/media?parent=59910"}],"wp:term":[{"taxonomy":"category","embeddable":true,"href":"https:\/\/revistaidees.cat\/es\/wp-json\/wp\/v2\/categories?post=59910"},{"taxonomy":"post_tag","embeddable":true,"href":"https:\/\/revistaidees.cat\/es\/wp-json\/wp\/v2\/tags?post=59910"},{"taxonomy":"segment","embeddable":true,"href":"https:\/\/revistaidees.cat\/es\/wp-json\/wp\/v2\/segment?post=59910"},{"taxonomy":"subject","embeddable":true,"href":"https:\/\/revistaidees.cat\/es\/wp-json\/wp\/v2\/subject?post=59910"}],"curies":[{"name":"wp","href":"https:\/\/api.w.org\/{rel}","templated":true}]}}