{"id":59987,"date":"2022-09-29T09:34:07","date_gmt":"2022-09-29T09:34:07","guid":{"rendered":"https:\/\/revistaidees.cat\/j-m-batista-i-roca-un-intellectual-independentista-en-el-periode-dentreguerres-1914-1945\/"},"modified":"2023-01-27T17:16:11","modified_gmt":"2023-01-27T15:16:11","slug":"j-m-batista-i-roca-un-intelectual-independentista-en-el-periodo-de-entreguerras-1914-1945","status":"publish","type":"post","link":"https:\/\/revistaidees.cat\/es\/j-m-batista-i-roca-un-intelectual-independentista-en-el-periodo-de-entreguerras-1914-1945\/","title":{"rendered":"J.M. Batista i Roca: un intelectual independentista en el periodo de entreguerras (1914-1945)"},"content":{"rendered":"\n<p>Josep Maria Batista i Roca (1895-1978) fue el primer intelectual, acad\u00e9mico, universitario, figura de vocaci\u00f3n p\u00fablica, al ser independentista toda su vida, decirlo y actuar en consecuencia <span class=\"note-item\"><a href=\"#note-01\" class=\"scroll-to\">[1]<\/a><span class=\"note-item-tooltip\">1 \u2014 Porta, Frederic J. (2022\/2023), Josep Maria Batista i Roca (1895-1978) [T\u00edtulo provisional. Pr\u00f3xima aparici\u00f3n]. Barcelona: Edicions de 1984.\n<\/span><\/span>. Su acci\u00f3n pol\u00edtica se basaba en el refortalecimiento de Catalu\u00f1a y su esp\u00edritu y conciencia nacionales, en el cultivo del car\u00e1cter y la preparaci\u00f3n de los dirigentes del ma\u00f1ana, inspirado en el modelo brit\u00e1nico. Batista i Roca fue uno de los pocos intelectuales verdaderamente preocupado por establecer una posici\u00f3n catalana en el mundo; una geopol\u00edtica catalana. Lo har\u00eda en cinco ejes: el pancatalanista, el panoccitano, el ib\u00e9rico, el europeo y, finalmente, el hisp\u00e1nico. Esbozamos los principales acto seguido <span class=\"note-item\"><a href=\"#note-02\" class=\"scroll-to\">[2]<\/a><span class=\"note-item-tooltip\">2 \u2014 Sobre geopol\u00edtica ib\u00e9rica, v\u00e9ase: Porta, Frederic J. (2022?), Batista i Roca i la Galeusca (1932-1934), Actes de la VI Galeusca Hist\u00f2rica (2021). [Pr\u00f3xima aparici\u00f3n].\n<\/span><\/span>.<\/p>\n\n\n\n<h5 class=\"wp-block-heading\">Geopol\u00edtica de los <em>Pa\u00efsos Catalans<\/em><\/h5>\n\n\n\n<p>En los ambientes del separatismo, los Pa\u00efsos Catalans eran un marco natural ya de finales del siglo XIX. Para Batista i Roca, la naci\u00f3n catalana se encontraba all\u00ed donde quiera que se hablara catal\u00e1n. Aunque los procesos de <em>Renaixen\u00e7a <\/em>de Mallorca, la Comunitat Valenciana y el Rosell\u00f3n hab\u00edan tomado caminos diferentes, todos los Pa\u00efsos Catalans contaban con un m\u00ednimo de conciencia nacional a partir del cual se pod\u00eda proyectar una unidad cultural y ling\u00fc\u00edstica. Con la asociaci\u00f3n Nostra Parla primero, y con la entidad c\u00edvica Palestra despu\u00e9s, Batista i Roca buscar\u00eda el acercamiento de los intelectuales, especialmente j\u00f3venes, del Principado de Catalu\u00f1a a los otros territorios de la Naci\u00f3n, incluido tambi\u00e9n el Alguer.<\/p>\n\n\n\n<p>Nostra Parla (1916-1923) fue una asociaci\u00f3n preocupada por la promoci\u00f3n de la lengua catalana y de su prestigio, as\u00ed como para promover \u00abla unificaci\u00f3n espiritual de Baleares, Catalu\u00f1a, Rosell\u00f3n y Valencia\u00bb, un poco como complemento de la Associaci\u00f3 Protectora de l\u2019Ensenyan\u00e7a Catalana (APEC, 1898-1939). Palestra (1930-1938) recoger\u00eda este objetivo, pero insert\u00e1ndolo en una estrategia de m\u00e1s amplio alcance; la entidad c\u00edvica servir\u00eda de plataforma para extender la conciencia nacional a toda la naci\u00f3n catalana y, especialmente, a la juventud que, en un futuro, tendr\u00eda que liderar un proyecto pol\u00edtico pancatalanista. Palestra extender\u00eda tambi\u00e9n sus actividades m\u00e1s all\u00e1 de la cordillera de la Corbera, en Occitania <span class=\"note-item\"><a href=\"#note-03\" class=\"scroll-to\">[3]<\/a><span class=\"note-item-tooltip\">3 \u2014 Duran, Llu\u00eds (2020). Qu\u00e8 va ser Palestra. Barcelona: Generalitat de Catalunya. Departament de Just\u00edcia; Duran, Llu\u00eds (2007), Intel\u00b7lig\u00e8ncia i car\u00e0cter. Palestra i la formaci\u00f3 dels joves (1928-1939). Barcelona: Afers; Gra\u00f1a, Isabel (1995). L\u2019Acci\u00f3 pancatalanista i la llengua: Nostra Parla (1916-1924). Barcelona: Publicacions de l\u2019Abadia de Montserrat; Duran, Llu\u00eds (1997). P\u00e0tria i escola, L\u2019Associaci\u00f3 Protectora de l\u2019Ensenyan\u00e7a Catalana. Catarroja-Barcelona: Editorial Afers.\n<\/span><\/span>.<\/p>\n\n\n\n<p>Poco a poco, y pensando en el futuro, se ir\u00eda construyendo, de manera natural y org\u00e1nica, a trav\u00e9s de los conocimientos, una red de desvelo nacional formada por dirigentes conscientes como los que hab\u00edan hecho posible, en la Catalu\u00f1a estricta, la <em>Renaixen\u00e7a <\/em>Rom\u00e1ntica. El esquema previsto era el mismo: una fase cultural, de contactos, proyectos y sue\u00f1os; una fase pol\u00edtica, de afirmaci\u00f3n de ideas y de puesta en pr\u00e1ctica de estas; y, finalmente, la reunificaci\u00f3n estatal con las respectivas independencias.<\/p>\n\n\n\n<p>A lo largo de los a\u00f1os de la Segunda Rep\u00fablica Espa\u00f1ola, valencianos, mallorquines y otros catalanes asistieron espor\u00e1dicamente a los campamentos de Palestra, aunque se organizaban tambi\u00e9n grupos de scouts en la Comunidad Valenciana o un campamento de la Obra Social de Palestra en Mallorca. Mientras tanto, la Associaci\u00f3 Protectora de l\u2019Ensenyan\u00e7a Catalana realizaba tambi\u00e9n esfuerzos en Andorra para \u00abfomentar el amor en la lengua entre los andorranos\u00bb. Tambi\u00e9n se cre\u00f3 un Comit\u00e9 Catal\u00e1n de Amigos de Andorra en \u00abdefensa de la independencia andorrana\u00bb, el cual sosten\u00eda que \u00abdefender Andorra de las intromisiones de los pa\u00edses extranjeros, es defender la independencia de un territorio catal\u00e1n\u00bb.<\/p>\n\n\n\n<div class=\"wp-block-columns is-layout-flex wp-container-core-columns-is-layout-9d6595d7 wp-block-columns-is-layout-flex\">\n<div class=\"wp-block-column is-layout-flow wp-block-column-is-layout-flow\" style=\"flex-basis:33.33%\">\n<blockquote class=\"wp-block-quote is-style-large is-layout-flow wp-block-quote-is-layout-flow\">\n<p>Batista i Roca fue el primer intelectual, acad\u00e9mico, universitario y figura de vocaci\u00f3n p\u00fablica en ser independentista toda su vida, decirlo y actuar en consecuencia<\/p>\n<\/blockquote>\n<\/div>\n\n\n\n<div class=\"wp-block-column is-layout-flow wp-block-column-is-layout-flow\" style=\"flex-basis:66.66%\">\n<p>Batista i Roca pensaba en una coordinaci\u00f3n de los movimientos excursionistas y escultistas de cada nacionalismo e incluso dise\u00f1\u00f3 un organigrama para la nueva alianza, con tres secretariados nacionales y uno general, cada uno con sede propia, en una articulaci\u00f3n que recordaba a la que segu\u00eda internamente Palestra, el movimiento excursionista y de escultismo de Catalu\u00f1a y la Associaci\u00f3 Protectora de l\u2019Ensenyan\u00e7a Catalana. No en vano, todos estos espacios u organizaciones estaban convergiendo, a trav\u00e9s de Batista i Roca y su gente de confianza, en una nueva cultura pol\u00edtica para toda la naci\u00f3n catalana. Desgraciadamente, el resultado de la Guerra Civil resta\u00f1\u00f3 el proceso ascendente de toma de conciencia nacional por todos los Pa\u00efsos Catalans.<\/p>\n<\/div>\n<\/div>\n\n\n\n<h5 class=\"wp-block-heading\">Geopol\u00edtica occitana<\/h5>\n\n\n\n<p>Cuando el Romanticismo llev\u00f3 a Europa a conectar con su pasado medieval, los catalanes reencontraron su pasado compartido con los occitanos, y vice-versa. Desde entonces quedaron embelesados por lo que el erudito Augusto Rafanell ha denominado la Ilusi\u00f3n Occitana. Durante todo el siglo XIX, la idea de una unidad cultural catalano-occitana, sobre todo ling\u00fc\u00edstica, fue compartida por muchos intelectuales de las respectivas Renaixences. Despu\u00e9s de la Gran Guerra, Batista i Roca crey\u00f3 que hab\u00eda llegado el momento de empezar a concretar las relaciones, y pasar de una <em>ilusi\u00f3n <\/em>cultural o ling\u00fc\u00edstica, de hermandad romantizada, hist\u00f3rica, casi m\u00edtica y compartida en un pasado truncado por la Batalla de Murete de 1213 \u2014una idea un poco esot\u00e9rica, s\u00f3lo al alcance de los intelectuales\u2014, a una idea actual, pol\u00edtica y, de masas. Batista i Roca, en palabras de Rafanell, realiz\u00f3 \u00abel primer programa y la primera campa\u00f1a plenamente nacional (no selectiva ni elitista) del panoccitanismo en Catalu\u00f1a\u00bb <span class=\"note-item\"><a href=\"#note-04\" class=\"scroll-to\">[4]<\/a><span class=\"note-item-tooltip\">4 \u2014 Rafanell, August (2006). La Il\u00b7lusi\u00f3 Occitana. Barcelona: Quaderns Crema, 1024.\n<\/span><\/span>.<\/p>\n\n\n\n<p>A trav\u00e9s de actos y de encuentros, de la publicaci\u00f3n de op\u00fasculos y la celebraci\u00f3n de reuniones y conferencias, Batista i Roca buscaba acercar las dos culturas, preparar un mercado cultural unificado, unir las dos lenguas y promover que los j\u00f3venes se conocieran a fin de que, en un futuro, se desarrollara, a trav\u00e9s de una conciencia cultural compartida, un proyecto pol\u00edtico catalano-occitano, que se vehicular\u00eda a trav\u00e9s de la Associaci\u00f3 Protectora de l\u2019Ensenyan\u00e7a Catalana, de la reci\u00e9n nacida Federaci\u00f3 Nacional d\u2019Estudiants de Catalunya y de Palestra. Aunque hubiera precedentes anteriores, fue verdaderamente durante los a\u00f1os 1930-1934, de relativa estabilidad y libertades a ambos lados de la sierra de las Corberes, que se procedi\u00f3, con el visto bueno de la Generalitat, a reanudar el establecimiento de v\u00ednculos y de relaciones con los intelectuales occitanos en vistas a construir un espacio-mercado cultural que, en un futuro, se pudiera convertir en una realidad pol\u00edtica <span class=\"note-item\"><a href=\"#note-05\" class=\"scroll-to\">[5]<\/a><span class=\"note-item-tooltip\">5 \u2014 Batista y \u00abtodos los idealistas que lo secundaban hab\u00edan superado a los maestros, tomando en un sentido literal aquello que estos hab\u00edan predicado en un sentido literario\u00bb, explica Rafanell. Rafanell, August (2006). La Il\u00b7lusi\u00f3 Occitana. Barcelona: Quaderns Crema, 115. Un ejemplo de la visi\u00f3n evolucionista del nacionalismo por estadios, en: J. M. Batista i Roca (1932), Pr\u00f2leg a Amadeu Serch, L\u2019exemple de Txecoslov\u00e0quia. Els s\u00f2kols. La lluita per la independ\u00e8ncia. Barcelona: Editorial Barcino, 5-7. Sobre la conciencia de estar estableciendo marcos culturales y un mercado com\u00fan occitano-catal\u00e1n: Alexandre Cirici (1973). El Temps Barrat (Barcelona: Destino, 1973), 116-126 i 203-206. Sobre la promoci\u00f3n de las relaciones entre occitanos y catalanes por parte de organismos para-auton\u00f3micos, la Oficina de Relaciones Meridionales de Carbonell es un gran ejemplo: Vinyet Panyella (2000). Josep Carbonell i Gener (Sitges, 1897-1979). Entre les avantguardes i l\u2019humanisme. Barcelona: Edicions 62, 184-196. V\u00e9ase, en general: Porta, Frederic J. (2022\/2023), Josep Maria Batista i Roca (1895-1978) [T\u00edtulo provisional. Pr\u00f3xima aparici\u00f3n]. Barcelona: Edicions de 1984.\n<\/span><\/span>. El camino hacia los Hechos de Octubre y la turbulencia de los a\u00f1os entre 1934 y 1939 en Catalu\u00f1a, y de 1939 a 1945 en Occitania, supusieron un punto y aparte en las relaciones y los sue\u00f1os de unificaci\u00f3n que Batista i Roca reanudar\u00eda a partir de la d\u00e9cada de 1950.<\/p>\n\n\n\n<h5 class=\"wp-block-heading\">Geopol\u00edtica europea<\/h5>\n\n\n\n<p>Hist\u00f3ricamente, m\u00e1s o menos una vez por siglo, en Europa se genera un periodo convulso en el cual cambian las fronteras y la hegemon\u00eda, pero tambi\u00e9n la concepci\u00f3n del mundo y del poder. Despu\u00e9s de las guerras de religi\u00f3n del siglo XVI, son ejemplos la Guerra de los Treinta A\u00f1os (1618-1648), la guerra de Sucesi\u00f3n (1701-1713\/15) y la de la Cu\u00e1druple Alianza (1718-1720), las Guerras de la Revoluci\u00f3n Francesa y las Napole\u00f3nicas (1792-1802 y 1803-1815) y el periodo de las dos guerras mundiales (1914-1945). Cada vez que un sistema de posguerra se debilita y se hunde, Europa entra en un periodo de un par o tres de decenios de inestabilidad, de fronteras, ideas, hegemon\u00edas y poderes cambiantes, de la cual emerge completamente transfigurada. Parad\u00f3jicamente, estos son momentos de oportunidades para Catalu\u00f1a. Batista i Roca quer\u00eda aprovechar la ventana abierta entre la Gran Guerra y la Segunda Guerra Mundial para conseguir la independencia de Catalu\u00f1a.<\/p>\n\n\n\n<p>Ya en 1919 hab\u00eda empezado a hacer contactos universitarios en Oxford, Cambridge o Berl\u00edn, tambi\u00e9n alrededor, extraoficialmente, de la Sociedad de Naciones. Hablaba con todo el mundo y se escrib\u00eda con todo el mundo, fueran representantes de minor\u00edas, de estados, de rep\u00fablicas, monarqu\u00edas o imperios. Su actividad la vehiculaba especialmente a trav\u00e9s de la Oficina de Relacions i Bescanvis (CIEGUES), establecida dentro de Palestra. Batista y Roca buscaba suplir la ausencia total o cuasi-total de relaciones internacionales o de instituciones en este sentido. Entre 1919 y 1945 (y m\u00e1s all\u00e1), Batista i Roca intent\u00f3 suplir la inexistencia de una Oficina de Relaciones Internacionales, Conselleria o Ministerio de Exteriores de Catalu\u00f1a extraoficial o paraoficial.<\/p>\n\n\n\n<p>Se establecieron contactos informales, a trav\u00e9s de amistades, pero tambi\u00e9n contactos formales: informes y mensajes enviados a los consulados y las embajadas, por ejemplo, brit\u00e1nica, francesa, alemana, italiana y portuguesa. La ausencia de una diplomacia estatal catalana o de representaci\u00f3n de las reivindicaciones pol\u00edticas ante la nueva Sociedad de Naciones llev\u00f3 a los nacionalistas catalanes, entre ellos Batista i Roca, a optar por maneras indirectas de influir. Se realizaron, en este sentido, muchas gestiones en el Congreso de las Nacionalidades Europeas, una organizaci\u00f3n no gubernamental que intentaba suplir la falta de representaci\u00f3n de las naciones sin Estado y las minor\u00edas en la Sociedad de Naciones. En el Congreso, la influencia de Batista i Roca lleg\u00f3 a ser notoria, adquiriendo \u00abcierto protagonismo entre los c\u00edrculos del movimiento nacionalitario europeo desde 1933-34, particularmente por sus estancias en Ginebra delante de la sala de prensa de la Sociedad de Naciones\u00bb, como ha explicado N\u00fa\u00f1ez-Seixas <span class=\"note-item\"><a href=\"#note-06\" class=\"scroll-to\">[6]<\/a><span class=\"note-item-tooltip\">6 \u2014 N\u00fa\u00f1ez Seixas, Xos\u00e9 M (2010). Internacionalitzant el nacionalisme. El catalanisme pol\u00edtic i la q\u00fcesti\u00f3 de les minories nacionals a Europa. Catarroja-Val\u00e8ncia: Editorial Afers-Universitat de Val\u00e8ncia. 257-258. La cita es de les p\u00e1ginas 240-241. V\u00e9ase tambi\u00e9n: Ucelay-Da Cal, Enric, Xos\u00e9 M. N\u00fa\u00f1ez Seixas, Arnau Gonz\u00e0lez i Vilalta (eds.) (2020), Patrias diversas, \u00bfmisma lucha? Alianzas transnacionalistas en el mundo de entreguerras [1912-1939]. Barcelona: Edicions Bellaterra.\n<\/span><\/span>. <\/p>\n\n\n\n<div class=\"wp-block-columns is-layout-flex wp-container-core-columns-is-layout-9d6595d7 wp-block-columns-is-layout-flex\">\n<div class=\"wp-block-column is-layout-flow wp-block-column-is-layout-flow\" style=\"flex-basis:33.33%\">\n<blockquote class=\"wp-block-quote is-style-large is-layout-flow wp-block-quote-is-layout-flow\">\n<p>La ausencia de una diplomacia estatal catalana o de representaci\u00f3n de las reivindicaciones pol\u00edticas ante la nueva Sociedad de Naciones llev\u00f3 a los nacionalistas catalanes, entre ellos Batista y Roca, a optar por modos indirectos de influir en la organizaci\u00f3n<\/p>\n<\/blockquote>\n<\/div>\n\n\n\n<div class=\"wp-block-column is-layout-flow wp-block-column-is-layout-flow\" style=\"flex-basis:66.66%\">\n<p>El intelectual independentista consigui\u00f3 que en reuniones y encuentros, como la de 1935, se aceptaran sus propuestas de reivindicaci\u00f3n de la paz europea y de respeto por los derechos de las minor\u00edas para todos los asistentes, las cuales ser\u00edan presentadas al Presidente de la Asamblea de la Sociedad de Naciones. Otro ejemplo de esta participaci\u00f3n indirecta, que buscaba influir la visi\u00f3n que ten\u00edan los Estados miembros de la Sociedad de Naciones sobre Catalu\u00f1a, la encontramos en 1935, despu\u00e9s de los Hechos de Octubre. En aquel a\u00f1o, Batista i Roca, como representante de Catalu\u00f1a al Congreso de Nacionalidades Europeas, envi\u00f3 un informe sobre Catalu\u00f1a a la delegaci\u00f3n portuguesa de la Sociedad de Naciones, en el que explicaba la situaci\u00f3n pol\u00edtica del pa\u00eds despu\u00e9s de aquella revuelta fallida <span class=\"note-item\"><a href=\"#note-07\" class=\"scroll-to\">[7]<\/a><span class=\"note-item-tooltip\">7 \u2014 El documento nos lo ha facilitado muy amablemente Arnau Gonz\u00e0lez i Vilalta. (AHD, DGNP, Informa\u00e7\u00f5es pol\u00edticas. Espanha. 1932 e 1935, Dossier Informa\u00e7\u00f5es sobre en Catalunha, Proceso 28, 1935, Delegaci\u00f3n de Portugal SDN, 26-X-1935).\n<\/span><\/span>. El objetivo de una Catalu\u00f1a libre en una Europa libre y diferente se desvaneci\u00f3 entre 1936 y 1939, pero despu\u00e9s de 1945, Batista i Roca continuar\u00eda su actuaci\u00f3n delante las (re)nacientes instituciones europeas.<\/p>\n<\/div>\n<\/div>\n\n\n\n<h5 class=\"wp-block-heading\">Geopol\u00edtica hisp\u00e1nica: parar la Guerra<\/h5>\n\n\n\n<p>Durante los tres a\u00f1os del conflicto, tal como ha explicado Arnau Gonz\u00e0lez i Vilalta en el libro <em>Une Catalogne ind\u00e9pendant ?<\/em>: \u00abel tema, la posible secesi\u00f3n de Catalu\u00f1a, gustara o no, estaba sobre la mesa de las canciller\u00edas y en los debates period\u00edsticos del momento [\u2026]. No hubo ning\u00fan espacio de debate diplom\u00e1tico o period\u00edstico que dejara de comentar la posibilidad de una secesi\u00f3n catalana\u00bb <span class=\"note-item\"><a href=\"#note-08\" class=\"scroll-to\">[8]<\/a><span class=\"note-item-tooltip\">8 \u2014 Gonz\u00e0lez i Vilalta, Arnau (2017). Une Catalogne ind\u00e9pendant ? Geopol\u00edtica europea i Guerra Civil Espanyola (1936-1939). Barcelona: Memorial Democr\u00e0tic. V\u00e9ase tambi\u00e9n el m\u00e1s reciente: Gonz\u00e0lez i Vilalta, Arnau (2021). Catalu\u00f1a en la crisis europea (1931-1939). \u00bfIrlanda espa\u00f1ola, pe\u00f3n franc\u00e9s o URSS mediterr\u00e1nea? Lleida: Milenio Publicaciones.\n<\/span><\/span>. En la Guerra Civil Espa\u00f1ola se involucraron directamente la URSS, Italia y Alemania y miles de combatientes extranjeros \u2014como los de las Brigadas Internacionales o el Corpo Truppe Volontarie\u2014 lucharon en los campos de batalla. Y los medios de comunicaci\u00f3n internacionales tambi\u00e9n fijaron su vista al sur de los Pirineos.<\/p>\n\n\n\n<p>El rompecabezas diplom\u00e1tico de aquellos a\u00f1os situaba Catalu\u00f1a como una pieza movible, en disputa dentro del tablero de las relaciones internacionales del final del periodo de entreguerras. En marzo de 1938, por ejemplo, cuando Hitler se anexion\u00f3 Austria, sobre la mesa del gobierno franc\u00e9s pas\u00f3 la propuesta de ocupar militarmente Catalu\u00f1a hasta el Ebro como medida de protecci\u00f3n. Gregori Mir expresa que desde \u00abla guerra de Sucesi\u00f3n, Catalu\u00f1a no hab\u00eda tenido un protagonismo internacional como el que tuvo durante la Guerra\u00bb <span class=\"note-item\"><a href=\"#note-09\" class=\"scroll-to\">[9]<\/a><span class=\"note-item-tooltip\">9 \u2014 Mir, Gregori (2006). Aturar la guerra. Les gestions secretes de Llu\u00eds Companys davant el Govern brit\u00e0nic. Barcelona: Proa.\n<\/span><\/span>.<\/p>\n\n\n\n<p>El president Llu\u00eds Companys envi\u00f3 a Batista i Roca a Londres en misi\u00f3n secreta cuando los franquistas entraron en L\u00e9rida la primavera de 1938. Aprovechando la red de contactos tejida durante los a\u00f1os anteriores, accedi\u00f3 a las m\u00e1s altas instancias del Imperio Brit\u00e1nico, llegando a entrevistarse en persona con Lord Halifax, Edward Frederick Lindley Wood, entonces secretario de exteriores. Los brit\u00e1nicos, sin embargo, se guardaron en la manga, de 1936 a 1945, la carta del nacionalismo catal\u00e1n. En uno de los informes enviados por Batista i Roca, el 23 de junio de 1937, redactado por \u00e9l en coordinaci\u00f3n con los enviados del gobierno vasco, Manuel Irujo e I\u00f1aki Lisazo, pero tambi\u00e9n con la delegaci\u00f3n de la Generalitat en Par\u00eds, se hablaba de una propuesta para detener la guerra, reconocer la zona controlada por los insurrectos y establecer un control internacional a trav\u00e9s de la Sociedad de Naciones de los territorios de Catalu\u00f1a, la Comunidad Valenciana, las Islas Baleares, la parte de Arag\u00f3n todav\u00eda bajo control republicano y Murcia \u2014casi literalmente las fronteras de la antigua Corona de Arag\u00f3n, es decir, con una perspectiva m\u00e1s hisp\u00e1nica que espa\u00f1ola. \u00abLos ingleses se lo tomaron con mucho inter\u00e9s e incluso sugirieron que Holanda formara parte de esta comisi\u00f3n [internacional]\u00bb, recordar\u00eda Batista i Roca <span class=\"note-item\"><a href=\"#note-010\" class=\"scroll-to\">[10]<\/a><span class=\"note-item-tooltip\">10 \u2014 La cita proviene de la grabaci\u00f3n de Mascarell, Ferran (1978). Entrevista a Batista y Roca. Fonoteca Jaume Fons de l&#8217;Arxiu Nacional de Catalunya. El memor\u00e1ndum, sin embargo, que Batista recordar\u00eda con gozo en la \u00faltima entrevista, propon\u00eda un armisticio, la entrada de comisarios, interventores y supervisores internacionales para garantizar la aplicaci\u00f3n de las decisiones, el retorno de los exiliados y el fin de las represalias pol\u00edticas en la retaguardia. Se propon\u00eda tambi\u00e9n la aplicaci\u00f3n de los Trece Puntos de Negr\u00edn publicados el 30 de abril \u2014siempre que fueran aplicados tambi\u00e9n al bando franquista\u2014 y, como garant\u00eda de seguridad, se reclamaba la desmilitarizaci\u00f3n de toda la costa Mediterr\u00e1nea, incluida Catalu\u00f1a, la Comunidad Valenciana y las Islas, territorios que el memor\u00e1ndum reclamaba catalanes. Adem\u00e1s, se ofrec\u00eda toda la potencia industrial de las tierras catalanas dentro de Espa\u00f1a para ser puesta al servicio de Francia o Gran Breta\u00f1a en caso de una nueva conflagraci\u00f3n europea, y se inclu\u00eda, tambi\u00e9n, la introducci\u00f3n de una autonom\u00eda gallega. En caso de ser aceptadas y aplicadas las condiciones, se propon\u00eda la celebraci\u00f3n de un plebiscito, al menos cinco a\u00f1os despu\u00e9s y bajo supervisi\u00f3n internacional, a fin de que los propios ciudadanos decidieran el futuro pol\u00edtico de sus territorios, se encontraran bajo control republicano o franquista. Llu\u00eds Crusellas, \u00abFranco no va voler la pau. Gestions de Batista i Roca a Londres\u00bb a Serra d\u2019Or (I\/1979).\n<\/span><\/span>. Los brit\u00e1nicos se guardaron la carta del nacionalismo catal\u00e1n: los contactos perduraron desde el final de la Guerra Civil y hasta el final de la Segunda Guerra Mundial, pero a la liberaci\u00f3n de Par\u00eds y Berl\u00edn, como es sabido, no siguieron ni Barcelona ni Madrid.<\/p>\n\n\n\n<h5 class=\"wp-block-heading\">Conclusiones<\/h5>\n\n\n\n<p>El alcance de la paradiplomacia de Batista i Roca durante el periodo de entreguerras fue limitada debido a la ausencia de los mecanismos estatales y de representaci\u00f3n directa ante la Sociedad de Naciones. Sin embargo, a trav\u00e9s de estrategias de influencia indirecta, como la participaci\u00f3n en el Congreso de las Nacionalidades Europeas, se intent\u00f3 suplir estas carencias, llegando a contactar y enviar informaciones y memor\u00e1ndums a la Sociedad de Naciones y a los delegados de varios pa\u00edses. Los contactos establecidos se aprovechar\u00edan durante la Guerra Civil Espa\u00f1ola para intentar conseguir una paz separada con intervenci\u00f3n de varias potencias y la Sociedad de Naciones, cosa que, finalmente, no pasar\u00eda.<\/p>\n","protected":false},"excerpt":{"rendered":"<p>Josep Maria Batista i Roca (1895-1978) fue el primer intelectual, acad\u00e9mico, universitario, figura de vocaci\u00f3n p\u00fablica, al ser independentista toda su vida, decirlo y actuar en consecuencia . Su acci\u00f3n pol\u00edtica se basaba en el refortalecimiento de Catalu\u00f1a y su esp\u00edritu y conciencia nacionales, en el cultivo del car\u00e1cter y la preparaci\u00f3n de los dirigentes del ma\u00f1ana, inspirado en el modelo brit\u00e1nico. Batista i Roca fue uno de los pocos intelectuales verdaderamente preocupado por establecer una posici\u00f3n catalana en el mundo; una geopol\u00edtica catalana. Lo har\u00eda en cinco ejes: el pancatalanista, el panoccitano, el ib\u00e9rico, el europeo y, finalmente, el\u2026<\/p>\n","protected":false},"author":43,"featured_media":60002,"parent":0,"comment_status":"closed","ping_status":"closed","sticky":false,"template":"","format":"standard","meta":{"_acf_changed":false,"inline_featured_image":false,"_jetpack_memberships_contains_paid_content":false,"footnotes":""},"categories":[485],"tags":[],"segment":[],"subject":[505],"class_list":["post-59987","post","type-post","status-publish","format-standard","has-post-thumbnail","hentry","category-catalunya-i-la-societat-de-nacions-es","subject-catalunya-i-la-societat-de-nacions-es"],"acf":[],"yoast_head":"<!-- This site is optimized with the Yoast SEO plugin v27.5 - https:\/\/yoast.com\/product\/yoast-seo-wordpress\/ -->\n<title>J.M. Batista i Roca: un intelectual independentista en el periodo de entreguerras (1914-1945) &#8211; IDEES<\/title>\n<meta name=\"robots\" content=\"index, follow, max-snippet:-1, max-image-preview:large, max-video-preview:-1\" \/>\n<link rel=\"canonical\" href=\"https:\/\/revistaidees.cat\/es\/j-m-batista-i-roca-un-intelectual-independentista-en-el-periodo-de-entreguerras-1914-1945\/\" \/>\n<meta property=\"og:locale\" content=\"es_ES\" \/>\n<meta property=\"og:type\" content=\"article\" \/>\n<meta property=\"og:title\" content=\"J.M. Batista i Roca: un intelectual independentista en el periodo de entreguerras (1914-1945) &#8211; IDEES\" \/>\n<meta property=\"og:description\" content=\"Josep Maria Batista i Roca (1895-1978) fue el primer intelectual, acad\u00e9mico, universitario, figura de vocaci\u00f3n p\u00fablica, al ser independentista toda su vida, decirlo y actuar en consecuencia . Su acci\u00f3n pol\u00edtica se basaba en el refortalecimiento de Catalu\u00f1a y su esp\u00edritu y conciencia nacionales, en el cultivo del car\u00e1cter y la preparaci\u00f3n de los dirigentes del ma\u00f1ana, inspirado en el modelo brit\u00e1nico. Batista i Roca fue uno de los pocos intelectuales verdaderamente preocupado por establecer una posici\u00f3n catalana en el mundo; una geopol\u00edtica catalana. Lo har\u00eda en cinco ejes: el pancatalanista, el panoccitano, el ib\u00e9rico, el europeo y, finalmente, el\u2026\" \/>\n<meta property=\"og:url\" content=\"https:\/\/revistaidees.cat\/es\/j-m-batista-i-roca-un-intelectual-independentista-en-el-periodo-de-entreguerras-1914-1945\/\" \/>\n<meta property=\"og:site_name\" content=\"IDEES\" \/>\n<meta property=\"article:published_time\" content=\"2022-09-29T09:34:07+00:00\" \/>\n<meta property=\"article:modified_time\" content=\"2023-01-27T15:16:11+00:00\" \/>\n<meta property=\"og:image\" content=\"https:\/\/i0.wp.com\/revistaidees.cat\/wp-content\/uploads\/2022\/09\/10a-ilustracio_2000x800-1-1.jpg?fit=1500%2C800&ssl=1\" \/>\n\t<meta property=\"og:image:width\" content=\"1500\" \/>\n\t<meta property=\"og:image:height\" content=\"800\" \/>\n\t<meta property=\"og:image:type\" content=\"image\/jpeg\" \/>\n<meta name=\"author\" content=\"javi_vass\" \/>\n<meta name=\"twitter:card\" content=\"summary_large_image\" \/>\n<meta name=\"twitter:label1\" content=\"Escrito por\" \/>\n\t<meta name=\"twitter:data1\" content=\"javi_vass\" \/>\n\t<meta name=\"twitter:label2\" content=\"Tiempo de lectura\" \/>\n\t<meta name=\"twitter:data2\" content=\"13 minutos\" \/>\n<script type=\"application\/ld+json\" class=\"yoast-schema-graph\">{\"@context\":\"https:\\\/\\\/schema.org\",\"@graph\":[{\"@type\":\"Article\",\"@id\":\"https:\\\/\\\/revistaidees.cat\\\/es\\\/j-m-batista-i-roca-un-intelectual-independentista-en-el-periodo-de-entreguerras-1914-1945\\\/#article\",\"isPartOf\":{\"@id\":\"https:\\\/\\\/revistaidees.cat\\\/es\\\/j-m-batista-i-roca-un-intelectual-independentista-en-el-periodo-de-entreguerras-1914-1945\\\/\"},\"author\":{\"name\":\"javi_vass\",\"@id\":\"https:\\\/\\\/revistaidees.cat\\\/#\\\/schema\\\/person\\\/f58628a68ad8e913a1f84874cf8e0d2f\"},\"headline\":\"J.M. Batista i Roca: un intelectual independentista en el periodo de entreguerras (1914-1945)\",\"datePublished\":\"2022-09-29T09:34:07+00:00\",\"dateModified\":\"2023-01-27T15:16:11+00:00\",\"mainEntityOfPage\":{\"@id\":\"https:\\\/\\\/revistaidees.cat\\\/es\\\/j-m-batista-i-roca-un-intelectual-independentista-en-el-periodo-de-entreguerras-1914-1945\\\/\"},\"wordCount\":2461,\"image\":{\"@id\":\"https:\\\/\\\/revistaidees.cat\\\/es\\\/j-m-batista-i-roca-un-intelectual-independentista-en-el-periodo-de-entreguerras-1914-1945\\\/#primaryimage\"},\"thumbnailUrl\":\"https:\\\/\\\/i0.wp.com\\\/revistaidees.cat\\\/wp-content\\\/uploads\\\/2022\\\/09\\\/10a-ilustracio_2000x800-1-1.jpg?fit=1500%2C800&ssl=1\",\"articleSection\":[\"Catalu\u00f1a y la Sociedad de Naciones\"],\"inLanguage\":\"es\"},{\"@type\":\"WebPage\",\"@id\":\"https:\\\/\\\/revistaidees.cat\\\/es\\\/j-m-batista-i-roca-un-intelectual-independentista-en-el-periodo-de-entreguerras-1914-1945\\\/\",\"url\":\"https:\\\/\\\/revistaidees.cat\\\/es\\\/j-m-batista-i-roca-un-intelectual-independentista-en-el-periodo-de-entreguerras-1914-1945\\\/\",\"name\":\"J.M. Batista i Roca: un intelectual independentista en el periodo de entreguerras (1914-1945) &#8211; IDEES\",\"isPartOf\":{\"@id\":\"https:\\\/\\\/revistaidees.cat\\\/#website\"},\"primaryImageOfPage\":{\"@id\":\"https:\\\/\\\/revistaidees.cat\\\/es\\\/j-m-batista-i-roca-un-intelectual-independentista-en-el-periodo-de-entreguerras-1914-1945\\\/#primaryimage\"},\"image\":{\"@id\":\"https:\\\/\\\/revistaidees.cat\\\/es\\\/j-m-batista-i-roca-un-intelectual-independentista-en-el-periodo-de-entreguerras-1914-1945\\\/#primaryimage\"},\"thumbnailUrl\":\"https:\\\/\\\/i0.wp.com\\\/revistaidees.cat\\\/wp-content\\\/uploads\\\/2022\\\/09\\\/10a-ilustracio_2000x800-1-1.jpg?fit=1500%2C800&ssl=1\",\"datePublished\":\"2022-09-29T09:34:07+00:00\",\"dateModified\":\"2023-01-27T15:16:11+00:00\",\"author\":{\"@id\":\"https:\\\/\\\/revistaidees.cat\\\/#\\\/schema\\\/person\\\/f58628a68ad8e913a1f84874cf8e0d2f\"},\"breadcrumb\":{\"@id\":\"https:\\\/\\\/revistaidees.cat\\\/es\\\/j-m-batista-i-roca-un-intelectual-independentista-en-el-periodo-de-entreguerras-1914-1945\\\/#breadcrumb\"},\"inLanguage\":\"es\",\"potentialAction\":[{\"@type\":\"ReadAction\",\"target\":[\"https:\\\/\\\/revistaidees.cat\\\/es\\\/j-m-batista-i-roca-un-intelectual-independentista-en-el-periodo-de-entreguerras-1914-1945\\\/\"]}]},{\"@type\":\"ImageObject\",\"inLanguage\":\"es\",\"@id\":\"https:\\\/\\\/revistaidees.cat\\\/es\\\/j-m-batista-i-roca-un-intelectual-independentista-en-el-periodo-de-entreguerras-1914-1945\\\/#primaryimage\",\"url\":\"https:\\\/\\\/i0.wp.com\\\/revistaidees.cat\\\/wp-content\\\/uploads\\\/2022\\\/09\\\/10a-ilustracio_2000x800-1-1.jpg?fit=1500%2C800&ssl=1\",\"contentUrl\":\"https:\\\/\\\/i0.wp.com\\\/revistaidees.cat\\\/wp-content\\\/uploads\\\/2022\\\/09\\\/10a-ilustracio_2000x800-1-1.jpg?fit=1500%2C800&ssl=1\",\"width\":1500,\"height\":800,\"caption\":\"Ilustraci\u00f3n: Jes\u00fas Gald\u00f3n\"},{\"@type\":\"BreadcrumbList\",\"@id\":\"https:\\\/\\\/revistaidees.cat\\\/es\\\/j-m-batista-i-roca-un-intelectual-independentista-en-el-periodo-de-entreguerras-1914-1945\\\/#breadcrumb\",\"itemListElement\":[{\"@type\":\"ListItem\",\"position\":1,\"name\":\"Inici\",\"item\":\"https:\\\/\\\/revistaidees.cat\\\/es\\\/\"},{\"@type\":\"ListItem\",\"position\":2,\"name\":\"J.M. Batista i Roca: un intelectual independentista en el periodo de entreguerras (1914-1945)\"}]},{\"@type\":\"WebSite\",\"@id\":\"https:\\\/\\\/revistaidees.cat\\\/#website\",\"url\":\"https:\\\/\\\/revistaidees.cat\\\/\",\"name\":\"IDEES\",\"description\":\"Revista de temas contempor\u00e1neos\",\"potentialAction\":[{\"@type\":\"SearchAction\",\"target\":{\"@type\":\"EntryPoint\",\"urlTemplate\":\"https:\\\/\\\/revistaidees.cat\\\/?s={search_term_string}\"},\"query-input\":{\"@type\":\"PropertyValueSpecification\",\"valueRequired\":true,\"valueName\":\"search_term_string\"}}],\"inLanguage\":\"es\"},{\"@type\":\"Person\",\"@id\":\"https:\\\/\\\/revistaidees.cat\\\/#\\\/schema\\\/person\\\/f58628a68ad8e913a1f84874cf8e0d2f\",\"name\":\"javi_vass\",\"image\":{\"@type\":\"ImageObject\",\"inLanguage\":\"es\",\"@id\":\"https:\\\/\\\/secure.gravatar.com\\\/avatar\\\/2022787784c2d24252aae0e18b907f5093a1bb5e554d3afdf9cb8ee31c694d3a?s=96&d=mm&r=g\",\"url\":\"https:\\\/\\\/secure.gravatar.com\\\/avatar\\\/2022787784c2d24252aae0e18b907f5093a1bb5e554d3afdf9cb8ee31c694d3a?s=96&d=mm&r=g\",\"contentUrl\":\"https:\\\/\\\/secure.gravatar.com\\\/avatar\\\/2022787784c2d24252aae0e18b907f5093a1bb5e554d3afdf9cb8ee31c694d3a?s=96&d=mm&r=g\",\"caption\":\"javi_vass\"},\"sameAs\":[\"javi_vass\"]}]}<\/script>\n<!-- \/ Yoast SEO plugin. -->","yoast_head_json":{"title":"J.M. Batista i Roca: un intelectual independentista en el periodo de entreguerras (1914-1945) &#8211; IDEES","robots":{"index":"index","follow":"follow","max-snippet":"max-snippet:-1","max-image-preview":"max-image-preview:large","max-video-preview":"max-video-preview:-1"},"canonical":"https:\/\/revistaidees.cat\/es\/j-m-batista-i-roca-un-intelectual-independentista-en-el-periodo-de-entreguerras-1914-1945\/","og_locale":"es_ES","og_type":"article","og_title":"J.M. Batista i Roca: un intelectual independentista en el periodo de entreguerras (1914-1945) &#8211; IDEES","og_description":"Josep Maria Batista i Roca (1895-1978) fue el primer intelectual, acad\u00e9mico, universitario, figura de vocaci\u00f3n p\u00fablica, al ser independentista toda su vida, decirlo y actuar en consecuencia . Su acci\u00f3n pol\u00edtica se basaba en el refortalecimiento de Catalu\u00f1a y su esp\u00edritu y conciencia nacionales, en el cultivo del car\u00e1cter y la preparaci\u00f3n de los dirigentes del ma\u00f1ana, inspirado en el modelo brit\u00e1nico. Batista i Roca fue uno de los pocos intelectuales verdaderamente preocupado por establecer una posici\u00f3n catalana en el mundo; una geopol\u00edtica catalana. Lo har\u00eda en cinco ejes: el pancatalanista, el panoccitano, el ib\u00e9rico, el europeo y, finalmente, el\u2026","og_url":"https:\/\/revistaidees.cat\/es\/j-m-batista-i-roca-un-intelectual-independentista-en-el-periodo-de-entreguerras-1914-1945\/","og_site_name":"IDEES","article_published_time":"2022-09-29T09:34:07+00:00","article_modified_time":"2023-01-27T15:16:11+00:00","og_image":[{"width":1500,"height":800,"url":"https:\/\/i0.wp.com\/revistaidees.cat\/wp-content\/uploads\/2022\/09\/10a-ilustracio_2000x800-1-1.jpg?fit=1500%2C800&ssl=1","type":"image\/jpeg"}],"author":"javi_vass","twitter_card":"summary_large_image","twitter_misc":{"Escrito por":"javi_vass","Tiempo de lectura":"13 minutos"},"schema":{"@context":"https:\/\/schema.org","@graph":[{"@type":"Article","@id":"https:\/\/revistaidees.cat\/es\/j-m-batista-i-roca-un-intelectual-independentista-en-el-periodo-de-entreguerras-1914-1945\/#article","isPartOf":{"@id":"https:\/\/revistaidees.cat\/es\/j-m-batista-i-roca-un-intelectual-independentista-en-el-periodo-de-entreguerras-1914-1945\/"},"author":{"name":"javi_vass","@id":"https:\/\/revistaidees.cat\/#\/schema\/person\/f58628a68ad8e913a1f84874cf8e0d2f"},"headline":"J.M. Batista i Roca: un intelectual independentista en el periodo de entreguerras (1914-1945)","datePublished":"2022-09-29T09:34:07+00:00","dateModified":"2023-01-27T15:16:11+00:00","mainEntityOfPage":{"@id":"https:\/\/revistaidees.cat\/es\/j-m-batista-i-roca-un-intelectual-independentista-en-el-periodo-de-entreguerras-1914-1945\/"},"wordCount":2461,"image":{"@id":"https:\/\/revistaidees.cat\/es\/j-m-batista-i-roca-un-intelectual-independentista-en-el-periodo-de-entreguerras-1914-1945\/#primaryimage"},"thumbnailUrl":"https:\/\/i0.wp.com\/revistaidees.cat\/wp-content\/uploads\/2022\/09\/10a-ilustracio_2000x800-1-1.jpg?fit=1500%2C800&ssl=1","articleSection":["Catalu\u00f1a y la Sociedad de Naciones"],"inLanguage":"es"},{"@type":"WebPage","@id":"https:\/\/revistaidees.cat\/es\/j-m-batista-i-roca-un-intelectual-independentista-en-el-periodo-de-entreguerras-1914-1945\/","url":"https:\/\/revistaidees.cat\/es\/j-m-batista-i-roca-un-intelectual-independentista-en-el-periodo-de-entreguerras-1914-1945\/","name":"J.M. Batista i Roca: un intelectual independentista en el periodo de entreguerras (1914-1945) &#8211; IDEES","isPartOf":{"@id":"https:\/\/revistaidees.cat\/#website"},"primaryImageOfPage":{"@id":"https:\/\/revistaidees.cat\/es\/j-m-batista-i-roca-un-intelectual-independentista-en-el-periodo-de-entreguerras-1914-1945\/#primaryimage"},"image":{"@id":"https:\/\/revistaidees.cat\/es\/j-m-batista-i-roca-un-intelectual-independentista-en-el-periodo-de-entreguerras-1914-1945\/#primaryimage"},"thumbnailUrl":"https:\/\/i0.wp.com\/revistaidees.cat\/wp-content\/uploads\/2022\/09\/10a-ilustracio_2000x800-1-1.jpg?fit=1500%2C800&ssl=1","datePublished":"2022-09-29T09:34:07+00:00","dateModified":"2023-01-27T15:16:11+00:00","author":{"@id":"https:\/\/revistaidees.cat\/#\/schema\/person\/f58628a68ad8e913a1f84874cf8e0d2f"},"breadcrumb":{"@id":"https:\/\/revistaidees.cat\/es\/j-m-batista-i-roca-un-intelectual-independentista-en-el-periodo-de-entreguerras-1914-1945\/#breadcrumb"},"inLanguage":"es","potentialAction":[{"@type":"ReadAction","target":["https:\/\/revistaidees.cat\/es\/j-m-batista-i-roca-un-intelectual-independentista-en-el-periodo-de-entreguerras-1914-1945\/"]}]},{"@type":"ImageObject","inLanguage":"es","@id":"https:\/\/revistaidees.cat\/es\/j-m-batista-i-roca-un-intelectual-independentista-en-el-periodo-de-entreguerras-1914-1945\/#primaryimage","url":"https:\/\/i0.wp.com\/revistaidees.cat\/wp-content\/uploads\/2022\/09\/10a-ilustracio_2000x800-1-1.jpg?fit=1500%2C800&ssl=1","contentUrl":"https:\/\/i0.wp.com\/revistaidees.cat\/wp-content\/uploads\/2022\/09\/10a-ilustracio_2000x800-1-1.jpg?fit=1500%2C800&ssl=1","width":1500,"height":800,"caption":"Ilustraci\u00f3n: Jes\u00fas Gald\u00f3n"},{"@type":"BreadcrumbList","@id":"https:\/\/revistaidees.cat\/es\/j-m-batista-i-roca-un-intelectual-independentista-en-el-periodo-de-entreguerras-1914-1945\/#breadcrumb","itemListElement":[{"@type":"ListItem","position":1,"name":"Inici","item":"https:\/\/revistaidees.cat\/es\/"},{"@type":"ListItem","position":2,"name":"J.M. Batista i Roca: un intelectual independentista en el periodo de entreguerras (1914-1945)"}]},{"@type":"WebSite","@id":"https:\/\/revistaidees.cat\/#website","url":"https:\/\/revistaidees.cat\/","name":"IDEES","description":"Revista de temas contempor\u00e1neos","potentialAction":[{"@type":"SearchAction","target":{"@type":"EntryPoint","urlTemplate":"https:\/\/revistaidees.cat\/?s={search_term_string}"},"query-input":{"@type":"PropertyValueSpecification","valueRequired":true,"valueName":"search_term_string"}}],"inLanguage":"es"},{"@type":"Person","@id":"https:\/\/revistaidees.cat\/#\/schema\/person\/f58628a68ad8e913a1f84874cf8e0d2f","name":"javi_vass","image":{"@type":"ImageObject","inLanguage":"es","@id":"https:\/\/secure.gravatar.com\/avatar\/2022787784c2d24252aae0e18b907f5093a1bb5e554d3afdf9cb8ee31c694d3a?s=96&d=mm&r=g","url":"https:\/\/secure.gravatar.com\/avatar\/2022787784c2d24252aae0e18b907f5093a1bb5e554d3afdf9cb8ee31c694d3a?s=96&d=mm&r=g","contentUrl":"https:\/\/secure.gravatar.com\/avatar\/2022787784c2d24252aae0e18b907f5093a1bb5e554d3afdf9cb8ee31c694d3a?s=96&d=mm&r=g","caption":"javi_vass"},"sameAs":["javi_vass"]}]}},"jetpack_featured_media_url":"https:\/\/i0.wp.com\/revistaidees.cat\/wp-content\/uploads\/2022\/09\/10a-ilustracio_2000x800-1-1.jpg?fit=1500%2C800&ssl=1","jetpack_sharing_enabled":true,"_links":{"self":[{"href":"https:\/\/revistaidees.cat\/es\/wp-json\/wp\/v2\/posts\/59987","targetHints":{"allow":["GET"]}}],"collection":[{"href":"https:\/\/revistaidees.cat\/es\/wp-json\/wp\/v2\/posts"}],"about":[{"href":"https:\/\/revistaidees.cat\/es\/wp-json\/wp\/v2\/types\/post"}],"author":[{"embeddable":true,"href":"https:\/\/revistaidees.cat\/es\/wp-json\/wp\/v2\/users\/43"}],"replies":[{"embeddable":true,"href":"https:\/\/revistaidees.cat\/es\/wp-json\/wp\/v2\/comments?post=59987"}],"version-history":[{"count":20,"href":"https:\/\/revistaidees.cat\/es\/wp-json\/wp\/v2\/posts\/59987\/revisions"}],"predecessor-version":[{"id":61505,"href":"https:\/\/revistaidees.cat\/es\/wp-json\/wp\/v2\/posts\/59987\/revisions\/61505"}],"wp:featuredmedia":[{"embeddable":true,"href":"https:\/\/revistaidees.cat\/es\/wp-json\/wp\/v2\/media\/60002"}],"wp:attachment":[{"href":"https:\/\/revistaidees.cat\/es\/wp-json\/wp\/v2\/media?parent=59987"}],"wp:term":[{"taxonomy":"category","embeddable":true,"href":"https:\/\/revistaidees.cat\/es\/wp-json\/wp\/v2\/categories?post=59987"},{"taxonomy":"post_tag","embeddable":true,"href":"https:\/\/revistaidees.cat\/es\/wp-json\/wp\/v2\/tags?post=59987"},{"taxonomy":"segment","embeddable":true,"href":"https:\/\/revistaidees.cat\/es\/wp-json\/wp\/v2\/segment?post=59987"},{"taxonomy":"subject","embeddable":true,"href":"https:\/\/revistaidees.cat\/es\/wp-json\/wp\/v2\/subject?post=59987"}],"curies":[{"name":"wp","href":"https:\/\/api.w.org\/{rel}","templated":true}]}}