{"id":60373,"date":"2022-11-22T11:51:37","date_gmt":"2022-11-22T09:51:37","guid":{"rendered":"https:\/\/revistaidees.cat\/violencia-obstetrica-i-vulneracio-dels-drets-sexuals-i-reproductius\/"},"modified":"2023-02-13T13:59:19","modified_gmt":"2023-02-13T11:59:19","slug":"violencia-obstetrica-y-vulneracion-de-los-derechos-sexuales-y-reproductivos","status":"publish","type":"post","link":"https:\/\/revistaidees.cat\/es\/violencia-obstetrica-y-vulneracion-de-los-derechos-sexuales-y-reproductivos\/","title":{"rendered":"Violencia obst\u00e9trica y vulneraci\u00f3n de los derechos sexuales y reproductivos"},"content":{"rendered":"\n<h5 class=\"wp-block-heading\">Conceptualizaci\u00f3n de los derechos sexuales y reproductivos<\/h5>\n\n\n\n<p>Los derechos sexuales y reproductivos son un conjunto de derechos relacionados con la dimensi\u00f3n de la sexualidad y la reproducci\u00f3n que est\u00e1n en constante evoluci\u00f3n. Concretamente, los derechos sexuales se basan en el reconocimiento de las mujeres como seres sexuales, y de la sexualidad como parte integrante de su personalidad e identidad. Los derechos sexuales y reproductivos recogen el derecho de todas las personas a disfrutar de una vida sexual satisfactoria y placentera, y tambi\u00e9n a poder manifestar la opci\u00f3n y la identidad sexual y de g\u00e9nero deseada.<\/p>\n\n\n\n<p>Por otra parte, los derechos reproductivos se refieren a la autodeterminaci\u00f3n reproductiva de las personas y consideran la reproducci\u00f3n como una opci\u00f3n, ya que consideran la capacidad reproductiva de las mujeres como una posibilidad que se puede desarrollar o no. Por lo tanto, garantizan el reconocimiento del derecho a adoptar decisiones sobre su vida reproductiva, a decidirse si se quiere tener hijas o hijos, el n\u00famero, el momento, etc.<\/p>\n\n\n\n<p>Los derechos sexuales y reproductivos, para materializarse, necesitan de un marco \u00e9tico y respetuoso con los derechos del resto de personas, y parten del reconocimiento de la sexualidad a lo largo de todo el ciclo vital, es decir, que las personas desde que nacemos hasta que morimos somos seres sexuales que tenemos que poder ejercer estos derechos <span class=\"note-item\"><a href=\"#note-01\" class=\"scroll-to\">[1]<\/a><span class=\"note-item-tooltip\">1 \u2014 Montero, Justa (2013). Tribunal Internacional de Derechos de las Mujeres, Viena+20, Euskalherria 2013 [disponible en l\u00ednea]. Biscaia. Consulta: 11 de octubre de 2022.\n<\/span><\/span>.<\/p>\n\n\n\n<div class=\"wp-block-columns is-layout-flex wp-container-core-columns-is-layout-9d6595d7 wp-block-columns-is-layout-flex\">\n<div class=\"wp-block-column is-layout-flow wp-block-column-is-layout-flow\" style=\"flex-basis:33.33%\">\n<blockquote class=\"wp-block-quote is-style-large is-layout-flow wp-block-quote-is-layout-flow\">\n<p>Los derechos sexuales y reproductivos sintetitzan la aplicaci\u00f3n concreta de los derechos humanos en relaci\u00f3n a la sexualidad y a la reproducci\u00f3n<\/p>\n<\/blockquote>\n<\/div>\n\n\n\n<div class=\"wp-block-column is-layout-flow wp-block-column-is-layout-flow\" style=\"flex-basis:66.66%\">\n<p>De forma resumida, podemos afirmar que los derechos sexuales y reproductivos sintetizan la aplicaci\u00f3n concreta de los derechos humanos con respecto a la sexualidad y la reproducci\u00f3n, es decir, hacen referencia a derechos fundamentales de toda la poblaci\u00f3n sin excepciones, que tienen que ser garantizados y protegidos. No obstante, como veremos, todav\u00eda hay un largo camino por delante a fin de que esta garant\u00eda sea efectiva para todo el mundo.<\/p>\n<\/div>\n<\/div>\n\n\n\n<h5 class=\"wp-block-heading\">Origen de los derechos sexuales y reproductivos<\/h5>\n\n\n\n<p>La definici\u00f3n y articulaci\u00f3n de estos derechos ha sido gradual y fundamentalmente recogida en una serie de acuerdos, tratados, convenciones y conferencias internacionales, mayoritariamente no vinculantes, pero que han ido contribuyendo a forjar un marco com\u00fan de referencia con respecto a la orientaci\u00f3n de las pol\u00edticas p\u00fablicas de los Estados en esta materia. Hay que destacar algunos de estos acuerdos internacionales por la importancia de sus contribuciones.<\/p>\n\n\n\n<p>En primer lugar, la Convenci\u00f3n sobre la eliminaci\u00f3n de todas las formas de discriminaci\u00f3n contra la mujer (CEDAW), que se aprueba en 1979, hace un reconocimiento de los derechos de las mujeres como derechos humanos, y recoge el derecho a la informaci\u00f3n sobre la planificaci\u00f3n familiar. En segundo lugar, la Conferencia Internacional sobre Poblaci\u00f3n y Desarrollo (CIPD), celebrada en El Cairo en 1994, donde se adoptaron la inclusi\u00f3n de los t\u00e9rminos salud sexual y salud reproductiva, que sustitu\u00edan los conceptos de salud materno-infantil y planificaci\u00f3n familiar que hab\u00edan funcionado hasta el momento. Esta definici\u00f3n superaba el \u00e9nfasis en los objetivos demogr\u00e1ficos y reconoc\u00eda que las personas son el eje central del desarrollo, entendiendo que los derechos reproductivos contribuyen a mejorar la calidad de vida de las personas. De esta manera, tambi\u00e9n, se reconoc\u00eda el derecho a la salud sexual y reproductiva propia de las mujeres sin necesidad de vincularlo al proceso de embarazo y la maternidad, como hab\u00eda sido hasta entonces. En tercer lugar, la IV Conferencia Mundial sobre la Mujer de Naciones Unidas (Beijing, 1995), en las que se introdujeron por primera vez los conceptos de derechos sexuales y reproductivos.<\/p>\n\n\n\n<p>A pesar de los avances, la construcci\u00f3n de los derechos sexuales y reproductivos acumula un historial de vulneraciones que se extiende por todo el mundo y que llega hasta el momento actual. Todas estas vulneraciones tienen un rasgo com\u00fan: impedir que las mujeres tengan el pleno control sobre su sexualidad y reproducci\u00f3n. Por ejemplo, en la d\u00e9cada de 1960 la orientaci\u00f3n y la motivaci\u00f3n para el establecimiento de estos incipientes derechos sexuales y reproductivos se basaba en la preocupaci\u00f3n de los pa\u00edses del norte global por el r\u00e1pido crecimiento poblacional del sur global, y surgieron pol\u00edticas que influ\u00edan en el comportamiento reproductivo de las personas, por lo tanto, m\u00e1s que un reconocimiento de los derechos de las mujeres, tal como los conocemos en la actualidad, la motivaci\u00f3n para el establecimiento de estos derechos era puramente pragm\u00e1tica: controlar la demograf\u00eda de determinados pa\u00edses a trav\u00e9s del control de natalidad <span class=\"note-item\"><a href=\"#note-02\" class=\"scroll-to\">[2]<\/a><span class=\"note-item-tooltip\">2 \u2014 Turner, Susan (2001). \u00abLos derechos sexuales y reproductivos y su incidencia en la esterilizaci\u00f3n y procreaci\u00f3n asistida\u00bb. Revista de derecho, n\u00fam. 12 (2), p. 207\u2013216.\n<\/span><\/span>. <\/p>\n\n\n\n<p>Un claro ejemplo de eso lo encontramos cuando las mujeres del sur global, fundamentalmente africanas y latinoamericanas, fueron esterilizadas sin su conocimiento o consentimiento informado; o en la pol\u00edtica del hijo \u00fanico en China, que comport\u00f3 el aborto forzoso para muchas mujeres <span class=\"note-item\"><a href=\"#note-03\" class=\"scroll-to\">[3]<\/a><span class=\"note-item-tooltip\">3 \u2014 Joffe, Carole; Reich, Jennifer (2014). \u00abReproduction and the Public Interest in Private Acts\u00bb. En: Joffe, C; Reich, J. Reproduction and Society: Interdisciplinary Readings. Nueva York: Routledge.\n<\/span><\/span>. La prohibici\u00f3n y las serias limitaciones de las leyes de aborto en muchos otros pa\u00edses y tambi\u00e9n en nuestra casa, que arrojan las mujeres a situaciones de peligro para sus vidas, es otro ejemplo. Se estima que estas prohibiciones y limitaciones causan 25 millones de abortos inseguros al a\u00f1o en el mundo <span class=\"note-item\"><a href=\"#note-04\" class=\"scroll-to\">[4]<\/a><span class=\"note-item-tooltip\">4 \u2014 En: Joffe, C; Reich, J. (2014). Reproduction and Society: Interdisciplinary Readings. Nueva York: Routledge.\n<\/span><\/span>.<\/p>\n\n\n\n<p>Por \u00faltimo, aunque los derechos sexuales son universales \u2014y por lo tanto todas las personas, sin ning\u00fan tipo de discriminaci\u00f3n, tienen el derecho a disfrutar plenamente\u2014, acceder a ellos es estratificado <span class=\"note-item\"><a href=\"#note-05\" class=\"scroll-to\">[5]<\/a><span class=\"note-item-tooltip\">5 \u2014 V\u00e9ase:\n\nColen, Shellee (1995). Like a Mother to Them: stratified reproduction and West Indian Childcare Workers and Employers in New York. Conceiving the New World Order: The Global Politics of Reproduction. Berkeley: University of California Press.\n\n&nbsp;\n\nRapp, Rayna (2001). \u00abGender, body, biomedicine: how some feminist concerns dragged reproduction to the center of social theory\u00bb. Medical Anthropology Quarterly, n\u00fam. 15 (4), p. 466-477.\n\n<\/span><\/span>; es decir, cuestiones como el origen, el idioma, la situaci\u00f3n de irregularidad administrativa, la identidad o la discapacidad, entre otros, pueden condicionar la viabilidad de determinadas elecciones cuando se cumple uno o diversos de estos condicionantes, mientras que para&nbsp;otras personas estos derechos son m\u00e1s f\u00e1ciles de alcanzar a pesar de las limitaciones que presentan <em>per se<\/em>.<\/p>\n\n\n\n<p>En el caso de los derechos reproductivos, un ejemplo de reproducci\u00f3n estratificada indica que ciertas categor\u00edas de personas en una sociedad son estimuladas para reproducirse y ser madres y padres, pero otras no. Esta teor\u00eda sugiere que el control de las capacidades reproductivas de cada persona est\u00e1 distribuida de manera desigual en la sociedad y est\u00e1 estratificada en base a ejes como el g\u00e9nero, la discapacidad o el origen. Esta estratificaci\u00f3n la consolidan las pol\u00edticas p\u00fablicas, las ideolog\u00edas y las pr\u00e1cticas empresariales privadas.<\/p>\n\n\n\n<div class=\"wp-block-columns is-layout-flex wp-container-core-columns-is-layout-9d6595d7 wp-block-columns-is-layout-flex\">\n<div class=\"wp-block-column is-layout-flow wp-block-column-is-layout-flow\" style=\"flex-basis:33.33%\">\n<blockquote class=\"wp-block-quote is-style-large is-layout-flow wp-block-quote-is-layout-flow\">\n<p>Las prohibiciones y las limitacions de las leyes del aborto llevan a las mujeres a situaciones de peligro para sus vidas, causando cada a\u00f1o unos 25 millones de abortos inseguros en todo el mundo<\/p>\n<\/blockquote>\n<\/div>\n\n\n\n<div class=\"wp-block-column is-layout-flow wp-block-column-is-layout-flow\" style=\"flex-basis:66.66%\">\n<p>En el \u00e1mbito de los derechos sexuales, una muestra de esta estratificaci\u00f3n la encontramos, por ejemplo, en la dificultad de acceso a la educaci\u00f3n y la informaci\u00f3n en las sexualidades en determinados momentos del ciclo vital, por ejemplo, en la infancia, en la juventud o en la vejez, ya que tradicionalmente estas franjas de edad quedan excluidas de la sexualidad porque parecer\u00eda que la sexualidad es s\u00f3lo adecuada para una franja de edad determinada, la vida adulta. No obstante, la sexualidad es un proceso que empieza en el momento de nacer y se va construyendo a lo largo de toda la vida. Adem\u00e1s, es esencial en nuestro desarrollo como personas. Otro ejemplo lo encontramos en la falta de acceso a la educaci\u00f3n en sexualidades de las personas con discapacidad, dado que tampoco son vistas como personas susceptibles de ser personas con sexualidad.<\/p>\n<\/div>\n<\/div>\n\n\n\n<h5 class=\"wp-block-heading\">La inclusi\u00f3n de la violencia obst\u00e9trica en la ley: implicaciones<\/h5>\n\n\n\n<p>La violencia obst\u00e9trica hace referencia a un conjunto de pr\u00e1cticas que degradan, oprimen e intimidan a las mujeres y personas con capacidad de gestar de diferentes maneras en el marco de la atenci\u00f3n a la salud reproductiva, fundamentalmente en el periodo del embarazo, parte y postparto. Se trata de una violaci\u00f3n de los derechos reproductivos de las mujeres. Puede ser f\u00edsica, por ejemplo, a trav\u00e9s del uso de procedimientos innecesarios en el embarazo y el parto, y tambi\u00e9n debido a la falta de respeto en los ritmos naturales del parto, la sobreintervenci\u00f3n o la sobremedicalizaci\u00f3n; y tambi\u00e9n puede expresarse como una violencia psicol\u00f3gica, por ejemplo, a trav\u00e9s de la infantilizaci\u00f3n de las mujeres, la omisi\u00f3n de informaci\u00f3n, del trato despectivo y humillante o bien el desprecio de las necesidades emocionales de las mujeres y personas con capacidad de gestar.<\/p>\n\n\n\n<p>Decimos que la violencia obst\u00e9trica es una violencia machista porque tiene lugar en un contexto patriarcal que ejerce una influencia en las pr\u00e1cticas de atenci\u00f3n sanitaria realizadas a las mujeres en la etapa reproductiva y perinatal.&nbsp;Al mismo tiempo, podemos tambi\u00e9n considerarla una violencia institucional dado que se reproduce por parte del personal de instituciones p\u00fablicas y tiene como resultado el impedimento del ejercicio de los derechos que garantizan una vida libre de violencias machistas.<\/p>\n\n\n\n<p>Finalmente, como cualquier otra forma de violencia machista, se refuerza por la intersecci\u00f3n de los diferentes ejes de opresi\u00f3n. Por ejemplo, esta violencia es vivida con m\u00e1s frecuencia por las mujeres j\u00f3venes gestantes, las mujeres con discapacidad, y las mujeres migrantes o racializadas, entre otros. Adem\u00e1s, esta violencia ha sido tradicionalmente invisibilizada, por cuestiones comunes a los temas con un componente de g\u00e9nero, como el machismo, los prejuicios y el desconocimiento por parte de la sociedad, y tambi\u00e9n debido a los sesgos espec\u00edficos del g\u00e9nero como categor\u00eda anal\u00edtica en el \u00e1mbito de la salud.<\/p>\n\n\n\n<h5 class=\"wp-block-heading\">La inclusi\u00f3n de la protecci\u00f3n de los derechos sexuales y reproductivos y la violencia obst\u00e9trica en la normativa catalana, y su importancia en el contexto actual<\/h5>\n\n\n\n<p>Las leyes son instrumentos necesarios para garantizar derechos exigidos socialmente. En este sentido, la Ley 5\/2008 es un buen ejemplo, ya que nace, entre otros, de la interpelaci\u00f3n de los movimientos feministas en Catalunya.<\/p>\n\n\n\n<p>Aunque la Ley 5\/2008 ya recog\u00eda la vulneraci\u00f3n de los derechos sexuales y reproductivos como una expresi\u00f3n de la violencia machista en el \u00e1mbito social y comunitario, con la modificaci\u00f3n de la ley, la violencia obst\u00e9trica y la vulneraci\u00f3n de los derechos sexuales y reproductivos pasan a ser tambi\u00e9n una forma de ejercer, de manera puntual o reiterada, la violencia machista. La diferencia fundamental radica en el hecho de que, al tratarse de una forma, tiene su especificidad en las pr\u00e1cticas que la configuran, y puede expresarse tambi\u00e9n a trav\u00e9s de otras formas como la violencia psicol\u00f3gica, f\u00edsica o institucional.<\/p>\n\n\n\n<p>Concretamente, la modificaci\u00f3n que se recoge como vulneraci\u00f3n de los derechos sexuales y reproductivos consiste en impedir o dificultar el acceso a informaci\u00f3n veraz y necesaria para la toma de decisiones aut\u00f3nomas e informadas, y eso puede impedir o dificultar que las mujeres puedan tomar decisiones sobre sus pr\u00e1cticas y preferencias sexuales, as\u00ed como sobre su reproducci\u00f3n. Algunas de las expresiones que recoge la ley como muestra de esta vulneraci\u00f3n son la dificultad para acceder a los m\u00e9todos contraceptivos y a los m\u00e9todos de prevenci\u00f3n de infecciones de transmisi\u00f3n sexual y del VIH. El acceso a la reproducci\u00f3n asistida, el embarazo forzado, la esterilizaci\u00f3n forzada, el impedimento del aborto en los supuestos legalmente establecidos, as\u00ed como todas aquellas pr\u00e1cticas ginecol\u00f3gicas y obst\u00e9tricas que no respeten las decisiones, el cuerpo o la salud y los procesos emocionales de las mujeres.&nbsp;<\/p>\n\n\n\n<p>Por otra parte, la modificaci\u00f3n de la ley, con la inclusi\u00f3n de la interseccionalidad como caracter\u00edstica a cumplir de todas las pol\u00edticas p\u00fablicas es un adelanto que habr\u00e1 que ver como se materializa, pero que, de partida, debe tener en cuenta las condiciones socioecon\u00f3micas y culturales de las personas, as\u00ed como los itinerarios vitales que sit\u00faan las mujeres de forma diferente en las jerarqu\u00edas sociales y, por lo tanto, con desiguales posibilidades para ejercer los derechos. Por eso, garantizar el disfrute de los derechos en condiciones de igualdad y dignidad requiere conocer y reconocer las situaciones y necesidades particulares de las mujeres <span class=\"note-item\"><a href=\"#note-06\" class=\"scroll-to\">[6]<\/a><span class=\"note-item-tooltip\">6 \u2014 Montero, Justa (2013). Tribunal Internacional de Derechos de las Mujeres, Viena+20, Euskalherria 2013 [disponible en l\u00ednea]. Biscaia. Consulta: 11 de octubre de 2022.\n<\/span><\/span>.<\/p>\n\n\n\n<p>Esta modificaci\u00f3n tambi\u00e9n es especialmente relevante en el momento actual. Aunque el embate contra los derechos sexuales y reproductivos ha sido una constante, en la actualidad, el ataque a estos derechos ha adquirido una nueva dimensi\u00f3n. La historia de alianza del poder econ\u00f3mico, pol\u00edtico y religioso alcanza una nueva dimensi\u00f3n, y los ataques perpetrados por los grupos antiderechos tienen como objetivos estrat\u00e9gicos cuestiones clave como el aborto, la identidad de g\u00e9nero o la educaci\u00f3n en sexualidades. La elecci\u00f3n de estas cuestiones no es nada insignificante porque estos derechos est\u00e1n profundamente arraigados en la autonom\u00eda sexual y reproductiva y la autodeterminaci\u00f3n.<\/p>\n\n\n\n<div class=\"wp-block-columns is-layout-flex wp-container-core-columns-is-layout-9d6595d7 wp-block-columns-is-layout-flex\">\n<div class=\"wp-block-column is-layout-flow wp-block-column-is-layout-flow\" style=\"flex-basis:33.33%\">\n<blockquote class=\"wp-block-quote is-style-large is-layout-flow wp-block-quote-is-layout-flow\">\n<p>En la actualidad, los ataques contra los derechos sexuales y reproductivos han adquirido una nueva dimensi\u00f3n: los grupos antiderechos tienen como objectivos estrat\u00e9gicos cuestiones clave como el aborto, la identidad de g\u00e9nero o la educaci\u00f3n en sexualidades<\/p>\n<\/blockquote>\n<\/div>\n\n\n\n<div class=\"wp-block-column is-layout-flow wp-block-column-is-layout-flow\" style=\"flex-basis:66.66%\">\n<p>Por \u00faltimo, la inclusi\u00f3n de la violencia obst\u00e9trica y la vulneraci\u00f3n de los derechos sexuales y reproductivos en la ley nos plantea una serie de retos, como pensar cu\u00e1l es la prevenci\u00f3n que necesitamos hacer de estas violencias. Otras cuestiones importantes tienen que ver con la recuperaci\u00f3n y la reparaci\u00f3n. Tambi\u00e9n la introducci\u00f3n de la diligencia debida \u2014entendida como la obligaci\u00f3n de los poderes p\u00fablicos de adoptar medidas legislativas y de cualquier otro orden para actuar con la agilidad y eficiencia necesarias y asegurarse de que las autoridades, el personal, los agentes, las entidades p\u00fablicas y los otros actores que act\u00faan en nombre de estos poderes p\u00fablicos se comportar\u00e1n de acuerdo con esta obligaci\u00f3n, con vistas a prevenir, investigar, perseguir, castigar y reparar adecuadamente los actos de violencia machista y proteger a las v\u00edctimas\u2014 nos obliga a trabajar no s\u00f3lo para garantizar estos derechos sino tambi\u00e9n para detectar las omisiones que constituyen tambi\u00e9n una vulneraci\u00f3n.<\/p>\n<\/div>\n<\/div>\n","protected":false},"excerpt":{"rendered":"<p>Conceptualizaci\u00f3n de los derechos sexuales y reproductivos Los derechos sexuales y reproductivos son un conjunto de derechos relacionados con la dimensi\u00f3n de la sexualidad y la reproducci\u00f3n que est\u00e1n en constante evoluci\u00f3n. Concretamente, los derechos sexuales se basan en el reconocimiento de las mujeres como seres sexuales, y de la sexualidad como parte integrante de su personalidad e identidad. Los derechos sexuales y reproductivos recogen el derecho de todas las personas a disfrutar de una vida sexual satisfactoria y placentera, y tambi\u00e9n a poder manifestar la opci\u00f3n y la identidad sexual y de g\u00e9nero deseada. Por otra parte, los derechos\u2026<\/p>\n","protected":false},"author":3,"featured_media":61879,"parent":0,"comment_status":"closed","ping_status":"closed","sticky":false,"template":"","format":"standard","meta":{"_acf_changed":false,"inline_featured_image":false,"_jetpack_memberships_contains_paid_content":false,"footnotes":""},"categories":[494],"tags":[],"segment":[],"subject":[],"class_list":["post-60373","post","type-post","status-publish","format-standard","has-post-thumbnail","hentry","category-noves-formes-de-violencies-masclistes-reconegudes-es"],"acf":[],"yoast_head":"<!-- This site is optimized with the Yoast SEO plugin v27.5 - https:\/\/yoast.com\/product\/yoast-seo-wordpress\/ -->\n<title>Violencia obst\u00e9trica y vulneraci\u00f3n de los derechos sexuales y reproductivos &#8211; IDEES<\/title>\n<meta name=\"robots\" content=\"index, follow, max-snippet:-1, max-image-preview:large, max-video-preview:-1\" \/>\n<link rel=\"canonical\" href=\"https:\/\/revistaidees.cat\/es\/violencia-obstetrica-y-vulneracion-de-los-derechos-sexuales-y-reproductivos\/\" \/>\n<meta property=\"og:locale\" content=\"es_ES\" \/>\n<meta property=\"og:type\" content=\"article\" \/>\n<meta property=\"og:title\" content=\"Violencia obst\u00e9trica y vulneraci\u00f3n de los derechos sexuales y reproductivos &#8211; IDEES\" \/>\n<meta property=\"og:description\" content=\"Conceptualizaci\u00f3n de los derechos sexuales y reproductivos Los derechos sexuales y reproductivos son un conjunto de derechos relacionados con la dimensi\u00f3n de la sexualidad y la reproducci\u00f3n que est\u00e1n en constante evoluci\u00f3n. Concretamente, los derechos sexuales se basan en el reconocimiento de las mujeres como seres sexuales, y de la sexualidad como parte integrante de su personalidad e identidad. Los derechos sexuales y reproductivos recogen el derecho de todas las personas a disfrutar de una vida sexual satisfactoria y placentera, y tambi\u00e9n a poder manifestar la opci\u00f3n y la identidad sexual y de g\u00e9nero deseada. Por otra parte, los derechos\u2026\" \/>\n<meta property=\"og:url\" content=\"https:\/\/revistaidees.cat\/es\/violencia-obstetrica-y-vulneracion-de-los-derechos-sexuales-y-reproductivos\/\" \/>\n<meta property=\"og:site_name\" content=\"IDEES\" \/>\n<meta property=\"article:published_time\" content=\"2022-11-22T09:51:37+00:00\" \/>\n<meta property=\"article:modified_time\" content=\"2023-02-13T11:59:19+00:00\" \/>\n<meta property=\"og:image\" content=\"https:\/\/i0.wp.com\/revistaidees.cat\/wp-content\/uploads\/2023\/02\/GEN-CAT-Violencies-Masclistes_09-B.jpg?fit=1024%2C512&ssl=1\" \/>\n\t<meta property=\"og:image:width\" content=\"1024\" \/>\n\t<meta property=\"og:image:height\" content=\"512\" \/>\n\t<meta property=\"og:image:type\" content=\"image\/jpeg\" \/>\n<meta name=\"author\" content=\"maria\" \/>\n<meta name=\"twitter:card\" content=\"summary_large_image\" \/>\n<meta name=\"twitter:label1\" content=\"Escrito por\" \/>\n\t<meta name=\"twitter:data1\" content=\"maria\" \/>\n\t<meta name=\"twitter:label2\" content=\"Tiempo de lectura\" \/>\n\t<meta name=\"twitter:data2\" content=\"12 minutos\" \/>\n<script type=\"application\/ld+json\" class=\"yoast-schema-graph\">{\"@context\":\"https:\\\/\\\/schema.org\",\"@graph\":[{\"@type\":\"Article\",\"@id\":\"https:\\\/\\\/revistaidees.cat\\\/es\\\/violencia-obstetrica-y-vulneracion-de-los-derechos-sexuales-y-reproductivos\\\/#article\",\"isPartOf\":{\"@id\":\"https:\\\/\\\/revistaidees.cat\\\/es\\\/violencia-obstetrica-y-vulneracion-de-los-derechos-sexuales-y-reproductivos\\\/\"},\"author\":{\"name\":\"maria\",\"@id\":\"https:\\\/\\\/revistaidees.cat\\\/#\\\/schema\\\/person\\\/23b13c8d154c858b03b5b4905ae0d5f6\"},\"headline\":\"Violencia obst\u00e9trica y vulneraci\u00f3n de los derechos sexuales y reproductivos\",\"datePublished\":\"2022-11-22T09:51:37+00:00\",\"dateModified\":\"2023-02-13T11:59:19+00:00\",\"mainEntityOfPage\":{\"@id\":\"https:\\\/\\\/revistaidees.cat\\\/es\\\/violencia-obstetrica-y-vulneracion-de-los-derechos-sexuales-y-reproductivos\\\/\"},\"wordCount\":2395,\"image\":{\"@id\":\"https:\\\/\\\/revistaidees.cat\\\/es\\\/violencia-obstetrica-y-vulneracion-de-los-derechos-sexuales-y-reproductivos\\\/#primaryimage\"},\"thumbnailUrl\":\"https:\\\/\\\/i0.wp.com\\\/revistaidees.cat\\\/wp-content\\\/uploads\\\/2023\\\/02\\\/GEN-CAT-Violencies-Masclistes_09-B.jpg?fit=1024%2C512&ssl=1\",\"articleSection\":[\"Nuevas formas de violencias machistas reconocidas\"],\"inLanguage\":\"es\"},{\"@type\":\"WebPage\",\"@id\":\"https:\\\/\\\/revistaidees.cat\\\/es\\\/violencia-obstetrica-y-vulneracion-de-los-derechos-sexuales-y-reproductivos\\\/\",\"url\":\"https:\\\/\\\/revistaidees.cat\\\/es\\\/violencia-obstetrica-y-vulneracion-de-los-derechos-sexuales-y-reproductivos\\\/\",\"name\":\"Violencia obst\u00e9trica y vulneraci\u00f3n de los derechos sexuales y reproductivos &#8211; IDEES\",\"isPartOf\":{\"@id\":\"https:\\\/\\\/revistaidees.cat\\\/#website\"},\"primaryImageOfPage\":{\"@id\":\"https:\\\/\\\/revistaidees.cat\\\/es\\\/violencia-obstetrica-y-vulneracion-de-los-derechos-sexuales-y-reproductivos\\\/#primaryimage\"},\"image\":{\"@id\":\"https:\\\/\\\/revistaidees.cat\\\/es\\\/violencia-obstetrica-y-vulneracion-de-los-derechos-sexuales-y-reproductivos\\\/#primaryimage\"},\"thumbnailUrl\":\"https:\\\/\\\/i0.wp.com\\\/revistaidees.cat\\\/wp-content\\\/uploads\\\/2023\\\/02\\\/GEN-CAT-Violencies-Masclistes_09-B.jpg?fit=1024%2C512&ssl=1\",\"datePublished\":\"2022-11-22T09:51:37+00:00\",\"dateModified\":\"2023-02-13T11:59:19+00:00\",\"author\":{\"@id\":\"https:\\\/\\\/revistaidees.cat\\\/#\\\/schema\\\/person\\\/23b13c8d154c858b03b5b4905ae0d5f6\"},\"breadcrumb\":{\"@id\":\"https:\\\/\\\/revistaidees.cat\\\/es\\\/violencia-obstetrica-y-vulneracion-de-los-derechos-sexuales-y-reproductivos\\\/#breadcrumb\"},\"inLanguage\":\"es\",\"potentialAction\":[{\"@type\":\"ReadAction\",\"target\":[\"https:\\\/\\\/revistaidees.cat\\\/es\\\/violencia-obstetrica-y-vulneracion-de-los-derechos-sexuales-y-reproductivos\\\/\"]}]},{\"@type\":\"ImageObject\",\"inLanguage\":\"es\",\"@id\":\"https:\\\/\\\/revistaidees.cat\\\/es\\\/violencia-obstetrica-y-vulneracion-de-los-derechos-sexuales-y-reproductivos\\\/#primaryimage\",\"url\":\"https:\\\/\\\/i0.wp.com\\\/revistaidees.cat\\\/wp-content\\\/uploads\\\/2023\\\/02\\\/GEN-CAT-Violencies-Masclistes_09-B.jpg?fit=1024%2C512&ssl=1\",\"contentUrl\":\"https:\\\/\\\/i0.wp.com\\\/revistaidees.cat\\\/wp-content\\\/uploads\\\/2023\\\/02\\\/GEN-CAT-Violencies-Masclistes_09-B.jpg?fit=1024%2C512&ssl=1\",\"width\":1024,\"height\":512,\"caption\":\"Ilustraci\u00f3n: Eduardo Luzzatti\"},{\"@type\":\"BreadcrumbList\",\"@id\":\"https:\\\/\\\/revistaidees.cat\\\/es\\\/violencia-obstetrica-y-vulneracion-de-los-derechos-sexuales-y-reproductivos\\\/#breadcrumb\",\"itemListElement\":[{\"@type\":\"ListItem\",\"position\":1,\"name\":\"Inici\",\"item\":\"https:\\\/\\\/revistaidees.cat\\\/es\\\/\"},{\"@type\":\"ListItem\",\"position\":2,\"name\":\"Violencia obst\u00e9trica y vulneraci\u00f3n de los derechos sexuales y reproductivos\"}]},{\"@type\":\"WebSite\",\"@id\":\"https:\\\/\\\/revistaidees.cat\\\/#website\",\"url\":\"https:\\\/\\\/revistaidees.cat\\\/\",\"name\":\"IDEES\",\"description\":\"Revista de temas contempor\u00e1neos\",\"potentialAction\":[{\"@type\":\"SearchAction\",\"target\":{\"@type\":\"EntryPoint\",\"urlTemplate\":\"https:\\\/\\\/revistaidees.cat\\\/?s={search_term_string}\"},\"query-input\":{\"@type\":\"PropertyValueSpecification\",\"valueRequired\":true,\"valueName\":\"search_term_string\"}}],\"inLanguage\":\"es\"},{\"@type\":\"Person\",\"@id\":\"https:\\\/\\\/revistaidees.cat\\\/#\\\/schema\\\/person\\\/23b13c8d154c858b03b5b4905ae0d5f6\",\"name\":\"maria\",\"image\":{\"@type\":\"ImageObject\",\"inLanguage\":\"es\",\"@id\":\"https:\\\/\\\/secure.gravatar.com\\\/avatar\\\/4abe985cb800e0b75c4c7bfc4fd0973825f533e0620f989a75661b23c3255192?s=96&d=mm&r=g\",\"url\":\"https:\\\/\\\/secure.gravatar.com\\\/avatar\\\/4abe985cb800e0b75c4c7bfc4fd0973825f533e0620f989a75661b23c3255192?s=96&d=mm&r=g\",\"contentUrl\":\"https:\\\/\\\/secure.gravatar.com\\\/avatar\\\/4abe985cb800e0b75c4c7bfc4fd0973825f533e0620f989a75661b23c3255192?s=96&d=mm&r=g\",\"caption\":\"maria\"}}]}<\/script>\n<!-- \/ Yoast SEO plugin. -->","yoast_head_json":{"title":"Violencia obst\u00e9trica y vulneraci\u00f3n de los derechos sexuales y reproductivos &#8211; IDEES","robots":{"index":"index","follow":"follow","max-snippet":"max-snippet:-1","max-image-preview":"max-image-preview:large","max-video-preview":"max-video-preview:-1"},"canonical":"https:\/\/revistaidees.cat\/es\/violencia-obstetrica-y-vulneracion-de-los-derechos-sexuales-y-reproductivos\/","og_locale":"es_ES","og_type":"article","og_title":"Violencia obst\u00e9trica y vulneraci\u00f3n de los derechos sexuales y reproductivos &#8211; IDEES","og_description":"Conceptualizaci\u00f3n de los derechos sexuales y reproductivos Los derechos sexuales y reproductivos son un conjunto de derechos relacionados con la dimensi\u00f3n de la sexualidad y la reproducci\u00f3n que est\u00e1n en constante evoluci\u00f3n. Concretamente, los derechos sexuales se basan en el reconocimiento de las mujeres como seres sexuales, y de la sexualidad como parte integrante de su personalidad e identidad. Los derechos sexuales y reproductivos recogen el derecho de todas las personas a disfrutar de una vida sexual satisfactoria y placentera, y tambi\u00e9n a poder manifestar la opci\u00f3n y la identidad sexual y de g\u00e9nero deseada. Por otra parte, los derechos\u2026","og_url":"https:\/\/revistaidees.cat\/es\/violencia-obstetrica-y-vulneracion-de-los-derechos-sexuales-y-reproductivos\/","og_site_name":"IDEES","article_published_time":"2022-11-22T09:51:37+00:00","article_modified_time":"2023-02-13T11:59:19+00:00","og_image":[{"width":1024,"height":512,"url":"https:\/\/i0.wp.com\/revistaidees.cat\/wp-content\/uploads\/2023\/02\/GEN-CAT-Violencies-Masclistes_09-B.jpg?fit=1024%2C512&ssl=1","type":"image\/jpeg"}],"author":"maria","twitter_card":"summary_large_image","twitter_misc":{"Escrito por":"maria","Tiempo de lectura":"12 minutos"},"schema":{"@context":"https:\/\/schema.org","@graph":[{"@type":"Article","@id":"https:\/\/revistaidees.cat\/es\/violencia-obstetrica-y-vulneracion-de-los-derechos-sexuales-y-reproductivos\/#article","isPartOf":{"@id":"https:\/\/revistaidees.cat\/es\/violencia-obstetrica-y-vulneracion-de-los-derechos-sexuales-y-reproductivos\/"},"author":{"name":"maria","@id":"https:\/\/revistaidees.cat\/#\/schema\/person\/23b13c8d154c858b03b5b4905ae0d5f6"},"headline":"Violencia obst\u00e9trica y vulneraci\u00f3n de los derechos sexuales y reproductivos","datePublished":"2022-11-22T09:51:37+00:00","dateModified":"2023-02-13T11:59:19+00:00","mainEntityOfPage":{"@id":"https:\/\/revistaidees.cat\/es\/violencia-obstetrica-y-vulneracion-de-los-derechos-sexuales-y-reproductivos\/"},"wordCount":2395,"image":{"@id":"https:\/\/revistaidees.cat\/es\/violencia-obstetrica-y-vulneracion-de-los-derechos-sexuales-y-reproductivos\/#primaryimage"},"thumbnailUrl":"https:\/\/i0.wp.com\/revistaidees.cat\/wp-content\/uploads\/2023\/02\/GEN-CAT-Violencies-Masclistes_09-B.jpg?fit=1024%2C512&ssl=1","articleSection":["Nuevas formas de violencias machistas reconocidas"],"inLanguage":"es"},{"@type":"WebPage","@id":"https:\/\/revistaidees.cat\/es\/violencia-obstetrica-y-vulneracion-de-los-derechos-sexuales-y-reproductivos\/","url":"https:\/\/revistaidees.cat\/es\/violencia-obstetrica-y-vulneracion-de-los-derechos-sexuales-y-reproductivos\/","name":"Violencia obst\u00e9trica y vulneraci\u00f3n de los derechos sexuales y reproductivos &#8211; IDEES","isPartOf":{"@id":"https:\/\/revistaidees.cat\/#website"},"primaryImageOfPage":{"@id":"https:\/\/revistaidees.cat\/es\/violencia-obstetrica-y-vulneracion-de-los-derechos-sexuales-y-reproductivos\/#primaryimage"},"image":{"@id":"https:\/\/revistaidees.cat\/es\/violencia-obstetrica-y-vulneracion-de-los-derechos-sexuales-y-reproductivos\/#primaryimage"},"thumbnailUrl":"https:\/\/i0.wp.com\/revistaidees.cat\/wp-content\/uploads\/2023\/02\/GEN-CAT-Violencies-Masclistes_09-B.jpg?fit=1024%2C512&ssl=1","datePublished":"2022-11-22T09:51:37+00:00","dateModified":"2023-02-13T11:59:19+00:00","author":{"@id":"https:\/\/revistaidees.cat\/#\/schema\/person\/23b13c8d154c858b03b5b4905ae0d5f6"},"breadcrumb":{"@id":"https:\/\/revistaidees.cat\/es\/violencia-obstetrica-y-vulneracion-de-los-derechos-sexuales-y-reproductivos\/#breadcrumb"},"inLanguage":"es","potentialAction":[{"@type":"ReadAction","target":["https:\/\/revistaidees.cat\/es\/violencia-obstetrica-y-vulneracion-de-los-derechos-sexuales-y-reproductivos\/"]}]},{"@type":"ImageObject","inLanguage":"es","@id":"https:\/\/revistaidees.cat\/es\/violencia-obstetrica-y-vulneracion-de-los-derechos-sexuales-y-reproductivos\/#primaryimage","url":"https:\/\/i0.wp.com\/revistaidees.cat\/wp-content\/uploads\/2023\/02\/GEN-CAT-Violencies-Masclistes_09-B.jpg?fit=1024%2C512&ssl=1","contentUrl":"https:\/\/i0.wp.com\/revistaidees.cat\/wp-content\/uploads\/2023\/02\/GEN-CAT-Violencies-Masclistes_09-B.jpg?fit=1024%2C512&ssl=1","width":1024,"height":512,"caption":"Ilustraci\u00f3n: Eduardo Luzzatti"},{"@type":"BreadcrumbList","@id":"https:\/\/revistaidees.cat\/es\/violencia-obstetrica-y-vulneracion-de-los-derechos-sexuales-y-reproductivos\/#breadcrumb","itemListElement":[{"@type":"ListItem","position":1,"name":"Inici","item":"https:\/\/revistaidees.cat\/es\/"},{"@type":"ListItem","position":2,"name":"Violencia obst\u00e9trica y vulneraci\u00f3n de los derechos sexuales y reproductivos"}]},{"@type":"WebSite","@id":"https:\/\/revistaidees.cat\/#website","url":"https:\/\/revistaidees.cat\/","name":"IDEES","description":"Revista de temas contempor\u00e1neos","potentialAction":[{"@type":"SearchAction","target":{"@type":"EntryPoint","urlTemplate":"https:\/\/revistaidees.cat\/?s={search_term_string}"},"query-input":{"@type":"PropertyValueSpecification","valueRequired":true,"valueName":"search_term_string"}}],"inLanguage":"es"},{"@type":"Person","@id":"https:\/\/revistaidees.cat\/#\/schema\/person\/23b13c8d154c858b03b5b4905ae0d5f6","name":"maria","image":{"@type":"ImageObject","inLanguage":"es","@id":"https:\/\/secure.gravatar.com\/avatar\/4abe985cb800e0b75c4c7bfc4fd0973825f533e0620f989a75661b23c3255192?s=96&d=mm&r=g","url":"https:\/\/secure.gravatar.com\/avatar\/4abe985cb800e0b75c4c7bfc4fd0973825f533e0620f989a75661b23c3255192?s=96&d=mm&r=g","contentUrl":"https:\/\/secure.gravatar.com\/avatar\/4abe985cb800e0b75c4c7bfc4fd0973825f533e0620f989a75661b23c3255192?s=96&d=mm&r=g","caption":"maria"}}]}},"jetpack_featured_media_url":"https:\/\/i0.wp.com\/revistaidees.cat\/wp-content\/uploads\/2023\/02\/GEN-CAT-Violencies-Masclistes_09-B.jpg?fit=1024%2C512&ssl=1","jetpack_sharing_enabled":true,"_links":{"self":[{"href":"https:\/\/revistaidees.cat\/es\/wp-json\/wp\/v2\/posts\/60373","targetHints":{"allow":["GET"]}}],"collection":[{"href":"https:\/\/revistaidees.cat\/es\/wp-json\/wp\/v2\/posts"}],"about":[{"href":"https:\/\/revistaidees.cat\/es\/wp-json\/wp\/v2\/types\/post"}],"author":[{"embeddable":true,"href":"https:\/\/revistaidees.cat\/es\/wp-json\/wp\/v2\/users\/3"}],"replies":[{"embeddable":true,"href":"https:\/\/revistaidees.cat\/es\/wp-json\/wp\/v2\/comments?post=60373"}],"version-history":[{"count":7,"href":"https:\/\/revistaidees.cat\/es\/wp-json\/wp\/v2\/posts\/60373\/revisions"}],"predecessor-version":[{"id":61943,"href":"https:\/\/revistaidees.cat\/es\/wp-json\/wp\/v2\/posts\/60373\/revisions\/61943"}],"wp:featuredmedia":[{"embeddable":true,"href":"https:\/\/revistaidees.cat\/es\/wp-json\/wp\/v2\/media\/61879"}],"wp:attachment":[{"href":"https:\/\/revistaidees.cat\/es\/wp-json\/wp\/v2\/media?parent=60373"}],"wp:term":[{"taxonomy":"category","embeddable":true,"href":"https:\/\/revistaidees.cat\/es\/wp-json\/wp\/v2\/categories?post=60373"},{"taxonomy":"post_tag","embeddable":true,"href":"https:\/\/revistaidees.cat\/es\/wp-json\/wp\/v2\/tags?post=60373"},{"taxonomy":"segment","embeddable":true,"href":"https:\/\/revistaidees.cat\/es\/wp-json\/wp\/v2\/segment?post=60373"},{"taxonomy":"subject","embeddable":true,"href":"https:\/\/revistaidees.cat\/es\/wp-json\/wp\/v2\/subject?post=60373"}],"curies":[{"name":"wp","href":"https:\/\/api.w.org\/{rel}","templated":true}]}}