{"id":60496,"date":"2022-11-14T09:09:00","date_gmt":"2022-11-14T07:09:00","guid":{"rendered":"https:\/\/revistaidees.cat\/feminicidis-i-agressions-per-raons-de-genere\/"},"modified":"2023-02-14T12:38:34","modified_gmt":"2023-02-14T10:38:34","slug":"feminicidios-y-agresiones-por-razones-de-genero","status":"publish","type":"post","link":"https:\/\/revistaidees.cat\/es\/feminicidios-y-agresiones-por-razones-de-genero\/","title":{"rendered":"Feminicidios y agresiones por razones de g\u00e9nero"},"content":{"rendered":"\n<p>El feminicidio ha sido definido en la Ley 17\/2020 como \u00ablos asesinatos y homicidios de mujeres por raz\u00f3n de g\u00e9nero, las inducciones al suicidio y los suicidios como consecuencia de la presi\u00f3n y violencia ejercida hacia la mujer\u00bb. La legislaci\u00f3n catalana recoge, de esta manera, un concepto que ha sido ampliamente desarrollado desde la teor\u00eda, el activismo feminista, la legislaci\u00f3n comparada y el derecho internacional.<\/p>\n\n\n\n<p>En particular, el concepto de feminicidio es una de las traducciones de la expresi\u00f3n <em>femicide<\/em>, en ingl\u00e9s, que fue utilizada por primera vez como denuncia de los asesinatos mis\u00f3ginos de las mujeres por la soci\u00f3loga Diana Russell en el Tribunal contra los Cr\u00edmenes hacia las Mujeres, celebrado en Bruselas en 1976 <span class=\"note-item\"><a href=\"#note-01\" class=\"scroll-to\">[1]<\/a><span class=\"note-item-tooltip\">1 \u2014 Rusell, Diana (2012). Defining Femicide. Introductory speech presented to the United Nations Symposium on Femicide [disponible en l\u00ednea]. Consulta: 9 de junio de 2021.\n<\/span><\/span>. No fue, sin embargo, hasta su art\u00edculo <em>Femicide, speaking the unspeakable<\/em>, escrito en 1990 junto con Jane Caputi, originado en los hechos de la Masacre de Montreal de 1989, cuando el concepto de <em>femicide<\/em> empez\u00f3 a ser utilizado por el activismo feminista, principalmente en Latinoam\u00e9rica.<\/p>\n\n\n\n<p>Durante la d\u00e9cada de 1990, los textos de Russell dieron lugar a dos traducciones en el \u00e1mbito latinoamericano, como <em>femicidio<\/em>, traducci\u00f3n literal del concepto original, utilizado en las primeras investigaciones sobre femicidios en Latinoam\u00e9rica, de Ana Carcedo y Montserrat Sagot en Costa Rica. Y como <em>feminicidio<\/em>, que en la versi\u00f3n de Marcela Lagarde a\u00f1ad\u00eda un elemento adicional a la definici\u00f3n: la impunidad que acompa\u00f1aba estos cr\u00edmenes. Este \u00faltimo elemento est\u00e1 muy vinculado a los cr\u00edmenes que, desde la primera mitad de la d\u00e9cada de 1990, se empezaron a denunciar en M\u00e9xico, y en particular en Ciudad Ju\u00e1rez y Chihuahua: asesinatos de mujeres, a menudo previamente desaparecidas, cometidos con extrema violencia y que, debido a la negligencia y discriminaci\u00f3n por parte de las autoridades, se manten\u00edan impunes y, en muchos casos, ni siquiera se identificaba a las v\u00edctimas. Estos cr\u00edmenes fueron denunciados internacionalmente y dieron lugar, incluso, a la condena del Estado mexicano por parte de la Corte Interamericana de Derechos Humanos, por vulnerar los derechos humanos de las v\u00edctimas y sus familias <span class=\"note-item\"><a href=\"#note-02\" class=\"scroll-to\">[2]<\/a><span class=\"note-item-tooltip\">2 \u2014 Corte Interamericana de Derechos Humanos. Caso Gonz\u00e1lez y otros (\u201cCampo Algodonero\u201d) v. M\u00e9xico. Sentencia del 16 de noviembre de 2009, serie C, n\u00fam. 205.\n<\/span><\/span>. Es importante destacar, sin embargo, que la impunidad no ha sido exclusiva de Ciudad Ju\u00e1rez ni de algunas regiones de M\u00e9xico, ya que tambi\u00e9n otros pa\u00edses, en particular en la Am\u00e9rica central, denunciaron desde entonces din\u00e1micas de violencia e impunidad similares. Estas dos vertientes de traducci\u00f3n, entonces, se mantuvieron en el uso de los diversos activismos feministas de la regi\u00f3n, en la que algunos pa\u00edses utilizaron la expresi\u00f3n <em>femicidio<\/em>, y otros que han utilizado la expresi\u00f3n <em>feminicidio<\/em>, con la intenci\u00f3n de enfatizar la responsabilidad estatal tras los cr\u00edmenes <span class=\"note-item\"><a href=\"#note-03\" class=\"scroll-to\">[3]<\/a><span class=\"note-item-tooltip\">3 \u2014 Toledo, Patsil\u00ed (2014). Femicidio \/ Feminicidio. Buenos Aires: Ediciones Didot.\n<\/span><\/span>.<\/p>\n\n\n\n<p>Estas nociones se han desarrollado mediante la adici\u00f3n de otras, como \u201cfemicidio vinculado\u201d (en Argentina) o \u201ccastigo femicida\u201d (en Chile), que han sido desarrolladas por las organizaciones feministas para incluir tambi\u00e9n los cr\u00edmenes machistas en los que se quita la vida a personas pr\u00f3ximas a la mujer agredida, usualmente sus hijos o hijas.<\/p>\n\n\n\n<p>A partir del a\u00f1o 2007, varios pa\u00edses latinoamericanos empezaron a tipificar el <em>femicidio\/ feminicidio<\/em> como un delito espec\u00edfico <span class=\"note-item\"><a href=\"#note-04\" class=\"scroll-to\">[4]<\/a><span class=\"note-item-tooltip\">4 \u2014 Toledo, Patsil\u00ed (2018). \u00abCriminalising femicide in Latin American countries\u2013legal power working for women?\u00bb. En: Howe, Adrian; Alaattino\u011flu, Daniela. Contesting Femicide: Feminism and the Power of Law Revisited. Routledge, p. 39-51.\n<\/span><\/span>. La tipificaci\u00f3n en casi una veintena de pa\u00edses, sin embargo, ha hecho desaparecer las diferencias te\u00f3ricas y pol\u00edticas entre ambos conceptos. En efecto, el femicidio\/feminicidio se ha tipificado como un delito com\u00fan, en el que un hombre mata a una mujer por razones de g\u00e9nero (expresadas en varios supuestos), sin ninguna referencia a la responsabilidad estatal. Los tipos penales utilizan la palabra <em>femicidio<\/em> o feminicidio, en funci\u00f3n de cu\u00e1l ha sido la palabra utilizada por el movimiento feminista en el pa\u00eds de que se trate, pero no hay diferencias asociadas a las denominaciones. Las leyes penales han sido enfocadas en la responsabilidad individual, y queda fuera de foco la responsabilidad estatal.<\/p>\n\n\n\n<div class=\"wp-block-columns is-layout-flex wp-container-core-columns-is-layout-9d6595d7 wp-block-columns-is-layout-flex\">\n<div class=\"wp-block-column is-layout-flow wp-block-column-is-layout-flow\" style=\"flex-basis:33.33%\">\n<blockquote class=\"wp-block-quote is-style-large is-layout-flow wp-block-quote-is-layout-flow\">\n<p>A diferencia de Latinoam\u00e9rica, en Europa no se ha denunciado la impunidad de los feminicidios, con lo que se ha agravado la p\u00e9rdida del contenido pol\u00edtico del concepto <\/p>\n<\/blockquote>\n<\/div>\n\n\n\n<div class=\"wp-block-column is-layout-flow wp-block-column-is-layout-flow\" style=\"flex-basis:66.66%\">\n<p>En Europa se ha dado la misma distinci\u00f3n conceptual. Algunos pa\u00edses, especialmente de habla inglesa o aquellos que tienen m\u00e1s influencia anglosajona, han utilizado el concepto <em>femicide<\/em> o sus traducciones (por ejemplo, <em>Femizide<\/em> en alem\u00e1n). Los pa\u00edses que han recibido m\u00e1s la influencia latinoamericana, y en particular mexicana, como los estados espa\u00f1ol e italiano, al contrario, han utilizado m\u00e1s generalmente la expresi\u00f3n <em>feminicidio<\/em>. A diferencia de Latinoam\u00e9rica, en Europa, en general, no se ha denunciado la impunidad de los feminicidios, con lo cual se ha agravado, de alguna manera, la p\u00e9rdida del contenido pol\u00edtico del concepto <em>feminicidio<\/em> como instrumento de denuncia hacia el Estado.<\/p>\n<\/div>\n<\/div>\n\n\n\n<h5 class=\"wp-block-heading\">El concepto de <em>feminicidio<\/em> en la legislaci\u00f3n catalana<\/h5>\n\n\n\n<p>La inclusi\u00f3n del concepto de feminicidio en la legislaci\u00f3n catalana, sin embargo, reviste inter\u00e9s en relaci\u00f3n con las distinciones conceptuales y pol\u00edticas ya mencionadas. La legislaci\u00f3n catalana sobre violencia machista no es derecho penal (a diferencia de la tipificaci\u00f3n del femicidio\/feminicidio en las leyes latinoamericanas) y eso, m\u00e1s que una limitaci\u00f3n, constituye una importante oportunidad de recuperar el contenido pol\u00edtico del concepto de feminicidio.<\/p>\n\n\n\n<p>En efecto, en Espa\u00f1a ya desde el a\u00f1o 2015 se sancionan de manera agravada \u2014penalmente\u2014 los homicidios (y cualquier otro delito, por ejemplo, las agresiones sexuales) cometidos \u00abpor razones de g\u00e9nero\u00bb (art. 22.4 del C\u00f3digo penal), sin utilizar la expresi\u00f3n <em>femicidio<\/em> ni <em>feminicidio<\/em>. La legislaci\u00f3n catalana va un paso m\u00e1s all\u00e1, no se limita a una figura penal (es decir, limitada a hacer efectiva la responsabilidad individual) sino que el concepto se utiliza en una ley que garantiza derechos a las mujeres y, por eso, establece obligaciones para los poderes p\u00fablicos, en este caso, auton\u00f3micos.<\/p>\n\n\n\n<p>Esto significa que el uso del concepto de feminicidio en la legislaci\u00f3n catalana vuelve a vincular esta noci\u00f3n con sus or\u00edgenes: no es una noci\u00f3n para apuntar s\u00f3lo a cr\u00edmenes y responsables individuales, sino para enfatizar la responsabilidad de los poderes p\u00fablicos en relaci\u00f3n con estos cr\u00edmenes. Y como ante todas las formas de violencias hacia las mujeres por razones de g\u00e9nero, las responsabilidades de los poderes p\u00fablicos van m\u00e1s all\u00e1 de la investigaci\u00f3n y sanci\u00f3n, e incluyen la prevenci\u00f3n, la protecci\u00f3n, la atenci\u00f3n y reparaci\u00f3n, todo aquello necesario para conseguir la erradicaci\u00f3n de las violencias machistas.<\/p>\n\n\n\n<p>De aqu\u00ed que la introducci\u00f3n de la expresi\u00f3n <em>feminicidio<\/em> en la ley catalana no puede limitarse, simplemente, a contabilizar los casos de mujeres que han resultado muertas como consecuencia de las violencias machistas. Los datos, que evidentemente son necesarios, son s\u00f3lo el primer elemento dentro de unas obligaciones mucho m\u00e1s ampl\u00edas que deben tener como eje las responsabilidades de los poderes p\u00fablicos.<\/p>\n\n\n\n<div class=\"wp-block-columns is-layout-flex wp-container-core-columns-is-layout-9d6595d7 wp-block-columns-is-layout-flex\">\n<div class=\"wp-block-column is-layout-flow wp-block-column-is-layout-flow\" style=\"flex-basis:33.33%\">\n<blockquote class=\"wp-block-quote is-style-large is-layout-flow wp-block-quote-is-layout-flow\">\n<p>El uso del concepto de feminicidio en la legislaci\u00f3n catalana no apunta s\u00f3lo a cr\u00edmenes y responsables individuales, sino que enfatiza el rol de los poderes p\u00fablicos en relaci\u00f3n a estos cr\u00edmenes: sus responsabilidades van m\u00e1s all\u00e1 de la investigaci\u00f3n y sanci\u00f3n, e incluyen la prevenci\u00f3n, la protecci\u00f3n, la atenci\u00f3n y la reparaci\u00f3n<\/p>\n<\/blockquote>\n<\/div>\n\n\n\n<div class=\"wp-block-column is-layout-flow wp-block-column-is-layout-flow\" style=\"flex-basis:66.66%\">\n<p>En Catalu\u00f1a, como una gran parte del resto del mundo, la mayor\u00eda de los asesinatos de mujeres son cr\u00edmenes que se producen dentro de relaciones de pareja o expareja, relaciones en las cuales ya exist\u00edan otras formas de violencias machistas. Estos casos son, mayoritariamente, cr\u00edmenes que se podr\u00edan haber evitado, si hubiera respuestas adecuadas a las violencias que los han precedido. Los asesinatos permiten determinar las carencias y las deficiencias de las respuestas existentes para hacer frente a las violencias machistas. Cada caso tendr\u00eda que motivar la investigaci\u00f3n seria de estas deficiencias, por parte de todos los organismos que tienen que intervenir en casos de violencias machistas, los cuerpos de seguridad y el sistema de justicia penal, y todas las \u00e1reas de la actuaci\u00f3n de los poderes p\u00fablicos. Se tiene que incluir, por ejemplo, el sistema educativo, ya que normalmente las mujeres asesinadas son madres y a menudo las escuelas son espacios donde las criaturas pueden expresar las situaciones de violencia que sufren, adem\u00e1s, en algunos casos son el escenario de episodios de violencia. Tambi\u00e9n el sistema sanitario, que da atenci\u00f3n a mujeres y criaturas, as\u00ed como a hombres que pueden ser los agresores. En el \u00e1mbito laboral es fundamental la tarea que se tiene que hacer con las empresas y puestos de trabajo donde trabajan tanto los agresores como las agredidas, con el fin de garantizar que las mujeres agredidas tengan acceso a recursos y respuestas para evitar la continuaci\u00f3n o el agravamiento de la violencia.<\/p>\n<\/div>\n<\/div>\n\n\n\n<h5 class=\"wp-block-heading\">Feminicidios desde una perspectiva interseccional<\/h5>\n\n\n\n<p>Las medidas que se tienen que adoptar delante de los feminicidios \u2014y ante todas las formas de violencias machistas\u2014 tienen que aplicar una perspectiva interseccional, es decir, al dise\u00f1ar, analizar y evaluar las medidas en relaci\u00f3n con los feminicidios tambi\u00e9n se tiene que considerar la forma en que otros ejes de discriminaci\u00f3n, adem\u00e1s del g\u00e9nero, afectan de manera espec\u00edfica a determinados colectivos de mujeres, especialmente en funci\u00f3n de factores como el racismo, el desconocimiento de derechos por  el origen nacional o la situaci\u00f3n administrativa, la precariedad econ\u00f3mica, etc. Las crisis econ\u00f3micas, como la derivada de la COVID-19, son un ejemplo del impacto de las crisis globales en las violencias y en el riesgo de feminicidios en varios pa\u00edses <span class=\"note-item\"><a href=\"#note-05\" class=\"scroll-to\">[5]<\/a><span class=\"note-item-tooltip\">5 \u2014 Toledo, Patsil\u00ed (2021). The Impact of COVID-19 on Criminal Justice System Responses to Gender-based Violence Against Women: A Global Review of Emerging Evidence\u00a0[disponible en l\u00ednea]. UNODC. Consulta: 9 de junio de 2021.\n<\/span><\/span>.<\/p>\n\n\n\n<p>Por ejemplo, en el \u00e1mbito global, las mujeres migradas representan un colectivo que est\u00e1 sobre representado en las estad\u00edsticas de femicidio\/feminicidio; as\u00ed, con independencia de los pa\u00edses de que se trate, las mujeres migradas, extranjeras, tienen m\u00e1s riesgos de sufrir asesinatos que las mujeres aut\u00f3ctonas. Considerando que eso es una realidad global, en t\u00e9rminos generales, lo que caracteriza la poblaci\u00f3n migrada y especialmente las mujeres, en los diversos pa\u00edses, es la falta de derechos y de garant\u00eda de estos derechos. Es necesario, pues, tener en cuenta estos factores para poder identificar las carencias que agravan el riesgo de violencia y feminicidios de determinados colectivos con el fin de elaborar pol\u00edticas adecuadas para prevenir y responder ante estos cr\u00edmenes.<\/p>\n\n\n\n<p>En varios pa\u00edses tambi\u00e9n las mujeres transg\u00e9nero tienden a estar sobre representadas en las cifras de homicidios, y en particular cuando se trata de mujeres inmigradas o racializadas, o cuando se encuentran en situaci\u00f3n de marginalizaci\u00f3n que les impide, por ejemplo, acceder a un trabajo formal o a la vivienda. De nuevo, se tienen que considerar y dirigir los factores que aumentan el riesgo de violencia y eventual feminicidio de las personas trans.<\/p>\n\n\n\n<p>Tambi\u00e9n se debe considerar la situaci\u00f3n de las mujeres que tienen cualquier tipo de diversidad funcional o ps\u00edquica, incluyendo adicciones, que en no pocos casos est\u00e1n derivadas o relacionadas con experiencias previas de violencias machistas. En este sentido, cobra particular importancia la inclusi\u00f3n, en la definici\u00f3n de la ley, de los casos de lo que en Latinoam\u00e9rica se denomina <em>suicidios feminicidas<\/em>, los casos en que las mujeres acaban quit\u00e1ndose la vida debido a la situaci\u00f3n de violencia que viven o han vivido. Esta inclusi\u00f3n es relevante considerando que, en muchos casos, las violencias machistas ejercidas hacia mujeres o ni\u00f1as, a menudo durante la infancia, pueden llegar a tener consecuencias mucho m\u00e1s all\u00e1 en el tiempo, hasta la vida adulta. Considerar los efectos de las violencias machistas en la salud mental de las mujeres a largo plazo, as\u00ed como la inclusi\u00f3n expresa de los suicidios a causa de estas violencias, exige prestar m\u00e1s atenci\u00f3n a los suicidios de mujeres y sus causas, y tiene que reflejarse tambi\u00e9n en la adecuaci\u00f3n de las medidas de prevenci\u00f3n de los suicidios a estas consideraciones y, m\u00e1s ampliamente, influir en las intervenciones de salud mental dirigida a las mujeres, de manera que se considere y se aborde el impacto de las violencias machistas, que a menudo es invisible a los diagn\u00f3sticos cl\u00ednicos. Las intervenciones de salud mental que tengan en cuenta esta realidad podr\u00e1n contribuir tambi\u00e9n a dar luz sobre el alcance de las consecuencias de las violencias machistas en la salud mental de las mujeres.<\/p>\n\n\n\n<p>El foco que la noci\u00f3n de feminicidio pone en la responsabilidad de los poderes p\u00fablicos tiene que expresarse, tambi\u00e9n, en la coordinaci\u00f3n necesaria de las intervenciones, en todos los \u00e1mbitos, ya que una de las bases fundamentales para una respuesta adecuada ante las violencias machistas, incluyendo los feminicidios, es una coordinaci\u00f3n \u00f3ptima entre los diversos servicios y organismos que intervienen. Eso es plenamente aplicable a todas las formas de violencias machistas, pero es especialmente relevante en los casos de feminicidios, que requieren intervenciones oportunas y con m\u00e1s sensibilidad con el fin de evitar la revictimizaci\u00f3n de las supervivientes y de los familiares de las v\u00edctimas, especialmente ni\u00f1os y ni\u00f1as. Se tiene que considerar que las criaturas son v\u00edctimas tambi\u00e9n de la violencia que ha sufrido la madre, y todas las medidas que se adopten tienen que estar orientadas a minimizar el da\u00f1o y garantizar los derechos como supervivientes.<\/p>\n\n\n\n<div class=\"wp-block-columns is-layout-flex wp-container-core-columns-is-layout-9d6595d7 wp-block-columns-is-layout-flex\">\n<div class=\"wp-block-column is-layout-flow wp-block-column-is-layout-flow\" style=\"flex-basis:33.33%\">\n<blockquote class=\"wp-block-quote is-style-large is-layout-flow wp-block-quote-is-layout-flow\">\n<p>Las medidas que deben adoptarse frente a los feminicidios tienen que aplicar una perspectiva interseccional: es necesario considerar la forma en la que otros ejes de discriminaci\u00f3n, como el racismo o la precariedad econ\u00f3mica, afectan a determinados colectivos de mujeres<\/p>\n<\/blockquote>\n<\/div>\n\n\n\n<div class=\"wp-block-column is-layout-flow wp-block-column-is-layout-flow\" style=\"flex-basis:66.66%\">\n<p>Finalmente, y aunque la noci\u00f3n de feminicidio se haya introducido en la legislaci\u00f3n catalana, es fundamental recordar las diferencias de contextos en que se sit\u00faan los conceptos pol\u00edticos, como <em>femicidio<\/em> y <em>feminicidio<\/em>. Si bien las categor\u00edas te\u00f3ricas pueden ser \u201ctraducidas\u201d y utilizadas en otros contextos, las realidades que les dan origen no son equivalentes ni parecidas. Aunque los femicidios\/feminicidios son un problema global, no se trata de fen\u00f3menos que sean igualmente prevalentes en todas partes. Los asesinatos de mujeres no ocurren de la misma manera en todos los sitios, ni las respuestas de las autoridades son las mismas. En Europa, por ejemplo, la prevalencia de estos cr\u00edmenes es baja comparada con otros <span class=\"note-item\"><a href=\"#note-06\" class=\"scroll-to\">[6]<\/a><span class=\"note-item-tooltip\">6 \u2014 UNODC (2018). Global Study on Homicide. Gender-related killing of women and girls [disponible en l\u00ednea]. Viena: Naciones Unidas. Consulta: 9 de junio de 2021.\n<\/span><\/span>, en M\u00e9xico, la impunidad contin\u00faa presente en varios casos de feminicidios <span class=\"note-item\"><a href=\"#note-07\" class=\"scroll-to\">[7]<\/a><span class=\"note-item-tooltip\">7 \u2014 Amnist\u00eda Internacional (2021). Juicio a la Justicia. Deficiencias en las investigaciones penales de feminicidios precedidos de desaparici\u00f3n en el Estado de M\u00e9xico [disponible en l\u00ednea]. M\u00e9xico. Consulta: 9 de junio de 2021.\n<\/span><\/span>. Estas diferencias se tienen que tener en cuenta en sentido pol\u00edtico y tambi\u00e9n en la acci\u00f3n exterior catalana, as\u00ed como en las pol\u00edticas que tienen un impacto en diferentes pa\u00edses.<\/p>\n<\/div>\n<\/div>\n","protected":false},"excerpt":{"rendered":"<p>El feminicidio ha sido definido en la Ley 17\/2020 como \u00ablos asesinatos y homicidios de mujeres por raz\u00f3n de g\u00e9nero, las inducciones al suicidio y los suicidios como consecuencia de la presi\u00f3n y violencia ejercida hacia la mujer\u00bb. La legislaci\u00f3n catalana recoge, de esta manera, un concepto que ha sido ampliamente desarrollado desde la teor\u00eda, el activismo feminista, la legislaci\u00f3n comparada y el derecho internacional. En particular, el concepto de feminicidio es una de las traducciones de la expresi\u00f3n femicide, en ingl\u00e9s, que fue utilizada por primera vez como denuncia de los asesinatos mis\u00f3ginos de las mujeres por la soci\u00f3loga\u2026<\/p>\n","protected":false},"author":47,"featured_media":61843,"parent":0,"comment_status":"closed","ping_status":"closed","sticky":false,"template":"","format":"standard","meta":{"_acf_changed":false,"inline_featured_image":false,"_jetpack_memberships_contains_paid_content":false,"footnotes":""},"categories":[486],"tags":[],"segment":[],"subject":[],"class_list":["post-60496","post","type-post","status-publish","format-standard","has-post-thumbnail","hentry","category-ampliacio-del-subjecte-es"],"acf":[],"yoast_head":"<!-- This site is optimized with the Yoast SEO plugin v27.4 - https:\/\/yoast.com\/product\/yoast-seo-wordpress\/ -->\n<title>Feminicidios y agresiones por razones de g\u00e9nero &#8211; IDEES<\/title>\n<meta name=\"robots\" content=\"index, follow, max-snippet:-1, max-image-preview:large, max-video-preview:-1\" \/>\n<link rel=\"canonical\" href=\"https:\/\/revistaidees.cat\/es\/feminicidios-y-agresiones-por-razones-de-genero\/\" \/>\n<meta property=\"og:locale\" content=\"es_ES\" \/>\n<meta property=\"og:type\" content=\"article\" \/>\n<meta property=\"og:title\" content=\"Feminicidios y agresiones por razones de g\u00e9nero &#8211; IDEES\" \/>\n<meta property=\"og:description\" content=\"El feminicidio ha sido definido en la Ley 17\/2020 como \u00ablos asesinatos y homicidios de mujeres por raz\u00f3n de g\u00e9nero, las inducciones al suicidio y los suicidios como consecuencia de la presi\u00f3n y violencia ejercida hacia la mujer\u00bb. La legislaci\u00f3n catalana recoge, de esta manera, un concepto que ha sido ampliamente desarrollado desde la teor\u00eda, el activismo feminista, la legislaci\u00f3n comparada y el derecho internacional. En particular, el concepto de feminicidio es una de las traducciones de la expresi\u00f3n femicide, en ingl\u00e9s, que fue utilizada por primera vez como denuncia de los asesinatos mis\u00f3ginos de las mujeres por la soci\u00f3loga\u2026\" \/>\n<meta property=\"og:url\" content=\"https:\/\/revistaidees.cat\/es\/feminicidios-y-agresiones-por-razones-de-genero\/\" \/>\n<meta property=\"og:site_name\" content=\"IDEES\" \/>\n<meta property=\"article:published_time\" content=\"2022-11-14T07:09:00+00:00\" \/>\n<meta property=\"article:modified_time\" content=\"2023-02-14T10:38:34+00:00\" \/>\n<meta property=\"og:image\" content=\"https:\/\/i0.wp.com\/revistaidees.cat\/wp-content\/uploads\/2023\/02\/GEN-CAT-Violencies-Masclistes_03-B.jpg?fit=1024%2C512&ssl=1\" \/>\n\t<meta property=\"og:image:width\" content=\"1024\" \/>\n\t<meta property=\"og:image:height\" content=\"512\" \/>\n\t<meta property=\"og:image:type\" content=\"image\/jpeg\" \/>\n<meta name=\"author\" content=\"nateevo_01\" \/>\n<meta name=\"twitter:card\" content=\"summary_large_image\" \/>\n<meta name=\"twitter:label1\" content=\"Escrito por\" \/>\n\t<meta name=\"twitter:data1\" content=\"nateevo_01\" \/>\n\t<meta name=\"twitter:label2\" content=\"Tiempo de lectura\" \/>\n\t<meta name=\"twitter:data2\" content=\"13 minutos\" \/>\n<script type=\"application\/ld+json\" class=\"yoast-schema-graph\">{\"@context\":\"https:\\\/\\\/schema.org\",\"@graph\":[{\"@type\":\"Article\",\"@id\":\"https:\\\/\\\/revistaidees.cat\\\/es\\\/feminicidios-y-agresiones-por-razones-de-genero\\\/#article\",\"isPartOf\":{\"@id\":\"https:\\\/\\\/revistaidees.cat\\\/es\\\/feminicidios-y-agresiones-por-razones-de-genero\\\/\"},\"author\":{\"name\":\"nateevo_01\",\"@id\":\"https:\\\/\\\/revistaidees.cat\\\/#\\\/schema\\\/person\\\/1136a1a307fec71e6d09a92d1f74351f\"},\"headline\":\"Feminicidios y agresiones por razones de g\u00e9nero\",\"datePublished\":\"2022-11-14T07:09:00+00:00\",\"dateModified\":\"2023-02-14T10:38:34+00:00\",\"mainEntityOfPage\":{\"@id\":\"https:\\\/\\\/revistaidees.cat\\\/es\\\/feminicidios-y-agresiones-por-razones-de-genero\\\/\"},\"wordCount\":2511,\"image\":{\"@id\":\"https:\\\/\\\/revistaidees.cat\\\/es\\\/feminicidios-y-agresiones-por-razones-de-genero\\\/#primaryimage\"},\"thumbnailUrl\":\"https:\\\/\\\/i0.wp.com\\\/revistaidees.cat\\\/wp-content\\\/uploads\\\/2023\\\/02\\\/GEN-CAT-Violencies-Masclistes_03-B.jpg?fit=1024%2C512&ssl=1\",\"articleSection\":[\"Ampliaci\u00f3n del sujeto\"],\"inLanguage\":\"es\"},{\"@type\":\"WebPage\",\"@id\":\"https:\\\/\\\/revistaidees.cat\\\/es\\\/feminicidios-y-agresiones-por-razones-de-genero\\\/\",\"url\":\"https:\\\/\\\/revistaidees.cat\\\/es\\\/feminicidios-y-agresiones-por-razones-de-genero\\\/\",\"name\":\"Feminicidios y agresiones por razones de g\u00e9nero &#8211; IDEES\",\"isPartOf\":{\"@id\":\"https:\\\/\\\/revistaidees.cat\\\/#website\"},\"primaryImageOfPage\":{\"@id\":\"https:\\\/\\\/revistaidees.cat\\\/es\\\/feminicidios-y-agresiones-por-razones-de-genero\\\/#primaryimage\"},\"image\":{\"@id\":\"https:\\\/\\\/revistaidees.cat\\\/es\\\/feminicidios-y-agresiones-por-razones-de-genero\\\/#primaryimage\"},\"thumbnailUrl\":\"https:\\\/\\\/i0.wp.com\\\/revistaidees.cat\\\/wp-content\\\/uploads\\\/2023\\\/02\\\/GEN-CAT-Violencies-Masclistes_03-B.jpg?fit=1024%2C512&ssl=1\",\"datePublished\":\"2022-11-14T07:09:00+00:00\",\"dateModified\":\"2023-02-14T10:38:34+00:00\",\"author\":{\"@id\":\"https:\\\/\\\/revistaidees.cat\\\/#\\\/schema\\\/person\\\/1136a1a307fec71e6d09a92d1f74351f\"},\"breadcrumb\":{\"@id\":\"https:\\\/\\\/revistaidees.cat\\\/es\\\/feminicidios-y-agresiones-por-razones-de-genero\\\/#breadcrumb\"},\"inLanguage\":\"es\",\"potentialAction\":[{\"@type\":\"ReadAction\",\"target\":[\"https:\\\/\\\/revistaidees.cat\\\/es\\\/feminicidios-y-agresiones-por-razones-de-genero\\\/\"]}]},{\"@type\":\"ImageObject\",\"inLanguage\":\"es\",\"@id\":\"https:\\\/\\\/revistaidees.cat\\\/es\\\/feminicidios-y-agresiones-por-razones-de-genero\\\/#primaryimage\",\"url\":\"https:\\\/\\\/i0.wp.com\\\/revistaidees.cat\\\/wp-content\\\/uploads\\\/2023\\\/02\\\/GEN-CAT-Violencies-Masclistes_03-B.jpg?fit=1024%2C512&ssl=1\",\"contentUrl\":\"https:\\\/\\\/i0.wp.com\\\/revistaidees.cat\\\/wp-content\\\/uploads\\\/2023\\\/02\\\/GEN-CAT-Violencies-Masclistes_03-B.jpg?fit=1024%2C512&ssl=1\",\"width\":1024,\"height\":512,\"caption\":\"Ilustraci\u00f3n: Eduardo Luzzatti\"},{\"@type\":\"BreadcrumbList\",\"@id\":\"https:\\\/\\\/revistaidees.cat\\\/es\\\/feminicidios-y-agresiones-por-razones-de-genero\\\/#breadcrumb\",\"itemListElement\":[{\"@type\":\"ListItem\",\"position\":1,\"name\":\"Inici\",\"item\":\"https:\\\/\\\/revistaidees.cat\\\/es\\\/\"},{\"@type\":\"ListItem\",\"position\":2,\"name\":\"Feminicidios y agresiones por razones de g\u00e9nero\"}]},{\"@type\":\"WebSite\",\"@id\":\"https:\\\/\\\/revistaidees.cat\\\/#website\",\"url\":\"https:\\\/\\\/revistaidees.cat\\\/\",\"name\":\"IDEES\",\"description\":\"Revista de temas contempor\u00e1neos\",\"potentialAction\":[{\"@type\":\"SearchAction\",\"target\":{\"@type\":\"EntryPoint\",\"urlTemplate\":\"https:\\\/\\\/revistaidees.cat\\\/?s={search_term_string}\"},\"query-input\":{\"@type\":\"PropertyValueSpecification\",\"valueRequired\":true,\"valueName\":\"search_term_string\"}}],\"inLanguage\":\"es\"},{\"@type\":\"Person\",\"@id\":\"https:\\\/\\\/revistaidees.cat\\\/#\\\/schema\\\/person\\\/1136a1a307fec71e6d09a92d1f74351f\",\"name\":\"nateevo_01\",\"image\":{\"@type\":\"ImageObject\",\"inLanguage\":\"es\",\"@id\":\"https:\\\/\\\/secure.gravatar.com\\\/avatar\\\/cac1f60a93212d00be56863454be1ddbfafd1bc9f8f11eb515269ce68d2a8e5c?s=96&d=mm&r=g\",\"url\":\"https:\\\/\\\/secure.gravatar.com\\\/avatar\\\/cac1f60a93212d00be56863454be1ddbfafd1bc9f8f11eb515269ce68d2a8e5c?s=96&d=mm&r=g\",\"contentUrl\":\"https:\\\/\\\/secure.gravatar.com\\\/avatar\\\/cac1f60a93212d00be56863454be1ddbfafd1bc9f8f11eb515269ce68d2a8e5c?s=96&d=mm&r=g\",\"caption\":\"nateevo_01\"}}]}<\/script>\n<!-- \/ Yoast SEO plugin. -->","yoast_head_json":{"title":"Feminicidios y agresiones por razones de g\u00e9nero &#8211; IDEES","robots":{"index":"index","follow":"follow","max-snippet":"max-snippet:-1","max-image-preview":"max-image-preview:large","max-video-preview":"max-video-preview:-1"},"canonical":"https:\/\/revistaidees.cat\/es\/feminicidios-y-agresiones-por-razones-de-genero\/","og_locale":"es_ES","og_type":"article","og_title":"Feminicidios y agresiones por razones de g\u00e9nero &#8211; IDEES","og_description":"El feminicidio ha sido definido en la Ley 17\/2020 como \u00ablos asesinatos y homicidios de mujeres por raz\u00f3n de g\u00e9nero, las inducciones al suicidio y los suicidios como consecuencia de la presi\u00f3n y violencia ejercida hacia la mujer\u00bb. La legislaci\u00f3n catalana recoge, de esta manera, un concepto que ha sido ampliamente desarrollado desde la teor\u00eda, el activismo feminista, la legislaci\u00f3n comparada y el derecho internacional. En particular, el concepto de feminicidio es una de las traducciones de la expresi\u00f3n femicide, en ingl\u00e9s, que fue utilizada por primera vez como denuncia de los asesinatos mis\u00f3ginos de las mujeres por la soci\u00f3loga\u2026","og_url":"https:\/\/revistaidees.cat\/es\/feminicidios-y-agresiones-por-razones-de-genero\/","og_site_name":"IDEES","article_published_time":"2022-11-14T07:09:00+00:00","article_modified_time":"2023-02-14T10:38:34+00:00","og_image":[{"width":1024,"height":512,"url":"https:\/\/i0.wp.com\/revistaidees.cat\/wp-content\/uploads\/2023\/02\/GEN-CAT-Violencies-Masclistes_03-B.jpg?fit=1024%2C512&ssl=1","type":"image\/jpeg"}],"author":"nateevo_01","twitter_card":"summary_large_image","twitter_misc":{"Escrito por":"nateevo_01","Tiempo de lectura":"13 minutos"},"schema":{"@context":"https:\/\/schema.org","@graph":[{"@type":"Article","@id":"https:\/\/revistaidees.cat\/es\/feminicidios-y-agresiones-por-razones-de-genero\/#article","isPartOf":{"@id":"https:\/\/revistaidees.cat\/es\/feminicidios-y-agresiones-por-razones-de-genero\/"},"author":{"name":"nateevo_01","@id":"https:\/\/revistaidees.cat\/#\/schema\/person\/1136a1a307fec71e6d09a92d1f74351f"},"headline":"Feminicidios y agresiones por razones de g\u00e9nero","datePublished":"2022-11-14T07:09:00+00:00","dateModified":"2023-02-14T10:38:34+00:00","mainEntityOfPage":{"@id":"https:\/\/revistaidees.cat\/es\/feminicidios-y-agresiones-por-razones-de-genero\/"},"wordCount":2511,"image":{"@id":"https:\/\/revistaidees.cat\/es\/feminicidios-y-agresiones-por-razones-de-genero\/#primaryimage"},"thumbnailUrl":"https:\/\/i0.wp.com\/revistaidees.cat\/wp-content\/uploads\/2023\/02\/GEN-CAT-Violencies-Masclistes_03-B.jpg?fit=1024%2C512&ssl=1","articleSection":["Ampliaci\u00f3n del sujeto"],"inLanguage":"es"},{"@type":"WebPage","@id":"https:\/\/revistaidees.cat\/es\/feminicidios-y-agresiones-por-razones-de-genero\/","url":"https:\/\/revistaidees.cat\/es\/feminicidios-y-agresiones-por-razones-de-genero\/","name":"Feminicidios y agresiones por razones de g\u00e9nero &#8211; IDEES","isPartOf":{"@id":"https:\/\/revistaidees.cat\/#website"},"primaryImageOfPage":{"@id":"https:\/\/revistaidees.cat\/es\/feminicidios-y-agresiones-por-razones-de-genero\/#primaryimage"},"image":{"@id":"https:\/\/revistaidees.cat\/es\/feminicidios-y-agresiones-por-razones-de-genero\/#primaryimage"},"thumbnailUrl":"https:\/\/i0.wp.com\/revistaidees.cat\/wp-content\/uploads\/2023\/02\/GEN-CAT-Violencies-Masclistes_03-B.jpg?fit=1024%2C512&ssl=1","datePublished":"2022-11-14T07:09:00+00:00","dateModified":"2023-02-14T10:38:34+00:00","author":{"@id":"https:\/\/revistaidees.cat\/#\/schema\/person\/1136a1a307fec71e6d09a92d1f74351f"},"breadcrumb":{"@id":"https:\/\/revistaidees.cat\/es\/feminicidios-y-agresiones-por-razones-de-genero\/#breadcrumb"},"inLanguage":"es","potentialAction":[{"@type":"ReadAction","target":["https:\/\/revistaidees.cat\/es\/feminicidios-y-agresiones-por-razones-de-genero\/"]}]},{"@type":"ImageObject","inLanguage":"es","@id":"https:\/\/revistaidees.cat\/es\/feminicidios-y-agresiones-por-razones-de-genero\/#primaryimage","url":"https:\/\/i0.wp.com\/revistaidees.cat\/wp-content\/uploads\/2023\/02\/GEN-CAT-Violencies-Masclistes_03-B.jpg?fit=1024%2C512&ssl=1","contentUrl":"https:\/\/i0.wp.com\/revistaidees.cat\/wp-content\/uploads\/2023\/02\/GEN-CAT-Violencies-Masclistes_03-B.jpg?fit=1024%2C512&ssl=1","width":1024,"height":512,"caption":"Ilustraci\u00f3n: Eduardo Luzzatti"},{"@type":"BreadcrumbList","@id":"https:\/\/revistaidees.cat\/es\/feminicidios-y-agresiones-por-razones-de-genero\/#breadcrumb","itemListElement":[{"@type":"ListItem","position":1,"name":"Inici","item":"https:\/\/revistaidees.cat\/es\/"},{"@type":"ListItem","position":2,"name":"Feminicidios y agresiones por razones de g\u00e9nero"}]},{"@type":"WebSite","@id":"https:\/\/revistaidees.cat\/#website","url":"https:\/\/revistaidees.cat\/","name":"IDEES","description":"Revista de temas contempor\u00e1neos","potentialAction":[{"@type":"SearchAction","target":{"@type":"EntryPoint","urlTemplate":"https:\/\/revistaidees.cat\/?s={search_term_string}"},"query-input":{"@type":"PropertyValueSpecification","valueRequired":true,"valueName":"search_term_string"}}],"inLanguage":"es"},{"@type":"Person","@id":"https:\/\/revistaidees.cat\/#\/schema\/person\/1136a1a307fec71e6d09a92d1f74351f","name":"nateevo_01","image":{"@type":"ImageObject","inLanguage":"es","@id":"https:\/\/secure.gravatar.com\/avatar\/cac1f60a93212d00be56863454be1ddbfafd1bc9f8f11eb515269ce68d2a8e5c?s=96&d=mm&r=g","url":"https:\/\/secure.gravatar.com\/avatar\/cac1f60a93212d00be56863454be1ddbfafd1bc9f8f11eb515269ce68d2a8e5c?s=96&d=mm&r=g","contentUrl":"https:\/\/secure.gravatar.com\/avatar\/cac1f60a93212d00be56863454be1ddbfafd1bc9f8f11eb515269ce68d2a8e5c?s=96&d=mm&r=g","caption":"nateevo_01"}}]}},"jetpack_featured_media_url":"https:\/\/i0.wp.com\/revistaidees.cat\/wp-content\/uploads\/2023\/02\/GEN-CAT-Violencies-Masclistes_03-B.jpg?fit=1024%2C512&ssl=1","jetpack_sharing_enabled":true,"_links":{"self":[{"href":"https:\/\/revistaidees.cat\/es\/wp-json\/wp\/v2\/posts\/60496","targetHints":{"allow":["GET"]}}],"collection":[{"href":"https:\/\/revistaidees.cat\/es\/wp-json\/wp\/v2\/posts"}],"about":[{"href":"https:\/\/revistaidees.cat\/es\/wp-json\/wp\/v2\/types\/post"}],"author":[{"embeddable":true,"href":"https:\/\/revistaidees.cat\/es\/wp-json\/wp\/v2\/users\/47"}],"replies":[{"embeddable":true,"href":"https:\/\/revistaidees.cat\/es\/wp-json\/wp\/v2\/comments?post=60496"}],"version-history":[{"count":4,"href":"https:\/\/revistaidees.cat\/es\/wp-json\/wp\/v2\/posts\/60496\/revisions"}],"predecessor-version":[{"id":62020,"href":"https:\/\/revistaidees.cat\/es\/wp-json\/wp\/v2\/posts\/60496\/revisions\/62020"}],"wp:featuredmedia":[{"embeddable":true,"href":"https:\/\/revistaidees.cat\/es\/wp-json\/wp\/v2\/media\/61843"}],"wp:attachment":[{"href":"https:\/\/revistaidees.cat\/es\/wp-json\/wp\/v2\/media?parent=60496"}],"wp:term":[{"taxonomy":"category","embeddable":true,"href":"https:\/\/revistaidees.cat\/es\/wp-json\/wp\/v2\/categories?post=60496"},{"taxonomy":"post_tag","embeddable":true,"href":"https:\/\/revistaidees.cat\/es\/wp-json\/wp\/v2\/tags?post=60496"},{"taxonomy":"segment","embeddable":true,"href":"https:\/\/revistaidees.cat\/es\/wp-json\/wp\/v2\/segment?post=60496"},{"taxonomy":"subject","embeddable":true,"href":"https:\/\/revistaidees.cat\/es\/wp-json\/wp\/v2\/subject?post=60496"}],"curies":[{"name":"wp","href":"https:\/\/api.w.org\/{rel}","templated":true}]}}