{"id":61765,"date":"2023-01-18T17:00:41","date_gmt":"2023-01-18T15:00:41","guid":{"rendered":"https:\/\/revistaidees.cat\/coordinacio-lucila-mallart\/"},"modified":"2023-02-08T17:23:50","modified_gmt":"2023-02-08T15:23:50","slug":"coordinacio-lucila-mallart","status":"publish","type":"post","link":"https:\/\/revistaidees.cat\/es\/coordinacio-lucila-mallart\/","title":{"rendered":"Coordinaci\u00f3n: Lucila Mallart"},"content":{"rendered":"\n<p>La coordinaci\u00f3n y edici\u00f3n de contenidos del dosier monogr\u00e1fico \u00ab<a href=\"https:\/\/revistaidees.cat\/es\/monografics\/cataluna-y-la-sociedad-de-naciones\/\" target=\"_blank\" rel=\"noreferrer noopener\">Catalu\u00f1a y la Sociedad de Naciones<\/a>\u00ab, publicado en la revista IDEES el 29 de septiembre de 2022, ha ido a cargo de la investigadora Lucila Mallart, junto con el equipo t\u00e9cnico del Centro de Estudios de Temas Contempor\u00e1neos y el comisario de la conmemoraci\u00f3n de los 100 a\u00f1os de la Conferencia Internacional de Comunicaciones y Tr\u00e1fico de la Sociedad de Naciones en Barcelona, \u200b\u200bManuel Manonelles.<\/p>\n","protected":false},"excerpt":{"rendered":"<p>La coordinaci\u00f3n y edici\u00f3n de contenidos del dosier monogr\u00e1fico \u00abCatalu\u00f1a y la Sociedad de Naciones\u00ab, publicado en la revista IDEES el 29 de septiembre de 2022, ha ido a cargo de la investigadora Lucila Mallart, junto con el equipo t\u00e9cnico del Centro de Estudios de Temas Contempor\u00e1neos y el comisario de la conmemoraci\u00f3n de los 100 a\u00f1os de la Conferencia Internacional de Comunicaciones y Tr\u00e1fico de la Sociedad de Naciones en Barcelona, \u200b\u200bManuel Manonelles.<\/p>\n","protected":false},"author":3,"featured_media":0,"parent":0,"comment_status":"closed","ping_status":"closed","sticky":false,"template":"","format":"standard","meta":{"_acf_changed":false,"inline_featured_image":false,"_jetpack_memberships_contains_paid_content":false,"footnotes":""},"categories":[564],"tags":[],"segment":[],"subject":[],"class_list":["post-61765","post","type-post","status-publish","format-standard","hentry","category-credits-es"],"acf":[],"yoast_head":"<!-- This site is optimized with the Yoast SEO plugin v27.4 - https:\/\/yoast.com\/product\/yoast-seo-wordpress\/ -->\n<title>Coordinaci\u00f3n: Lucila Mallart &#8211; IDEES<\/title>\n<meta name=\"robots\" content=\"index, follow, max-snippet:-1, max-image-preview:large, max-video-preview:-1\" \/>\n<link rel=\"canonical\" href=\"https:\/\/revistaidees.cat\/es\/coordinacio-lucila-mallart\/\" \/>\n<meta property=\"og:locale\" content=\"es_ES\" \/>\n<meta property=\"og:type\" content=\"article\" \/>\n<meta property=\"og:title\" content=\"Coordinaci\u00f3n: Lucila Mallart &#8211; IDEES\" \/>\n<meta property=\"og:description\" content=\"La coordinaci\u00f3n y edici\u00f3n de contenidos del dosier monogr\u00e1fico \u00abCatalu\u00f1a y la Sociedad de Naciones\u00ab, publicado en la revista IDEES el 29 de septiembre de 2022, ha ido a cargo de la investigadora Lucila Mallart, junto con el equipo t\u00e9cnico del Centro de Estudios de Temas Contempor\u00e1neos y el comisario de la conmemoraci\u00f3n de los 100 a\u00f1os de la Conferencia Internacional de Comunicaciones y Tr\u00e1fico de la Sociedad de Naciones en Barcelona, \u200b\u200bManuel Manonelles.\" \/>\n<meta property=\"og:url\" content=\"https:\/\/revistaidees.cat\/es\/coordinacio-lucila-mallart\/\" \/>\n<meta property=\"og:site_name\" content=\"IDEES\" \/>\n<meta property=\"article:published_time\" content=\"2023-01-18T15:00:41+00:00\" \/>\n<meta property=\"article:modified_time\" content=\"2023-02-08T15:23:50+00:00\" \/>\n<meta name=\"author\" content=\"maria\" \/>\n<meta name=\"twitter:card\" content=\"summary_large_image\" \/>\n<meta name=\"twitter:label1\" content=\"Escrito por\" \/>\n\t<meta name=\"twitter:data1\" content=\"maria\" \/>\n\t<meta name=\"twitter:label2\" content=\"Tiempo de lectura\" \/>\n\t<meta name=\"twitter:data2\" content=\"1 minuto\" \/>\n<script type=\"application\/ld+json\" class=\"yoast-schema-graph\">{\"@context\":\"https:\\\/\\\/schema.org\",\"@graph\":[{\"@type\":\"Article\",\"@id\":\"https:\\\/\\\/revistaidees.cat\\\/es\\\/coordinacio-lucila-mallart\\\/#article\",\"isPartOf\":{\"@id\":\"https:\\\/\\\/revistaidees.cat\\\/es\\\/coordinacio-lucila-mallart\\\/\"},\"author\":{\"name\":\"maria\",\"@id\":\"https:\\\/\\\/revistaidees.cat\\\/#\\\/schema\\\/person\\\/23b13c8d154c858b03b5b4905ae0d5f6\"},\"headline\":\"Coordinaci\u00f3n: Lucila Mallart\",\"datePublished\":\"2023-01-18T15:00:41+00:00\",\"dateModified\":\"2023-02-08T15:23:50+00:00\",\"mainEntityOfPage\":{\"@id\":\"https:\\\/\\\/revistaidees.cat\\\/es\\\/coordinacio-lucila-mallart\\\/\"},\"wordCount\":84,\"articleSection\":[\"Cr\u00e9ditos\"],\"inLanguage\":\"es\"},{\"@type\":\"WebPage\",\"@id\":\"https:\\\/\\\/revistaidees.cat\\\/es\\\/coordinacio-lucila-mallart\\\/\",\"url\":\"https:\\\/\\\/revistaidees.cat\\\/es\\\/coordinacio-lucila-mallart\\\/\",\"name\":\"Coordinaci\u00f3n: Lucila Mallart &#8211; IDEES\",\"isPartOf\":{\"@id\":\"https:\\\/\\\/revistaidees.cat\\\/#website\"},\"datePublished\":\"2023-01-18T15:00:41+00:00\",\"dateModified\":\"2023-02-08T15:23:50+00:00\",\"author\":{\"@id\":\"https:\\\/\\\/revistaidees.cat\\\/#\\\/schema\\\/person\\\/23b13c8d154c858b03b5b4905ae0d5f6\"},\"breadcrumb\":{\"@id\":\"https:\\\/\\\/revistaidees.cat\\\/es\\\/coordinacio-lucila-mallart\\\/#breadcrumb\"},\"inLanguage\":\"es\",\"potentialAction\":[{\"@type\":\"ReadAction\",\"target\":[\"https:\\\/\\\/revistaidees.cat\\\/es\\\/coordinacio-lucila-mallart\\\/\"]}]},{\"@type\":\"BreadcrumbList\",\"@id\":\"https:\\\/\\\/revistaidees.cat\\\/es\\\/coordinacio-lucila-mallart\\\/#breadcrumb\",\"itemListElement\":[{\"@type\":\"ListItem\",\"position\":1,\"name\":\"Inici\",\"item\":\"https:\\\/\\\/revistaidees.cat\\\/es\\\/\"},{\"@type\":\"ListItem\",\"position\":2,\"name\":\"Coordinaci\u00f3n: Lucila Mallart\"}]},{\"@type\":\"WebSite\",\"@id\":\"https:\\\/\\\/revistaidees.cat\\\/#website\",\"url\":\"https:\\\/\\\/revistaidees.cat\\\/\",\"name\":\"IDEES\",\"description\":\"Revista de temas contempor\u00e1neos\",\"potentialAction\":[{\"@type\":\"SearchAction\",\"target\":{\"@type\":\"EntryPoint\",\"urlTemplate\":\"https:\\\/\\\/revistaidees.cat\\\/?s={search_term_string}\"},\"query-input\":{\"@type\":\"PropertyValueSpecification\",\"valueRequired\":true,\"valueName\":\"search_term_string\"}}],\"inLanguage\":\"es\"},{\"@type\":\"Person\",\"@id\":\"https:\\\/\\\/revistaidees.cat\\\/#\\\/schema\\\/person\\\/23b13c8d154c858b03b5b4905ae0d5f6\",\"name\":\"maria\",\"image\":{\"@type\":\"ImageObject\",\"inLanguage\":\"es\",\"@id\":\"https:\\\/\\\/secure.gravatar.com\\\/avatar\\\/4abe985cb800e0b75c4c7bfc4fd0973825f533e0620f989a75661b23c3255192?s=96&d=mm&r=g\",\"url\":\"https:\\\/\\\/secure.gravatar.com\\\/avatar\\\/4abe985cb800e0b75c4c7bfc4fd0973825f533e0620f989a75661b23c3255192?s=96&d=mm&r=g\",\"contentUrl\":\"https:\\\/\\\/secure.gravatar.com\\\/avatar\\\/4abe985cb800e0b75c4c7bfc4fd0973825f533e0620f989a75661b23c3255192?s=96&d=mm&r=g\",\"caption\":\"maria\"}}]}<\/script>\n<!-- \/ Yoast SEO plugin. -->","yoast_head_json":{"title":"Coordinaci\u00f3n: Lucila Mallart &#8211; IDEES","robots":{"index":"index","follow":"follow","max-snippet":"max-snippet:-1","max-image-preview":"max-image-preview:large","max-video-preview":"max-video-preview:-1"},"canonical":"https:\/\/revistaidees.cat\/es\/coordinacio-lucila-mallart\/","og_locale":"es_ES","og_type":"article","og_title":"Coordinaci\u00f3n: Lucila Mallart &#8211; IDEES","og_description":"La coordinaci\u00f3n y edici\u00f3n de contenidos del dosier monogr\u00e1fico \u00abCatalu\u00f1a y la Sociedad de Naciones\u00ab, publicado en la revista IDEES el 29 de septiembre de 2022, ha ido a cargo de la investigadora Lucila Mallart, junto con el equipo t\u00e9cnico del Centro de Estudios de Temas Contempor\u00e1neos y el comisario de la conmemoraci\u00f3n de los 100 a\u00f1os de la Conferencia Internacional de Comunicaciones y Tr\u00e1fico de la Sociedad de Naciones en Barcelona, \u200b\u200bManuel Manonelles.","og_url":"https:\/\/revistaidees.cat\/es\/coordinacio-lucila-mallart\/","og_site_name":"IDEES","article_published_time":"2023-01-18T15:00:41+00:00","article_modified_time":"2023-02-08T15:23:50+00:00","author":"maria","twitter_card":"summary_large_image","twitter_misc":{"Escrito por":"maria","Tiempo de lectura":"1 minuto"},"schema":{"@context":"https:\/\/schema.org","@graph":[{"@type":"Article","@id":"https:\/\/revistaidees.cat\/es\/coordinacio-lucila-mallart\/#article","isPartOf":{"@id":"https:\/\/revistaidees.cat\/es\/coordinacio-lucila-mallart\/"},"author":{"name":"maria","@id":"https:\/\/revistaidees.cat\/#\/schema\/person\/23b13c8d154c858b03b5b4905ae0d5f6"},"headline":"Coordinaci\u00f3n: Lucila Mallart","datePublished":"2023-01-18T15:00:41+00:00","dateModified":"2023-02-08T15:23:50+00:00","mainEntityOfPage":{"@id":"https:\/\/revistaidees.cat\/es\/coordinacio-lucila-mallart\/"},"wordCount":84,"articleSection":["Cr\u00e9ditos"],"inLanguage":"es"},{"@type":"WebPage","@id":"https:\/\/revistaidees.cat\/es\/coordinacio-lucila-mallart\/","url":"https:\/\/revistaidees.cat\/es\/coordinacio-lucila-mallart\/","name":"Coordinaci\u00f3n: Lucila Mallart &#8211; IDEES","isPartOf":{"@id":"https:\/\/revistaidees.cat\/#website"},"datePublished":"2023-01-18T15:00:41+00:00","dateModified":"2023-02-08T15:23:50+00:00","author":{"@id":"https:\/\/revistaidees.cat\/#\/schema\/person\/23b13c8d154c858b03b5b4905ae0d5f6"},"breadcrumb":{"@id":"https:\/\/revistaidees.cat\/es\/coordinacio-lucila-mallart\/#breadcrumb"},"inLanguage":"es","potentialAction":[{"@type":"ReadAction","target":["https:\/\/revistaidees.cat\/es\/coordinacio-lucila-mallart\/"]}]},{"@type":"BreadcrumbList","@id":"https:\/\/revistaidees.cat\/es\/coordinacio-lucila-mallart\/#breadcrumb","itemListElement":[{"@type":"ListItem","position":1,"name":"Inici","item":"https:\/\/revistaidees.cat\/es\/"},{"@type":"ListItem","position":2,"name":"Coordinaci\u00f3n: Lucila Mallart"}]},{"@type":"WebSite","@id":"https:\/\/revistaidees.cat\/#website","url":"https:\/\/revistaidees.cat\/","name":"IDEES","description":"Revista de temas contempor\u00e1neos","potentialAction":[{"@type":"SearchAction","target":{"@type":"EntryPoint","urlTemplate":"https:\/\/revistaidees.cat\/?s={search_term_string}"},"query-input":{"@type":"PropertyValueSpecification","valueRequired":true,"valueName":"search_term_string"}}],"inLanguage":"es"},{"@type":"Person","@id":"https:\/\/revistaidees.cat\/#\/schema\/person\/23b13c8d154c858b03b5b4905ae0d5f6","name":"maria","image":{"@type":"ImageObject","inLanguage":"es","@id":"https:\/\/secure.gravatar.com\/avatar\/4abe985cb800e0b75c4c7bfc4fd0973825f533e0620f989a75661b23c3255192?s=96&d=mm&r=g","url":"https:\/\/secure.gravatar.com\/avatar\/4abe985cb800e0b75c4c7bfc4fd0973825f533e0620f989a75661b23c3255192?s=96&d=mm&r=g","contentUrl":"https:\/\/secure.gravatar.com\/avatar\/4abe985cb800e0b75c4c7bfc4fd0973825f533e0620f989a75661b23c3255192?s=96&d=mm&r=g","caption":"maria"}}]}},"jetpack_featured_media_url":"","jetpack_sharing_enabled":true,"_links":{"self":[{"href":"https:\/\/revistaidees.cat\/es\/wp-json\/wp\/v2\/posts\/61765","targetHints":{"allow":["GET"]}}],"collection":[{"href":"https:\/\/revistaidees.cat\/es\/wp-json\/wp\/v2\/posts"}],"about":[{"href":"https:\/\/revistaidees.cat\/es\/wp-json\/wp\/v2\/types\/post"}],"author":[{"embeddable":true,"href":"https:\/\/revistaidees.cat\/es\/wp-json\/wp\/v2\/users\/3"}],"replies":[{"embeddable":true,"href":"https:\/\/revistaidees.cat\/es\/wp-json\/wp\/v2\/comments?post=61765"}],"version-history":[{"count":6,"href":"https:\/\/revistaidees.cat\/es\/wp-json\/wp\/v2\/posts\/61765\/revisions"}],"predecessor-version":[{"id":61774,"href":"https:\/\/revistaidees.cat\/es\/wp-json\/wp\/v2\/posts\/61765\/revisions\/61774"}],"wp:attachment":[{"href":"https:\/\/revistaidees.cat\/es\/wp-json\/wp\/v2\/media?parent=61765"}],"wp:term":[{"taxonomy":"category","embeddable":true,"href":"https:\/\/revistaidees.cat\/es\/wp-json\/wp\/v2\/categories?post=61765"},{"taxonomy":"post_tag","embeddable":true,"href":"https:\/\/revistaidees.cat\/es\/wp-json\/wp\/v2\/tags?post=61765"},{"taxonomy":"segment","embeddable":true,"href":"https:\/\/revistaidees.cat\/es\/wp-json\/wp\/v2\/segment?post=61765"},{"taxonomy":"subject","embeddable":true,"href":"https:\/\/revistaidees.cat\/es\/wp-json\/wp\/v2\/subject?post=61765"}],"curies":[{"name":"wp","href":"https:\/\/api.w.org\/{rel}","templated":true}]}}