{"id":74646,"date":"2024-05-22T20:14:20","date_gmt":"2024-05-22T18:14:20","guid":{"rendered":"https:\/\/revistaidees.cat\/davantal-2\/"},"modified":"2024-06-10T13:27:22","modified_gmt":"2024-06-10T11:27:22","slug":"davantal-2","status":"publish","type":"post","link":"https:\/\/revistaidees.cat\/es\/davantal-2\/","title":{"rendered":"Delantal"},"content":{"rendered":"\n<p>No descubro ning\u00fan secreto cuando afirmo que nos encontramos inmersos en un cambio de \u00e9poca. El mundo emergido del cataclismo de la Segunda Guerra Mundial se tambalea. Las instituciones que vertebran el sistema internacional desde 1945 hasta hoy se ven expuestas tanto a la erosi\u00f3n del paso del tiempo como a la contestaci\u00f3n de antiguas y nuevas potencias con ambiciones regionales o globales. Sin embargo, hoy d\u00eda la reforma del sistema internacional es muy complicada: ni existe una potencia con poder y legitimidad suficientes para imponer un nuevo orden internacional ni es viable articular un nuevo orden sobre la base del consenso.<\/p>\n\n\n\n<p>En un mundo marcado por estos cambios, la democracia es una de las primeras v\u00edctimas colaterales. Como concluye el informe T<em>he Global State of Democracy 2023,<\/em> <span class=\"note-item\"><a href=\"#note-01\" class=\"scroll-to\">[1]<\/a><span class=\"note-item-tooltip\">1 \u2014 International IDEA (2023). The Global State of Democracy 2023. The New Checks and Balances.\u00a0Estocolm: International IDEA.. Disponible en l\u00ednea.\n&nbsp;\n<\/span><\/span> elaborado por International IDEA (y como concluyen tantos otros informes similares), los fundamentos de la democracia hace muchos a\u00f1os que est\u00e1n en declive por todo el mundo, incluso en aquello que denominamos <em>democracias consolidadas<\/em>.<\/p>\n\n\n\n<p>La fragilidad de la democracia es una realidad que no se puede ignorar en el debate contempor\u00e1neo. Desde la proliferaci\u00f3n de populismos hasta la creciente polarizaci\u00f3n pol\u00edtica, pasando por el fen\u00f3meno de la digitalizaci\u00f3n \u2014que somete los rituales y los tempos de la democracia liberal a una prueba de estr\u00e9s permanente\u2014, la confianza en las instituciones democr\u00e1ticas ha sido sometida a una prueba severa. Esta fragilidad \u2014<em>crisis<\/em>, tendr\u00edamos que decir\u2014 se manifiesta en la erosi\u00f3n de las normas democr\u00e1ticas, la limitaci\u00f3n de determinados derechos y libertades fundamentales, la creciente desconfianza en la clase pol\u00edtica y los procesos electorales o las dudas cada vez m\u00e1s importantes hacia la eficacia de un sistema que incumplir\u00eda irremediablemente la promesa de una vida mejor para todo el mundo.<\/p>\n\n\n\n<p>En este marco emergen y se extienden, cada vez m\u00e1s, aquello que Fareed Zakaria, periodista y ensayista, populariz\u00f3 como <em>democracias iliberales<\/em>, es decir, aquellos sistemas que mantienen la apariencia democr\u00e1tica a trav\u00e9s de procesos electorales aparentemente libres y competitivos, pero donde los principios y las pr\u00e1cticas que definen la democracia real, como la separaci\u00f3n de poderes, la libertad de expresi\u00f3n y la rendici\u00f3n de cuentas, est\u00e1n gravemente comprometidos.<\/p>\n\n\n\n<p>Este es, pues, el tema de este nuevo monogr\u00e1fico que os ofrece la revista <em>IDEES<\/em>: un an\u00e1lisis del estado de la democracia hoy, que aborda las oportunidades y los desaf\u00edos en un contexto global agitado y desde un compromiso firme con sus valores fundamentales.<\/p>\n\n\n\n<p>Al mismo tiempo, en este mismo monogr\u00e1fico tambi\u00e9n os ofrecemos un dosier en el que vinculamos la reflexi\u00f3n sobre el estado de la democracia en el mundo a los 50 a\u00f1os de la Revoluci\u00f3n de los Claveles portuguesa, una efem\u00e9ride que se celebra este a\u00f1o. La tambi\u00e9n la denominada Revoluci\u00f3n del 25 de Abril puso fin a la dictadura de l&#8217;Estado Novo y propici\u00f3 el retorno a la democracia en Portugal; inaugur\u00f3, as\u00ed, la denominada <em>tercera ola de democratizaci\u00f3n<\/em> apuntada por Samuel Huntington. Poner la atenci\u00f3n en los or\u00edgenes de la democracia portuguesa nos tendr\u00eda que permitir entender mejor su evoluci\u00f3n a lo largo de las \u00faltimas d\u00e9cadas e incluso iluminar los resultados de las elecciones recientes, que se inscriben, sin duda, en una corriente de fondo que atraviesa la mayor\u00eda de democracias occidentales.<\/p>\n\n\n\n<p>Para acabar, querr\u00eda remarcar que este monogr\u00e1fico y, en especial, el dosier sobre la Revoluci\u00f3n de los Claveles, han sido elaborados en colaboraci\u00f3n con la Fundaci\u00f3n M\u00e1rio Soares y Maria Barroso, con sede en Lisboa. A la fundaci\u00f3n, y especialmente a su director, Filipe Guimar\u00e3es da Silva, muchas gracias. Y a vosotros, queridas y queridos lectores, gracias tambi\u00e9n para leernos.<\/p>\n","protected":false},"excerpt":{"rendered":"<p>No descubro ning\u00fan secreto cuando afirmo que nos encontramos inmersos en un cambio de \u00e9poca. El mundo emergido del cataclismo de la Segunda Guerra Mundial se tambalea. Las instituciones que vertebran el sistema internacional desde 1945 hasta hoy se ven expuestas tanto a la erosi\u00f3n del paso del tiempo como a la contestaci\u00f3n de antiguas y nuevas potencias con ambiciones regionales o globales. Sin embargo, hoy d\u00eda la reforma del sistema internacional es muy complicada: ni existe una potencia con poder y legitimidad suficientes para imponer un nuevo orden internacional ni es viable articular un nuevo orden sobre la base\u2026<\/p>\n","protected":false},"author":65,"featured_media":72705,"parent":0,"comment_status":"closed","ping_status":"closed","sticky":false,"template":"","format":"standard","meta":{"_acf_changed":false,"inline_featured_image":false,"_jetpack_memberships_contains_paid_content":false,"footnotes":""},"categories":[621],"tags":[],"segment":[],"subject":[],"class_list":["post-74646","post","type-post","status-publish","format-standard","has-post-thumbnail","hentry","category-davantal-democracia-revolucio-dels-clavells-es"],"acf":[],"yoast_head":"<!-- This site is optimized with the Yoast SEO plugin v27.4 - https:\/\/yoast.com\/product\/yoast-seo-wordpress\/ -->\n<title>Delantal &#8211; IDEES<\/title>\n<meta name=\"robots\" content=\"index, follow, max-snippet:-1, max-image-preview:large, max-video-preview:-1\" \/>\n<link rel=\"canonical\" href=\"https:\/\/revistaidees.cat\/es\/davantal-2\/\" \/>\n<meta property=\"og:locale\" content=\"es_ES\" \/>\n<meta property=\"og:type\" content=\"article\" \/>\n<meta property=\"og:title\" content=\"Delantal &#8211; IDEES\" \/>\n<meta property=\"og:description\" content=\"No descubro ning\u00fan secreto cuando afirmo que nos encontramos inmersos en un cambio de \u00e9poca. El mundo emergido del cataclismo de la Segunda Guerra Mundial se tambalea. Las instituciones que vertebran el sistema internacional desde 1945 hasta hoy se ven expuestas tanto a la erosi\u00f3n del paso del tiempo como a la contestaci\u00f3n de antiguas y nuevas potencias con ambiciones regionales o globales. Sin embargo, hoy d\u00eda la reforma del sistema internacional es muy complicada: ni existe una potencia con poder y legitimidad suficientes para imponer un nuevo orden internacional ni es viable articular un nuevo orden sobre la base\u2026\" \/>\n<meta property=\"og:url\" content=\"https:\/\/revistaidees.cat\/es\/davantal-2\/\" \/>\n<meta property=\"og:site_name\" content=\"IDEES\" \/>\n<meta property=\"article:published_time\" content=\"2024-05-22T18:14:20+00:00\" \/>\n<meta property=\"article:modified_time\" content=\"2024-06-10T11:27:22+00:00\" \/>\n<meta property=\"og:image\" content=\"https:\/\/revistaidees.cat\/wp-content\/uploads\/2024\/05\/PORTADA-monografic-web-1024x486.png\" \/>\n\t<meta property=\"og:image:width\" content=\"1024\" \/>\n\t<meta property=\"og:image:height\" content=\"486\" \/>\n\t<meta property=\"og:image:type\" content=\"image\/png\" \/>\n<meta name=\"author\" content=\"Eduard Mayol\" \/>\n<meta name=\"twitter:card\" content=\"summary_large_image\" \/>\n<meta name=\"twitter:label1\" content=\"Escrito por\" \/>\n\t<meta name=\"twitter:data1\" content=\"Eduard Mayol\" \/>\n\t<meta name=\"twitter:label2\" content=\"Tiempo de lectura\" \/>\n\t<meta name=\"twitter:data2\" content=\"4 minutos\" \/>\n<script type=\"application\/ld+json\" class=\"yoast-schema-graph\">{\"@context\":\"https:\\\/\\\/schema.org\",\"@graph\":[{\"@type\":\"Article\",\"@id\":\"https:\\\/\\\/revistaidees.cat\\\/es\\\/davantal-2\\\/#article\",\"isPartOf\":{\"@id\":\"https:\\\/\\\/revistaidees.cat\\\/es\\\/davantal-2\\\/\"},\"author\":{\"name\":\"Eduard Mayol\",\"@id\":\"https:\\\/\\\/revistaidees.cat\\\/#\\\/schema\\\/person\\\/72c4feadf444dfe9549175d9fdd29867\"},\"headline\":\"Delantal\",\"datePublished\":\"2024-05-22T18:14:20+00:00\",\"dateModified\":\"2024-06-10T11:27:22+00:00\",\"mainEntityOfPage\":{\"@id\":\"https:\\\/\\\/revistaidees.cat\\\/es\\\/davantal-2\\\/\"},\"wordCount\":650,\"image\":{\"@id\":\"https:\\\/\\\/revistaidees.cat\\\/es\\\/davantal-2\\\/#primaryimage\"},\"thumbnailUrl\":\"https:\\\/\\\/i0.wp.com\\\/revistaidees.cat\\\/wp-content\\\/uploads\\\/2024\\\/05\\\/PORTADA-monografic-web.png?fit=2000%2C950&ssl=1\",\"articleSection\":[\"Delantal\"],\"inLanguage\":\"es\"},{\"@type\":\"WebPage\",\"@id\":\"https:\\\/\\\/revistaidees.cat\\\/es\\\/davantal-2\\\/\",\"url\":\"https:\\\/\\\/revistaidees.cat\\\/es\\\/davantal-2\\\/\",\"name\":\"Delantal &#8211; IDEES\",\"isPartOf\":{\"@id\":\"https:\\\/\\\/revistaidees.cat\\\/#website\"},\"primaryImageOfPage\":{\"@id\":\"https:\\\/\\\/revistaidees.cat\\\/es\\\/davantal-2\\\/#primaryimage\"},\"image\":{\"@id\":\"https:\\\/\\\/revistaidees.cat\\\/es\\\/davantal-2\\\/#primaryimage\"},\"thumbnailUrl\":\"https:\\\/\\\/i0.wp.com\\\/revistaidees.cat\\\/wp-content\\\/uploads\\\/2024\\\/05\\\/PORTADA-monografic-web.png?fit=2000%2C950&ssl=1\",\"datePublished\":\"2024-05-22T18:14:20+00:00\",\"dateModified\":\"2024-06-10T11:27:22+00:00\",\"author\":{\"@id\":\"https:\\\/\\\/revistaidees.cat\\\/#\\\/schema\\\/person\\\/72c4feadf444dfe9549175d9fdd29867\"},\"breadcrumb\":{\"@id\":\"https:\\\/\\\/revistaidees.cat\\\/es\\\/davantal-2\\\/#breadcrumb\"},\"inLanguage\":\"es\",\"potentialAction\":[{\"@type\":\"ReadAction\",\"target\":[\"https:\\\/\\\/revistaidees.cat\\\/es\\\/davantal-2\\\/\"]}]},{\"@type\":\"ImageObject\",\"inLanguage\":\"es\",\"@id\":\"https:\\\/\\\/revistaidees.cat\\\/es\\\/davantal-2\\\/#primaryimage\",\"url\":\"https:\\\/\\\/i0.wp.com\\\/revistaidees.cat\\\/wp-content\\\/uploads\\\/2024\\\/05\\\/PORTADA-monografic-web.png?fit=2000%2C950&ssl=1\",\"contentUrl\":\"https:\\\/\\\/i0.wp.com\\\/revistaidees.cat\\\/wp-content\\\/uploads\\\/2024\\\/05\\\/PORTADA-monografic-web.png?fit=2000%2C950&ssl=1\",\"width\":2000,\"height\":950,\"caption\":\"Mural en homenaje a Fernando Salgueiro Maia, uno de los capitanes del ej\u00e9rcito portugu\u00e9s que dirigi\u00f3 las fuerzas militares durante la Revoluci\u00f3n de los Claveles en 1974 en Portugal. El mural, pintado en la Avenida de Berna en Lisboa, es un proyecto de la Facultad de Ciencias Sociales y Humanidades de la Universidad NOVA de Lisboa (NOVA - FCSH) y la galer\u00eda Underdogs, y fue dise\u00f1ado por los artistas Tamara Alves, Moami, Petra Preta y Mariana Margarida Malh\u00e3o. Este mural reinterpreta y reemplaza al anterior, que se encontraba all\u00ed desde 2014. Foto: Carlos Fonseca\\\/Wikimedia Commons\"},{\"@type\":\"BreadcrumbList\",\"@id\":\"https:\\\/\\\/revistaidees.cat\\\/es\\\/davantal-2\\\/#breadcrumb\",\"itemListElement\":[{\"@type\":\"ListItem\",\"position\":1,\"name\":\"Inici\",\"item\":\"https:\\\/\\\/revistaidees.cat\\\/es\\\/\"},{\"@type\":\"ListItem\",\"position\":2,\"name\":\"Delantal\"}]},{\"@type\":\"WebSite\",\"@id\":\"https:\\\/\\\/revistaidees.cat\\\/#website\",\"url\":\"https:\\\/\\\/revistaidees.cat\\\/\",\"name\":\"IDEES\",\"description\":\"Revista de temas contempor\u00e1neos\",\"potentialAction\":[{\"@type\":\"SearchAction\",\"target\":{\"@type\":\"EntryPoint\",\"urlTemplate\":\"https:\\\/\\\/revistaidees.cat\\\/?s={search_term_string}\"},\"query-input\":{\"@type\":\"PropertyValueSpecification\",\"valueRequired\":true,\"valueName\":\"search_term_string\"}}],\"inLanguage\":\"es\"},{\"@type\":\"Person\",\"@id\":\"https:\\\/\\\/revistaidees.cat\\\/#\\\/schema\\\/person\\\/72c4feadf444dfe9549175d9fdd29867\",\"name\":\"Eduard Mayol\",\"image\":{\"@type\":\"ImageObject\",\"inLanguage\":\"es\",\"@id\":\"https:\\\/\\\/secure.gravatar.com\\\/avatar\\\/8eca357612b31ac03d8566bb27c2728052b55b163944417d6cd1cbe218bdf654?s=96&d=mm&r=g\",\"url\":\"https:\\\/\\\/secure.gravatar.com\\\/avatar\\\/8eca357612b31ac03d8566bb27c2728052b55b163944417d6cd1cbe218bdf654?s=96&d=mm&r=g\",\"contentUrl\":\"https:\\\/\\\/secure.gravatar.com\\\/avatar\\\/8eca357612b31ac03d8566bb27c2728052b55b163944417d6cd1cbe218bdf654?s=96&d=mm&r=g\",\"caption\":\"Eduard Mayol\"}}]}<\/script>\n<!-- \/ Yoast SEO plugin. -->","yoast_head_json":{"title":"Delantal &#8211; IDEES","robots":{"index":"index","follow":"follow","max-snippet":"max-snippet:-1","max-image-preview":"max-image-preview:large","max-video-preview":"max-video-preview:-1"},"canonical":"https:\/\/revistaidees.cat\/es\/davantal-2\/","og_locale":"es_ES","og_type":"article","og_title":"Delantal &#8211; IDEES","og_description":"No descubro ning\u00fan secreto cuando afirmo que nos encontramos inmersos en un cambio de \u00e9poca. El mundo emergido del cataclismo de la Segunda Guerra Mundial se tambalea. Las instituciones que vertebran el sistema internacional desde 1945 hasta hoy se ven expuestas tanto a la erosi\u00f3n del paso del tiempo como a la contestaci\u00f3n de antiguas y nuevas potencias con ambiciones regionales o globales. Sin embargo, hoy d\u00eda la reforma del sistema internacional es muy complicada: ni existe una potencia con poder y legitimidad suficientes para imponer un nuevo orden internacional ni es viable articular un nuevo orden sobre la base\u2026","og_url":"https:\/\/revistaidees.cat\/es\/davantal-2\/","og_site_name":"IDEES","article_published_time":"2024-05-22T18:14:20+00:00","article_modified_time":"2024-06-10T11:27:22+00:00","og_image":[{"width":1024,"height":486,"url":"https:\/\/revistaidees.cat\/wp-content\/uploads\/2024\/05\/PORTADA-monografic-web-1024x486.png","type":"image\/png"}],"author":"Eduard Mayol","twitter_card":"summary_large_image","twitter_misc":{"Escrito por":"Eduard Mayol","Tiempo de lectura":"4 minutos"},"schema":{"@context":"https:\/\/schema.org","@graph":[{"@type":"Article","@id":"https:\/\/revistaidees.cat\/es\/davantal-2\/#article","isPartOf":{"@id":"https:\/\/revistaidees.cat\/es\/davantal-2\/"},"author":{"name":"Eduard Mayol","@id":"https:\/\/revistaidees.cat\/#\/schema\/person\/72c4feadf444dfe9549175d9fdd29867"},"headline":"Delantal","datePublished":"2024-05-22T18:14:20+00:00","dateModified":"2024-06-10T11:27:22+00:00","mainEntityOfPage":{"@id":"https:\/\/revistaidees.cat\/es\/davantal-2\/"},"wordCount":650,"image":{"@id":"https:\/\/revistaidees.cat\/es\/davantal-2\/#primaryimage"},"thumbnailUrl":"https:\/\/i0.wp.com\/revistaidees.cat\/wp-content\/uploads\/2024\/05\/PORTADA-monografic-web.png?fit=2000%2C950&ssl=1","articleSection":["Delantal"],"inLanguage":"es"},{"@type":"WebPage","@id":"https:\/\/revistaidees.cat\/es\/davantal-2\/","url":"https:\/\/revistaidees.cat\/es\/davantal-2\/","name":"Delantal &#8211; IDEES","isPartOf":{"@id":"https:\/\/revistaidees.cat\/#website"},"primaryImageOfPage":{"@id":"https:\/\/revistaidees.cat\/es\/davantal-2\/#primaryimage"},"image":{"@id":"https:\/\/revistaidees.cat\/es\/davantal-2\/#primaryimage"},"thumbnailUrl":"https:\/\/i0.wp.com\/revistaidees.cat\/wp-content\/uploads\/2024\/05\/PORTADA-monografic-web.png?fit=2000%2C950&ssl=1","datePublished":"2024-05-22T18:14:20+00:00","dateModified":"2024-06-10T11:27:22+00:00","author":{"@id":"https:\/\/revistaidees.cat\/#\/schema\/person\/72c4feadf444dfe9549175d9fdd29867"},"breadcrumb":{"@id":"https:\/\/revistaidees.cat\/es\/davantal-2\/#breadcrumb"},"inLanguage":"es","potentialAction":[{"@type":"ReadAction","target":["https:\/\/revistaidees.cat\/es\/davantal-2\/"]}]},{"@type":"ImageObject","inLanguage":"es","@id":"https:\/\/revistaidees.cat\/es\/davantal-2\/#primaryimage","url":"https:\/\/i0.wp.com\/revistaidees.cat\/wp-content\/uploads\/2024\/05\/PORTADA-monografic-web.png?fit=2000%2C950&ssl=1","contentUrl":"https:\/\/i0.wp.com\/revistaidees.cat\/wp-content\/uploads\/2024\/05\/PORTADA-monografic-web.png?fit=2000%2C950&ssl=1","width":2000,"height":950,"caption":"Mural en homenaje a Fernando Salgueiro Maia, uno de los capitanes del ej\u00e9rcito portugu\u00e9s que dirigi\u00f3 las fuerzas militares durante la Revoluci\u00f3n de los Claveles en 1974 en Portugal. El mural, pintado en la Avenida de Berna en Lisboa, es un proyecto de la Facultad de Ciencias Sociales y Humanidades de la Universidad NOVA de Lisboa (NOVA - FCSH) y la galer\u00eda Underdogs, y fue dise\u00f1ado por los artistas Tamara Alves, Moami, Petra Preta y Mariana Margarida Malh\u00e3o. Este mural reinterpreta y reemplaza al anterior, que se encontraba all\u00ed desde 2014. Foto: Carlos Fonseca\/Wikimedia Commons"},{"@type":"BreadcrumbList","@id":"https:\/\/revistaidees.cat\/es\/davantal-2\/#breadcrumb","itemListElement":[{"@type":"ListItem","position":1,"name":"Inici","item":"https:\/\/revistaidees.cat\/es\/"},{"@type":"ListItem","position":2,"name":"Delantal"}]},{"@type":"WebSite","@id":"https:\/\/revistaidees.cat\/#website","url":"https:\/\/revistaidees.cat\/","name":"IDEES","description":"Revista de temas contempor\u00e1neos","potentialAction":[{"@type":"SearchAction","target":{"@type":"EntryPoint","urlTemplate":"https:\/\/revistaidees.cat\/?s={search_term_string}"},"query-input":{"@type":"PropertyValueSpecification","valueRequired":true,"valueName":"search_term_string"}}],"inLanguage":"es"},{"@type":"Person","@id":"https:\/\/revistaidees.cat\/#\/schema\/person\/72c4feadf444dfe9549175d9fdd29867","name":"Eduard Mayol","image":{"@type":"ImageObject","inLanguage":"es","@id":"https:\/\/secure.gravatar.com\/avatar\/8eca357612b31ac03d8566bb27c2728052b55b163944417d6cd1cbe218bdf654?s=96&d=mm&r=g","url":"https:\/\/secure.gravatar.com\/avatar\/8eca357612b31ac03d8566bb27c2728052b55b163944417d6cd1cbe218bdf654?s=96&d=mm&r=g","contentUrl":"https:\/\/secure.gravatar.com\/avatar\/8eca357612b31ac03d8566bb27c2728052b55b163944417d6cd1cbe218bdf654?s=96&d=mm&r=g","caption":"Eduard Mayol"}}]}},"jetpack_featured_media_url":"https:\/\/i0.wp.com\/revistaidees.cat\/wp-content\/uploads\/2024\/05\/PORTADA-monografic-web.png?fit=2000%2C950&ssl=1","jetpack_sharing_enabled":true,"_links":{"self":[{"href":"https:\/\/revistaidees.cat\/es\/wp-json\/wp\/v2\/posts\/74646","targetHints":{"allow":["GET"]}}],"collection":[{"href":"https:\/\/revistaidees.cat\/es\/wp-json\/wp\/v2\/posts"}],"about":[{"href":"https:\/\/revistaidees.cat\/es\/wp-json\/wp\/v2\/types\/post"}],"author":[{"embeddable":true,"href":"https:\/\/revistaidees.cat\/es\/wp-json\/wp\/v2\/users\/65"}],"replies":[{"embeddable":true,"href":"https:\/\/revistaidees.cat\/es\/wp-json\/wp\/v2\/comments?post=74646"}],"version-history":[{"count":8,"href":"https:\/\/revistaidees.cat\/es\/wp-json\/wp\/v2\/posts\/74646\/revisions"}],"predecessor-version":[{"id":74937,"href":"https:\/\/revistaidees.cat\/es\/wp-json\/wp\/v2\/posts\/74646\/revisions\/74937"}],"wp:featuredmedia":[{"embeddable":true,"href":"https:\/\/revistaidees.cat\/es\/wp-json\/wp\/v2\/media\/72705"}],"wp:attachment":[{"href":"https:\/\/revistaidees.cat\/es\/wp-json\/wp\/v2\/media?parent=74646"}],"wp:term":[{"taxonomy":"category","embeddable":true,"href":"https:\/\/revistaidees.cat\/es\/wp-json\/wp\/v2\/categories?post=74646"},{"taxonomy":"post_tag","embeddable":true,"href":"https:\/\/revistaidees.cat\/es\/wp-json\/wp\/v2\/tags?post=74646"},{"taxonomy":"segment","embeddable":true,"href":"https:\/\/revistaidees.cat\/es\/wp-json\/wp\/v2\/segment?post=74646"},{"taxonomy":"subject","embeddable":true,"href":"https:\/\/revistaidees.cat\/es\/wp-json\/wp\/v2\/subject?post=74646"}],"curies":[{"name":"wp","href":"https:\/\/api.w.org\/{rel}","templated":true}]}}