{"id":75730,"date":"2023-12-12T14:52:04","date_gmt":"2023-12-12T12:52:04","guid":{"rendered":"https:\/\/revistaidees.cat\/drets-humans-i-pandemia-el-rol-dels-paisos-europeus-davant-la-lluita-contra-la-covid-19\/"},"modified":"2024-06-19T10:28:32","modified_gmt":"2024-06-19T08:28:32","slug":"drets-humans-i-pandemia-el-rol-dels-paisos-europeus-davant-la-lluita-contra-la-covid-19","status":"publish","type":"post","link":"https:\/\/revistaidees.cat\/es\/drets-humans-i-pandemia-el-rol-dels-paisos-europeus-davant-la-lluita-contra-la-covid-19\/","title":{"rendered":"Derechos humanos y pandemia: el rol de los pa\u00edses europeos ante la lucha contra la COVID-19"},"content":{"rendered":"\n<p>A principios del a\u00f1o 2020, la pandemia de la COVID-19 atac\u00f3 Europa, una regi\u00f3n rica con sistemas de salud p\u00fablicos relativamente buenos y tambi\u00e9n con sistemas de \u00e1mbito privado. Adem\u00e1s, Europa es una regi\u00f3n muy comprometida con los derechos humanos y da una gran importancia a la libertad de circulaci\u00f3n \u2014tambi\u00e9n entre territorios delimitados por fronteras nacionales\u2014, ya que se trata de un aspecto de la libertad muy importante desde el punto de vista cultural que, jur\u00eddicamente, est\u00e1 consolidado. A causa, en parte, de los numerosos interrogantes relacionados con un pat\u00f3geno totalmente nuevo, las respuestas de los estados, en Europa y otros lugares, fueron r\u00e1pidas e incluso dr\u00e1sticas. Un n\u00famero sin precedentes de pa\u00edses declararon el estado de emergencia y derogaron oficialmente algunas de sus obligaciones internacionales en materia de derechos humanos.<\/p>\n\n\n\n<p>M\u00e1s de tres a\u00f1os despu\u00e9s del inicio de la pandemia, vale la pena exponer los hechos clave, tal como les recoge Our World in Data, <span class=\"note-item\"><a href=\"#note-01\" class=\"scroll-to\">[1]<\/a><span class=\"note-item-tooltip\">1 \u2014 Los datos se pueden consultar en el portal web\u00a0Our World In Data.\n<\/span><\/span> un portal ampliamente utilizado. En Europa, el n\u00famero acumulado de muertes confirmadas por COVID-19 lleg\u00f3 a los dos millones a finales del 2022. Estas muertes tuvieron tres picos elevados: en abril del 2020, de noviembre del 2020 a marzo del 2021 y de noviembre del 2021 a febrero del 2022. Durante estos picos se registraron sistem\u00e1ticamente m\u00e1s de 3.000 muertes diarias. En los picos m\u00e1s bajos que hubo despu\u00e9s no se superaron nunca las 1.000 muertes al d\u00eda. En marzo del 2022, casi 500 millones de europeos hab\u00edan recibido las tres vacunas del ciclo inicial de vacunaci\u00f3n.<\/p>\n\n\n\n<p>El portal Our World in Data no ofrece un informe global para Europa de su \u00edndice de restrictividad (Stringency Index), <span class=\"note-item\"><a href=\"#note-02\" class=\"scroll-to\">[2]<\/a><span class=\"note-item-tooltip\">2 \u2014 M\u00e1s informaci\u00f3n en l\u00ednea.\n<\/span><\/span> que utiliza una escala del 0 a 100 basada en nueve indicadores de respuesta, entre los cuales hay el cierre de escuelas, el cierre de puestos de trabajo y las prohibiciones para viajar. Si echamos un vistazo al registro de cada uno de los pa\u00edses de la Uni\u00f3n Europea, vemos que, para la fase inicial de abril del 2020, el \u00edndice muestra generalmente valores de entre 70 y 90 para los pa\u00edses de la UE, mientras que Letonia y Suecia registran desviaciones bastante menores de la norma \u201461 y 65, respectivamente. A finales del 2022, los pa\u00edses de la UE hab\u00edan interrumpido pr\u00e1cticamente todas las medidas restrictivas o protectoras destinadas a reducir el contagio, excepto Austria e Italia, que mantuvieron algunas y se quedaron en unos valores de 35 y 25, respectivamente. Los datos sugieren que la amenaza para la vida y la salud de las personas era real y que los pa\u00edses respondieron con medidas que implicaban limitaciones de los derechos humanos, cuando menos de algunos.<\/p>\n\n\n\n<p>En este art\u00edculo, nuestro prop\u00f3sito no es hacer un an\u00e1lisis jur\u00eddico propiamente dicho de las acciones y omisiones de los pa\u00edses europeos o de la UE con respecto al cumplimiento de los derechos humanos durante el periodo 2020-2023. Ahora bien, s\u00ed que queremos destacar que hacer este an\u00e1lisis ser\u00eda una tarea sumamente complicada y que incluir\u00eda, inevitablemente, opciones metodol\u00f3gicas que ir\u00edan m\u00e1s all\u00e1 \u2014pero que, sin embargo, tendr\u00edan que incorporar\u2014 de un an\u00e1lisis jur\u00eddico tradicional de la legalidad, la necesidad y la proporcionalidad de cualquier medida restrictiva introducida para evitar o disminuir la propagaci\u00f3n de un pat\u00f3geno. Por otra parte, determinar si se ha vulnerado un derecho humano siempre requiere un an\u00e1lisis individualizado, ya que los factores de intersecci\u00f3n pueden hacer que algunos individuos concretos soporten una carga injustificada a causa de medidas generalistas. Nuestro prop\u00f3sito es m\u00e1s transversal: el objetivo es ayudar a los estados a prepararse para futuras pandemias con respuestas basadas en el cumplimiento de los derechos humanos. A continuaci\u00f3n, presentaremos nuestro trabajo anterior sobre c\u00f3mo tendr\u00eda que ser un enfoque multidisciplinar y basado en evidencias. Creemos que este debate sigue siendo muy necesario en Europa, en parte porque el aumento del riesgo de nuevas pandemias peligrosas hace necesaria una preparaci\u00f3n mejor que la que hubo en la respuesta europea a la COVID-19.<\/p>\n\n\n\n<p>Pero tambi\u00e9n queremos dejar claro que, a efectos de una evaluaci\u00f3n integral de los derechos humanos, la COVID-19 no se ha acabado. Aunque tanto la valoraci\u00f3n juridiconormativa como tambi\u00e9n los hechos emp\u00edricos m\u00e9dicos se han convertido en un campo de batalla, sostenemos que el resultado de la primera tiene que depender de los segundos. En beneficio de la transparencia, queremos informar a los lectores que consideramos que las afirmaciones siguientes expresan hechos probados emp\u00edricamente, cuando menos desde mediados del 2023:<\/p>\n\n\n\n<ul class=\"wp-block-list\">\n<li>El virus SARS-CoV-2 que causa la COVID-19 es un pat\u00f3geno aerovagante y la transmisi\u00f3n de humano a humano se produce principalmente por esta v\u00eda.<br><\/li>\n\n\n\n<li>El riesgo de contagio se puede reducir significativamente mediante intervenciones no m\u00e9dicas que son moderadamente restrictivas para la libertad individual: mascarillas faciales de \u00faltima generaci\u00f3n (FFP2\/3 o equivalente) y ventilaci\u00f3n y filtraje (filtros HEPA o equivalentes) de ambientes interiores.<br><\/li>\n\n\n\n<li>La COVID-19 ha provocado un n\u00famero de muertes sin precedentes en Europa, lo cual ha comportado un marcado exceso de mortalidad y una disminuci\u00f3n de la esperanza de vida.<br><\/li>\n\n\n\n<li>La COVID-19 tambi\u00e9n es una enfermedad multiorg\u00e1nica que tiene efectos a largo plazo en todas las cohortes de edad; estos efectos incluyen la muerte prematura, el desarrollo de incapacidades y la disminuci\u00f3n de la calidad de vida.<br><\/li>\n\n\n\n<li>Las vacunas, incluidos los refuerzos, han reducido mucho la incidencia de muertes e incapacidades por COVID-19, hasta el punto que los retrasos en la oferta de los refuerzos se correlacionan con un aumento del n\u00famero de muertes.<br><\/li>\n\n\n\n<li>Tanto las vacunaciones como las intervenciones no m\u00e9dicas (mascarillas e higiene del aire interior) tienen el efecto de reducir no s\u00f3lo la probabilidad de contagio, sino tambi\u00e9n la probabilidad de muerte o de enfermedad grave aunque haya contagio, porque hacen disminuir la dosis viral.<\/li>\n<\/ul>\n\n\n\n<h5 class=\"wp-block-heading\"><br><br>La necesidad de una evaluaci\u00f3n integral de los derechos humanos<\/h5>\n\n\n\n<p>Cuando la pandemia lleg\u00f3, en el a\u00f1o 2020, los autores de este art\u00edculo trabajamos juntos para desarrollar una metodolog\u00eda (o metodolog\u00edas) para evaluar hasta qu\u00e9 punto las respuestas de los diferentes pa\u00edses respetaban los derechos humanos. Inmediatamente, se hizo evidente que ignorar la amenaza y no hacer nada no ser\u00eda una respuesta conforme a los derechos humanos. No actuar ante una pandemia mortal querr\u00eda decir ignorar las obligaciones positivas de los estados hacia los derechos humanos, cuando menos con respecto al derecho a la vida y al derecho a la salud, y tendr\u00eda efectos discriminatorios sobre muchos segmentos de la poblaci\u00f3n. Pero el uso de los poderes de emergencia tambi\u00e9n podr\u00eda provocar violaciones de muchos derechos humanos, incluidos, entre otros, la libertad de movimiento, la libertad de reuni\u00f3n y el derecho a la intimidad.<\/p>\n\n\n\n<p>Gracias a la investigaci\u00f3n persistente de una evaluaci\u00f3n basada en la evidencia del cumplimiento de los derechos humanos, <span class=\"note-item\"><a href=\"#note-03\" class=\"scroll-to\">[3]<\/a><span class=\"note-item-tooltip\">3 \u2014 Naciones Unidas (2012). Human Rights Indicators. A Guide to Measurement and Implementation (2012). Ginebra: Oficina del Alto Comisionado de las Naciones Unidas para los Derechos Humanos. Ver tambi\u00e9n Scheinin, M.; Jurel, T. (2015). Surveillance: Ethical issues, legal limitations, and efficiency: Synthesis report merging the ethics and law analysis and discussing their outcomes, FP7 project SURVEILLE.\n<\/span><\/span> a un amplio conocimiento metodol\u00f3gico y a la r\u00e1pida aparici\u00f3n del portal Our World in Data y otras formas de seguimiento en tiempo real de la pandemia y de las respuestas que se daban, pudimos profundizar en la tarea pesada de averiguar cu\u00e1l ser\u00eda la metodolog\u00eda m\u00e1s adecuada para evaluar de manera global y exhaustiva si los pa\u00edses cumpl\u00edan con sus obligaciones en materia de derechos humanos ante la pandemia de COVID-19.<\/p>\n\n\n\n<p>El primer resultado de esta tarea fue nuestro cap\u00edtulo conjunto en un primer volumen titulado<em> COVID-19 and Human Rights<\/em>, <span class=\"note-item\"><a href=\"#note-04\" class=\"scroll-to\">[4]<\/a><span class=\"note-item-tooltip\">4 \u2014 Kj\u00e6rum, M.; Davis, M. A.; Lyons, A. (eds.) (2021). COVID-19 and Human Rights. Milton Park: Routledge.\n<\/span><\/span> en el que hac\u00edamos una comparaci\u00f3n entre las respuestas populistas y las respuestas basadas en derechos humanos ante la pandemia, y en que afirm\u00e1bamos que los gobiernos que no hicieron nada para proteger sus poblaciones se encontraban entre los peores vulneradores de derechos humanos. La ventaja de comparar ejemplos reales de opciones pol\u00edticas populistas autoritarias (por ejemplo, las del Brasil, Hungr\u00eda y Estados Unidos) con los enfoques basados en los derechos humanos fue que este an\u00e1lisis permiti\u00f3 mostrar que los reg\u00edmenes populistas autoritarios no respetaban el derecho internacional ni actuaban con las mejores pr\u00e1cticas.<\/p>\n\n\n\n<div class=\"wp-block-columns is-layout-flex wp-container-core-columns-is-layout-9d6595d7 wp-block-columns-is-layout-flex\">\n<div class=\"wp-block-column is-layout-flow wp-block-column-is-layout-flow\" style=\"flex-basis:33.33%\">\n<blockquote class=\"wp-block-quote is-style-large is-layout-flow wp-block-quote-is-layout-flow\">\n<p>No actuar ante una pandemia mortal ser\u00eda  ignorar las obligaciones con respecto al derecho a la vida y al derecho a la salud. El uso de poderes de emergencia tambi\u00e9n podr\u00eda provocar violaciones de derechos humanos, como la libertad de movimiento, la libertad de reuni\u00f3n y el derecho a la intimidad<\/p>\n<\/blockquote>\n<\/div>\n\n\n\n<div class=\"wp-block-column is-layout-flow wp-block-column-is-layout-flow\" style=\"flex-basis:66.66%\">\n<p>El enfoque basado en los derechos humanos, en el cual se tienen en cuenta continuamente todos los derechos humanos en los dos lados de la ecuaci\u00f3n, puede servir como gu\u00eda y, al mismo tiempo, dejar a los estados un amplio margen por abordar y combatir una pandemia mortal obteniendo resultados mejores. Nuestro cap\u00edtulo tambi\u00e9n inclu\u00eda una lista de verificaci\u00f3n de veinte puntos para evaluar las estrategias nacionales de los pa\u00edses contra la COVID-19. <span class=\"note-item\"><a href=\"#note-05\" class=\"scroll-to\">[5]<\/a><span class=\"note-item-tooltip\">5 \u2014 Scheinin, M.; Molb\u00e6k-Steensig, H. (2021). \u201cHuman rights-based versus populist responses to the pandemic\u201d. A Kj\u00e6rum et al. (2021), cap\u00edtulo 2.\n<\/span><\/span><\/p>\n\n\n\n<p>M\u00e1s tarde, ampliamos nuestro trabajo para incluir una comparaci\u00f3n metodol\u00f3gica y una evaluaci\u00f3n de las herramientas disponibles, como portales de datos, dispositivos de seguimiento y gu\u00edas disponibles con el objetivo de evaluar el cumplimiento de los derechos humanos en los pa\u00edses durante la pandemia <span class=\"note-item\"><a href=\"#note-06\" class=\"scroll-to\">[6]<\/a><span class=\"note-item-tooltip\">6 \u2014 Molb\u00e6k-Steensig, H. (2021). \u201cMethodological considerations when tracking policy responses to COVID-19: A survey of guides and trackers\u201d. A: Scheinin i Molb\u00e6k-Steensig, 2021, cap\u00edtol 2.\n<\/span><\/span> y hacer una propuesta para un modelo generalizable para determinar como utilizar el marco de los derechos humanos a la hora de hacer frente a una pandemia en el futuro, ya fuera de la COVID-19 o de cualquier otro tipo. <span class=\"note-item\"><a href=\"#note-07\" class=\"scroll-to\">[7]<\/a><span class=\"note-item-tooltip\">7 \u2014 Scheinin, M. (2021). \u201cA proposed model for the human rights assessment of COVID-19 strategies\u201d. A Scheinin and Molb\u00e6k-Steensig 2021, cap\u00edtulo 3.\n<\/span><\/span><\/p>\n<\/div>\n<\/div>\n\n\n\n<h5 class=\"wp-block-heading\">Nuestra propuesta de modelo de evaluaci\u00f3n de los derechos humanos<\/h5>\n\n\n\n<p>Hasta finales del 2021, seguimos trabajando en metodolog\u00edas de evaluaci\u00f3n sobre el cumplimiento de los derechos humanos. La culminaci\u00f3n de esta l\u00ednea de trabajo fue la presentaci\u00f3n de un modelo modular de evaluaci\u00f3n de los derechos humanos en el cumplimiento de los pa\u00edses con respecto a la lucha contra la COVID-19, publicado como cap\u00edtulo en nuestra publicaci\u00f3n conjunta. <span class=\"note-item\"><a href=\"#note-08\" class=\"scroll-to\">[8]<\/a><span class=\"note-item-tooltip\">8 \u2014 Scheinin, M.; Molb\u00e6k-Steensig, H. (2021). Pandemics and Human Rights: Three Perspectives on Human Rights Assessment of Strategies Against COVID-19. Flor\u00e8ncia: EUI Law Department Working Paper 1\/2021. Disponible en l\u00ednea.\n<\/span><\/span> El modelo ofrece un marco anal\u00edtico exhaustivo para codificar y cuantificar, a partir de la evidencia, el historial de los diferentes pa\u00edses en relaci\u00f3n con los derechos humanos; adem\u00e1s, permite hacer comparaciones en el tiempo y entre pa\u00edses o regiones. Las calificaciones num\u00e9ricas resultantes (del 50 al 100, ya que una puntuaci\u00f3n por debajo de 50 se califica de fracaso o de violaci\u00f3n de los derechos humanos) pueden servir como marcador \u00fanico sobre el buen cumplimiento de un pa\u00eds o de una regi\u00f3n<\/p>\n\n\n\n<p>El modelo busca tener en consideraci\u00f3n todos los derechos humanos y su car\u00e1cter interdependiente e indivisible, as\u00ed como la coexistencia de obligaciones negativas de los estados de no vulnerar los derechos humanos y de sus obligaciones positivas de proteger y respetar los derechos fundamentales. El modelo reconoce y subraya el hecho de que, en las decisiones sobre medidas contra la COVID-19, los derechos humanos aparecen a menudo a ambos lados de la ecuaci\u00f3n, normalmente como un dilema entre proteger la salud y la vida de la poblaci\u00f3n, y al mismo tiempo no interferir innecesariamente en el ejercicio de la libertad, como la libertad de circulaci\u00f3n o la libertad de reuni\u00f3n. Ante estos dilemas, las personas que toman las decisiones no se tienen que alejar de los derechos humanos bas\u00e1ndose en su indeterminaci\u00f3n presunta o supuesta. Lo que hace falta son m\u00e1s derechos humanos, m\u00e1s argumentos sobre los derechos humanos, m\u00e1s evaluaci\u00f3n de los derechos humanos y todav\u00eda m\u00e1s legislaci\u00f3n. Eso es lo que pretende demostrar el modelo propuesto.<\/p>\n\n\n\n<p>Cuando el modelo estuvo terminado, ya hab\u00eda pasado un a\u00f1o desde el inicio de la pandemia. Entonces, la aparici\u00f3n de las vacunas abri\u00f3 paso al optimismo, incluso en un grado que posteriormente result\u00f3 excesivo. Pero justo antes, durante los \u00faltimos meses del 2020, el mundo y, concretamente, Europa y Estados Unidos, tuvieron que afrontar una nueva fase exponencial e incontrolada de la epidemia, con un n\u00famero de muertes que en muchos pa\u00edses era muy superior a lo que se hab\u00eda considerado como fase de emergencia en los primeros meses del a\u00f1o. Mientras que los niveles m\u00e1ximos de mortalidad anteriores pod\u00edan parecer una cat\u00e1strofe natural para muchas naciones no preparadas, lo que el mundo presenci\u00f3 a finales del 2020 fue una cat\u00e1strofe provocada por el hombre y, por lo tanto, tambi\u00e9n un fracaso rotundo de los derechos humanos. Los pa\u00edses europeos y otros pa\u00edses occidentales no es que fueran v\u00edctimas de una \u201csegunda ola\u201d incontrolada que vino de la nada y los golpe\u00f3 de manera dura e inevitable, sino que no hab\u00edan tomado las medidas adecuadas aunque sab\u00edan perfectamente \u2014o cuando menos tendr\u00edan que haber sabido\u2014 que el virus continuaba activo en sus sociedades y poblaciones. Quiz\u00e1s las decisiones se fundamentaron en razones err\u00f3neas, en prioridades desacertadas, o quiz\u00e1s se tomaron escuchando comunidades epist\u00e9micas equivocadas o se escucharon pocas. Un compromiso integral y hol\u00edstico con los derechos humanos no fue el faro de referencia, ni siquiera para los estados miembros de la Uni\u00f3n Europea, que generalmente tienen conciencia en el \u00e1mbito de los derechos humanos, ya que las cuatro libertades de la UE se consideraban un compromiso normativo todav\u00eda m\u00e1s sagrado que el derecho a la vida.<\/p>\n\n\n\n<p>La experiencia de la segunda mitad del 2020 demostr\u00f3 un grave fracaso en cuanto a los derechos humanos en muchos lugares del mundo. Una evaluaci\u00f3n adecuada en materia de derechos humanos de las estrategias que provocaron este fracaso ten\u00eda que estar preparada para llegar a esta conclusi\u00f3n. No hay que decir que es cierto que la demograf\u00eda concreta de cada pa\u00eds influy\u00f3 mucho en el n\u00famero probable de muertes, de manera que las sociedades con una gran proporci\u00f3n de personas mayores, sobre todo cuando se trataba de una poblaci\u00f3n muy urbana y con mucho contacto intergeneracional, ten\u00edan m\u00e1s probabilidades de sufrir una afectaci\u00f3n mayor que los pa\u00edses donde la poblaci\u00f3n era dispersa y joven, o donde era poco frecuente el contacto intergeneracional m\u00e1s all\u00e1 de la familia nuclear de padres menores de cincuenta a\u00f1os y sus hijos menores de edad. Pero estos hechos se sab\u00edan, o se tendr\u00edan que haber sabido, al principio de la pandemia. Por lo tanto, cada pa\u00eds, independientemente de su demograf\u00eda, ten\u00eda la oportunidad e incluso la obligaci\u00f3n de desarrollar, en relaci\u00f3n con los derechos fundamentales, una estrategia contra la COVID-19 que se ajustara a sus propias caracter\u00edsticas. Si las precondiciones estructurales para la observancia y las pol\u00edticas de los derechos humanos, as\u00ed como los programas y el trabajo para promoverlos y protegerlos activamente, son importantes para la evaluaci\u00f3n de los derechos humanos, tambi\u00e9n lo son los resultados.<\/p>\n\n\n\n<div class=\"wp-block-columns is-layout-flex wp-container-core-columns-is-layout-9d6595d7 wp-block-columns-is-layout-flex\">\n<div class=\"wp-block-column is-layout-flow wp-block-column-is-layout-flow\" style=\"flex-basis:33.33%\">\n<blockquote class=\"wp-block-quote is-style-large is-layout-flow wp-block-quote-is-layout-flow\">\n<p>La experiencia de la segunda mitad del 2020 demostr\u00f3 un grave fracaso en cuanto a los derechos humanos en muchos lugares del mundo: ante la segunda ola, los pa\u00edses europeos no hab\u00edan tomado las medidas adecuadas aunque el virus continuaba activo<\/p>\n<\/blockquote>\n<\/div>\n\n\n\n<div class=\"wp-block-column is-layout-flow wp-block-column-is-layout-flow\" style=\"flex-basis:66.66%\">\n<p>El modelo de evaluaci\u00f3n de cumplimiento de los derechos humanos que proponemos se puede presentar en el formato de un gr\u00e1fico \u00fanico. Consta de cuatro \u00e1mbitos, cada uno de los cuales contiene un grupo de derechos humanos: en primer lugar, obligaciones positivas de derechos humanos en virtud del derecho a la vida o de los derechos econ\u00f3micos, sociales y culturales; en segundo lugar, obligaciones negativas en virtud de los derechos civiles y pol\u00edticos, tambi\u00e9n en relaci\u00f3n con cualquier restricci\u00f3n de las libertades para prevenir el contagio; en tercer lugar, igualdad y no discriminaci\u00f3n y, en cuarto lugar, garant\u00edas para el estado de derecho en la lucha contra una pandemia, incluyendo el acceso a recursos, la garant\u00eda de una base legal para las medidas adoptadas y el control efectivo de los poderes de emergencia. Cada \u00e1mbito conten\u00eda tres elementos de peso igual o diferenciado, de manera que la nota agregada se situaba entre 0 y 100 y la nota de aprobado era 50.<\/p>\n<\/div>\n<\/div>\n\n\n\n<p>Por ejemplo, los elementos del primer \u00e1mbito se ponderaron de manera que el derecho a la vida, evaluado por el n\u00famero medio de muertes por COVID-19 por mill\u00f3n de habitantes, ten\u00eda un peso mayor que otros elementos. En el segundo \u00e1mbito, la evaluaci\u00f3n se bas\u00f3 en la aplicaci\u00f3n de la prueba de la legislaci\u00f3n sobre derechos humanos para las limitaciones permisibles de las libertades civiles, y se centraba en requisitos como el objetivo leg\u00edtimo, la necesidad y la proporcionalidad. El tercer \u00e1mbito se centraba en la igualdad y la no discriminaci\u00f3n, incluyendo el impacto de g\u00e9nero de la COVID-19 y sus contramedidas, as\u00ed como la actuaci\u00f3n de un pa\u00eds con respecto a los derechos humanos de minor\u00edas \u00e9tnicas, personas con discapacidad y otros grupos vulnerables. En el cuarto \u00e1mbito, las medidas de emergencia justificadas en virtud de la legislaci\u00f3n sobre derechos humanos no afectaban negativamente a la calificaci\u00f3n de un pa\u00eds, pero los criterios de esta justificaci\u00f3n se mantuvieron estrictamente. Las explicaciones detalladas de los diferentes elementos de todos los \u00e1mbitos (1-4) se pueden consultar en l\u00ednea. <span class=\"note-item\"><a href=\"#note-09\" class=\"scroll-to\">[9]<\/a><span class=\"note-item-tooltip\">9 \u2014 Veure:\n\nScheinin, M. (2021). \u201cA proposed model for the human rights assessment of COVID-19 strategies\u201d. A Scheinin and Molb\u00e6k-Steensig 2021, cap\u00edtulo3. Disponible en l\u00ednea.\n\n&nbsp;\n\nVer tambi\u00e9n Scheinin, M. (2022). \u201cAssessing Human Rights Compliance During Covid-19\u201d. A Grogan, J, i Donald, A. (eds) (2022), Routledge Handbook of Law and the COVID-19 Pandemic. Milton Park: Routledge, cap\u00edtulo 9.\n\n<\/span><\/span><\/p>\n\n\n<div class=\"wp-block-image\">\n<figure class=\"aligncenter size-full\"><img data-recalc-dims=\"1\" loading=\"lazy\" decoding=\"async\" width=\"775\" height=\"806\" src=\"https:\/\/i0.wp.com\/revistaidees.cat\/wp-content\/uploads\/2023\/12\/COVID-1.png?resize=775%2C806&#038;ssl=1\" alt=\"\" class=\"wp-image-65497\" srcset=\"https:\/\/i0.wp.com\/revistaidees.cat\/wp-content\/uploads\/2023\/12\/COVID-1.png?w=775&amp;ssl=1 775w, https:\/\/i0.wp.com\/revistaidees.cat\/wp-content\/uploads\/2023\/12\/COVID-1.png?resize=288%2C300&amp;ssl=1 288w, https:\/\/i0.wp.com\/revistaidees.cat\/wp-content\/uploads\/2023\/12\/COVID-1.png?resize=768%2C799&amp;ssl=1 768w, https:\/\/i0.wp.com\/revistaidees.cat\/wp-content\/uploads\/2023\/12\/COVID-1.png?resize=767%2C798&amp;ssl=1 767w\" sizes=\"auto, (max-width: 775px) 100vw, 775px\" \/><\/figure>\n<\/div>\n\n\n<p><br><br>En el modelo de evaluaci\u00f3n, una nota por debajo de 50 en cualquiera de los cuatro \u00e1mbitos daba como resultado que el pa\u00eds no respetaba los derechos humanos, es decir, los violaba. Si un pa\u00eds obten\u00eda una nota entre 50 y 100 en cada \u00e1mbito, su puntuaci\u00f3n global de cumplimiento era la media de las cuatro notas. Una media de 70 o m\u00e1s se consideraba que constitu\u00eda una buena pr\u00e1ctica en la observancia de los derechos humanos mientras se luchaba contra la COVID-19.<\/p>\n\n\n\n<h5 class=\"wp-block-heading\">El estudio piloto: qu\u00e9 mostr\u00f3 y cu\u00e1les fueron las lecciones fundamentales<\/h5>\n\n\n\n<p>Durante los primeros meses del 2021, hicimos un estudio piloto integrado por evaluaciones de diecisiete expertos nacionales, cada uno de los cuales aplic\u00f3 el modelo de evaluaci\u00f3n respecto del cumplimiento de un solo pa\u00eds durante la segunda mitad del 2020. Los diecisiete pa\u00edses sometidos al estudio piloto eran cinco estados miembros de la UE (Dinamarca, Finlandia, Francia, Italia y Portugal), tres estados europeos m\u00e1s (Macedonia del Norte, Ucrania y el Reino Unido), siete pa\u00edses asi\u00e1ticos (Banglad\u00e9s, Hong Kong, Indonesia, Jap\u00f3n, las Filipinas, Taiw\u00e1n y Turqu\u00eda) y dos pa\u00edses sudamericanos (Brasil y Chile). De los diecisiete pa\u00edses, once no aprobaron en el cumplimiento de los derechos humanos, en algunos casos porque obtuvieron una nota inferior a 50 en uno de los \u00e1mbitos, pero en otros porque suspendieron de manera sistem\u00e1tica en los cuatro \u00e1mbitos.<\/p>\n\n\n\n<p>Hubo seis pa\u00edses que aprobaron la evaluaci\u00f3n: Taiw\u00e1n, Finlandia y Portugal, que representaron las \u201cbuenas pr\u00e1cticas\u201d; Dinamarca e Italia, que obtuvieron un \u201cbien\u201d, y Chile, con un \u201caprobado\u201d. M\u00e1s all\u00e1 de estos resultados, que est\u00e1n sujetos a una serie de advertencias que presentemos a continuaci\u00f3n, el estudio piloto demostr\u00f3 que el modelo de evaluaci\u00f3n que propon\u00edamos se puede implementar mediante una evaluaci\u00f3n de expertos y permite obtener resultados significativos para evaluar pa\u00edses o comparar los resultados.<\/p>\n\n\n\n<p>Uno de los principales resultados fue que todos los pa\u00edses que en sus decisiones priorizaron, por ejemplo, los derechos civiles y pol\u00edticos enfrente de los derechos econ\u00f3micos y sociales, suspendieron la evaluaci\u00f3n, porque no obtuvieron un aprobado para el grupo de derechos humanos no priorizados. En cambio, los seis pa\u00edses que aprobaron la evaluaci\u00f3n global obtuvieron notas muy homog\u00e9neas en las cuatro categor\u00edas de derechos humanos, lo cual demuestra que el cumplimiento de los derechos humanos durante la COVID-19 no era un juego de suma cero, por ejemplo, entre libertad e igualdad. Los tres pa\u00edses con resultados mejores \u2014Taiw\u00e1n, Finlandia y Portugal\u2014 recibieron calificaciones de \u201cbuenas pr\u00e1cticas\u201d en los cuatro \u00e1mbitos, lo cual demuestra que para un buen cumplimiento con respecto a derechos humanos conviene aplicar un enfoque hol\u00edstico m\u00e1s que no priorizar algunos derechos a costa de otros. Tambi\u00e9n es importante que los once pa\u00edses que no superaron la prueba en conjunto tampoco no aprobaron en el \u00e1mbito 3, es decir, los derechos de igualdad. Aunque el derecho a la vida, evaluado mediante el indicador de la tasa de mortalidad por COVID-19 durante el segundo semestre del 2020, pes\u00f3 mucho en el modelo de evaluaci\u00f3n (50% dentro del \u00e1mbito 1), hubo pa\u00edses con un gran n\u00famero de muertes que, sin embargo, obtuvieron calificaciones altas: Portugal se situ\u00f3 en tercer lugar a pesar del aumento de muertes a finales del 2020, e Italia y Chile quedaron en quinto y sexto lugar, respectivamente, incluso con un elevado n\u00famero de muertes. En cambio, tres de los pa\u00edses con mejor calificaci\u00f3n, Taiw\u00e1n (primero), Finlandia (segundo) y Dinamarca (cuarto), ten\u00edan tasas de mortalidad comparativamente bajas en su regi\u00f3n.<\/p>\n\n\n\n<div class=\"wp-block-columns is-layout-flex wp-container-core-columns-is-layout-9d6595d7 wp-block-columns-is-layout-flex\">\n<div class=\"wp-block-column is-layout-flow wp-block-column-is-layout-flow\" style=\"flex-basis:33.33%\">\n<blockquote class=\"wp-block-quote is-style-large is-layout-flow wp-block-quote-is-layout-flow\">\n<p>La b\u00fasqueda de una metodolog\u00eda basada en evidencias para evaluar el cumplimiento de los derechos humanos  por pa\u00edses es importante no s\u00f3lo para evaluar el cumplimiento despu\u00e9s de los hechos, sino tambi\u00e9n para estar mejor preparados frente a otras emergencias a gran escala<\/p>\n<\/blockquote>\n<\/div>\n\n\n\n<div class=\"wp-block-column is-layout-flow wp-block-column-is-layout-flow\" style=\"flex-basis:66.66%\">\n<p>A pesar de estos resultados prometedores, el estudio piloto tambi\u00e9n puso de manifiesto las limitaciones de la metodolog\u00eda de evaluaci\u00f3n aplicada. En primer lugar, el a\u00f1o 2021 demostr\u00f3 hasta qu\u00e9 punto eran limitados al tiempo los resultados de las evaluaciones. Todos los pa\u00edses fueron evaluados por su cumplimiento en el mismo periodo de tiempo, el segundo semestre del 2020. Dicho esto, los desarrollos posteriores mostraron como de r\u00e1pidos y radicales pueden ser los cambios en las estrategias de los pa\u00edses. Muchos factores, incluida la \u201cfatiga pand\u00e9mica\u201d de la poblaci\u00f3n, los pol\u00edticos y los medios de comunicaci\u00f3n, y quiz\u00e1s todav\u00eda m\u00e1s importante la administraci\u00f3n de las vacunas, hicieron que muchos pa\u00edses rebajaran la guardia y abandonaran prematuramente la idea de un enfoque hol\u00edstico de los derechos humanos, de manera que pasaron a priorizar la eliminaci\u00f3n de todas las restricciones a la libertad de circulaci\u00f3n y otras libertades civiles, incluso por delante de la salud y la vida de segmentos vulnerables de la poblaci\u00f3n. Finlandia es un buen ejemplo: en el 2020 s\u00f3lo hubo 644 muertes confirmadas por COVID-19; en el 2021 hubo m\u00e1s del doble, 1.303, y en el 2022 el n\u00famero de muertes se enfil\u00f3 hasta 6.831, una cifra impactante. <span class=\"note-item\"><a href=\"#note-010\" class=\"scroll-to\">[10]<\/a><span class=\"note-item-tooltip\">10 \u2014 Datos extra\u00eddos del portal Our World in Data\n<\/span><\/span> El pa\u00eds pas\u00f3 de ser un ejemplo de \u201cbuenas pr\u00e1cticas\u201d en el 2020 a suspender prematuramente todas las precauciones y mostrar una gran reticencia a la hora de ofrecer dosis de refuerzo despu\u00e9s de las tres vacunas iniciales.<\/p>\n<\/div>\n<\/div>\n\n\n\n<p>Una segunda advertencia sobre los resultados del estudio piloto tiene que ver con el hecho de recurrir a un \u00fanico experto de cada pa\u00eds para la aplicaci\u00f3n del modelo de evaluaci\u00f3n. Todos eran expertos y todos recibieron las mismas indicaciones para asignar las puntuaciones a cada uno de los elementos de los cuatro \u00e1mbitos. Pero se podr\u00eda conseguir m\u00e1s coherencia si se utilizara un m\u00e9todo basado en una reuni\u00f3n de consenso con un equipo formado por varios expertos de un mismo pa\u00eds.<\/p>\n\n\n\n<p>Con todo, ninguna de las dos advertencias hace pensar que no valga la pena la investigaci\u00f3n de una metodolog\u00eda hol\u00edstica y basada en evidencias para evaluar el cumplimiento de los derechos humanos de todo el mundo por parte de los pa\u00edses. No s\u00f3lo para evaluar el cumplimiento despu\u00e9s de los hechos, sino tambi\u00e9n para estar mejor preparados para la pr\u00f3xima pandemia o para otra emergencia a gran escala. La era de la informaci\u00f3n digital ha tenido muchas consecuencias negativas para la toma racional de decisiones, entre las cuales est\u00e1 el aumento de las informaciones err\u00f3neas y de la desinformaci\u00f3n, que erosionan la confianza de la poblaci\u00f3n, la investigaci\u00f3n de un discurso racional e incluso el reconocimiento de la existencia de verdades objetivas.<\/p>\n\n\n\n<p>A pesar de todo, hay que decir que la era de la informaci\u00f3n digital tambi\u00e9n comporta que haya un acceso sin precedentes, en tiempo real, a pruebas emp\u00edricas cualitativas y cuantitativas sobre fen\u00f3menos altamente complejos. Tambi\u00e9n hace posible que se produzcan intercambios y deliberaciones comunes entre comunidades epist\u00e9micas muy diferentes, que antes exist\u00edan en compartimentos separados, pero que ahora pueden interactuar y contribuir enormemente a la evaluaci\u00f3n y a la toma de decisiones basadas en la evidencia.<\/p>\n","protected":false},"excerpt":{"rendered":"<p>A principios del a\u00f1o 2020, la pandemia de la COVID-19 atac\u00f3 Europa, una regi\u00f3n rica con sistemas de salud p\u00fablicos relativamente buenos y tambi\u00e9n con sistemas de \u00e1mbito privado. Adem\u00e1s, Europa es una regi\u00f3n muy comprometida con los derechos humanos y da una gran importancia a la libertad de circulaci\u00f3n \u2014tambi\u00e9n entre territorios delimitados por fronteras nacionales\u2014, ya que se trata de un aspecto de la libertad muy importante desde el punto de vista cultural que, jur\u00eddicamente, est\u00e1 consolidado. A causa, en parte, de los numerosos interrogantes relacionados con un pat\u00f3geno totalmente nuevo, las respuestas de los estados, en Europa\u2026<\/p>\n","protected":false},"author":3,"featured_media":65352,"parent":0,"comment_status":"closed","ping_status":"closed","sticky":false,"template":"","format":"standard","meta":{"_acf_changed":false,"inline_featured_image":false,"_jetpack_memberships_contains_paid_content":false,"footnotes":""},"categories":[627],"tags":[],"segment":[],"subject":[],"class_list":["post-75730","post","type-post","status-publish","format-standard","has-post-thumbnail","hentry","category-limitacio-de-drets-durant-la-pandemia-es"],"acf":[],"yoast_head":"<!-- This site is optimized with the Yoast SEO plugin v27.4 - https:\/\/yoast.com\/product\/yoast-seo-wordpress\/ -->\n<title>Derechos humanos y pandemia: el rol de los pa\u00edses europeos ante la lucha contra la COVID-19 &#8211; IDEES<\/title>\n<meta name=\"robots\" content=\"index, follow, max-snippet:-1, max-image-preview:large, max-video-preview:-1\" \/>\n<link rel=\"canonical\" href=\"https:\/\/revistaidees.cat\/es\/drets-humans-i-pandemia-el-rol-dels-paisos-europeus-davant-la-lluita-contra-la-covid-19\/\" \/>\n<meta property=\"og:locale\" content=\"es_ES\" \/>\n<meta property=\"og:type\" content=\"article\" \/>\n<meta property=\"og:title\" content=\"Derechos humanos y pandemia: el rol de los pa\u00edses europeos ante la lucha contra la COVID-19 &#8211; IDEES\" \/>\n<meta property=\"og:description\" content=\"A principios del a\u00f1o 2020, la pandemia de la COVID-19 atac\u00f3 Europa, una regi\u00f3n rica con sistemas de salud p\u00fablicos relativamente buenos y tambi\u00e9n con sistemas de \u00e1mbito privado. Adem\u00e1s, Europa es una regi\u00f3n muy comprometida con los derechos humanos y da una gran importancia a la libertad de circulaci\u00f3n \u2014tambi\u00e9n entre territorios delimitados por fronteras nacionales\u2014, ya que se trata de un aspecto de la libertad muy importante desde el punto de vista cultural que, jur\u00eddicamente, est\u00e1 consolidado. A causa, en parte, de los numerosos interrogantes relacionados con un pat\u00f3geno totalmente nuevo, las respuestas de los estados, en Europa\u2026\" \/>\n<meta property=\"og:url\" content=\"https:\/\/revistaidees.cat\/es\/drets-humans-i-pandemia-el-rol-dels-paisos-europeus-davant-la-lluita-contra-la-covid-19\/\" \/>\n<meta property=\"og:site_name\" content=\"IDEES\" \/>\n<meta property=\"article:published_time\" content=\"2023-12-12T12:52:04+00:00\" \/>\n<meta property=\"article:modified_time\" content=\"2024-06-19T08:28:32+00:00\" \/>\n<meta property=\"og:image\" content=\"https:\/\/revistaidees.cat\/wp-content\/uploads\/2023\/12\/6.1.-Article-Martin-Scheinin-i-Helga-Bolbaek-Steensing.jpg\" \/>\n\t<meta property=\"og:image:width\" content=\"2000\" \/>\n\t<meta property=\"og:image:height\" content=\"950\" \/>\n\t<meta property=\"og:image:type\" content=\"image\/jpeg\" \/>\n<meta name=\"author\" content=\"maria\" \/>\n<meta name=\"twitter:card\" content=\"summary_large_image\" \/>\n<meta name=\"twitter:label1\" content=\"Escrito por\" \/>\n\t<meta name=\"twitter:data1\" content=\"maria\" \/>\n\t<meta name=\"twitter:label2\" content=\"Tiempo de lectura\" \/>\n\t<meta name=\"twitter:data2\" content=\"21 minutos\" \/>\n<script type=\"application\/ld+json\" class=\"yoast-schema-graph\">{\"@context\":\"https:\\\/\\\/schema.org\",\"@graph\":[{\"@type\":\"Article\",\"@id\":\"https:\\\/\\\/revistaidees.cat\\\/es\\\/drets-humans-i-pandemia-el-rol-dels-paisos-europeus-davant-la-lluita-contra-la-covid-19\\\/#article\",\"isPartOf\":{\"@id\":\"https:\\\/\\\/revistaidees.cat\\\/es\\\/drets-humans-i-pandemia-el-rol-dels-paisos-europeus-davant-la-lluita-contra-la-covid-19\\\/\"},\"author\":{\"name\":\"maria\",\"@id\":\"https:\\\/\\\/revistaidees.cat\\\/#\\\/schema\\\/person\\\/23b13c8d154c858b03b5b4905ae0d5f6\"},\"headline\":\"Derechos humanos y pandemia: el rol de los pa\u00edses europeos ante la lucha contra la COVID-19\",\"datePublished\":\"2023-12-12T12:52:04+00:00\",\"dateModified\":\"2024-06-19T08:28:32+00:00\",\"mainEntityOfPage\":{\"@id\":\"https:\\\/\\\/revistaidees.cat\\\/es\\\/drets-humans-i-pandemia-el-rol-dels-paisos-europeus-davant-la-lluita-contra-la-covid-19\\\/\"},\"wordCount\":4193,\"image\":{\"@id\":\"https:\\\/\\\/revistaidees.cat\\\/es\\\/drets-humans-i-pandemia-el-rol-dels-paisos-europeus-davant-la-lluita-contra-la-covid-19\\\/#primaryimage\"},\"thumbnailUrl\":\"https:\\\/\\\/i0.wp.com\\\/revistaidees.cat\\\/wp-content\\\/uploads\\\/2023\\\/12\\\/6.1.-Article-Martin-Scheinin-i-Helga-Bolbaek-Steensing.jpg?fit=2000%2C950&ssl=1\",\"articleSection\":[\"Limitaci\u00f3n de derechos durante la pandemia\"],\"inLanguage\":\"es\"},{\"@type\":\"WebPage\",\"@id\":\"https:\\\/\\\/revistaidees.cat\\\/es\\\/drets-humans-i-pandemia-el-rol-dels-paisos-europeus-davant-la-lluita-contra-la-covid-19\\\/\",\"url\":\"https:\\\/\\\/revistaidees.cat\\\/es\\\/drets-humans-i-pandemia-el-rol-dels-paisos-europeus-davant-la-lluita-contra-la-covid-19\\\/\",\"name\":\"Derechos humanos y pandemia: el rol de los pa\u00edses europeos ante la lucha contra la COVID-19 &#8211; IDEES\",\"isPartOf\":{\"@id\":\"https:\\\/\\\/revistaidees.cat\\\/#website\"},\"primaryImageOfPage\":{\"@id\":\"https:\\\/\\\/revistaidees.cat\\\/es\\\/drets-humans-i-pandemia-el-rol-dels-paisos-europeus-davant-la-lluita-contra-la-covid-19\\\/#primaryimage\"},\"image\":{\"@id\":\"https:\\\/\\\/revistaidees.cat\\\/es\\\/drets-humans-i-pandemia-el-rol-dels-paisos-europeus-davant-la-lluita-contra-la-covid-19\\\/#primaryimage\"},\"thumbnailUrl\":\"https:\\\/\\\/i0.wp.com\\\/revistaidees.cat\\\/wp-content\\\/uploads\\\/2023\\\/12\\\/6.1.-Article-Martin-Scheinin-i-Helga-Bolbaek-Steensing.jpg?fit=2000%2C950&ssl=1\",\"datePublished\":\"2023-12-12T12:52:04+00:00\",\"dateModified\":\"2024-06-19T08:28:32+00:00\",\"author\":{\"@id\":\"https:\\\/\\\/revistaidees.cat\\\/#\\\/schema\\\/person\\\/23b13c8d154c858b03b5b4905ae0d5f6\"},\"breadcrumb\":{\"@id\":\"https:\\\/\\\/revistaidees.cat\\\/es\\\/drets-humans-i-pandemia-el-rol-dels-paisos-europeus-davant-la-lluita-contra-la-covid-19\\\/#breadcrumb\"},\"inLanguage\":\"es\",\"potentialAction\":[{\"@type\":\"ReadAction\",\"target\":[\"https:\\\/\\\/revistaidees.cat\\\/es\\\/drets-humans-i-pandemia-el-rol-dels-paisos-europeus-davant-la-lluita-contra-la-covid-19\\\/\"]}]},{\"@type\":\"ImageObject\",\"inLanguage\":\"es\",\"@id\":\"https:\\\/\\\/revistaidees.cat\\\/es\\\/drets-humans-i-pandemia-el-rol-dels-paisos-europeus-davant-la-lluita-contra-la-covid-19\\\/#primaryimage\",\"url\":\"https:\\\/\\\/i0.wp.com\\\/revistaidees.cat\\\/wp-content\\\/uploads\\\/2023\\\/12\\\/6.1.-Article-Martin-Scheinin-i-Helga-Bolbaek-Steensing.jpg?fit=2000%2C950&ssl=1\",\"contentUrl\":\"https:\\\/\\\/i0.wp.com\\\/revistaidees.cat\\\/wp-content\\\/uploads\\\/2023\\\/12\\\/6.1.-Article-Martin-Scheinin-i-Helga-Bolbaek-Steensing.jpg?fit=2000%2C950&ssl=1\",\"width\":2000,\"height\":950,\"caption\":\"Alessio Mamo y Marta Bellingreri, confinados durante la pandemia de la COVID-19 en Catania, Italia, el 27 de marzo de 2020. Como Marta es positiva de COVID-19, los dos miembros de la pareja llevan mascarilla en los momentos en qu\u00e9 comparten espacios comunes en el apartamento donde viven. Fotografia: Alessio Mamo\"},{\"@type\":\"BreadcrumbList\",\"@id\":\"https:\\\/\\\/revistaidees.cat\\\/es\\\/drets-humans-i-pandemia-el-rol-dels-paisos-europeus-davant-la-lluita-contra-la-covid-19\\\/#breadcrumb\",\"itemListElement\":[{\"@type\":\"ListItem\",\"position\":1,\"name\":\"Inici\",\"item\":\"https:\\\/\\\/revistaidees.cat\\\/es\\\/\"},{\"@type\":\"ListItem\",\"position\":2,\"name\":\"Derechos humanos y pandemia: el rol de los pa\u00edses europeos ante la lucha contra la COVID-19\"}]},{\"@type\":\"WebSite\",\"@id\":\"https:\\\/\\\/revistaidees.cat\\\/#website\",\"url\":\"https:\\\/\\\/revistaidees.cat\\\/\",\"name\":\"IDEES\",\"description\":\"Revista de temas contempor\u00e1neos\",\"potentialAction\":[{\"@type\":\"SearchAction\",\"target\":{\"@type\":\"EntryPoint\",\"urlTemplate\":\"https:\\\/\\\/revistaidees.cat\\\/?s={search_term_string}\"},\"query-input\":{\"@type\":\"PropertyValueSpecification\",\"valueRequired\":true,\"valueName\":\"search_term_string\"}}],\"inLanguage\":\"es\"},{\"@type\":\"Person\",\"@id\":\"https:\\\/\\\/revistaidees.cat\\\/#\\\/schema\\\/person\\\/23b13c8d154c858b03b5b4905ae0d5f6\",\"name\":\"maria\",\"image\":{\"@type\":\"ImageObject\",\"inLanguage\":\"es\",\"@id\":\"https:\\\/\\\/secure.gravatar.com\\\/avatar\\\/4abe985cb800e0b75c4c7bfc4fd0973825f533e0620f989a75661b23c3255192?s=96&d=mm&r=g\",\"url\":\"https:\\\/\\\/secure.gravatar.com\\\/avatar\\\/4abe985cb800e0b75c4c7bfc4fd0973825f533e0620f989a75661b23c3255192?s=96&d=mm&r=g\",\"contentUrl\":\"https:\\\/\\\/secure.gravatar.com\\\/avatar\\\/4abe985cb800e0b75c4c7bfc4fd0973825f533e0620f989a75661b23c3255192?s=96&d=mm&r=g\",\"caption\":\"maria\"}}]}<\/script>\n<!-- \/ Yoast SEO plugin. -->","yoast_head_json":{"title":"Derechos humanos y pandemia: el rol de los pa\u00edses europeos ante la lucha contra la COVID-19 &#8211; IDEES","robots":{"index":"index","follow":"follow","max-snippet":"max-snippet:-1","max-image-preview":"max-image-preview:large","max-video-preview":"max-video-preview:-1"},"canonical":"https:\/\/revistaidees.cat\/es\/drets-humans-i-pandemia-el-rol-dels-paisos-europeus-davant-la-lluita-contra-la-covid-19\/","og_locale":"es_ES","og_type":"article","og_title":"Derechos humanos y pandemia: el rol de los pa\u00edses europeos ante la lucha contra la COVID-19 &#8211; IDEES","og_description":"A principios del a\u00f1o 2020, la pandemia de la COVID-19 atac\u00f3 Europa, una regi\u00f3n rica con sistemas de salud p\u00fablicos relativamente buenos y tambi\u00e9n con sistemas de \u00e1mbito privado. Adem\u00e1s, Europa es una regi\u00f3n muy comprometida con los derechos humanos y da una gran importancia a la libertad de circulaci\u00f3n \u2014tambi\u00e9n entre territorios delimitados por fronteras nacionales\u2014, ya que se trata de un aspecto de la libertad muy importante desde el punto de vista cultural que, jur\u00eddicamente, est\u00e1 consolidado. A causa, en parte, de los numerosos interrogantes relacionados con un pat\u00f3geno totalmente nuevo, las respuestas de los estados, en Europa\u2026","og_url":"https:\/\/revistaidees.cat\/es\/drets-humans-i-pandemia-el-rol-dels-paisos-europeus-davant-la-lluita-contra-la-covid-19\/","og_site_name":"IDEES","article_published_time":"2023-12-12T12:52:04+00:00","article_modified_time":"2024-06-19T08:28:32+00:00","og_image":[{"width":2000,"height":950,"url":"https:\/\/revistaidees.cat\/wp-content\/uploads\/2023\/12\/6.1.-Article-Martin-Scheinin-i-Helga-Bolbaek-Steensing.jpg","type":"image\/jpeg"}],"author":"maria","twitter_card":"summary_large_image","twitter_misc":{"Escrito por":"maria","Tiempo de lectura":"21 minutos"},"schema":{"@context":"https:\/\/schema.org","@graph":[{"@type":"Article","@id":"https:\/\/revistaidees.cat\/es\/drets-humans-i-pandemia-el-rol-dels-paisos-europeus-davant-la-lluita-contra-la-covid-19\/#article","isPartOf":{"@id":"https:\/\/revistaidees.cat\/es\/drets-humans-i-pandemia-el-rol-dels-paisos-europeus-davant-la-lluita-contra-la-covid-19\/"},"author":{"name":"maria","@id":"https:\/\/revistaidees.cat\/#\/schema\/person\/23b13c8d154c858b03b5b4905ae0d5f6"},"headline":"Derechos humanos y pandemia: el rol de los pa\u00edses europeos ante la lucha contra la COVID-19","datePublished":"2023-12-12T12:52:04+00:00","dateModified":"2024-06-19T08:28:32+00:00","mainEntityOfPage":{"@id":"https:\/\/revistaidees.cat\/es\/drets-humans-i-pandemia-el-rol-dels-paisos-europeus-davant-la-lluita-contra-la-covid-19\/"},"wordCount":4193,"image":{"@id":"https:\/\/revistaidees.cat\/es\/drets-humans-i-pandemia-el-rol-dels-paisos-europeus-davant-la-lluita-contra-la-covid-19\/#primaryimage"},"thumbnailUrl":"https:\/\/i0.wp.com\/revistaidees.cat\/wp-content\/uploads\/2023\/12\/6.1.-Article-Martin-Scheinin-i-Helga-Bolbaek-Steensing.jpg?fit=2000%2C950&ssl=1","articleSection":["Limitaci\u00f3n de derechos durante la pandemia"],"inLanguage":"es"},{"@type":"WebPage","@id":"https:\/\/revistaidees.cat\/es\/drets-humans-i-pandemia-el-rol-dels-paisos-europeus-davant-la-lluita-contra-la-covid-19\/","url":"https:\/\/revistaidees.cat\/es\/drets-humans-i-pandemia-el-rol-dels-paisos-europeus-davant-la-lluita-contra-la-covid-19\/","name":"Derechos humanos y pandemia: el rol de los pa\u00edses europeos ante la lucha contra la COVID-19 &#8211; IDEES","isPartOf":{"@id":"https:\/\/revistaidees.cat\/#website"},"primaryImageOfPage":{"@id":"https:\/\/revistaidees.cat\/es\/drets-humans-i-pandemia-el-rol-dels-paisos-europeus-davant-la-lluita-contra-la-covid-19\/#primaryimage"},"image":{"@id":"https:\/\/revistaidees.cat\/es\/drets-humans-i-pandemia-el-rol-dels-paisos-europeus-davant-la-lluita-contra-la-covid-19\/#primaryimage"},"thumbnailUrl":"https:\/\/i0.wp.com\/revistaidees.cat\/wp-content\/uploads\/2023\/12\/6.1.-Article-Martin-Scheinin-i-Helga-Bolbaek-Steensing.jpg?fit=2000%2C950&ssl=1","datePublished":"2023-12-12T12:52:04+00:00","dateModified":"2024-06-19T08:28:32+00:00","author":{"@id":"https:\/\/revistaidees.cat\/#\/schema\/person\/23b13c8d154c858b03b5b4905ae0d5f6"},"breadcrumb":{"@id":"https:\/\/revistaidees.cat\/es\/drets-humans-i-pandemia-el-rol-dels-paisos-europeus-davant-la-lluita-contra-la-covid-19\/#breadcrumb"},"inLanguage":"es","potentialAction":[{"@type":"ReadAction","target":["https:\/\/revistaidees.cat\/es\/drets-humans-i-pandemia-el-rol-dels-paisos-europeus-davant-la-lluita-contra-la-covid-19\/"]}]},{"@type":"ImageObject","inLanguage":"es","@id":"https:\/\/revistaidees.cat\/es\/drets-humans-i-pandemia-el-rol-dels-paisos-europeus-davant-la-lluita-contra-la-covid-19\/#primaryimage","url":"https:\/\/i0.wp.com\/revistaidees.cat\/wp-content\/uploads\/2023\/12\/6.1.-Article-Martin-Scheinin-i-Helga-Bolbaek-Steensing.jpg?fit=2000%2C950&ssl=1","contentUrl":"https:\/\/i0.wp.com\/revistaidees.cat\/wp-content\/uploads\/2023\/12\/6.1.-Article-Martin-Scheinin-i-Helga-Bolbaek-Steensing.jpg?fit=2000%2C950&ssl=1","width":2000,"height":950,"caption":"Alessio Mamo y Marta Bellingreri, confinados durante la pandemia de la COVID-19 en Catania, Italia, el 27 de marzo de 2020. Como Marta es positiva de COVID-19, los dos miembros de la pareja llevan mascarilla en los momentos en qu\u00e9 comparten espacios comunes en el apartamento donde viven. Fotografia: Alessio Mamo"},{"@type":"BreadcrumbList","@id":"https:\/\/revistaidees.cat\/es\/drets-humans-i-pandemia-el-rol-dels-paisos-europeus-davant-la-lluita-contra-la-covid-19\/#breadcrumb","itemListElement":[{"@type":"ListItem","position":1,"name":"Inici","item":"https:\/\/revistaidees.cat\/es\/"},{"@type":"ListItem","position":2,"name":"Derechos humanos y pandemia: el rol de los pa\u00edses europeos ante la lucha contra la COVID-19"}]},{"@type":"WebSite","@id":"https:\/\/revistaidees.cat\/#website","url":"https:\/\/revistaidees.cat\/","name":"IDEES","description":"Revista de temas contempor\u00e1neos","potentialAction":[{"@type":"SearchAction","target":{"@type":"EntryPoint","urlTemplate":"https:\/\/revistaidees.cat\/?s={search_term_string}"},"query-input":{"@type":"PropertyValueSpecification","valueRequired":true,"valueName":"search_term_string"}}],"inLanguage":"es"},{"@type":"Person","@id":"https:\/\/revistaidees.cat\/#\/schema\/person\/23b13c8d154c858b03b5b4905ae0d5f6","name":"maria","image":{"@type":"ImageObject","inLanguage":"es","@id":"https:\/\/secure.gravatar.com\/avatar\/4abe985cb800e0b75c4c7bfc4fd0973825f533e0620f989a75661b23c3255192?s=96&d=mm&r=g","url":"https:\/\/secure.gravatar.com\/avatar\/4abe985cb800e0b75c4c7bfc4fd0973825f533e0620f989a75661b23c3255192?s=96&d=mm&r=g","contentUrl":"https:\/\/secure.gravatar.com\/avatar\/4abe985cb800e0b75c4c7bfc4fd0973825f533e0620f989a75661b23c3255192?s=96&d=mm&r=g","caption":"maria"}}]}},"jetpack_featured_media_url":"https:\/\/i0.wp.com\/revistaidees.cat\/wp-content\/uploads\/2023\/12\/6.1.-Article-Martin-Scheinin-i-Helga-Bolbaek-Steensing.jpg?fit=2000%2C950&ssl=1","jetpack_sharing_enabled":true,"_links":{"self":[{"href":"https:\/\/revistaidees.cat\/es\/wp-json\/wp\/v2\/posts\/75730","targetHints":{"allow":["GET"]}}],"collection":[{"href":"https:\/\/revistaidees.cat\/es\/wp-json\/wp\/v2\/posts"}],"about":[{"href":"https:\/\/revistaidees.cat\/es\/wp-json\/wp\/v2\/types\/post"}],"author":[{"embeddable":true,"href":"https:\/\/revistaidees.cat\/es\/wp-json\/wp\/v2\/users\/3"}],"replies":[{"embeddable":true,"href":"https:\/\/revistaidees.cat\/es\/wp-json\/wp\/v2\/comments?post=75730"}],"version-history":[{"count":9,"href":"https:\/\/revistaidees.cat\/es\/wp-json\/wp\/v2\/posts\/75730\/revisions"}],"predecessor-version":[{"id":75742,"href":"https:\/\/revistaidees.cat\/es\/wp-json\/wp\/v2\/posts\/75730\/revisions\/75742"}],"wp:featuredmedia":[{"embeddable":true,"href":"https:\/\/revistaidees.cat\/es\/wp-json\/wp\/v2\/media\/65352"}],"wp:attachment":[{"href":"https:\/\/revistaidees.cat\/es\/wp-json\/wp\/v2\/media?parent=75730"}],"wp:term":[{"taxonomy":"category","embeddable":true,"href":"https:\/\/revistaidees.cat\/es\/wp-json\/wp\/v2\/categories?post=75730"},{"taxonomy":"post_tag","embeddable":true,"href":"https:\/\/revistaidees.cat\/es\/wp-json\/wp\/v2\/tags?post=75730"},{"taxonomy":"segment","embeddable":true,"href":"https:\/\/revistaidees.cat\/es\/wp-json\/wp\/v2\/segment?post=75730"},{"taxonomy":"subject","embeddable":true,"href":"https:\/\/revistaidees.cat\/es\/wp-json\/wp\/v2\/subject?post=75730"}],"curies":[{"name":"wp","href":"https:\/\/api.w.org\/{rel}","templated":true}]}}