{"id":82050,"date":"2025-09-15T16:20:42","date_gmt":"2025-09-15T14:20:42","guid":{"rendered":"https:\/\/revistaidees.cat\/migracions-i-reproduccio-demografica-i-social-a-la-catalunya-contemporania\/"},"modified":"2025-09-17T11:58:30","modified_gmt":"2025-09-17T09:58:30","slug":"migracions-i-reproduccio-demografica-i-social-a-la-catalunya-contemporania","status":"publish","type":"post","link":"https:\/\/revistaidees.cat\/es\/migracions-i-reproduccio-demografica-i-social-a-la-catalunya-contemporania\/","title":{"rendered":"Migraciones y reproducci\u00f3n demogr\u00e1fica y social en la Catalunya contempor\u00e1nea"},"content":{"rendered":"\n<h5 class=\"wp-block-heading\">Introducci\u00f3n: migraciones internacionales y polarizaci\u00f3n pol\u00edtica<\/h5>\n\n\n\n<p class=\"wp-block-paragraph\">Con la globalizaci\u00f3n econ\u00f3mica, coincidiendo con el nuevo milenio, los flujos migratorios se aceleraron, aumentaron de volumen y se diversificaron. En Catalunya, como el resto de Espa\u00f1a, este crecimiento represent\u00f3 el primer boom de la migraci\u00f3n internacional, del 2000 a 2007. La demanda del mercado laboral en un ciclo econ\u00f3mico expansivo, conjugada con la demanda producida por la externalizaci\u00f3n en el mercado de parte del trabajo reproductivo \u2014trabajo dom\u00e9stico y de cuidado de ni\u00f1os y personas mayores\u2014, explica en buena medida este incremento extraordinario en el volumen y en la aceleraci\u00f3n.<\/p>\n\n\n\n<p class=\"wp-block-paragraph\">La fulgurante alza de la demanda fue propiciada tanto por un modelo productivo basado en sectores econ\u00f3micos de bajo valor a\u00f1adido y un empleo intensivo \u2014desde los relacionados con el turismo, en particular la hosteler\u00eda, hasta la agricultura, pasando por la construcci\u00f3n\u2014, como por el impulso de cambios demogr\u00e1ficos \u2014notablemente, el alargamiento de la esperanza de vida\u2014, cambios sociales como el aumento en el nivel de instrucci\u00f3n de las generaciones m\u00e1s j\u00f3venes, especialmente las femeninas, y la incorporaci\u00f3n masiva de las mujeres al mercado laboral. Tambi\u00e9n por razones pol\u00edticas: un estado del bienestar d\u00e9bil adem\u00e1n en cuesti\u00f3n por la doctrina neoliberal. En cuanto a la diversidad, a las tradicionales migraciones de car\u00e1cter puramente econ\u00f3mico hay que a\u00f1adir otras tipolog\u00edas seg\u00fan las motivaciones: las de refugiados, las de estudiantes y tambi\u00e9n las de inmigrantes atra\u00eddos por el mercado inmobiliario, el consumo del paisaje y la calidad de vida, desde jubilados de pa\u00edses m\u00e1s ricos hasta inversores especuladores, pasando por trabajadores de multinacionales y n\u00f3madas digitales.<\/p>\n\n\n\n<p class=\"wp-block-paragraph\">La novedad y la magnitud de estos flujos contribuyeron a la transformaci\u00f3n del mercado de trabajo, principalmente a su dualidad y desregularizaci\u00f3n. Pero tambi\u00e9n pusieron a prueba unos servicios p\u00fablicos ya deficitarios, empezando por la escuela, la sanidad y los servicios sociales en general. Plantearon la pregunta sobre los modelos de integraci\u00f3n y, como respuesta, se elaboraron varios relatos respecto a sus consecuencias \u2014el balance entre costes y beneficios\u2014, la diversidad etnocultural, su gesti\u00f3n, el impacto sobre la cohesi\u00f3n social y la identidad nacional.<\/p>\n\n\n\n<p class=\"wp-block-paragraph\">Con el segundo boom migratorio, de 2014 hasta la actualidad, despu\u00e9s de la experiencia de la gran recesi\u00f3n del periodo 2008-2013 y la crisis provocada por la Covid-19, Catalunya ha pasado de los 6 millones de habitantes, en los cuales se hab\u00eda estancado en el \u00faltimo cuarto del siglo XX, hasta los 8 millones alcanzados en 2023, sustancialmente gracias a la aportaci\u00f3n migratoria \u2014poco m\u00e1s de 3 millones de altas en 23 a\u00f1os\u2014, que despu\u00e9s de los movimientos de retorno y reemigraci\u00f3n se ha saldado con 1,9 millones de residentes nacidos en el extranjero en 2024. Esta cifra ha llevado al pa\u00eds a un porcentaje de un 23,8% de poblaci\u00f3n inmigrada internacional sobre el total, comparable, dentro de la Organizaci\u00f3n de Cooperaci\u00f3n y Desarrollo Econ\u00f3micos (OCDE), a Canad\u00e1 o Nueva Zelanda. Sin la aportaci\u00f3n del saldo migratorio (la inmigraci\u00f3n menos la emigraci\u00f3n), desde 2016 se habr\u00eda perdido poblaci\u00f3n a causa del crecimiento vegetativo negativo (el resto entre nacimientos y defunciones). Este cambio vertiginoso, la experiencia de la crisis y la constataci\u00f3n del crecimiento de la precariedad y la desigualdad, hechos que provocan un malestar social agudo, explican que los relatos sobre la migraci\u00f3n se hayan polarizado en Catalunya y por todo el mundo y sean uno de los motivos centrales de confrontaci\u00f3n pol\u00edtica. La polarizaci\u00f3n pol\u00edtica desaf\u00eda el discurso hegem\u00f3nico de la interculturalidad. \u00bfQu\u00e9 podemos decir, desde la demograf\u00eda?<\/p>\n\n\n\n<h5 class=\"wp-block-heading\">Migraciones y reproducci\u00f3n demogr\u00e1fica<\/h5>\n\n\n\n<p class=\"wp-block-paragraph\">A diferencia del conjunto de Espa\u00f1a, para Catalunya la inmigraci\u00f3n no representaba ninguna novedad. Durante el siglo XX, hab\u00eda experimentado dos olas migratorias procedentes del resto del Estado: la primera, de 1910 al Crac del 29, con el hundimiento agravado por la Guerra Civil Espa\u00f1ola (1936-1939); y la segunda, desde los a\u00f1os cincuenta hasta 1976, con la crisis del petr\u00f3leo, coincidiendo con el baby-boom (1956-1976). Ambas olas han conformado la historia demogr\u00e1fica, econ\u00f3mica y social del pa\u00eds. Fij\u00e9monos ahora solo en la demogr\u00e1fica (gr\u00e1fico 1).<\/p>\n\n\n\n<p class=\"wp-block-paragraph\">Catalunya, como el conjunto de Francia u otras contadas regiones europeas, represent\u00f3 una excepci\u00f3n en la transici\u00f3n demogr\u00e1fica, es decir, en el paso de un r\u00e9gimen demogr\u00e1fico antiguo, basado en una alta fecundidad y mortalidad \u2014con un d\u00e9bil o nulo crecimiento de la poblaci\u00f3n\u2014, a uno posttransicional, con una baja mortalidad y fecundidad. La excepcionalidad no se encuentra tanto en la cronolog\u00eda \u2015que en Cataluya podemos cifrar entre finales del siglo XIX y los a\u00f1os treinta del siglo XX\u2015 como en el hecho de que la fecundidad empezara a descender de manera precoz con respecto a la mortalidad, que se mantuvo relativamente elevada al inicio del proceso, inversamente a c\u00f3mo suced\u00eda en la mayor\u00eda de pa\u00edses y regiones europeas, con un primer descenso de la mortalidad seguido m\u00e1s tarde por el de la fecundidad, hecho que provocaba un fuerte crecimiento de la poblaci\u00f3n. Las razones de esta singularidad todav\u00eda son objeto de discusi\u00f3n. En todo caso, eso signific\u00f3 que el crecimiento vegetativo se mantuviera d\u00e9bil y que, con la industrializaci\u00f3n, el factor de atracci\u00f3n de la migraci\u00f3n \u2014debido a la relativa escasez de j\u00f3venes en la entrada al mercado de trabajo\u2014 fuera tanto o m\u00e1s importante que el de expulsi\u00f3n de las regiones de origen de los inmigrantes. Este motor interno ha hecho que algunos autores hablaran de la migraci\u00f3n como fen\u00f3meno end\u00f3geno del sistema demogr\u00e1fico de Catalunya. <span class=\"note-item\"><a href=\"#note-01\" class=\"scroll-to\">[1]<\/a><span class=\"note-item-tooltip\">1 \u2014 Arango, J. (2007). \u201cLes primeres migracions del segle xx a Catalunya\u201d. En: Immigraci\u00f3. Les onades immigrat\u00f2ries en la Catalunya contempor\u00e0nia. Barcelona: Fundaci\u00f3 Llu\u00eds Carulla, p. 19-33 (Nadala; 41).\n<\/span><\/span> De esta manera, en el siglo XX se anticipaba lo que se ha ido produciendo con m\u00e1s o menos intensidad en todos los pa\u00edses desarrollados durante el siglo XXI: que el saldo migratorio se convirtiera en el componente esencial del crecimiento de la poblaci\u00f3n por encima del vegetativo. Dicho en t\u00e9rminos t\u00e9cnicos: Catalunya se ha vuelto un sistema complejo de reproducci\u00f3n demogr\u00e1fica. <span class=\"note-item\"><a href=\"#note-02\" class=\"scroll-to\">[2]<\/a><span class=\"note-item-tooltip\">2 \u2014 Cabr\u00e9, A. (1999). El sistema catal\u00e0 de reproducci\u00f3. Barcelona: Proa.\n<\/span><\/span><\/p>\n\n\n\n<div class=\"flourish-embed flourish-chart\" data-src=\"visualisation\/24377912\"><script src=\"https:\/\/public.flourish.studio\/resources\/embed.js\"><\/script><noscript><img decoding=\"async\" src=\"https:\/\/public.flourish.studio\/visualisation\/24377912\/thumbnail\" width=\"100%\" alt=\"chart visualization\" \/><\/noscript><\/div>\n\n\n\n<p class=\"wp-block-paragraph\">Las dos olas migratorias del siglo XX aportaron 455.000 y 1,3 millones de personas, que contribuyeron, respectivamente, en un 76% y en un 55% al crecimiento total de la poblaci\u00f3n de estos periodos. Por su parte, el conjunto de la migraci\u00f3n del siglo XXI, principalmente internacional, en un contexto de muy baja fecundidad y r\u00e1pido alargamiento de la esperanza de vida, ha contribuido en 1,9 millones de personas, enfrente de las poco m\u00e1s de 200.000 personas del crecimiento natural, que, como hemos mencionado, se ha vuelto incluso negativo en los \u00faltimos a\u00f1os.<\/p>\n\n\n\n<h5 class=\"wp-block-heading\">\u00bfMigraciones de reemplazo o metabolismo demogr\u00e1fico?<\/h5>\n\n\n\n<p class=\"wp-block-paragraph\">Las migraciones que vendr\u00edan a suplir la escasez relativa de j\u00f3venes en el mercado de trabajo producto de la baja fecundidad \u2014y, por lo tanto, del n\u00famero de nacimientos en d\u00e9cadas anteriores\u2014 se han llamado <em>migraciones de reemplazo<\/em>. \u00bfEl t\u00e9rmino se populariz\u00f3 al comienzo del siglo XXI a ra\u00edz de la publicaci\u00f3n, en el a\u00f1o 2000, del informe de la Divisi\u00f3n de Poblaci\u00f3n de Naciones Unidas <em>Son las migraciones de reemplazo una soluci\u00f3n para el declive y el envejecimiento de la poblaci\u00f3n?<\/em> <span class=\"note-item\"><a href=\"#note-03\" class=\"scroll-to\">[3]<\/a><span class=\"note-item-tooltip\">3 \u2014 United Nations Population Division (2000). Replacement Migration: Is It a Solution to Declining and Ageing Populations? Nova York: Population Division, Department of Economic and Social Affairs, United Nations.\n<\/span><\/span> En este informe, se quer\u00eda llamar la atenci\u00f3n de pol\u00edticos y del conjunto de la poblaci\u00f3n sobre la conveniencia de los flujos migratorios, que se incrementaban con una estructura marcada por el envejecimiento demogr\u00e1fico. Tambi\u00e9n se subrayaba la insuficiencia de las migraciones para revertir este proceso de envejecimiento y la consiguiente carga sobre los sistemas de pensiones p\u00fablicos, y se propon\u00eda una bater\u00eda de medidas complementarias. Para ilustrarlo, se dispon\u00eda de las proyecciones de poblaci\u00f3n de diferentes pa\u00edses y regiones desarrollados del mundo, en el horizonte 2050, partiendo de los datos de 1995, bajo diferentes supuestos: mantener la poblaci\u00f3n total, mantener la poblaci\u00f3n en edad activa, mantener la relaci\u00f3n de dependencia y mantener el resultado en ausencia de migraciones.<\/p>\n\n\n\n<p class=\"wp-block-paragraph\">Tanto la ambig\u00fcedad en la difusi\u00f3n en los medios de comunicaci\u00f3n como una lectura interesada tuvieron un efecto antag\u00f3nico en la recepci\u00f3n de este informe. Los sectores a favor de las migraciones o de los derechos de las personas inmigradas subrayaron la necesidad de inmigraci\u00f3n para cubrir la demanda laboral no satisfecha por los aut\u00f3ctonos y para asegurar la sostenibilidad del sistema de pensiones, cuando, de hecho, el informe dec\u00eda que no eran suficientes y que los efectivos que se estimaban para mantener la relaci\u00f3n de dependencia no eran asumibles. Mientras que los contrarios a la inmigraci\u00f3n o los partidarios de frenarla se tomaron el ejercicio hipot\u00e9tico como si fuera una profec\u00eda que ten\u00eda que cumplirse a toda costa, hasta entroncar con antiguas teor\u00edas de la conspiraci\u00f3n sobre la existencia de un complot para la sustituci\u00f3n de los aut\u00f3ctonos por los inmigrados, que nada casualmente renombraron como <em>gran reemplazo<\/em>.<\/p>\n\n\n\n<p class=\"wp-block-paragraph\">M\u00e1s que las llamadas migraciones de reemplazo, lo que nos ayudar\u00e1 a comprender el impacto de las migraciones conjugado con la evoluci\u00f3n de la natalidad es lo que se denomina <em>metabolismo demogr\u00e1fico<\/em>. Es decir, la sucesi\u00f3n de generaciones como factor que impulsa el cambio social; particularmente, la coincidencia de los inmigrantes con generaciones vac\u00edas o llenas \u2014a partir del tama\u00f1o de sus efectivos seg\u00fan los nacimientos\u2014, la contribuci\u00f3n a la diversificaci\u00f3n por origen de y entre las generaciones, su distribuci\u00f3n espacial y las consecuencias que esta distribuci\u00f3n tiene para el futuro. En el caso de las \u00faltimas migraciones internacionales, si tomamos Catalunya como ejemplo <span class=\"note-item\"><a href=\"#note-04\" class=\"scroll-to\">[4]<\/a><span class=\"note-item-tooltip\">4 \u2014 Osama, D.; Domingo, A.; Bayona, J. (2024). \u201cMarcadores sociodemogr\u00e1ficos y nuevas tecnolog\u00edas en las generaciones catalanas 1926-2006\u201d. Revista Internacional de Sociolog\u00eda, vol. 82 (1). DOI.\n<\/span><\/span> (gr\u00e1fico 2), podemos destacar como, con respecto a la generaci\u00f3n vac\u00eda nacida entre 1986 y 1995 \u2014los conocidos como <em>millennials<\/em>&#8211; el porcentaje de poblaci\u00f3n nacida en el extranjero en el censo de 2021, cuando ten\u00edan entre 25 y 34 a\u00f1os, se eleva hasta el 39,9%, muy por encima del 22,4% que entonces se registraba para el total de la poblaci\u00f3n. Aumenta al 44,6% si sumamos los nacidos en el resto de Espa\u00f1a.<\/p>\n\n\n\n<div class=\"flourish-embed flourish-chart\" data-src=\"visualisation\/24377963\"><script src=\"https:\/\/public.flourish.studio\/resources\/embed.js\"><\/script><noscript><img decoding=\"async\" src=\"https:\/\/public.flourish.studio\/visualisation\/24377963\/thumbnail\" width=\"100%\" alt=\"chart visualization\" \/><\/noscript><\/div>\n\n\n\n<p class=\"wp-block-paragraph\">Con todo, si observamos las migraciones del siglo XX, el porcentaje de poblaci\u00f3n nacida fuera de Catalunya de la generaci\u00f3n de los <em>millennials <\/em>en 2021 queda por debajo al compararlo con la generaci\u00f3n vac\u00eda nacida entre 1936 y 1945: para la misma edad (de los 25 a los 34 a\u00f1os), en el censo de 1971, el porcentaje se situaba en un 54,8% (la mayor\u00eda nacidos en el resto de Espa\u00f1a, solo un 1,2% de nacidos en el extranjero).<\/p>\n\n\n\n<p class=\"wp-block-paragraph\">Estas proporciones se elevan por escalas territoriales m\u00e1s peque\u00f1as, si tenemos en cuenta la distribuci\u00f3n desigual en el territorio, debido a la concentraci\u00f3n y la segregaci\u00f3n de la poblaci\u00f3n inmigrada. A modo de ejemplo, los <em>millennials <\/em>nacidos fuera de Catalu\u00f1a en 2021 sub\u00edan hasta un 62,6% en el municipio de Salt, o en un 82% en el distrito de Ciutat Vella de Barcelona. Si tenemos en cuenta la ascendencia, sin embargo, habr\u00eda que apuntar que para la generaci\u00f3n de 2006-2015, si bien los nacidos en el extranjero todav\u00eda eran relativamente pocos en el censo de 2021, con un 12,4% del total, los descendientes de extranjeros los doblaban, con un 28,5%. Estas proporciones tienen que hacer replantearnos el discurso de la multiculturalidad como una caracter\u00edstica del futuro (gr\u00e1fico 3).<\/p>\n\n\n\n<div class=\"flourish-embed flourish-chart\" data-src=\"visualisation\/24378003\"><script src=\"https:\/\/public.flourish.studio\/resources\/embed.js\"><\/script><noscript><img decoding=\"async\" src=\"https:\/\/public.flourish.studio\/visualisation\/24378003\/thumbnail\" width=\"100%\" alt=\"chart visualization\" \/><\/noscript><\/div>\n\n\n\n<p class=\"wp-block-paragraph\">Ni el declive de la fecundidad, ni los efectivos de las generaciones resultantes son por ellos mismos la causa de las migraciones: las migraciones, cuando hablamos de trabajadores y trabajadoras, siguen las fluctuaciones del ciclo econ\u00f3mico; no est\u00e1n determinadas por la estructura por edades de la poblaci\u00f3n. Catalunya, a pesar de la influencia de la bajada inicial del descenso de la fecundidad en el incentivo de las migraciones, vuelve a ser un buen ejemplo: la llegada de los flujos internacionales del primer boom la protagonizaron personas nacidas entre 1956 y 1975 que pertenec\u00edan a los grupos generacionales del baby-boom, tard\u00f3 con respecto a los pa\u00edses europeos septentrionales. Pero, cuando lleg\u00f3 la gran recesi\u00f3n, entre 2008 y 2013, coincidiendo con la llegada al mercado de trabajo de los j\u00f3venes de las generaciones vac\u00edas, nacidas en los a\u00f1os ochenta, parte de estos j\u00f3venes aut\u00f3ctonos se vieron obligados a emigrar.<\/p>\n\n\n\n<p class=\"wp-block-paragraph\">La creencia en el determinismo demogr\u00e1fico forma parte de un, digamos, \u201csentido com\u00fan\u201d demogr\u00e1fico, anclado en paradigmas superados de una demograf\u00eda maltusiana basada en la noci\u00f3n de equilibrio, en que las migraciones son vistas como un elemento igualador entre los diferenciales de la estructura entre pa\u00edses o regiones \u201cj\u00f3venes\u201d y \u201cenvejecidas\u201d, o de la din\u00e1mica demogr\u00e1fica, entre aquellos con una alta y una baja fecundidad, como si se tratara de la teor\u00eda de los vasos comunicantes, una especie de mec\u00e1nica hidr\u00e1ulica de la poblaci\u00f3n. Estas formaciones discursivas que conforman el \u201csentido com\u00fan\u201d demogr\u00e1fico encontraron a un aliado nuevo en los interesados en desplazar las causas econ\u00f3micas estructurales a las \u201cdemogr\u00e1ficas\u201d, y de estas a los valores y las decisiones individuales. <span class=\"note-item\"><a href=\"#note-05\" class=\"scroll-to\">[5]<\/a><span class=\"note-item-tooltip\">5 \u2014 Domingo, A. (ed.) (2023). La coartada demogr\u00e1fica. Y el discurso de la involuci\u00f3n en Espa\u00f1a. Barcelona: Icaria.\n<\/span><\/span><\/p>\n\n\n\n<h5 class=\"wp-block-heading\">Migraciones, reproducci\u00f3n demogr\u00e1fica y reproducci\u00f3n social<\/h5>\n\n\n\n<p class=\"wp-block-paragraph\">Pasamos ahora a analizar el efecto que la centralidad progresiva de las migraciones y la transici\u00f3n hacia un sistema complejo de reproducci\u00f3n demogr\u00e1fica han tenido y tienen sobre la sociedad catalana, en especial sobre la reproducci\u00f3n social. Una de las razones de la reducci\u00f3n precoz de la fecundidad en Catalunya entre las clases populares fue el deseo de las familias de invertir en la educaci\u00f3n de sus hijos para posibilitarles as\u00ed la movilidad social ascendente. Si el deseo de prosperar socialmente fue una fuerza motriz que contribuy\u00f3 al cambio demogr\u00e1fico entre la poblaci\u00f3n catalana, ha seguido constituyendo una pieza fundamental en las estrategias de reproducci\u00f3n social, tambi\u00e9n respecto de la poblaci\u00f3n reci\u00e9n llegada. El motivo que explica las migraciones econ\u00f3micas, desde la perspectiva del inmigrante, ha sido hist\u00f3ricamente la mejora de las condiciones de vida propias y de la familia, y no fue diferente en el caso de Catalunya. Si las migraciones formaron parte desde un principio de los mecanismos de reproducci\u00f3n de la fuerza de trabajo \u2014teniendo en cuenta la baja fecundidad\u2014, la apropiaci\u00f3n de espacios sociales ascendentes, que es una manera de definir lo que denominamos <em>integraci\u00f3n<\/em>, constituy\u00f3 el norte de los trabajadores inmigrantes que llegaron en el siglo XX. La lengua catalana, convertida en marca antropol\u00f3gica de la identidad del pa\u00eds, se convertir\u00eda en la ense\u00f1a de este proceso de integraci\u00f3n.<\/p>\n\n\n\n<p class=\"wp-block-paragraph\">La llegada sostenida de nuevas hornadas de inmigrantes era imprescindible para la reproducci\u00f3n del sistema capitalista y, con este, de la estratificaci\u00f3n social. Los primeros beneficiados eran, pues, las clases acomodadas que directamente sacaban provecho de la plusval\u00eda aportada por los trabajadores. Sin embargo, en t\u00e9rminos generales, estas migraciones resultaban complementarias tambi\u00e9n a la promoci\u00f3n social de los trabajadores aut\u00f3ctonos, primero, y de los anteriores inmigrados, m\u00e1s tarde. De esta manera, el sistema pon\u00eda en marcha un efecto de aspirador que se nutr\u00eda de la progresi\u00f3n de las corrientes migratorias. Esta estrategia solo era sostenible con una econom\u00eda en crecimiento y una lucha obrera que efectivamente conquistara ganancias en las condiciones laborales y de vida que permitieran una movilidad social ascendente. La evoluci\u00f3n, que qued\u00f3 repentinamente resta\u00f1ada con el Crac del 29 y la Guerra Civil Espa\u00f1ola, se reanud\u00f3 de manera magnificada en los a\u00f1os sesenta, con el \u00e9xodo rural. La segunda ola, a pesar de las crudas condiciones de pobreza y la falta de libertades de la dictadura, con el fin de la autarqu\u00eda econ\u00f3mica, primero, y la terciarizaci\u00f3n y la universalizaci\u00f3n del acceso a los estudios, despu\u00e9s, abri\u00f3 un espacio de oportunidades de movilidad social ascendiente, que la lucha vecinal y pol\u00edtica del antifranquismo consolid\u00f3. La familia, junto con la expansi\u00f3n del funcionariado que comport\u00f3 el retorno del autogobierno, hizo de coj\u00edn de la crisis econ\u00f3mica durante los primeros a\u00f1os de la Transici\u00f3n democr\u00e1tica para muchos de los que hab\u00edan cursado estudios superiores, fueran aut\u00f3ctonos o hijos de inmigrantes. Los flujos con el resto de Espa\u00f1a se interrump\u00edan o se revert\u00edan con movimientos de retorno, mientras que los internacionales todav\u00eda eran minoritarios.<\/p>\n\n\n\n<figure class=\"wp-block-image size-large\"><img data-recalc-dims=\"1\" loading=\"lazy\" decoding=\"async\" width=\"1024\" height=\"663\" src=\"https:\/\/i0.wp.com\/revistaidees.cat\/wp-content\/uploads\/2025\/09\/2-1.png?resize=1024%2C663&#038;ssl=1\" alt=\"2\" class=\"wp-image-81856\" srcset=\"https:\/\/i0.wp.com\/revistaidees.cat\/wp-content\/uploads\/2025\/09\/2-1.png?resize=1024%2C663&amp;ssl=1 1024w, https:\/\/i0.wp.com\/revistaidees.cat\/wp-content\/uploads\/2025\/09\/2-1.png?resize=300%2C194&amp;ssl=1 300w, https:\/\/i0.wp.com\/revistaidees.cat\/wp-content\/uploads\/2025\/09\/2-1.png?resize=768%2C497&amp;ssl=1 768w, https:\/\/i0.wp.com\/revistaidees.cat\/wp-content\/uploads\/2025\/09\/2-1.png?resize=1536%2C994&amp;ssl=1 1536w, https:\/\/i0.wp.com\/revistaidees.cat\/wp-content\/uploads\/2025\/09\/2-1.png?resize=1200%2C776&amp;ssl=1 1200w, https:\/\/i0.wp.com\/revistaidees.cat\/wp-content\/uploads\/2025\/09\/2-1.png?resize=767%2C496&amp;ssl=1 767w, https:\/\/i0.wp.com\/revistaidees.cat\/wp-content\/uploads\/2025\/09\/2-1.png?w=1700&amp;ssl=1 1700w\" sizes=\"auto, (max-width: 1000px) 100vw, 1000px\" \/><figcaption class=\"wp-element-caption\">La plaza Terenci Moix, en el barrio del Raval, es un punto de encuentro habitual para decenas de j\u00f3venes de origen filipino, que se re\u00fanen all\u00ed cada tarde para jugar al baloncesto. El baloncesto es un deporte muy popular entre esta comunidad. Fotograf\u00eda: Minna Puerto Vendrell.<\/figcaption><\/figure>\n\n\n\n<p class=\"wp-block-paragraph\"><br><br>Si pensamos en los efectos de la migraci\u00f3n internacional masiva del siglo XXI en la reproducci\u00f3n social, indudablemente el sector privado \u2014frente el p\u00fablico\u2014 y las clases medias y su prole, amenazados con el descenso social, han sido los grandes beneficiarios. Ha constituido la forma m\u00e1s barata de conciliar la vida familiar y laboral de las parejas j\u00f3venes en ausencia de un estado del bienestar fuerte. Durante la primera ola del nuevo milenio, incluso, se puede entender que contribuy\u00f3 a la promoci\u00f3n de los trabajadores aut\u00f3ctonos. Despu\u00e9s de la gran recesi\u00f3n, sin embargo, hay que preguntarse si no estamos asistiendo a dos efectos no deseados e interconectados. Por una parte, encontrar\u00edamos una integraci\u00f3n segmentada causada por el racismo estructural atizador de prejuicios, que clasifica jer\u00e1rquicamente las personas migradas y sus descendientes a partir del origen, el fenotipo y el grupo etnocultural al cual se adscriben, como se ha descrito en otros pa\u00edses. <span class=\"note-item\"><a href=\"#note-06\" class=\"scroll-to\">[6]<\/a><span class=\"note-item-tooltip\">6 \u2014 Portes, A.; Zhou, M. (1993). \u201cThe New Second Generation: Segmented Assimilation and Its Variants\u201d. Annals of the American Academy of Political and Social Science, n\u00fam. 530, p. 74-96.\n<\/span><\/span> Esta discriminaci\u00f3n dar\u00eda como resultado la etnoestratificaci\u00f3n de la pir\u00e1mide social y situar\u00eda en la base una nueva capa de la clase trabajadora, en la que la poblaci\u00f3n africana ser\u00eda mayoritaria. En segundo lugar, y en paralelo, se habr\u00eda dado la formaci\u00f3n de una nueva capa desclasada de lumpemproletariado, formada mayoritariamente por poblaci\u00f3n aut\u00f3ctona con un bajo nivel de estudios, relegada por el proceso de globalizaci\u00f3n econ\u00f3mica.<\/p>\n\n\n\n<h5 class=\"wp-block-heading\">\u00bfUn sistema en crisis?<\/h5>\n\n\n\n<p class=\"wp-block-paragraph\">Cuando la movilidad social ascendente est\u00e1 amenazada no solo para los inmigrados, sino para el total de las generaciones m\u00e1s j\u00f3venes, hay quienes se preguntan si un sistema que nos vierte a olas cada vez m\u00e1s intensas es sostenible. Si lo quer\u00e9is decir de manera m\u00e1s tremendista: si no nos estamos asomando al colapso. Se se\u00f1ala la migraci\u00f3n como la culpable de todos los da\u00f1os: desde la minorizaci\u00f3n del catal\u00e1n hasta la inseguridad ciudadana. Pero lo que realmente nos tenemos que preguntar, en primer lugar, es si es viable un modelo productivo que se basa en la aportaci\u00f3n masiva de trabajadores y en un orden econ\u00f3mico fundamentado en el crecimiento sostenido de la poblaci\u00f3n a la vez que multiplica la desigualdad y, con esta, la producci\u00f3n de poblaci\u00f3n redundante. Y en segundo lugar tenemos que reflexionar sobre el control de los dispositivos de reproducci\u00f3n social en Catalunya, incluyendo el control del mercado, antes de cargar las culpas sobre la din\u00e1mica o la estructura demogr\u00e1fica, que, al fin y al cabo, ha sido un sistema adaptativo a las constricciones de este orden econ\u00f3mico, y tambi\u00e9n la consecuencia de la mejor manera que han encontrado los individuos de triunfar.<\/p>\n\n\n\n<p class=\"wp-block-paragraph\">La inercia del envejecimiento es imparable: seg\u00fan nuestras estimaciones, har\u00eda falta que llegaran 14 millones de personas para mantener en 2050 la relaci\u00f3n de dependencia actual, cifrada en 25,4%. <span class=\"note-item\"><a href=\"#note-07\" class=\"scroll-to\">[7]<\/a><span class=\"note-item-tooltip\">7 \u2014 Domingo, A.; Blanes, A. (2025). \u201cLes migracions de reempla\u00e7ament a Catalunya: una mirada cr\u00edtica\u201d. Comunicaci\u00f3n en el 4.\u00ba Congreso de Econom\u00eda y Empresa en Catalunya, organizado por el Colegi d&#8217;Economistes de Catalunya. Barcelona.\n<\/span><\/span> Si tenemos en cuenta que en los 23 a\u00f1os precedentes hemos recibido 3 millones, este c\u00e1lculo parece del todo desaforado. A excepci\u00f3n del continente africano, que todav\u00eda crecer\u00e1 de manera sustantiva durante el pr\u00f3ximo cuarto de siglo, los candidatos a la migraci\u00f3n cada vez ser\u00e1n m\u00e1s escasos por razones demogr\u00e1ficas, aunque las crisis del sistema econ\u00f3mico global seguir\u00e1n expulsando poblaci\u00f3n del Sur global, a los cuales se a\u00f1adir\u00e1n los movimientos que podemos prever fruto del cambio clim\u00e1tico.<\/p>\n","protected":false},"excerpt":{"rendered":"<p>Introducci\u00f3n: migraciones internacionales y polarizaci\u00f3n pol\u00edtica Con la globalizaci\u00f3n econ\u00f3mica, coincidiendo con el nuevo milenio, los flujos migratorios se aceleraron, aumentaron de volumen y se diversificaron. En Catalunya, como el resto de Espa\u00f1a, este crecimiento represent\u00f3 el primer boom de la migraci\u00f3n internacional, del 2000 a 2007. La demanda del mercado laboral en un ciclo econ\u00f3mico expansivo, conjugada con la demanda producida por la externalizaci\u00f3n en el mercado de parte del trabajo reproductivo \u2014trabajo dom\u00e9stico y de cuidado de ni\u00f1os y personas mayores\u2014, explica en buena medida este incremento extraordinario en el volumen y en la aceleraci\u00f3n. La fulgurante alza\u2026<\/p>\n","protected":false},"author":74,"featured_media":81792,"parent":0,"comment_status":"closed","ping_status":"closed","sticky":false,"template":"","format":"standard","meta":{"_acf_changed":false,"inline_featured_image":false,"_jetpack_newsletter_access":"","_jetpack_dont_email_post_to_subs":false,"_jetpack_newsletter_tier_id":0,"_jetpack_memberships_contains_paywalled_content":false,"_wpcom_ai_launchpad_first_post":false,"_jetpack_feature_clip_id":0,"_jetpack_memberships_contains_paid_content":false,"footnotes":"","jetpack_post_was_ever_published":false},"categories":[673],"tags":[],"segment":[],"subject":[],"class_list":["post-82050","post","type-post","status-publish","format-standard","has-post-thumbnail","hentry","category-reptes-demografics-a-la-catalunya-dels-vuit-milions-es"],"acf":[],"yoast_head":"<!-- This site is optimized with the Yoast SEO plugin v28.4 - https:\/\/yoast.com\/product\/yoast-seo-wordpress\/ -->\n<title>Migraciones y reproducci\u00f3n demogr\u00e1fica y social en la Catalunya contempor\u00e1nea &#8211; IDEES<\/title>\n<meta name=\"robots\" content=\"index, follow, max-snippet:-1, max-image-preview:large, max-video-preview:-1\" \/>\n<link rel=\"canonical\" href=\"https:\/\/revistaidees.cat\/es\/migracions-i-reproduccio-demografica-i-social-a-la-catalunya-contemporania\/\" \/>\n<meta property=\"og:locale\" content=\"es_ES\" \/>\n<meta property=\"og:type\" content=\"article\" \/>\n<meta property=\"og:title\" content=\"Migraciones y reproducci\u00f3n demogr\u00e1fica y social en la Catalunya contempor\u00e1nea &#8211; IDEES\" \/>\n<meta property=\"og:description\" content=\"Introducci\u00f3n: migraciones internacionales y polarizaci\u00f3n pol\u00edtica Con la globalizaci\u00f3n econ\u00f3mica, coincidiendo con el nuevo milenio, los flujos migratorios se aceleraron, aumentaron de volumen y se diversificaron. En Catalunya, como el resto de Espa\u00f1a, este crecimiento represent\u00f3 el primer boom de la migraci\u00f3n internacional, del 2000 a 2007. La demanda del mercado laboral en un ciclo econ\u00f3mico expansivo, conjugada con la demanda producida por la externalizaci\u00f3n en el mercado de parte del trabajo reproductivo \u2014trabajo dom\u00e9stico y de cuidado de ni\u00f1os y personas mayores\u2014, explica en buena medida este incremento extraordinario en el volumen y en la aceleraci\u00f3n. La fulgurante alza\u2026\" \/>\n<meta property=\"og:url\" content=\"https:\/\/revistaidees.cat\/es\/migracions-i-reproduccio-demografica-i-social-a-la-catalunya-contemporania\/\" \/>\n<meta property=\"og:site_name\" content=\"IDEES\" \/>\n<meta property=\"article:published_time\" content=\"2025-09-15T14:20:42+00:00\" \/>\n<meta property=\"article:modified_time\" content=\"2025-09-17T09:58:30+00:00\" \/>\n<meta property=\"og:image\" content=\"https:\/\/revistaidees.cat\/wp-content\/uploads\/2025\/09\/9-1024x435.png\" \/>\n\t<meta property=\"og:image:width\" content=\"1024\" \/>\n\t<meta property=\"og:image:height\" content=\"435\" \/>\n\t<meta property=\"og:image:type\" content=\"image\/png\" \/>\n<meta name=\"author\" content=\"Maria Fari\u00f1a Costa\" \/>\n<meta name=\"twitter:card\" content=\"summary_large_image\" \/>\n<meta name=\"twitter:label1\" content=\"Escrito por\" \/>\n\t<meta name=\"twitter:data1\" content=\"Maria Fari\u00f1a Costa\" \/>\n\t<meta name=\"twitter:label2\" content=\"Tiempo de lectura\" \/>\n\t<meta name=\"twitter:data2\" content=\"18 minutos\" \/>\n<script type=\"application\/ld+json\" class=\"yoast-schema-graph\">{\"@context\":\"https:\\\/\\\/schema.org\",\"@graph\":[{\"@type\":\"Article\",\"@id\":\"https:\\\/\\\/revistaidees.cat\\\/es\\\/migracions-i-reproduccio-demografica-i-social-a-la-catalunya-contemporania\\\/#article\",\"isPartOf\":{\"@id\":\"https:\\\/\\\/revistaidees.cat\\\/es\\\/migracions-i-reproduccio-demografica-i-social-a-la-catalunya-contemporania\\\/\"},\"author\":{\"name\":\"Maria Fari\u00f1a Costa\",\"@id\":\"https:\\\/\\\/revistaidees.cat\\\/#\\\/schema\\\/person\\\/b58f8bcada27f2173c38dd787d3cda02\"},\"headline\":\"Migraciones y reproducci\u00f3n demogr\u00e1fica y social en la Catalunya contempor\u00e1nea\",\"datePublished\":\"2025-09-15T14:20:42+00:00\",\"dateModified\":\"2025-09-17T09:58:30+00:00\",\"mainEntityOfPage\":{\"@id\":\"https:\\\/\\\/revistaidees.cat\\\/es\\\/migracions-i-reproduccio-demografica-i-social-a-la-catalunya-contemporania\\\/\"},\"wordCount\":3456,\"image\":{\"@id\":\"https:\\\/\\\/revistaidees.cat\\\/es\\\/migracions-i-reproduccio-demografica-i-social-a-la-catalunya-contemporania\\\/#primaryimage\"},\"thumbnailUrl\":\"https:\\\/\\\/i0.wp.com\\\/revistaidees.cat\\\/wp-content\\\/uploads\\\/2025\\\/09\\\/9.png?fit=2000%2C850&ssl=1\",\"articleSection\":[\"Retos demogr\u00e1ficos en la Catalunya de los ocho millones\"],\"inLanguage\":\"es\"},{\"@type\":\"WebPage\",\"@id\":\"https:\\\/\\\/revistaidees.cat\\\/es\\\/migracions-i-reproduccio-demografica-i-social-a-la-catalunya-contemporania\\\/\",\"url\":\"https:\\\/\\\/revistaidees.cat\\\/es\\\/migracions-i-reproduccio-demografica-i-social-a-la-catalunya-contemporania\\\/\",\"name\":\"Migraciones y reproducci\u00f3n demogr\u00e1fica y social en la Catalunya contempor\u00e1nea &#8211; IDEES\",\"isPartOf\":{\"@id\":\"https:\\\/\\\/revistaidees.cat\\\/#website\"},\"primaryImageOfPage\":{\"@id\":\"https:\\\/\\\/revistaidees.cat\\\/es\\\/migracions-i-reproduccio-demografica-i-social-a-la-catalunya-contemporania\\\/#primaryimage\"},\"image\":{\"@id\":\"https:\\\/\\\/revistaidees.cat\\\/es\\\/migracions-i-reproduccio-demografica-i-social-a-la-catalunya-contemporania\\\/#primaryimage\"},\"thumbnailUrl\":\"https:\\\/\\\/i0.wp.com\\\/revistaidees.cat\\\/wp-content\\\/uploads\\\/2025\\\/09\\\/9.png?fit=2000%2C850&ssl=1\",\"datePublished\":\"2025-09-15T14:20:42+00:00\",\"dateModified\":\"2025-09-17T09:58:30+00:00\",\"author\":{\"@id\":\"https:\\\/\\\/revistaidees.cat\\\/#\\\/schema\\\/person\\\/b58f8bcada27f2173c38dd787d3cda02\"},\"breadcrumb\":{\"@id\":\"https:\\\/\\\/revistaidees.cat\\\/es\\\/migracions-i-reproduccio-demografica-i-social-a-la-catalunya-contemporania\\\/#breadcrumb\"},\"inLanguage\":\"es\",\"potentialAction\":[{\"@type\":\"ReadAction\",\"target\":[\"https:\\\/\\\/revistaidees.cat\\\/es\\\/migracions-i-reproduccio-demografica-i-social-a-la-catalunya-contemporania\\\/\"]}]},{\"@type\":\"ImageObject\",\"inLanguage\":\"es\",\"@id\":\"https:\\\/\\\/revistaidees.cat\\\/es\\\/migracions-i-reproduccio-demografica-i-social-a-la-catalunya-contemporania\\\/#primaryimage\",\"url\":\"https:\\\/\\\/i0.wp.com\\\/revistaidees.cat\\\/wp-content\\\/uploads\\\/2025\\\/09\\\/9.png?fit=2000%2C850&ssl=1\",\"contentUrl\":\"https:\\\/\\\/i0.wp.com\\\/revistaidees.cat\\\/wp-content\\\/uploads\\\/2025\\\/09\\\/9.png?fit=2000%2C850&ssl=1\",\"width\":2000,\"height\":850,\"caption\":\"Dos chicos de origen filipino juegan al baloncesto en la plaza Terenci Moix, en el barrio del Raval de Barcelona, el 23 de mayo de 2025. La comunidad filipina, una de las m\u00e1s numerosas de la capital catalana, ha tejido un peque\u00f1o universo propio en la zona norte del Raval, en un contexto de creciente multiculturalidad. Fotograf\u00eda: Minna Puerto Vendrell.\"},{\"@type\":\"BreadcrumbList\",\"@id\":\"https:\\\/\\\/revistaidees.cat\\\/es\\\/migracions-i-reproduccio-demografica-i-social-a-la-catalunya-contemporania\\\/#breadcrumb\",\"itemListElement\":[{\"@type\":\"ListItem\",\"position\":1,\"name\":\"Inici\",\"item\":\"https:\\\/\\\/revistaidees.cat\\\/es\\\/\"},{\"@type\":\"ListItem\",\"position\":2,\"name\":\"Migraciones y reproducci\u00f3n demogr\u00e1fica y social en la Catalunya contempor\u00e1nea\"}]},{\"@type\":\"WebSite\",\"@id\":\"https:\\\/\\\/revistaidees.cat\\\/#website\",\"url\":\"https:\\\/\\\/revistaidees.cat\\\/\",\"name\":\"IDEES\",\"description\":\"Revista de temas contempor\u00e1neos\",\"potentialAction\":[{\"@type\":\"SearchAction\",\"target\":{\"@type\":\"EntryPoint\",\"urlTemplate\":\"https:\\\/\\\/revistaidees.cat\\\/?s={search_term_string}\"},\"query-input\":{\"@type\":\"PropertyValueSpecification\",\"valueRequired\":true,\"valueName\":\"search_term_string\"}}],\"inLanguage\":\"es\"},{\"@type\":\"Person\",\"@id\":\"https:\\\/\\\/revistaidees.cat\\\/#\\\/schema\\\/person\\\/b58f8bcada27f2173c38dd787d3cda02\",\"name\":\"Maria Fari\u00f1a Costa\",\"image\":{\"@type\":\"ImageObject\",\"inLanguage\":\"es\",\"@id\":\"https:\\\/\\\/secure.gravatar.com\\\/avatar\\\/2817abd873ef1af389e75f62153298abbf23e57c38121e4c203c5d6a53bc4868?s=96&d=mm&r=g\",\"url\":\"https:\\\/\\\/secure.gravatar.com\\\/avatar\\\/2817abd873ef1af389e75f62153298abbf23e57c38121e4c203c5d6a53bc4868?s=96&d=mm&r=g\",\"contentUrl\":\"https:\\\/\\\/secure.gravatar.com\\\/avatar\\\/2817abd873ef1af389e75f62153298abbf23e57c38121e4c203c5d6a53bc4868?s=96&d=mm&r=g\",\"caption\":\"Maria Fari\u00f1a Costa\"}}]}<\/script>\n<!-- \/ Yoast SEO plugin. -->","yoast_head_json":{"title":"Migraciones y reproducci\u00f3n demogr\u00e1fica y social en la Catalunya contempor\u00e1nea &#8211; IDEES","robots":{"index":"index","follow":"follow","max-snippet":"max-snippet:-1","max-image-preview":"max-image-preview:large","max-video-preview":"max-video-preview:-1"},"canonical":"https:\/\/revistaidees.cat\/es\/migracions-i-reproduccio-demografica-i-social-a-la-catalunya-contemporania\/","og_locale":"es_ES","og_type":"article","og_title":"Migraciones y reproducci\u00f3n demogr\u00e1fica y social en la Catalunya contempor\u00e1nea &#8211; IDEES","og_description":"Introducci\u00f3n: migraciones internacionales y polarizaci\u00f3n pol\u00edtica Con la globalizaci\u00f3n econ\u00f3mica, coincidiendo con el nuevo milenio, los flujos migratorios se aceleraron, aumentaron de volumen y se diversificaron. En Catalunya, como el resto de Espa\u00f1a, este crecimiento represent\u00f3 el primer boom de la migraci\u00f3n internacional, del 2000 a 2007. La demanda del mercado laboral en un ciclo econ\u00f3mico expansivo, conjugada con la demanda producida por la externalizaci\u00f3n en el mercado de parte del trabajo reproductivo \u2014trabajo dom\u00e9stico y de cuidado de ni\u00f1os y personas mayores\u2014, explica en buena medida este incremento extraordinario en el volumen y en la aceleraci\u00f3n. La fulgurante alza\u2026","og_url":"https:\/\/revistaidees.cat\/es\/migracions-i-reproduccio-demografica-i-social-a-la-catalunya-contemporania\/","og_site_name":"IDEES","article_published_time":"2025-09-15T14:20:42+00:00","article_modified_time":"2025-09-17T09:58:30+00:00","og_image":[{"width":1024,"height":435,"url":"https:\/\/revistaidees.cat\/wp-content\/uploads\/2025\/09\/9-1024x435.png","type":"image\/png"}],"author":"Maria Fari\u00f1a Costa","twitter_card":"summary_large_image","twitter_misc":{"Escrito por":"Maria Fari\u00f1a Costa","Tiempo de lectura":"18 minutos"},"schema":{"@context":"https:\/\/schema.org","@graph":[{"@type":"Article","@id":"https:\/\/revistaidees.cat\/es\/migracions-i-reproduccio-demografica-i-social-a-la-catalunya-contemporania\/#article","isPartOf":{"@id":"https:\/\/revistaidees.cat\/es\/migracions-i-reproduccio-demografica-i-social-a-la-catalunya-contemporania\/"},"author":{"name":"Maria Fari\u00f1a Costa","@id":"https:\/\/revistaidees.cat\/#\/schema\/person\/b58f8bcada27f2173c38dd787d3cda02"},"headline":"Migraciones y reproducci\u00f3n demogr\u00e1fica y social en la Catalunya contempor\u00e1nea","datePublished":"2025-09-15T14:20:42+00:00","dateModified":"2025-09-17T09:58:30+00:00","mainEntityOfPage":{"@id":"https:\/\/revistaidees.cat\/es\/migracions-i-reproduccio-demografica-i-social-a-la-catalunya-contemporania\/"},"wordCount":3456,"image":{"@id":"https:\/\/revistaidees.cat\/es\/migracions-i-reproduccio-demografica-i-social-a-la-catalunya-contemporania\/#primaryimage"},"thumbnailUrl":"https:\/\/i0.wp.com\/revistaidees.cat\/wp-content\/uploads\/2025\/09\/9.png?fit=2000%2C850&ssl=1","articleSection":["Retos demogr\u00e1ficos en la Catalunya de los ocho millones"],"inLanguage":"es"},{"@type":"WebPage","@id":"https:\/\/revistaidees.cat\/es\/migracions-i-reproduccio-demografica-i-social-a-la-catalunya-contemporania\/","url":"https:\/\/revistaidees.cat\/es\/migracions-i-reproduccio-demografica-i-social-a-la-catalunya-contemporania\/","name":"Migraciones y reproducci\u00f3n demogr\u00e1fica y social en la Catalunya contempor\u00e1nea &#8211; IDEES","isPartOf":{"@id":"https:\/\/revistaidees.cat\/#website"},"primaryImageOfPage":{"@id":"https:\/\/revistaidees.cat\/es\/migracions-i-reproduccio-demografica-i-social-a-la-catalunya-contemporania\/#primaryimage"},"image":{"@id":"https:\/\/revistaidees.cat\/es\/migracions-i-reproduccio-demografica-i-social-a-la-catalunya-contemporania\/#primaryimage"},"thumbnailUrl":"https:\/\/i0.wp.com\/revistaidees.cat\/wp-content\/uploads\/2025\/09\/9.png?fit=2000%2C850&ssl=1","datePublished":"2025-09-15T14:20:42+00:00","dateModified":"2025-09-17T09:58:30+00:00","author":{"@id":"https:\/\/revistaidees.cat\/#\/schema\/person\/b58f8bcada27f2173c38dd787d3cda02"},"breadcrumb":{"@id":"https:\/\/revistaidees.cat\/es\/migracions-i-reproduccio-demografica-i-social-a-la-catalunya-contemporania\/#breadcrumb"},"inLanguage":"es","potentialAction":[{"@type":"ReadAction","target":["https:\/\/revistaidees.cat\/es\/migracions-i-reproduccio-demografica-i-social-a-la-catalunya-contemporania\/"]}]},{"@type":"ImageObject","inLanguage":"es","@id":"https:\/\/revistaidees.cat\/es\/migracions-i-reproduccio-demografica-i-social-a-la-catalunya-contemporania\/#primaryimage","url":"https:\/\/i0.wp.com\/revistaidees.cat\/wp-content\/uploads\/2025\/09\/9.png?fit=2000%2C850&ssl=1","contentUrl":"https:\/\/i0.wp.com\/revistaidees.cat\/wp-content\/uploads\/2025\/09\/9.png?fit=2000%2C850&ssl=1","width":2000,"height":850,"caption":"Dos chicos de origen filipino juegan al baloncesto en la plaza Terenci Moix, en el barrio del Raval de Barcelona, el 23 de mayo de 2025. La comunidad filipina, una de las m\u00e1s numerosas de la capital catalana, ha tejido un peque\u00f1o universo propio en la zona norte del Raval, en un contexto de creciente multiculturalidad. Fotograf\u00eda: Minna Puerto Vendrell."},{"@type":"BreadcrumbList","@id":"https:\/\/revistaidees.cat\/es\/migracions-i-reproduccio-demografica-i-social-a-la-catalunya-contemporania\/#breadcrumb","itemListElement":[{"@type":"ListItem","position":1,"name":"Inici","item":"https:\/\/revistaidees.cat\/es\/"},{"@type":"ListItem","position":2,"name":"Migraciones y reproducci\u00f3n demogr\u00e1fica y social en la Catalunya contempor\u00e1nea"}]},{"@type":"WebSite","@id":"https:\/\/revistaidees.cat\/#website","url":"https:\/\/revistaidees.cat\/","name":"IDEES","description":"Revista de temas contempor\u00e1neos","potentialAction":[{"@type":"SearchAction","target":{"@type":"EntryPoint","urlTemplate":"https:\/\/revistaidees.cat\/?s={search_term_string}"},"query-input":{"@type":"PropertyValueSpecification","valueRequired":true,"valueName":"search_term_string"}}],"inLanguage":"es"},{"@type":"Person","@id":"https:\/\/revistaidees.cat\/#\/schema\/person\/b58f8bcada27f2173c38dd787d3cda02","name":"Maria Fari\u00f1a Costa","image":{"@type":"ImageObject","inLanguage":"es","@id":"https:\/\/secure.gravatar.com\/avatar\/2817abd873ef1af389e75f62153298abbf23e57c38121e4c203c5d6a53bc4868?s=96&d=mm&r=g","url":"https:\/\/secure.gravatar.com\/avatar\/2817abd873ef1af389e75f62153298abbf23e57c38121e4c203c5d6a53bc4868?s=96&d=mm&r=g","contentUrl":"https:\/\/secure.gravatar.com\/avatar\/2817abd873ef1af389e75f62153298abbf23e57c38121e4c203c5d6a53bc4868?s=96&d=mm&r=g","caption":"Maria Fari\u00f1a Costa"}}]}},"jetpack_sharing_enabled":true,"jetpack_featured_media_url":"https:\/\/i0.wp.com\/revistaidees.cat\/wp-content\/uploads\/2025\/09\/9.png?fit=2000%2C850&ssl=1","_links":{"self":[{"href":"https:\/\/revistaidees.cat\/es\/wp-json\/wp\/v2\/posts\/82050","targetHints":{"allow":["GET"]}}],"collection":[{"href":"https:\/\/revistaidees.cat\/es\/wp-json\/wp\/v2\/posts"}],"about":[{"href":"https:\/\/revistaidees.cat\/es\/wp-json\/wp\/v2\/types\/post"}],"author":[{"embeddable":true,"href":"https:\/\/revistaidees.cat\/es\/wp-json\/wp\/v2\/users\/74"}],"replies":[{"embeddable":true,"href":"https:\/\/revistaidees.cat\/es\/wp-json\/wp\/v2\/comments?post=82050"}],"version-history":[{"count":5,"href":"https:\/\/revistaidees.cat\/es\/wp-json\/wp\/v2\/posts\/82050\/revisions"}],"predecessor-version":[{"id":82198,"href":"https:\/\/revistaidees.cat\/es\/wp-json\/wp\/v2\/posts\/82050\/revisions\/82198"}],"wp:featuredmedia":[{"embeddable":true,"href":"https:\/\/revistaidees.cat\/es\/wp-json\/wp\/v2\/media\/81792"}],"wp:attachment":[{"href":"https:\/\/revistaidees.cat\/es\/wp-json\/wp\/v2\/media?parent=82050"}],"wp:term":[{"taxonomy":"category","embeddable":true,"href":"https:\/\/revistaidees.cat\/es\/wp-json\/wp\/v2\/categories?post=82050"},{"taxonomy":"post_tag","embeddable":true,"href":"https:\/\/revistaidees.cat\/es\/wp-json\/wp\/v2\/tags?post=82050"},{"taxonomy":"segment","embeddable":true,"href":"https:\/\/revistaidees.cat\/es\/wp-json\/wp\/v2\/segment?post=82050"},{"taxonomy":"subject","embeddable":true,"href":"https:\/\/revistaidees.cat\/es\/wp-json\/wp\/v2\/subject?post=82050"}],"curies":[{"name":"wp","href":"https:\/\/api.w.org\/{rel}","templated":true}]}}