{"id":82067,"date":"2025-09-15T11:22:26","date_gmt":"2025-09-15T09:22:26","guid":{"rendered":"https:\/\/revistaidees.cat\/cap-a-la-fatalitat-o-la-complexitat-relats-i-realitats-al-voltant-de-lenvelliment-demografic\/"},"modified":"2025-09-17T12:00:20","modified_gmt":"2025-09-17T10:00:20","slug":"cap-a-la-fatalitat-o-la-complexitat-relats-i-realitats-al-voltant-de-lenvelliment-demografic","status":"publish","type":"post","link":"https:\/\/revistaidees.cat\/es\/cap-a-la-fatalitat-o-la-complexitat-relats-i-realitats-al-voltant-de-lenvelliment-demografic\/","title":{"rendered":"\u00bfHacia la fatalidad o la complejidad? Relatos y realidades en torno al envejecimiento demogr\u00e1fico"},"content":{"rendered":"\n<p>El envejecimiento demogr\u00e1fico es un proceso complejo, que va mucho m\u00e1s all\u00e1 del simple cambio porcentual, transformando las poblaciones y volvi\u00e9ndolas m\u00e1s sofisticadas. No obstante, en el relato p\u00fablico hegem\u00f3nico seguimos sin reconocernos en la poblaci\u00f3n que ya somos.<\/p>\n\n\n\n<p>El discurso en torno al envejecimiento demogr\u00e1fico a menudo se pierde en cuestiones sobre c\u00f3mo revertir lo irreversible y c\u00f3mo volver a ser poblaciones j\u00f3venes. Pese a ser el resultado de m\u00faltiples \u00e9xitos, con frecuencia se identifica el envejecimiento demogr\u00e1fico con una amenaza. Pese a no tener ning\u00fan componente c\u00edclico, se presenta como una crisis pasajera, con soluciones siempre simples y ajenas. Pese a ser un fen\u00f3meno que afecta al conjunto de la poblaci\u00f3n mundial, a menudo se le atribuye un car\u00e1cter diferencial, ligado a determinados valores culturales. Todos esos lugares comunes han ido construyendo un imaginario colectivo que asocia el envejecimiento demogr\u00e1fico con la adversidad, y que se suma al paralelismo establecido con el envejecimiento individual. En las poblaciones, el envejecimiento no es la etapa previa a la desaparici\u00f3n, sino una etapa en la que se vuelven m\u00e1s complejas. Y pese al acento puesto en la natalidad \u2014sobre la que habitualmente recaen las recetas m\u00e1gicas\u2014, este cambio profundo en nuestras poblaciones se produce tras una gran transformaci\u00f3n de la supervivencia.<\/p>\n\n\n\n<p>El constante aumento de la supervivencia a lo largo de los \u00faltimos ciento cincuenta a\u00f1os ha conllevado una profunda transformaci\u00f3n en el sistema reproductivo de las poblaciones. Este cambio en la reproducci\u00f3n ha modificado las poblaciones en m\u00faltiples aspectos. La poblaci\u00f3n espa\u00f1ola es, desde hace treinta a\u00f1os, una poblaci\u00f3n moderna desde el punto de vista demogr\u00e1fico, con baja mortalidad y baja natalidad. Cambio que implica una transformaci\u00f3n hacia estructuras etarias m\u00e1s verticales que, aunque conocida como envejecimiento demogr\u00e1fico, conlleva cambios m\u00e1s profundos. La evoluci\u00f3n de las din\u00e1micas demogr\u00e1ficas est\u00e1 creando nuevos escenarios en la coexistencia entre distintas generaciones. La investigaci\u00f3n cient\u00edfica est\u00e1 en proceso de comprender las implicaciones de sus efectos combinados.<\/p>\n\n\n\n<h5 class=\"wp-block-heading\">El cambio demogr\u00e1fico<\/h5>\n\n\n\n<p>Desde hace siglo y medio la longevidad humana aumenta a un ritmo de tres meses cada a\u00f1o. <span class=\"note-item\"><a href=\"#note-01\" class=\"scroll-to\">[1]<\/a><span class=\"note-item-tooltip\">1 \u2014 Oeppen, J.; Vaupel, J. W. (2002). \u201cBroken limits to life expectancy\u201d. Science, n\u00fam. 296(5570): pp. 1029-1031.\n<\/span><\/span> Esta evoluci\u00f3n \u2014llamativamente estable a lo largo de ciento cincuenta a\u00f1os\u2014 ha conllevado una profunda transformaci\u00f3n del sistema reproductivo. En cualquier especie la mortalidad y la fecundidad est\u00e1n estrechamente relacionadas para asegurar la reproducci\u00f3n de su poblaci\u00f3n. La especie humana mantuvo durante decenas de miles de a\u00f1os una esperanza de vida entre 30 y 40 a\u00f1os. Las altas mortalidades infantiles hac\u00edan necesaria una alta fecundidad para llegar a garantizar la sustituci\u00f3n de las poblaciones adultas y, por tanto, la reproducci\u00f3n de la especie. El aumento paulatino pero constante de la esperanza de vida ha venido a alterar este escenario. Tras siglo y medio de disminuci\u00f3n de la mortalidad a todas las edades, y con esperanzas de vida que superan ya los 80 a\u00f1os (Figura 1), las generaciones han adaptado su esfuerzo reproductivo a un escenario de alta supervivencia. La esperanza de vida al nacimiento para la poblaci\u00f3n espa\u00f1ola en 2023 era de 83,7 a\u00f1os, 81,1 para la poblaci\u00f3n masculina y 86,3 para la femenina. En la actualidad, el aumento del tiempo de vida y la superposici\u00f3n de generaciones cumplen el rol que hace un siglo cumpl\u00eda la alta natalidad en el sistema reproductivo. Esta profunda transformaci\u00f3n en la reproducci\u00f3n humana se conoce como <em>transici\u00f3n demogr\u00e1fica<\/em>. <span class=\"note-item\"><a href=\"#note-02\" class=\"scroll-to\">[2]<\/a><span class=\"note-item-tooltip\">2 \u2014 Notestein, F. W. (1945). \u201cPopulation: the long view\u201d. A: Schultz, T. (ed.) Food for the world. Chicago: Univ. Chicago Press.\n<\/span><\/span><\/p>\n\n\n\n<div class=\"flourish-embed flourish-chart\" data-src=\"visualisation\/24394392\"><script src=\"https:\/\/public.flourish.studio\/resources\/embed.js\"><\/script><noscript><img decoding=\"async\" src=\"https:\/\/public.flourish.studio\/visualisation\/24394392\/thumbnail\" width=\"100%\" alt=\"chart visualization\" \/><\/noscript><\/div>\n\n\n\n<p>A inicios del siglo XX la poblaci\u00f3n espa\u00f1ola se encontraba ya en plena Transici\u00f3n Demogr\u00e1fica (Figura 2). La mortalidad hab\u00eda iniciado una tendencia descendente que se mantiene \u2014con las \u00fanicas excepciones de la mortalidad debida a la gripe del 18 y la Guerra Civil\u2014 hasta los a\u00f1os setenta. A partir de ese momento, con una mortalidad infantil ya muy baja, la supervivencia sigue aumentando a edades avanzadas, dejando una escasa huella en las tasas brutas de mortalidad. La natalidad desciende durante todo el siglo hasta los a\u00f1os noventa. Tras m\u00e1s de un siglo de cambio, las tasas brutas de ambas din\u00e1micas vuelven a situarse en magnitudes similares a mediados de los a\u00f1os noventa, momento en el que se podr\u00eda dar por finalizada la Transici\u00f3n Demogr\u00e1fica para la poblaci\u00f3n espa\u00f1ola, que, por tanto, es, ya desde hace treinta a\u00f1os, una poblaci\u00f3n postransicional.<\/p>\n\n\n\n<div class=\"flourish-embed flourish-chart\" data-src=\"visualisation\/24394430\"><script src=\"https:\/\/public.flourish.studio\/resources\/embed.js\"><\/script><noscript><img decoding=\"async\" src=\"https:\/\/public.flourish.studio\/visualisation\/24394430\/thumbnail\" width=\"100%\" alt=\"chart visualization\" \/><\/noscript><\/div>\n\n\n\n<p>La ca\u00edda de la mortalidad fue seguida de una disminuci\u00f3n de la fecundidad que, en poblaciones m\u00e1s longevas y compuestas por m\u00faltiples generaciones superpuestas, no precisa ser tan elevada. Todas las poblaciones postransicionales europeas presentan una fecundidad por debajo del umbral de reemplazo actual. <span class=\"note-item\"><a href=\"#note-03\" class=\"scroll-to\">[3]<\/a><span class=\"note-item-tooltip\">3 \u2014 Billari, F.; Kohler, H. P. (2004). \u201cPatterns of low and lowest-low fertility in Europe\u201d. Population studies, 58(2): pp. 161-176.\n<\/span><\/span> Este cambio en el sistema reproductivo ha transformado la poblaci\u00f3n en m\u00faltiples aspectos. La primera consecuencia es que la poblaci\u00f3n no volver\u00e1 a ser \u2014al menos no de forma notable y sostenida\u2014 poblaci\u00f3n creciente, en ausencia de migraci\u00f3n. El crecimiento vegetativo es la excepci\u00f3n en la historia de una poblaci\u00f3n; se produce, \u00fanicamente, durante la etapa transicional, al separarse las din\u00e1micas de mortalidad y natalidad. Estas poblaciones excepcionalmente crecientes son las que conocimos durante el siglo XX en Europa.<\/p>\n\n\n\n<p>Una segunda consecuencia de la Transici\u00f3n Demogr\u00e1fica es el cambio en la estructura por edades de las poblaciones. Una poblaci\u00f3n que, para reproducirse a s\u00ed misma, genera menos ni\u00f1os, porque todos los nacidos sobreviven durante largas trayectorias de vida es, l\u00f3gicamente, una poblaci\u00f3n con menos ni\u00f1os y m\u00e1s personas de m\u00e1s edad. Esta transformaci\u00f3n hacia estructuras etarias m\u00e1s verticales es conocida como envejecimiento demogr\u00e1fico, debido al aumento del peso relativo de la poblaci\u00f3n mayor (Figura 3). En 1971 la poblaci\u00f3n de 65 y m\u00e1s a\u00f1os era un 9,6% de la poblaci\u00f3n espa\u00f1ola, en el cambio de siglo era ya un 16,8% y en 2024 supone un 20,4% de la misma.<\/p>\n\n\n\n<div class=\"flourish-embed flourish-chart\" data-src=\"visualisation\/24394457\"><script src=\"https:\/\/public.flourish.studio\/resources\/embed.js\"><\/script><noscript><img decoding=\"async\" src=\"https:\/\/public.flourish.studio\/visualisation\/24394457\/thumbnail\" width=\"100%\" alt=\"chart visualization\" \/><\/noscript><\/div>\n\n\n\n<h5 class=\"wp-block-heading\">M\u00e1s generaciones<\/h5>\n\n\n\n<p>Las poblaciones postransicionales no s\u00f3lo est\u00e1n compuestas por m\u00e1s personas de m\u00e1s edad, sino tambi\u00e9n de m\u00e1s edades y m\u00e1s generaciones. Las poblaciones pretransicionales son poblaciones de 2 generaciones y media, las postransicionales, son poblaciones de cuatro generaciones. Hace cinco d\u00e9cadas la mitad de la poblaci\u00f3n la constitu\u00edan los menores de treinta a\u00f1os, mientras la otra mitad de la poblaci\u00f3n la constitu\u00edan todos los adultos mayores de dicha edad (Figura 4). En la actualidad nos encontramos con una poblaci\u00f3n con una mayor diversidad etaria, en la que los ni\u00f1os, adolescentes y j\u00f3venes menores de treinta a\u00f1os suponen aproximadamente un tercio de la poblaci\u00f3n. La poblaci\u00f3n adulta entre treinta y sesenta a\u00f1os representa un poco m\u00e1s de otro tercio, y la poblaci\u00f3n por encima de los sesenta a\u00f1os, en la madurez y edades avanzadas, supone algo menos de un tercio tambi\u00e9n. Nos encontramos, por tanto, con una sociedad m\u00e1s diversa, en la que el grueso de la poblaci\u00f3n no se concentra en un solo grupo de edades.<\/p>\n\n\n\n<div class=\"flourish-embed flourish-chart\" data-src=\"visualisation\/24394491\"><script src=\"https:\/\/public.flourish.studio\/resources\/embed.js\"><\/script><noscript><img decoding=\"async\" src=\"https:\/\/public.flourish.studio\/visualisation\/24394491\/thumbnail\" width=\"100%\" alt=\"chart visualization\" \/><\/noscript><\/div>\n\n\n\n<p>Por ejemplo, si se observa la evoluci\u00f3n de las edades potencialmente activas, m\u00e1s all\u00e1 del paso de los baby-boomers, la construcci\u00f3n de la adultez se caracteriza por su evoluci\u00f3n hacia un mayor equilibrio en el volumen de las edades que la componen. En 1971, hab\u00eda 17.301.000 personas entre 25 y 69 a\u00f1os, en 2024 son 29.744.129 y en 2040 ser\u00e1n probablemente 32.299.750. Hace cinco d\u00e9cadas en la poblaci\u00f3n adulta ten\u00eda un peso muy preponderante la poblaci\u00f3n joven. En la poblaci\u00f3n adulta actual y futura es m\u00e1s relevante el solapamiento de m\u00faltiples generaciones de peso similar, que la presencia de una sola de ellas.<\/p>\n\n\n\n<h5 class=\"wp-block-heading\">Transiciones retrasadas, m\u00e1s a\u00f1os de vida joven<\/h5>\n\n\n\n<p>La prolongaci\u00f3n de la trayectoria de vida generaci\u00f3n a generaci\u00f3n ha generado nuevas edades, no s\u00f3lo al final de la vida. Los nonagenarios y centenarios son las poblaciones que est\u00e1n registrando un mayor crecimiento en la actualidad. En 2000 hab\u00eda doscientas mil personas de 90 y m\u00e1s a\u00f1os (0,5%), en 2023 la cifra sobrepasaba las seiscientas mil personas (1,3%). Estamos alcanzando como poblaci\u00f3n, edades que previamente tan s\u00f3lo exploraban algunos individuos excepcionales. Estamos, por tanto, incorporando nuevas edades al curso de vida colectivo.<\/p>\n\n\n\n<p>Pero el aumento de la duraci\u00f3n de la vida ha tra\u00eddo consigo el retraso de muchas transiciones y la creaci\u00f3n de nuevas edades en distintos momentos de la vida. Por ejemplo, las generaciones nacidas a inicios del siglo XX no tuvieron adolescencia, empezaron a trabajar a una edad media de 14 a\u00f1os. La prolongaci\u00f3n del curso de vida ha permitido a generaciones posteriores vivir una edad intermedia entre la ni\u00f1ez y la adultez, a la que se suma una juventud de duraci\u00f3n creciente, prolongando la trayectoria formativa y retrasando la transici\u00f3n hacia la adultez. Por ejemplo, comparadas con la generaci\u00f3n nacida en los a\u00f1os 30 del siglo XX, las mujeres nacidas treinta a\u00f1os despu\u00e9s retrasaron todas sus transiciones biogr\u00e1ficas. <span class=\"note-item\"><a href=\"#note-04\" class=\"scroll-to\">[4]<\/a><span class=\"note-item-tooltip\">4 \u2014 Puga, D. (2021). \u201cCambio demogr\u00e1fico y transformaciones en los v\u00ednculos familiares a trav\u00e9s del curso de vida\u201d. A: Fern\u00e1ndez-Mayoralas, G.; Rojo, F. (ed.) Envejecimiento activo, calidad de vida y g\u00e9nero: una aproximaci\u00f3n desde las experiencias acad\u00e9mica, institucional y profesional. Val\u00e8ncia: Tirant lo Blanch.\n<\/span><\/span> Y no s\u00f3lo las han retrasado, tambi\u00e9n han cambiado el orden de algunas de ellas, con consecuencias sobre la carga potencial de cuidados durante la vida adulta.<\/p>\n\n\n\n<p>A inicios de la vejez hay autores que hablan ya de una <em>gerontolescencia<\/em>, <span class=\"note-item\"><a href=\"#note-05\" class=\"scroll-to\">[5]<\/a><span class=\"note-item-tooltip\">5 \u2014 Kalache, A. (2009). \u201cActive Ageing\u201d. A: Andrews, G. J.; Sahoo, A. K.; Rajan, S.I. (ed.) Sociology of Ageing: A Reader. Pennsylvania: Rawat Publications.\n<\/span><\/span> en referencia a las edades comprendidas entre los sesenta y los ochenta a\u00f1os, edades que actualmente son vividas con un alto nivel de autonom\u00eda, siendo el principal pilar de apoyo de otras generaciones familiares <span class=\"note-item\"><a href=\"#note-06\" class=\"scroll-to\">[6]<\/a><span class=\"note-item-tooltip\">6 \u2014 Rodr\u00edguez-Cabrero, G.; Puga, D. (2022). \u201cPromoviendo un contrato social intergeneracional equitativo\u201d. Gaceta sindical: reflexi\u00f3n y debate, (38): pp. 57-78.\n<\/span><\/span> Por tanto, la divisi\u00f3n del curso de vida en tres edades, infancia, adultez y vejez, que seguimos utilizando en m\u00faltiples indicadores, ya no se corresponde con la realidad de las poblaciones postransicionales,<\/p>\n\n\n\n<p>Incluso hay autores que ponen en cuesti\u00f3n que la poblaci\u00f3n est\u00e9 envejeciendo, afirmando que, bien al contrario, lo que est\u00e1n es rejuveneciendo. <span class=\"note-item\"><a href=\"#note-07\" class=\"scroll-to\">[7]<\/a><span class=\"note-item-tooltip\">7 \u2014 Sanderson, W. C.; Scherbov, S. (2010). \u201cRemeasuring aging\u201d. Science, 329 (5997): pp. 1287-1288.\n<\/span><\/span> Estas hip\u00f3tesis se fundamentan en la evoluci\u00f3n de la longevidad y la longevidad en salud. Si en vez de situarnos en la trayectoria vital tomando como punto de referencia su inicio, lo hacemos tomando como punto de referencia su fin, a una determinada edad, cada generaci\u00f3n es m\u00e1s joven que la anterior, pues es mayor el tiempo de vida que pueden esperar vivir a partir de esa edad. Por ejemplo, entre la poblaci\u00f3n espa\u00f1ola, el momento a partir del cual la expectativa de vida era menor de 15 a\u00f1os se produc\u00eda a los 66 a\u00f1os en el a\u00f1o 1975, a los 70 a\u00f1os en el 2000 y a los 74 a\u00f1os en el 2023 (Figura 5). Se puede interpretar que, en t\u00e9rminos de expectativa de vida, los 66 a\u00f1os de 1975 equivalen a los 74 a\u00f1os de 2023. De la misma forma, a cualquier edad, el tiempo que podemos esperar vivir en buena salud es mayor que el que ten\u00eda por delante cualquier generaci\u00f3n anterior a la misma edad, por lo tanto, somos m\u00e1s j\u00f3venes de lo que era cualquier generaci\u00f3n anterior a esa misma edad.<\/p>\n\n\n\n<div class=\"flourish-embed flourish-chart\" data-src=\"visualisation\/24394511\"><script src=\"https:\/\/public.flourish.studio\/resources\/embed.js\"><\/script><noscript><img decoding=\"async\" src=\"https:\/\/public.flourish.studio\/visualisation\/24394511\/thumbnail\" width=\"100%\" alt=\"chart visualization\" \/><\/noscript><\/div>\n\n\n\n<h5 class=\"wp-block-heading\">Del m\u00e1rketing natalista a la geopol\u00edtica municipal<\/h5>\n\n\n\n<p>La din\u00e1mica demogr\u00e1fica en general, y el envejecimiento demogr\u00e1fico en particular, se incorpora a la agenda pol\u00edtica nacional en 2017 con la creaci\u00f3n del Comisionado para el Reto Demogra\u0301fico. Lo hace plante\u00e1ndose como un problema a solucionar, siendo su competencia principal, desarrollar las \u201cactuaciones necesarias para alcanzar el equilibrio de la pir\u00e1mide poblacional\u201d. <span class=\"note-item\"><a href=\"#note-08\" class=\"scroll-to\">[8]<\/a><span class=\"note-item-tooltip\">8 \u2014 BOE 28\/01\/2017, s\u00e1bado 28 de enero de 2017, n\u00fam. 24, sec. I, pp. 6931.\n<\/span><\/span> La estrategia nacional no se bas\u00f3 en evidencias emp\u00edricas ni atend\u00edan a los debates acad\u00e9micos en el \u00e1mbito demogr\u00e1fico. Subyac\u00eda a la misma una perspectiva nost\u00e1lgica e incrementalista, que pretend\u00eda dar marcha atr\u00e1s a la transici\u00f3n demogr\u00e1fica y volver a ser poblaciones j\u00f3venes. Desde planteamientos m\u00e1s ideol\u00f3gicos que informados desde el conocimiento, se construy\u00f3 un discurso \u2014en algunos planes auton\u00f3micos apoyado con amplias campa\u00f1as de m\u00e1rketing\u2014 que trasladaba a la poblaci\u00f3n la responsabilidad de las dificultades de los sistemas de bienestar, debido al supuesto ego\u00edsmo materializado en la baja natalidad. Lamentablemente perdimos un tiempo precioso pretendiendo volver a ser poblaciones j\u00f3venes, que hubi\u00e9ramos podido aprovechar para adaptar nuestros modelos de bienestar a las nuevas hechuras de poblaciones envejecidas.<\/p>\n\n\n\n<p>Nunca m\u00e1s seremos poblaciones de ni\u00f1os, adultos y ancianos; nunca m\u00e1s seremos poblaciones j\u00f3venes con problemas agudos de salud; nunca m\u00e1s seremos poblaciones con amplios hogares multigeneracionales y con generaciones de mujeres adultas no activas que sacrifican su vida para cuidar a otros miembros de la familia. Mientras ocurr\u00edan todos estos cambios y desde la ciencia alert\u00e1bamos de ello y de la necesidad de adaptarse a un nuevo escenario, se nos tachaba de pesimistas y se distra\u00eda el debate p\u00fablico con cuestiones sobre c\u00f3mo revertir lo irreversible.<\/p>\n\n\n\n<p>La Estrategia Nacional frente al Reto Demogr\u00e1fico cambia de enfoque cuando pasa a depender del Ministerio para la Transici\u00f3n Ecol\u00f3gica y el Reto Demogr\u00e1fico (2020), que presenta el \u201cPlan de recuperaci\u00f3n: 130 medidas frente al Reto Demogr\u00e1fico\u201d. <span class=\"note-item\"><a href=\"#note-09\" class=\"scroll-to\">[9]<\/a><span class=\"note-item-tooltip\">9 \u2014 MITECO (2020). Plan de recuperaci\u00f3n: 130 medidas frente al Reto Demogr\u00e1fico, Madrid.\n<\/span><\/span> que permite formular cualquier pol\u00edtica como demogr\u00e1fica en la medida en que todas afectan a las personas. La nueva pol\u00edtica demogr\u00e1fica peca de un planteamiento omnicomprensivo que incluye cualquier pol\u00edtica que afecte a municipios rurales, desde unas lentes municipalistas que convierten la escala y el tama\u00f1o municipal en los factores definidores de la misma. De esta forma, hemos pasado del m\u00e1rketing natalista a la geopol\u00edtica municipal, de culpar a la poblaci\u00f3n a ignorarla.<\/p>\n\n\n\n<p>En la pol\u00edtica demogr\u00e1fica de nuestro pa\u00eds escasean las referencias a ecosistemas de cuidado, envejecimiento activo, entornos de acogida y estrategias de integraci\u00f3n. Olvidando que el objetivo \u00faltimo de la pol\u00edtica demogr\u00e1fica no son los pueblos, sino el bienestar de los individuos a trav\u00e9s de las distintas etapas de su curso de vida. Ajustar los sistemas de salud y cuidados a las necesidades de una poblaci\u00f3n compleja y envejecida deber\u00eda ser una prioridad en todo el territorio, pero de forma m\u00e1s urgente en aquellas zonas intensamente envejecidas y con desequilibrios en su estructura generacional. Tanto en las \u00e1reas centrales de las metropolis como en el rural disperso, nos encontraremos un escenario de hogares de mayores cuidando de mayores y de ancianas viviendo solas. En estas circunstancias es fundamental un esfuerzo en adaptaci\u00f3n de entornos, empezando por las viviendas y siguiendo por el barrio o la vecindad. El impulso de peque\u00f1as infraestructuras dom\u00f3ticas y dispositivos de vigilancia avanzada facilitar\u00eda que mayores fr\u00e1giles puedan seguir cuid\u00e1ndose mutuamente y autocuid\u00e1ndose con seguridad y calidad de vida.<\/p>\n\n\n\n<p>En el rural disperso al intenso desequilibrio generacional se suman dificultades de acceso a servicios localizados y\/o dise\u00f1ados para \u00e1reas urbanas, llegando a producir flujos de emigraci\u00f3n de poblaci\u00f3n de m\u00e1s de 80 a\u00f1os que tiene que abandonar su espacio de vida en busca de cuidados. No se trata de conseguir mantener un determinado tama\u00f1o demogr\u00e1fico, sino de cuidar a la poblaci\u00f3n que ya habita esos territorios, de convertir el cuidado de esta generaci\u00f3n en una oportunidad. Pretender exportar a estos territorios servicios dise\u00f1ados para \u00e1reas de altas densidades es poco eficiente y resulta en una menor calidad de vida.<\/p>\n\n\n\n<figure class=\"wp-block-image size-large\"><img data-recalc-dims=\"1\" loading=\"lazy\" decoding=\"async\" width=\"1024\" height=\"663\" src=\"https:\/\/i0.wp.com\/revistaidees.cat\/wp-content\/uploads\/2025\/09\/4-1.png?resize=1024%2C663&#038;ssl=1\" alt=\"4\" class=\"wp-image-81862\" srcset=\"https:\/\/i0.wp.com\/revistaidees.cat\/wp-content\/uploads\/2025\/09\/4-1.png?resize=1024%2C663&amp;ssl=1 1024w, https:\/\/i0.wp.com\/revistaidees.cat\/wp-content\/uploads\/2025\/09\/4-1.png?resize=300%2C194&amp;ssl=1 300w, https:\/\/i0.wp.com\/revistaidees.cat\/wp-content\/uploads\/2025\/09\/4-1.png?resize=768%2C497&amp;ssl=1 768w, https:\/\/i0.wp.com\/revistaidees.cat\/wp-content\/uploads\/2025\/09\/4-1.png?resize=1536%2C994&amp;ssl=1 1536w, https:\/\/i0.wp.com\/revistaidees.cat\/wp-content\/uploads\/2025\/09\/4-1.png?resize=1200%2C776&amp;ssl=1 1200w, https:\/\/i0.wp.com\/revistaidees.cat\/wp-content\/uploads\/2025\/09\/4-1.png?resize=767%2C496&amp;ssl=1 767w, https:\/\/i0.wp.com\/revistaidees.cat\/wp-content\/uploads\/2025\/09\/4-1.png?w=1700&amp;ssl=1 1700w\" sizes=\"auto, (max-width: 1000px) 100vw, 1000px\" \/><figcaption class=\"wp-element-caption\">Herminia da la cena a Victorina, de 93 a\u00f1os, y Pepe revisa la medicaci\u00f3n. Fotograf\u00eda: Adra Pall\u00f3n.<\/figcaption><\/figure>\n\n\n\n<h5 class=\"wp-block-heading\"><br><br>A modo de conclusi\u00f3n<\/h5>\n\n\n\n<p>El mismo proceso que causa el envejecimiento de la poblaci\u00f3n, la Transici\u00f3n Demogr\u00e1fica, est\u00e1 cambiando las estructuras de coexistencia en las que interaccionan las distintas generaciones. La Transici\u00f3n Demogr\u00e1fica abre una ventana de oportunidad para un cambio social de gran alcance, por cuanto plantea el cambio demogr\u00e1fico como elemento central de la modernizaci\u00f3n. El cambio demogr\u00e1fico ha transformado profundamente nuestras sociedades, haciendo necesarios procesos de readaptaci\u00f3n a una nueva realidad que no volver\u00e1 a ser como en el pasado.<\/p>\n\n\n\n<p>Las poblaciones envejecidas son m\u00e1s complejas que las pretransicionales. Est\u00e1n compuestas por individuos no s\u00f3lo de m\u00e1s edad, sino tambi\u00e9n de m\u00e1s edades. Hemos de empezar a pensar nuestras poblaciones en t\u00e9rminos de multiplicidad de generaciones, que no dependen tanto del tama\u00f1o de ninguna de ellas, como de la superposici\u00f3n de las mismas. En la poblaci\u00f3n futura ser\u00e1 m\u00e1s relevante el solapamiento de m\u00faltiples generaciones de peso similar. Las actuales son, tambi\u00e9n, poblaciones construidas a partir de trayectorias de vida prolongadas, m\u00e1s diversas, con transiciones biogr\u00e1ficas retrasadas y nuevas edades. La divisi\u00f3n de las trayectorias biogr\u00e1ficas en tres edades, infancia, adultez y vejez, ya no se corresponde con la realidad de las poblaciones postransicionales. Tampoco se corresponden las poblaciones actuales los umbrales de inicio y fin de estas edades, que seguimos utilizando en m\u00faltiples indicadores, que ignoran el notable aumento de las trayectorias educativas y la prolongaci\u00f3n de las edades j\u00f3venes, as\u00ed como el aumento de las expectativas de vida en salud. A cualquier edad somos m\u00e1s j\u00f3venes de lo que lo era cualquier miembro de una generaci\u00f3n anterior a la misma edad.<\/p>\n\n\n\n<p>Los fen\u00f3menos demogr\u00e1ficos tienen sus propias din\u00e1micas, sobre las que las pol\u00edticas frente al \u201creto demogr\u00e1fico\u201d est\u00e1n teniendo efectos muy limitados. La formulaci\u00f3n de objetivos de recuperaci\u00f3n de estructuras demogr\u00e1ficas del pasado no solo es un error de c\u00e1lculo y una idealizaci\u00f3n nost\u00e1lgica, sino que tiene consecuencias en t\u00e9rminos de asignaci\u00f3n ineficiente de recursos y de frustraci\u00f3n de la poblaci\u00f3n. La pol\u00edtica demogr\u00e1fica debe plantearse en t\u00e9rminos de adaptaci\u00f3n a los cambios demogr\u00e1ficos, con particular atenci\u00f3n a la equidad en el acceso a servicios que permitan mantener el bienestar en distintos momentos biogr\u00e1ficos y contextos geogr\u00e1ficos. Ajustar los sistemas de solidaridad intergeneracional y de salud y cuidados con las necesidades de una poblaci\u00f3n envejecida es una prioridad. No es con pol\u00edticas basadas en trasladar la culpa a la poblaci\u00f3n como podemos afrontar este reto. Tampoco vamos a fijar poblaci\u00f3n a ning\u00fan territorio, en un contexto de movilidad creciente, si estos no son atractivos y no encuentra en ellos respuestas a sus necesidades; atractivos para habitarlos con bienestar, no para producir de forma extractiva. La b\u00fasqueda de equidad en el bienestar a trav\u00e9s del tiempo de vida de los individuos, vivan en donde vivan, debe estar en el centro de la pol\u00edtica p\u00fablica demogr\u00e1fica.<\/p>\n","protected":false},"excerpt":{"rendered":"<p>El envejecimiento demogr\u00e1fico es un proceso complejo, que va mucho m\u00e1s all\u00e1 del simple cambio porcentual, transformando las poblaciones y volvi\u00e9ndolas m\u00e1s sofisticadas. No obstante, en el relato p\u00fablico hegem\u00f3nico seguimos sin reconocernos en la poblaci\u00f3n que ya somos. El discurso en torno al envejecimiento demogr\u00e1fico a menudo se pierde en cuestiones sobre c\u00f3mo revertir lo irreversible y c\u00f3mo volver a ser poblaciones j\u00f3venes. Pese a ser el resultado de m\u00faltiples \u00e9xitos, con frecuencia se identifica el envejecimiento demogr\u00e1fico con una amenaza. Pese a no tener ning\u00fan componente c\u00edclico, se presenta como una crisis pasajera, con soluciones siempre simples y\u2026<\/p>\n","protected":false},"author":74,"featured_media":81768,"parent":0,"comment_status":"closed","ping_status":"closed","sticky":false,"template":"","format":"standard","meta":{"_acf_changed":true,"inline_featured_image":false,"_jetpack_memberships_contains_paid_content":false,"footnotes":""},"categories":[675],"tags":[],"segment":[],"subject":[],"class_list":["post-82067","post","type-post","status-publish","format-standard","has-post-thumbnail","hentry","category-la-fecunditat-i-les-transformacions-familiars-a-espanya-es"],"acf":[],"yoast_head":"<!-- This site is optimized with the Yoast SEO plugin v27.4 - https:\/\/yoast.com\/product\/yoast-seo-wordpress\/ -->\n<title>\u00bfHacia la fatalidad o la complejidad? Relatos y realidades en torno al envejecimiento demogr\u00e1fico &#8211; IDEES<\/title>\n<meta name=\"robots\" content=\"index, follow, max-snippet:-1, max-image-preview:large, max-video-preview:-1\" \/>\n<link rel=\"canonical\" href=\"https:\/\/revistaidees.cat\/es\/cap-a-la-fatalitat-o-la-complexitat-relats-i-realitats-al-voltant-de-lenvelliment-demografic\/\" \/>\n<meta property=\"og:locale\" content=\"es_ES\" \/>\n<meta property=\"og:type\" content=\"article\" \/>\n<meta property=\"og:title\" content=\"\u00bfHacia la fatalidad o la complejidad? Relatos y realidades en torno al envejecimiento demogr\u00e1fico &#8211; IDEES\" \/>\n<meta property=\"og:description\" content=\"El envejecimiento demogr\u00e1fico es un proceso complejo, que va mucho m\u00e1s all\u00e1 del simple cambio porcentual, transformando las poblaciones y volvi\u00e9ndolas m\u00e1s sofisticadas. No obstante, en el relato p\u00fablico hegem\u00f3nico seguimos sin reconocernos en la poblaci\u00f3n que ya somos. El discurso en torno al envejecimiento demogr\u00e1fico a menudo se pierde en cuestiones sobre c\u00f3mo revertir lo irreversible y c\u00f3mo volver a ser poblaciones j\u00f3venes. Pese a ser el resultado de m\u00faltiples \u00e9xitos, con frecuencia se identifica el envejecimiento demogr\u00e1fico con una amenaza. Pese a no tener ning\u00fan componente c\u00edclico, se presenta como una crisis pasajera, con soluciones siempre simples y\u2026\" \/>\n<meta property=\"og:url\" content=\"https:\/\/revistaidees.cat\/es\/cap-a-la-fatalitat-o-la-complexitat-relats-i-realitats-al-voltant-de-lenvelliment-demografic\/\" \/>\n<meta property=\"og:site_name\" content=\"IDEES\" \/>\n<meta property=\"article:published_time\" content=\"2025-09-15T09:22:26+00:00\" \/>\n<meta property=\"article:modified_time\" content=\"2025-09-17T10:00:20+00:00\" \/>\n<meta property=\"og:image\" content=\"https:\/\/revistaidees.cat\/wp-content\/uploads\/2025\/09\/15-1024x435.png\" \/>\n\t<meta property=\"og:image:width\" content=\"1024\" \/>\n\t<meta property=\"og:image:height\" content=\"435\" \/>\n\t<meta property=\"og:image:type\" content=\"image\/png\" \/>\n<meta name=\"author\" content=\"Maria Fari\u00f1a Costa\" \/>\n<meta name=\"twitter:card\" content=\"summary_large_image\" \/>\n<meta name=\"twitter:label1\" content=\"Escrito por\" \/>\n\t<meta name=\"twitter:data1\" content=\"Maria Fari\u00f1a Costa\" \/>\n\t<meta name=\"twitter:label2\" content=\"Tiempo de lectura\" \/>\n\t<meta name=\"twitter:data2\" content=\"17 minutos\" \/>\n<script type=\"application\/ld+json\" class=\"yoast-schema-graph\">{\"@context\":\"https:\\\/\\\/schema.org\",\"@graph\":[{\"@type\":\"Article\",\"@id\":\"https:\\\/\\\/revistaidees.cat\\\/es\\\/cap-a-la-fatalitat-o-la-complexitat-relats-i-realitats-al-voltant-de-lenvelliment-demografic\\\/#article\",\"isPartOf\":{\"@id\":\"https:\\\/\\\/revistaidees.cat\\\/es\\\/cap-a-la-fatalitat-o-la-complexitat-relats-i-realitats-al-voltant-de-lenvelliment-demografic\\\/\"},\"author\":{\"name\":\"Maria Fari\u00f1a Costa\",\"@id\":\"https:\\\/\\\/revistaidees.cat\\\/#\\\/schema\\\/person\\\/b58f8bcada27f2173c38dd787d3cda02\"},\"headline\":\"\u00bfHacia la fatalidad o la complejidad? Relatos y realidades en torno al envejecimiento demogr\u00e1fico\",\"datePublished\":\"2025-09-15T09:22:26+00:00\",\"dateModified\":\"2025-09-17T10:00:20+00:00\",\"mainEntityOfPage\":{\"@id\":\"https:\\\/\\\/revistaidees.cat\\\/es\\\/cap-a-la-fatalitat-o-la-complexitat-relats-i-realitats-al-voltant-de-lenvelliment-demografic\\\/\"},\"wordCount\":3193,\"image\":{\"@id\":\"https:\\\/\\\/revistaidees.cat\\\/es\\\/cap-a-la-fatalitat-o-la-complexitat-relats-i-realitats-al-voltant-de-lenvelliment-demografic\\\/#primaryimage\"},\"thumbnailUrl\":\"https:\\\/\\\/i0.wp.com\\\/revistaidees.cat\\\/wp-content\\\/uploads\\\/2025\\\/09\\\/15.png?fit=2000%2C850&ssl=1\",\"articleSection\":[\"La fecundidad y las transformaciones familiares en Espa\u00f1a\"],\"inLanguage\":\"es\"},{\"@type\":\"WebPage\",\"@id\":\"https:\\\/\\\/revistaidees.cat\\\/es\\\/cap-a-la-fatalitat-o-la-complexitat-relats-i-realitats-al-voltant-de-lenvelliment-demografic\\\/\",\"url\":\"https:\\\/\\\/revistaidees.cat\\\/es\\\/cap-a-la-fatalitat-o-la-complexitat-relats-i-realitats-al-voltant-de-lenvelliment-demografic\\\/\",\"name\":\"\u00bfHacia la fatalidad o la complejidad? Relatos y realidades en torno al envejecimiento demogr\u00e1fico &#8211; IDEES\",\"isPartOf\":{\"@id\":\"https:\\\/\\\/revistaidees.cat\\\/#website\"},\"primaryImageOfPage\":{\"@id\":\"https:\\\/\\\/revistaidees.cat\\\/es\\\/cap-a-la-fatalitat-o-la-complexitat-relats-i-realitats-al-voltant-de-lenvelliment-demografic\\\/#primaryimage\"},\"image\":{\"@id\":\"https:\\\/\\\/revistaidees.cat\\\/es\\\/cap-a-la-fatalitat-o-la-complexitat-relats-i-realitats-al-voltant-de-lenvelliment-demografic\\\/#primaryimage\"},\"thumbnailUrl\":\"https:\\\/\\\/i0.wp.com\\\/revistaidees.cat\\\/wp-content\\\/uploads\\\/2025\\\/09\\\/15.png?fit=2000%2C850&ssl=1\",\"datePublished\":\"2025-09-15T09:22:26+00:00\",\"dateModified\":\"2025-09-17T10:00:20+00:00\",\"author\":{\"@id\":\"https:\\\/\\\/revistaidees.cat\\\/#\\\/schema\\\/person\\\/b58f8bcada27f2173c38dd787d3cda02\"},\"breadcrumb\":{\"@id\":\"https:\\\/\\\/revistaidees.cat\\\/es\\\/cap-a-la-fatalitat-o-la-complexitat-relats-i-realitats-al-voltant-de-lenvelliment-demografic\\\/#breadcrumb\"},\"inLanguage\":\"es\",\"potentialAction\":[{\"@type\":\"ReadAction\",\"target\":[\"https:\\\/\\\/revistaidees.cat\\\/es\\\/cap-a-la-fatalitat-o-la-complexitat-relats-i-realitats-al-voltant-de-lenvelliment-demografic\\\/\"]}]},{\"@type\":\"ImageObject\",\"inLanguage\":\"es\",\"@id\":\"https:\\\/\\\/revistaidees.cat\\\/es\\\/cap-a-la-fatalitat-o-la-complexitat-relats-i-realitats-al-voltant-de-lenvelliment-demografic\\\/#primaryimage\",\"url\":\"https:\\\/\\\/i0.wp.com\\\/revistaidees.cat\\\/wp-content\\\/uploads\\\/2025\\\/09\\\/15.png?fit=2000%2C850&ssl=1\",\"contentUrl\":\"https:\\\/\\\/i0.wp.com\\\/revistaidees.cat\\\/wp-content\\\/uploads\\\/2025\\\/09\\\/15.png?fit=2000%2C850&ssl=1\",\"width\":2000,\"height\":850,\"caption\":\"Gilberto y su madre \u00c1ngela ven la televisi\u00f3n desde la cocina de su casa. Viven solos en Campelo, una aldea de la zona rural de la monta\u00f1a de Lugo, en Galicia. La fotograf\u00eda, tomada en el a\u00f1o 2022, forma parte del proyecto 'Lumes', que retrata desde dentro una forma de vida en v\u00edas de extinci\u00f3n en el territorio rural gallego de nuestros d\u00edas. Fotograf\u00eda: Adra Pall\u00f3n.\"},{\"@type\":\"BreadcrumbList\",\"@id\":\"https:\\\/\\\/revistaidees.cat\\\/es\\\/cap-a-la-fatalitat-o-la-complexitat-relats-i-realitats-al-voltant-de-lenvelliment-demografic\\\/#breadcrumb\",\"itemListElement\":[{\"@type\":\"ListItem\",\"position\":1,\"name\":\"Inici\",\"item\":\"https:\\\/\\\/revistaidees.cat\\\/es\\\/\"},{\"@type\":\"ListItem\",\"position\":2,\"name\":\"\u00bfHacia la fatalidad o la complejidad? Relatos y realidades en torno al envejecimiento demogr\u00e1fico\"}]},{\"@type\":\"WebSite\",\"@id\":\"https:\\\/\\\/revistaidees.cat\\\/#website\",\"url\":\"https:\\\/\\\/revistaidees.cat\\\/\",\"name\":\"IDEES\",\"description\":\"Revista de temas contempor\u00e1neos\",\"potentialAction\":[{\"@type\":\"SearchAction\",\"target\":{\"@type\":\"EntryPoint\",\"urlTemplate\":\"https:\\\/\\\/revistaidees.cat\\\/?s={search_term_string}\"},\"query-input\":{\"@type\":\"PropertyValueSpecification\",\"valueRequired\":true,\"valueName\":\"search_term_string\"}}],\"inLanguage\":\"es\"},{\"@type\":\"Person\",\"@id\":\"https:\\\/\\\/revistaidees.cat\\\/#\\\/schema\\\/person\\\/b58f8bcada27f2173c38dd787d3cda02\",\"name\":\"Maria Fari\u00f1a Costa\",\"image\":{\"@type\":\"ImageObject\",\"inLanguage\":\"es\",\"@id\":\"https:\\\/\\\/secure.gravatar.com\\\/avatar\\\/2817abd873ef1af389e75f62153298abbf23e57c38121e4c203c5d6a53bc4868?s=96&d=mm&r=g\",\"url\":\"https:\\\/\\\/secure.gravatar.com\\\/avatar\\\/2817abd873ef1af389e75f62153298abbf23e57c38121e4c203c5d6a53bc4868?s=96&d=mm&r=g\",\"contentUrl\":\"https:\\\/\\\/secure.gravatar.com\\\/avatar\\\/2817abd873ef1af389e75f62153298abbf23e57c38121e4c203c5d6a53bc4868?s=96&d=mm&r=g\",\"caption\":\"Maria Fari\u00f1a Costa\"}}]}<\/script>\n<!-- \/ Yoast SEO plugin. -->","yoast_head_json":{"title":"\u00bfHacia la fatalidad o la complejidad? Relatos y realidades en torno al envejecimiento demogr\u00e1fico &#8211; IDEES","robots":{"index":"index","follow":"follow","max-snippet":"max-snippet:-1","max-image-preview":"max-image-preview:large","max-video-preview":"max-video-preview:-1"},"canonical":"https:\/\/revistaidees.cat\/es\/cap-a-la-fatalitat-o-la-complexitat-relats-i-realitats-al-voltant-de-lenvelliment-demografic\/","og_locale":"es_ES","og_type":"article","og_title":"\u00bfHacia la fatalidad o la complejidad? Relatos y realidades en torno al envejecimiento demogr\u00e1fico &#8211; IDEES","og_description":"El envejecimiento demogr\u00e1fico es un proceso complejo, que va mucho m\u00e1s all\u00e1 del simple cambio porcentual, transformando las poblaciones y volvi\u00e9ndolas m\u00e1s sofisticadas. No obstante, en el relato p\u00fablico hegem\u00f3nico seguimos sin reconocernos en la poblaci\u00f3n que ya somos. El discurso en torno al envejecimiento demogr\u00e1fico a menudo se pierde en cuestiones sobre c\u00f3mo revertir lo irreversible y c\u00f3mo volver a ser poblaciones j\u00f3venes. Pese a ser el resultado de m\u00faltiples \u00e9xitos, con frecuencia se identifica el envejecimiento demogr\u00e1fico con una amenaza. Pese a no tener ning\u00fan componente c\u00edclico, se presenta como una crisis pasajera, con soluciones siempre simples y\u2026","og_url":"https:\/\/revistaidees.cat\/es\/cap-a-la-fatalitat-o-la-complexitat-relats-i-realitats-al-voltant-de-lenvelliment-demografic\/","og_site_name":"IDEES","article_published_time":"2025-09-15T09:22:26+00:00","article_modified_time":"2025-09-17T10:00:20+00:00","og_image":[{"width":1024,"height":435,"url":"https:\/\/revistaidees.cat\/wp-content\/uploads\/2025\/09\/15-1024x435.png","type":"image\/png"}],"author":"Maria Fari\u00f1a Costa","twitter_card":"summary_large_image","twitter_misc":{"Escrito por":"Maria Fari\u00f1a Costa","Tiempo de lectura":"17 minutos"},"schema":{"@context":"https:\/\/schema.org","@graph":[{"@type":"Article","@id":"https:\/\/revistaidees.cat\/es\/cap-a-la-fatalitat-o-la-complexitat-relats-i-realitats-al-voltant-de-lenvelliment-demografic\/#article","isPartOf":{"@id":"https:\/\/revistaidees.cat\/es\/cap-a-la-fatalitat-o-la-complexitat-relats-i-realitats-al-voltant-de-lenvelliment-demografic\/"},"author":{"name":"Maria Fari\u00f1a Costa","@id":"https:\/\/revistaidees.cat\/#\/schema\/person\/b58f8bcada27f2173c38dd787d3cda02"},"headline":"\u00bfHacia la fatalidad o la complejidad? Relatos y realidades en torno al envejecimiento demogr\u00e1fico","datePublished":"2025-09-15T09:22:26+00:00","dateModified":"2025-09-17T10:00:20+00:00","mainEntityOfPage":{"@id":"https:\/\/revistaidees.cat\/es\/cap-a-la-fatalitat-o-la-complexitat-relats-i-realitats-al-voltant-de-lenvelliment-demografic\/"},"wordCount":3193,"image":{"@id":"https:\/\/revistaidees.cat\/es\/cap-a-la-fatalitat-o-la-complexitat-relats-i-realitats-al-voltant-de-lenvelliment-demografic\/#primaryimage"},"thumbnailUrl":"https:\/\/i0.wp.com\/revistaidees.cat\/wp-content\/uploads\/2025\/09\/15.png?fit=2000%2C850&ssl=1","articleSection":["La fecundidad y las transformaciones familiares en Espa\u00f1a"],"inLanguage":"es"},{"@type":"WebPage","@id":"https:\/\/revistaidees.cat\/es\/cap-a-la-fatalitat-o-la-complexitat-relats-i-realitats-al-voltant-de-lenvelliment-demografic\/","url":"https:\/\/revistaidees.cat\/es\/cap-a-la-fatalitat-o-la-complexitat-relats-i-realitats-al-voltant-de-lenvelliment-demografic\/","name":"\u00bfHacia la fatalidad o la complejidad? Relatos y realidades en torno al envejecimiento demogr\u00e1fico &#8211; IDEES","isPartOf":{"@id":"https:\/\/revistaidees.cat\/#website"},"primaryImageOfPage":{"@id":"https:\/\/revistaidees.cat\/es\/cap-a-la-fatalitat-o-la-complexitat-relats-i-realitats-al-voltant-de-lenvelliment-demografic\/#primaryimage"},"image":{"@id":"https:\/\/revistaidees.cat\/es\/cap-a-la-fatalitat-o-la-complexitat-relats-i-realitats-al-voltant-de-lenvelliment-demografic\/#primaryimage"},"thumbnailUrl":"https:\/\/i0.wp.com\/revistaidees.cat\/wp-content\/uploads\/2025\/09\/15.png?fit=2000%2C850&ssl=1","datePublished":"2025-09-15T09:22:26+00:00","dateModified":"2025-09-17T10:00:20+00:00","author":{"@id":"https:\/\/revistaidees.cat\/#\/schema\/person\/b58f8bcada27f2173c38dd787d3cda02"},"breadcrumb":{"@id":"https:\/\/revistaidees.cat\/es\/cap-a-la-fatalitat-o-la-complexitat-relats-i-realitats-al-voltant-de-lenvelliment-demografic\/#breadcrumb"},"inLanguage":"es","potentialAction":[{"@type":"ReadAction","target":["https:\/\/revistaidees.cat\/es\/cap-a-la-fatalitat-o-la-complexitat-relats-i-realitats-al-voltant-de-lenvelliment-demografic\/"]}]},{"@type":"ImageObject","inLanguage":"es","@id":"https:\/\/revistaidees.cat\/es\/cap-a-la-fatalitat-o-la-complexitat-relats-i-realitats-al-voltant-de-lenvelliment-demografic\/#primaryimage","url":"https:\/\/i0.wp.com\/revistaidees.cat\/wp-content\/uploads\/2025\/09\/15.png?fit=2000%2C850&ssl=1","contentUrl":"https:\/\/i0.wp.com\/revistaidees.cat\/wp-content\/uploads\/2025\/09\/15.png?fit=2000%2C850&ssl=1","width":2000,"height":850,"caption":"Gilberto y su madre \u00c1ngela ven la televisi\u00f3n desde la cocina de su casa. Viven solos en Campelo, una aldea de la zona rural de la monta\u00f1a de Lugo, en Galicia. La fotograf\u00eda, tomada en el a\u00f1o 2022, forma parte del proyecto 'Lumes', que retrata desde dentro una forma de vida en v\u00edas de extinci\u00f3n en el territorio rural gallego de nuestros d\u00edas. Fotograf\u00eda: Adra Pall\u00f3n."},{"@type":"BreadcrumbList","@id":"https:\/\/revistaidees.cat\/es\/cap-a-la-fatalitat-o-la-complexitat-relats-i-realitats-al-voltant-de-lenvelliment-demografic\/#breadcrumb","itemListElement":[{"@type":"ListItem","position":1,"name":"Inici","item":"https:\/\/revistaidees.cat\/es\/"},{"@type":"ListItem","position":2,"name":"\u00bfHacia la fatalidad o la complejidad? Relatos y realidades en torno al envejecimiento demogr\u00e1fico"}]},{"@type":"WebSite","@id":"https:\/\/revistaidees.cat\/#website","url":"https:\/\/revistaidees.cat\/","name":"IDEES","description":"Revista de temas contempor\u00e1neos","potentialAction":[{"@type":"SearchAction","target":{"@type":"EntryPoint","urlTemplate":"https:\/\/revistaidees.cat\/?s={search_term_string}"},"query-input":{"@type":"PropertyValueSpecification","valueRequired":true,"valueName":"search_term_string"}}],"inLanguage":"es"},{"@type":"Person","@id":"https:\/\/revistaidees.cat\/#\/schema\/person\/b58f8bcada27f2173c38dd787d3cda02","name":"Maria Fari\u00f1a Costa","image":{"@type":"ImageObject","inLanguage":"es","@id":"https:\/\/secure.gravatar.com\/avatar\/2817abd873ef1af389e75f62153298abbf23e57c38121e4c203c5d6a53bc4868?s=96&d=mm&r=g","url":"https:\/\/secure.gravatar.com\/avatar\/2817abd873ef1af389e75f62153298abbf23e57c38121e4c203c5d6a53bc4868?s=96&d=mm&r=g","contentUrl":"https:\/\/secure.gravatar.com\/avatar\/2817abd873ef1af389e75f62153298abbf23e57c38121e4c203c5d6a53bc4868?s=96&d=mm&r=g","caption":"Maria Fari\u00f1a Costa"}}]}},"jetpack_featured_media_url":"https:\/\/i0.wp.com\/revistaidees.cat\/wp-content\/uploads\/2025\/09\/15.png?fit=2000%2C850&ssl=1","jetpack_sharing_enabled":true,"_links":{"self":[{"href":"https:\/\/revistaidees.cat\/es\/wp-json\/wp\/v2\/posts\/82067","targetHints":{"allow":["GET"]}}],"collection":[{"href":"https:\/\/revistaidees.cat\/es\/wp-json\/wp\/v2\/posts"}],"about":[{"href":"https:\/\/revistaidees.cat\/es\/wp-json\/wp\/v2\/types\/post"}],"author":[{"embeddable":true,"href":"https:\/\/revistaidees.cat\/es\/wp-json\/wp\/v2\/users\/74"}],"replies":[{"embeddable":true,"href":"https:\/\/revistaidees.cat\/es\/wp-json\/wp\/v2\/comments?post=82067"}],"version-history":[{"count":7,"href":"https:\/\/revistaidees.cat\/es\/wp-json\/wp\/v2\/posts\/82067\/revisions"}],"predecessor-version":[{"id":82200,"href":"https:\/\/revistaidees.cat\/es\/wp-json\/wp\/v2\/posts\/82067\/revisions\/82200"}],"wp:featuredmedia":[{"embeddable":true,"href":"https:\/\/revistaidees.cat\/es\/wp-json\/wp\/v2\/media\/81768"}],"wp:attachment":[{"href":"https:\/\/revistaidees.cat\/es\/wp-json\/wp\/v2\/media?parent=82067"}],"wp:term":[{"taxonomy":"category","embeddable":true,"href":"https:\/\/revistaidees.cat\/es\/wp-json\/wp\/v2\/categories?post=82067"},{"taxonomy":"post_tag","embeddable":true,"href":"https:\/\/revistaidees.cat\/es\/wp-json\/wp\/v2\/tags?post=82067"},{"taxonomy":"segment","embeddable":true,"href":"https:\/\/revistaidees.cat\/es\/wp-json\/wp\/v2\/segment?post=82067"},{"taxonomy":"subject","embeddable":true,"href":"https:\/\/revistaidees.cat\/es\/wp-json\/wp\/v2\/subject?post=82067"}],"curies":[{"name":"wp","href":"https:\/\/api.w.org\/{rel}","templated":true}]}}