{"id":9994,"date":"2020-01-22T11:02:04","date_gmt":"2020-01-22T11:02:04","guid":{"rendered":"https:\/\/revistaidees.cat\/estudis-de-dones-i-estudis-dhomes\/"},"modified":"2020-09-18T13:15:54","modified_gmt":"2020-09-18T13:15:54","slug":"estudis-de-dones-i-estudis-dhomes","status":"publish","type":"post","link":"https:\/\/revistaidees.cat\/es\/estudis-de-dones-i-estudis-dhomes\/","title":{"rendered":"Estudis de dones i estudis d&#8217;homes?"},"content":{"rendered":"\n<p>S\u00ed, actualment encara hi ha una segregaci\u00f3 clara en la tria dels estudis universitaris entre nois i noies. Aquesta segregaci\u00f3, que prov\u00e9 de les tries fetes a l&#8217;adolesc\u00e8ncia i de la socialitzaci\u00f3 que t\u00e9 lloc encara molt abans, es trasllada posteriorment al mercat laboral, amb importants difer\u00e8ncies salarials entre sectors. Aix\u00f2 explica per qu\u00e8 l\u2019enginyeria i l&#8217;arquitectura s\u00f3n \u00e0mbits masculinitzats, les ci\u00e8ncies s\u00f3n estudis amb una composici\u00f3 parit\u00e0ria, i les ci\u00e8ncies socials i jur\u00eddiques, les arts i les humanitats, a m\u00e9s de les ci\u00e8ncies de la salut, s\u00f3n \u00e0mbits de coneixement feminitzats. <\/p>\n\n\n\n<p>Aquesta segregaci\u00f3 \u00e9s comuna arreu del m\u00f3n, i es dona en proporcions similars a Catalunya i a la Uni\u00f3 Europea, per\u00f2 \u00e9s menys accentuada en el cas dels estudis t\u00e8cnics i en les ci\u00e8ncies socio-jur\u00eddiques.<\/p>\n\n\n\n<div class=\"articles-group\">\n\t\t\t\t<h3>Feminismes: les xifres<\/h3>\n\t\t\t\t\t\t\t<ul class=\"articles-group-list\">\n\t\t\t\t\t\t\t<li >\n\t\t\t\t\t<h4><a href=\"https:\/\/revistaidees.cat\/les-desigualtats-socials-afecten-la-salut\/\">Les desigualtats socials afecten la salut?<\/a><\/h4>\n\t\t\t\t\t\t\t\t\t\t\t\t\t\t\t\t<p>\n\t\t\t\t\t\t\t\t\t\t\t\t\t\t\t\t\t\t\t\t<a href=\"https:\/\/revistaidees.cat\/autors\/observatori-iq\/\">Observatori iQ<\/a>\n\t\t\t\t\t\t\t\t\t\t\t\t<\/p>\n\t\t\t\t\t\t\n\t\t\t\t<\/li>\t\t\t\t\n\t\t\t\t\t\t\t<li >\n\t\t\t\t\t<h4><a href=\"https:\/\/revistaidees.cat\/estudis-de-dones-i-estudis-dhomes\/\">Estudis de dones i estudis d&#8217;homes?<\/a><\/h4>\n\t\t\t\t\t\t\t\t\t\t\t\t\t\t\t\t<p>\n\t\t\t\t\t\t\t\t\t\t\t\t\t\t\t\t\t\t\t\t<a href=\"https:\/\/revistaidees.cat\/autors\/observatori-iq\/\">Observatori iQ<\/a>\n\t\t\t\t\t\t\t\t\t\t\t\t<\/p>\n\t\t\t\t\t\t\n\t\t\t\t<\/li>\t\t\t\t\n\t\t\t\t\t\t\t<li >\n\t\t\t\t\t<h4><a href=\"https:\/\/revistaidees.cat\/diversitat-dorigens-i-projectes-migratoris\/\">Diversitat d&#8217;origens i projectes migratoris<\/a><\/h4>\n\t\t\t\t\t\t\t\t\t\t\t\t\t\t\t\t<p>\n\t\t\t\t\t\t\t\t\t\t\t\t\t\t\t\t\t\t\t\t<a href=\"https:\/\/revistaidees.cat\/autors\/observatori-iq\/\">Observatori iQ<\/a>\n\t\t\t\t\t\t\t\t\t\t\t\t<\/p>\n\t\t\t\t\t\t\n\t\t\t\t<\/li>\t\t\t\t\n\t\t\t\t\t\t\t<li >\n\t\t\t\t\t<h4><a href=\"https:\/\/revistaidees.cat\/4-qui-va-dir-conciliar\/\">Qui va dir conciliar?<\/a><\/h4>\n\t\t\t\t\t\t\t\t\t\t\t\t\t\t\t\t<p>\n\t\t\t\t\t\t\t\t\t\t\t\t\t\t\t\t\t\t\t\t<a href=\"https:\/\/revistaidees.cat\/autors\/observatori-iq\/\">Observatori iQ<\/a>\n\t\t\t\t\t\t\t\t\t\t\t\t<\/p>\n\t\t\t\t\t\t\n\t\t\t\t<\/li>\t\t\t\t\n\t\t\t\t\t\t\t<li >\n\t\t\t\t\t<h4><a href=\"https:\/\/revistaidees.cat\/repartiment-millennial-de-feines-domestiques\/\">Repartiment millennial de feines dom\u00e8stiques<\/a><\/h4>\n\t\t\t\t\t\t\t\t\t\t\t\t\t\t\t\t<p>\n\t\t\t\t\t\t\t\t\t\t\t\t\t\t\t\t\t\t\t\t<a href=\"https:\/\/revistaidees.cat\/autors\/observatori-iq\/\">Observatori iQ<\/a>\n\t\t\t\t\t\t\t\t\t\t\t\t<\/p>\n\t\t\t\t\t\t\n\t\t\t\t<\/li>\t\t\t\t\n\t\t\t\t\t\t\t<li >\n\t\t\t\t\t<h4><a href=\"https:\/\/revistaidees.cat\/6-lautonomia-economica-en-questio\/\">L\u2019autonomia econ\u00f2mica en q\u00fcesti\u00f3?<\/a><\/h4>\n\t\t\t\t\t\t\t\t\t\t\t\t\t\t\t\t<p>\n\t\t\t\t\t\t\t\t\t\t\t\t\t\t\t\t\t\t\t\t<a href=\"https:\/\/revistaidees.cat\/autors\/observatori-iq\/\">Observatori iQ<\/a>\n\t\t\t\t\t\t\t\t\t\t\t\t<\/p>\n\t\t\t\t\t\t\n\t\t\t\t<\/li>\t\t\t\t\n\t\t\t\t\t\t\t<li >\n\t\t\t\t\t<h4><a href=\"https:\/\/revistaidees.cat\/7-el-genere-de-deu-sectors-economics-clau\/\">El g\u00e8nere de deu sectors econ\u00f2mics clau<\/a><\/h4>\n\t\t\t\t\t\t\t\t\t\t\t\t\t\t\t\t<p>\n\t\t\t\t\t\t\t\t\t\t\t\t\t\t\t\t\t\t\t\t<a href=\"https:\/\/revistaidees.cat\/autors\/observatori-iq\/\">Observatori iQ<\/a>\n\t\t\t\t\t\t\t\t\t\t\t\t<\/p>\n\t\t\t\t\t\t\n\t\t\t\t<\/li>\t\t\t\t\n\t\t\t\t\t\t\t<li >\n\t\t\t\t\t<h4><a href=\"https:\/\/revistaidees.cat\/8-casar-se-una-decisio-personal-politica-o-economica\/\">Casar-se, una decisi\u00f3 personal, pol\u00edtica o econ\u00f2mica?<\/a><\/h4>\n\t\t\t\t\t\t\t\t\t\t\t\t\t\t\t\t<p>\n\t\t\t\t\t\t\t\t\t\t\t\t\t\t\t\t\t\t\t\t<a href=\"https:\/\/revistaidees.cat\/autors\/observatori-iq\/\">Observatori iQ<\/a>\n\t\t\t\t\t\t\t\t\t\t\t\t<\/p>\n\t\t\t\t\t\t\n\t\t\t\t<\/li>\t\t\t\t\n\t\t\t\t\t\t\t<li >\n\t\t\t\t\t<h4><a href=\"https:\/\/revistaidees.cat\/9-una-decada-posposant-la-maternitat\/\">Una d\u00e8cada posposant la maternitat<\/a><\/h4>\n\t\t\t\t\t\t\t\t\t\t\t\t\t\t\t\t<p>\n\t\t\t\t\t\t\t\t\t\t\t\t\t\t\t\t\t\t\t\t<a href=\"https:\/\/revistaidees.cat\/autors\/observatori-iq\/\">Observatori iQ<\/a>\n\t\t\t\t\t\t\t\t\t\t\t\t<\/p>\n\t\t\t\t\t\t\n\t\t\t\t<\/li>\t\t\t\t\n\t\t\t\t\t\t\t<li >\n\t\t\t\t\t<h4><a href=\"https:\/\/revistaidees.cat\/10-presencia-equilibrada-als-ajuntaments\/\">Pres\u00e8ncia equilibrada als ajuntaments?<\/a><\/h4>\n\t\t\t\t\t\t\t\t\t\t\t\t\t\t\t\t<p>\n\t\t\t\t\t\t\t\t\t\t\t\t\t\t\t\t\t\t\t\t<a href=\"https:\/\/revistaidees.cat\/autors\/observatori-iq\/\">Observatori iQ<\/a>\n\t\t\t\t\t\t\t\t\t\t\t\t<\/p>\n\t\t\t\t\t\t\n\t\t\t\t<\/li>\t\t\t\t\n\t\t\t\t\t\t\t<li >\n\t\t\t\t\t<h4><a href=\"https:\/\/revistaidees.cat\/11-el-poder-economic-es-resisteix\/\">El poder econ\u00f2mic es resisteix<\/a><\/h4>\n\t\t\t\t\t\t\t\t\t\t\t\t\t\t\t\t<p>\n\t\t\t\t\t\t\t\t\t\t\t\t\t\t\t\t\t\t\t\t<a href=\"https:\/\/revistaidees.cat\/autors\/observatori-iq\/\">Observatori iQ<\/a>\n\t\t\t\t\t\t\t\t\t\t\t\t<\/p>\n\t\t\t\t\t\t\n\t\t\t\t<\/li>\t\t\t\t\n\t\t\t\t\t\t\t<li >\n\t\t\t\t\t<h4><a href=\"https:\/\/revistaidees.cat\/12-viure-amb-por-de-la-parella\/\">Viure amb por de la parella<\/a><\/h4>\n\t\t\t\t\t\t\t\t\t\t\t\t\t\t\t\t<p>\n\t\t\t\t\t\t\t\t\t\t\t\t\t\t\t\t\t\t\t\t<a href=\"https:\/\/revistaidees.cat\/autors\/observatori-iq\/\">Observatori iQ<\/a>\n\t\t\t\t\t\t\t\t\t\t\t\t<\/p>\n\t\t\t\t\t\t\n\t\t\t\t<\/li>\t\t\t\t\n\t\t\t\t\t\t\t<li >\n\t\t\t\t\t<h4><a href=\"https:\/\/revistaidees.cat\/13-on-em-va-passar\/\">On em va passar?<\/a><\/h4>\n\t\t\t\t\t\t\t\t\t\t\t\t\t\t\t\t<p>\n\t\t\t\t\t\t\t\t\t\t\t\t\t\t\t\t\t\t\t\t<a href=\"https:\/\/revistaidees.cat\/autors\/observatori-iq\/\">Observatori iQ<\/a>\n\t\t\t\t\t\t\t\t\t\t\t\t<\/p>\n\t\t\t\t\t\t\n\t\t\t\t<\/li>\t\t\t\t\n\t\t\t\t\t\t\t<li >\n\t\t\t\t\t<h4><a href=\"https:\/\/revistaidees.cat\/14-diferencies-i-similituds-en-la-cultura-quotidiana\/\">Difer\u00e8ncies i similituds en la cultura quotidiana<\/a><\/h4>\n\t\t\t\t\t\t\t\t\t\t\t\t\t\t\t\t<p>\n\t\t\t\t\t\t\t\t\t\t\t\t\t\t\t\t\t\t\t\t<a href=\"https:\/\/revistaidees.cat\/autors\/observatori-iq\/\">Observatori iQ<\/a>\n\t\t\t\t\t\t\t\t\t\t\t\t<\/p>\n\t\t\t\t\t\t\n\t\t\t\t<\/li>\t\t\t\t\n\t\t\t\t\t\t\t<li >\n\t\t\t\t\t<h4><a href=\"https:\/\/revistaidees.cat\/15-les-dones-creadores-presencia-als-espais-culturals-de-barcelona\/\">Les dones creadores: pres\u00e8ncia als espais culturals de Barcelona<\/a><\/h4>\n\t\t\t\t\t\t\t\t\t\t\t\t\t\t\t\t<p>\n\t\t\t\t\t\t\t\t\t\t\t\t\t\t\t\t\t\t\t\t<a href=\"https:\/\/revistaidees.cat\/autors\/observatori-iq\/\">Observatori iQ<\/a>\n\t\t\t\t\t\t\t\t\t\t\t\t<\/p>\n\t\t\t\t\t\t\n\t\t\t\t<\/li>\t\t\t\t\n\t\t\t\t\t\t\t<li >\n\t\t\t\t\t<h4><a href=\"https:\/\/revistaidees.cat\/16-homes-i-dones-a-la-industria-del-cinema\/\">Homes i dones a la ind\u00fastria del cinema<\/a><\/h4>\n\t\t\t\t\t\t\t\t\t\t\t\t\t\t\t\t<p>\n\t\t\t\t\t\t\t\t\t\t\t\t\t\t\t\t\t\t\t\t<a href=\"https:\/\/revistaidees.cat\/autors\/observatori-iq\/\">Observatori iQ<\/a>\n\t\t\t\t\t\t\t\t\t\t\t\t<\/p>\n\t\t\t\t\t\t\n\t\t\t\t<\/li>\t\t\t\t\n\t\t\t\t\t<\/ul><!-- end articles-group-list -->\t\t\n\t<\/div><!-- end articles-group -->","protected":false},"excerpt":{"rendered":"<p>S\u00ed, actualment encara hi ha una segregaci\u00f3 clara en la tria dels estudis universitaris entre nois i noies. Aquesta segregaci\u00f3, que prov\u00e9 de les tries fetes a l&#8217;adolesc\u00e8ncia i de la socialitzaci\u00f3 que t\u00e9 lloc encara molt abans, es trasllada posteriorment al mercat laboral, amb importants difer\u00e8ncies salarials entre sectors. Aix\u00f2 explica per qu\u00e8 l\u2019enginyeria i l&#8217;arquitectura s\u00f3n \u00e0mbits masculinitzats, les ci\u00e8ncies s\u00f3n estudis amb una composici\u00f3 parit\u00e0ria, i les ci\u00e8ncies socials i jur\u00eddiques, les arts i les humanitats, a m\u00e9s de les ci\u00e8ncies de la salut, s\u00f3n \u00e0mbits de coneixement feminitzats. Aquesta segregaci\u00f3 \u00e9s comuna arreu del m\u00f3n, i\u2026<\/p>\n","protected":false},"author":3,"featured_media":6464,"parent":0,"comment_status":"closed","ping_status":"closed","sticky":false,"template":"","format":"standard","meta":{"_acf_changed":false,"inline_featured_image":false,"_jetpack_memberships_contains_paid_content":false,"footnotes":""},"categories":[193],"tags":[],"segment":[],"subject":[],"class_list":["post-9994","post","type-post","status-publish","format-standard","has-post-thumbnail","hentry","category-feminismes-les-xifres-es"],"acf":[],"yoast_head":"<!-- This site is optimized with the Yoast SEO plugin v27.4 - https:\/\/yoast.com\/product\/yoast-seo-wordpress\/ -->\n<title>Estudis de dones i estudis d&#039;homes? &#8211; IDEES<\/title>\n<meta name=\"robots\" content=\"index, follow, max-snippet:-1, max-image-preview:large, max-video-preview:-1\" \/>\n<link rel=\"canonical\" href=\"https:\/\/revistaidees.cat\/es\/estudis-de-dones-i-estudis-dhomes\/\" \/>\n<meta property=\"og:locale\" content=\"es_ES\" \/>\n<meta property=\"og:type\" content=\"article\" \/>\n<meta property=\"og:title\" content=\"Estudis de dones i estudis d&#039;homes? &#8211; IDEES\" \/>\n<meta property=\"og:description\" content=\"S\u00ed, actualment encara hi ha una segregaci\u00f3 clara en la tria dels estudis universitaris entre nois i noies. Aquesta segregaci\u00f3, que prov\u00e9 de les tries fetes a l&#8217;adolesc\u00e8ncia i de la socialitzaci\u00f3 que t\u00e9 lloc encara molt abans, es trasllada posteriorment al mercat laboral, amb importants difer\u00e8ncies salarials entre sectors. Aix\u00f2 explica per qu\u00e8 l\u2019enginyeria i l&#8217;arquitectura s\u00f3n \u00e0mbits masculinitzats, les ci\u00e8ncies s\u00f3n estudis amb una composici\u00f3 parit\u00e0ria, i les ci\u00e8ncies socials i jur\u00eddiques, les arts i les humanitats, a m\u00e9s de les ci\u00e8ncies de la salut, s\u00f3n \u00e0mbits de coneixement feminitzats. Aquesta segregaci\u00f3 \u00e9s comuna arreu del m\u00f3n, i\u2026\" \/>\n<meta property=\"og:url\" content=\"https:\/\/revistaidees.cat\/es\/estudis-de-dones-i-estudis-dhomes\/\" \/>\n<meta property=\"og:site_name\" content=\"IDEES\" \/>\n<meta property=\"article:published_time\" content=\"2020-01-22T11:02:04+00:00\" \/>\n<meta property=\"article:modified_time\" content=\"2020-09-18T13:15:54+00:00\" \/>\n<meta name=\"author\" content=\"maria\" \/>\n<meta name=\"twitter:card\" content=\"summary_large_image\" \/>\n<meta name=\"twitter:image\" content=\"https:\/\/revistaidees.cat\/wp-content\/uploads\/2020\/01\/Indicador-cat-02.svg\" \/>\n<meta name=\"twitter:label1\" content=\"Escrito por\" \/>\n\t<meta name=\"twitter:data1\" content=\"maria\" \/>\n\t<meta name=\"twitter:label2\" content=\"Tiempo de lectura\" \/>\n\t<meta name=\"twitter:data2\" content=\"1 minuto\" \/>\n<script type=\"application\/ld+json\" class=\"yoast-schema-graph\">{\"@context\":\"https:\\\/\\\/schema.org\",\"@graph\":[{\"@type\":\"Article\",\"@id\":\"https:\\\/\\\/revistaidees.cat\\\/es\\\/estudis-de-dones-i-estudis-dhomes\\\/#article\",\"isPartOf\":{\"@id\":\"https:\\\/\\\/revistaidees.cat\\\/es\\\/estudis-de-dones-i-estudis-dhomes\\\/\"},\"author\":{\"name\":\"maria\",\"@id\":\"https:\\\/\\\/revistaidees.cat\\\/#\\\/schema\\\/person\\\/23b13c8d154c858b03b5b4905ae0d5f6\"},\"headline\":\"Estudis de dones i estudis d&#8217;homes?\",\"datePublished\":\"2020-01-22T11:02:04+00:00\",\"dateModified\":\"2020-09-18T13:15:54+00:00\",\"mainEntityOfPage\":{\"@id\":\"https:\\\/\\\/revistaidees.cat\\\/es\\\/estudis-de-dones-i-estudis-dhomes\\\/\"},\"wordCount\":152,\"image\":{\"@id\":\"https:\\\/\\\/revistaidees.cat\\\/es\\\/estudis-de-dones-i-estudis-dhomes\\\/#primaryimage\"},\"thumbnailUrl\":\"https:\\\/\\\/revistaidees.cat\\\/wp-content\\\/uploads\\\/2020\\\/01\\\/Indicador-cat-02.svg\",\"articleSection\":[\"Feminismos: Las cifras\"],\"inLanguage\":\"es\"},{\"@type\":\"WebPage\",\"@id\":\"https:\\\/\\\/revistaidees.cat\\\/es\\\/estudis-de-dones-i-estudis-dhomes\\\/\",\"url\":\"https:\\\/\\\/revistaidees.cat\\\/es\\\/estudis-de-dones-i-estudis-dhomes\\\/\",\"name\":\"Estudis de dones i estudis d'homes? &#8211; IDEES\",\"isPartOf\":{\"@id\":\"https:\\\/\\\/revistaidees.cat\\\/#website\"},\"primaryImageOfPage\":{\"@id\":\"https:\\\/\\\/revistaidees.cat\\\/es\\\/estudis-de-dones-i-estudis-dhomes\\\/#primaryimage\"},\"image\":{\"@id\":\"https:\\\/\\\/revistaidees.cat\\\/es\\\/estudis-de-dones-i-estudis-dhomes\\\/#primaryimage\"},\"thumbnailUrl\":\"https:\\\/\\\/revistaidees.cat\\\/wp-content\\\/uploads\\\/2020\\\/01\\\/Indicador-cat-02.svg\",\"datePublished\":\"2020-01-22T11:02:04+00:00\",\"dateModified\":\"2020-09-18T13:15:54+00:00\",\"author\":{\"@id\":\"https:\\\/\\\/revistaidees.cat\\\/#\\\/schema\\\/person\\\/23b13c8d154c858b03b5b4905ae0d5f6\"},\"breadcrumb\":{\"@id\":\"https:\\\/\\\/revistaidees.cat\\\/es\\\/estudis-de-dones-i-estudis-dhomes\\\/#breadcrumb\"},\"inLanguage\":\"es\",\"potentialAction\":[{\"@type\":\"ReadAction\",\"target\":[\"https:\\\/\\\/revistaidees.cat\\\/es\\\/estudis-de-dones-i-estudis-dhomes\\\/\"]}]},{\"@type\":\"ImageObject\",\"inLanguage\":\"es\",\"@id\":\"https:\\\/\\\/revistaidees.cat\\\/es\\\/estudis-de-dones-i-estudis-dhomes\\\/#primaryimage\",\"url\":\"https:\\\/\\\/revistaidees.cat\\\/wp-content\\\/uploads\\\/2020\\\/01\\\/Indicador-cat-02.svg\",\"contentUrl\":\"https:\\\/\\\/revistaidees.cat\\\/wp-content\\\/uploads\\\/2020\\\/01\\\/Indicador-cat-02.svg\",\"caption\":\"Nadia Sanmartin\"},{\"@type\":\"BreadcrumbList\",\"@id\":\"https:\\\/\\\/revistaidees.cat\\\/es\\\/estudis-de-dones-i-estudis-dhomes\\\/#breadcrumb\",\"itemListElement\":[{\"@type\":\"ListItem\",\"position\":1,\"name\":\"Inici\",\"item\":\"https:\\\/\\\/revistaidees.cat\\\/es\\\/\"},{\"@type\":\"ListItem\",\"position\":2,\"name\":\"Estudis de dones i estudis d&#8217;homes?\"}]},{\"@type\":\"WebSite\",\"@id\":\"https:\\\/\\\/revistaidees.cat\\\/#website\",\"url\":\"https:\\\/\\\/revistaidees.cat\\\/\",\"name\":\"IDEES\",\"description\":\"Revista de temas contempor\u00e1neos\",\"potentialAction\":[{\"@type\":\"SearchAction\",\"target\":{\"@type\":\"EntryPoint\",\"urlTemplate\":\"https:\\\/\\\/revistaidees.cat\\\/?s={search_term_string}\"},\"query-input\":{\"@type\":\"PropertyValueSpecification\",\"valueRequired\":true,\"valueName\":\"search_term_string\"}}],\"inLanguage\":\"es\"},{\"@type\":\"Person\",\"@id\":\"https:\\\/\\\/revistaidees.cat\\\/#\\\/schema\\\/person\\\/23b13c8d154c858b03b5b4905ae0d5f6\",\"name\":\"maria\",\"image\":{\"@type\":\"ImageObject\",\"inLanguage\":\"es\",\"@id\":\"https:\\\/\\\/secure.gravatar.com\\\/avatar\\\/4abe985cb800e0b75c4c7bfc4fd0973825f533e0620f989a75661b23c3255192?s=96&d=mm&r=g\",\"url\":\"https:\\\/\\\/secure.gravatar.com\\\/avatar\\\/4abe985cb800e0b75c4c7bfc4fd0973825f533e0620f989a75661b23c3255192?s=96&d=mm&r=g\",\"contentUrl\":\"https:\\\/\\\/secure.gravatar.com\\\/avatar\\\/4abe985cb800e0b75c4c7bfc4fd0973825f533e0620f989a75661b23c3255192?s=96&d=mm&r=g\",\"caption\":\"maria\"}}]}<\/script>\n<!-- \/ Yoast SEO plugin. -->","yoast_head_json":{"title":"Estudis de dones i estudis d'homes? &#8211; IDEES","robots":{"index":"index","follow":"follow","max-snippet":"max-snippet:-1","max-image-preview":"max-image-preview:large","max-video-preview":"max-video-preview:-1"},"canonical":"https:\/\/revistaidees.cat\/es\/estudis-de-dones-i-estudis-dhomes\/","og_locale":"es_ES","og_type":"article","og_title":"Estudis de dones i estudis d'homes? &#8211; IDEES","og_description":"S\u00ed, actualment encara hi ha una segregaci\u00f3 clara en la tria dels estudis universitaris entre nois i noies. Aquesta segregaci\u00f3, que prov\u00e9 de les tries fetes a l&#8217;adolesc\u00e8ncia i de la socialitzaci\u00f3 que t\u00e9 lloc encara molt abans, es trasllada posteriorment al mercat laboral, amb importants difer\u00e8ncies salarials entre sectors. Aix\u00f2 explica per qu\u00e8 l\u2019enginyeria i l&#8217;arquitectura s\u00f3n \u00e0mbits masculinitzats, les ci\u00e8ncies s\u00f3n estudis amb una composici\u00f3 parit\u00e0ria, i les ci\u00e8ncies socials i jur\u00eddiques, les arts i les humanitats, a m\u00e9s de les ci\u00e8ncies de la salut, s\u00f3n \u00e0mbits de coneixement feminitzats. Aquesta segregaci\u00f3 \u00e9s comuna arreu del m\u00f3n, i\u2026","og_url":"https:\/\/revistaidees.cat\/es\/estudis-de-dones-i-estudis-dhomes\/","og_site_name":"IDEES","article_published_time":"2020-01-22T11:02:04+00:00","article_modified_time":"2020-09-18T13:15:54+00:00","author":"maria","twitter_card":"summary_large_image","twitter_image":"https:\/\/revistaidees.cat\/wp-content\/uploads\/2020\/01\/Indicador-cat-02.svg","twitter_misc":{"Escrito por":"maria","Tiempo de lectura":"1 minuto"},"schema":{"@context":"https:\/\/schema.org","@graph":[{"@type":"Article","@id":"https:\/\/revistaidees.cat\/es\/estudis-de-dones-i-estudis-dhomes\/#article","isPartOf":{"@id":"https:\/\/revistaidees.cat\/es\/estudis-de-dones-i-estudis-dhomes\/"},"author":{"name":"maria","@id":"https:\/\/revistaidees.cat\/#\/schema\/person\/23b13c8d154c858b03b5b4905ae0d5f6"},"headline":"Estudis de dones i estudis d&#8217;homes?","datePublished":"2020-01-22T11:02:04+00:00","dateModified":"2020-09-18T13:15:54+00:00","mainEntityOfPage":{"@id":"https:\/\/revistaidees.cat\/es\/estudis-de-dones-i-estudis-dhomes\/"},"wordCount":152,"image":{"@id":"https:\/\/revistaidees.cat\/es\/estudis-de-dones-i-estudis-dhomes\/#primaryimage"},"thumbnailUrl":"https:\/\/revistaidees.cat\/wp-content\/uploads\/2020\/01\/Indicador-cat-02.svg","articleSection":["Feminismos: Las cifras"],"inLanguage":"es"},{"@type":"WebPage","@id":"https:\/\/revistaidees.cat\/es\/estudis-de-dones-i-estudis-dhomes\/","url":"https:\/\/revistaidees.cat\/es\/estudis-de-dones-i-estudis-dhomes\/","name":"Estudis de dones i estudis d'homes? &#8211; IDEES","isPartOf":{"@id":"https:\/\/revistaidees.cat\/#website"},"primaryImageOfPage":{"@id":"https:\/\/revistaidees.cat\/es\/estudis-de-dones-i-estudis-dhomes\/#primaryimage"},"image":{"@id":"https:\/\/revistaidees.cat\/es\/estudis-de-dones-i-estudis-dhomes\/#primaryimage"},"thumbnailUrl":"https:\/\/revistaidees.cat\/wp-content\/uploads\/2020\/01\/Indicador-cat-02.svg","datePublished":"2020-01-22T11:02:04+00:00","dateModified":"2020-09-18T13:15:54+00:00","author":{"@id":"https:\/\/revistaidees.cat\/#\/schema\/person\/23b13c8d154c858b03b5b4905ae0d5f6"},"breadcrumb":{"@id":"https:\/\/revistaidees.cat\/es\/estudis-de-dones-i-estudis-dhomes\/#breadcrumb"},"inLanguage":"es","potentialAction":[{"@type":"ReadAction","target":["https:\/\/revistaidees.cat\/es\/estudis-de-dones-i-estudis-dhomes\/"]}]},{"@type":"ImageObject","inLanguage":"es","@id":"https:\/\/revistaidees.cat\/es\/estudis-de-dones-i-estudis-dhomes\/#primaryimage","url":"https:\/\/revistaidees.cat\/wp-content\/uploads\/2020\/01\/Indicador-cat-02.svg","contentUrl":"https:\/\/revistaidees.cat\/wp-content\/uploads\/2020\/01\/Indicador-cat-02.svg","caption":"Nadia Sanmartin"},{"@type":"BreadcrumbList","@id":"https:\/\/revistaidees.cat\/es\/estudis-de-dones-i-estudis-dhomes\/#breadcrumb","itemListElement":[{"@type":"ListItem","position":1,"name":"Inici","item":"https:\/\/revistaidees.cat\/es\/"},{"@type":"ListItem","position":2,"name":"Estudis de dones i estudis d&#8217;homes?"}]},{"@type":"WebSite","@id":"https:\/\/revistaidees.cat\/#website","url":"https:\/\/revistaidees.cat\/","name":"IDEES","description":"Revista de temas contempor\u00e1neos","potentialAction":[{"@type":"SearchAction","target":{"@type":"EntryPoint","urlTemplate":"https:\/\/revistaidees.cat\/?s={search_term_string}"},"query-input":{"@type":"PropertyValueSpecification","valueRequired":true,"valueName":"search_term_string"}}],"inLanguage":"es"},{"@type":"Person","@id":"https:\/\/revistaidees.cat\/#\/schema\/person\/23b13c8d154c858b03b5b4905ae0d5f6","name":"maria","image":{"@type":"ImageObject","inLanguage":"es","@id":"https:\/\/secure.gravatar.com\/avatar\/4abe985cb800e0b75c4c7bfc4fd0973825f533e0620f989a75661b23c3255192?s=96&d=mm&r=g","url":"https:\/\/secure.gravatar.com\/avatar\/4abe985cb800e0b75c4c7bfc4fd0973825f533e0620f989a75661b23c3255192?s=96&d=mm&r=g","contentUrl":"https:\/\/secure.gravatar.com\/avatar\/4abe985cb800e0b75c4c7bfc4fd0973825f533e0620f989a75661b23c3255192?s=96&d=mm&r=g","caption":"maria"}}]}},"jetpack_featured_media_url":"https:\/\/revistaidees.cat\/wp-content\/uploads\/2020\/01\/Indicador-cat-02.svg","jetpack_sharing_enabled":true,"_links":{"self":[{"href":"https:\/\/revistaidees.cat\/es\/wp-json\/wp\/v2\/posts\/9994","targetHints":{"allow":["GET"]}}],"collection":[{"href":"https:\/\/revistaidees.cat\/es\/wp-json\/wp\/v2\/posts"}],"about":[{"href":"https:\/\/revistaidees.cat\/es\/wp-json\/wp\/v2\/types\/post"}],"author":[{"embeddable":true,"href":"https:\/\/revistaidees.cat\/es\/wp-json\/wp\/v2\/users\/3"}],"replies":[{"embeddable":true,"href":"https:\/\/revistaidees.cat\/es\/wp-json\/wp\/v2\/comments?post=9994"}],"version-history":[{"count":1,"href":"https:\/\/revistaidees.cat\/es\/wp-json\/wp\/v2\/posts\/9994\/revisions"}],"predecessor-version":[{"id":20551,"href":"https:\/\/revistaidees.cat\/es\/wp-json\/wp\/v2\/posts\/9994\/revisions\/20551"}],"wp:featuredmedia":[{"embeddable":true,"href":"https:\/\/revistaidees.cat\/es\/wp-json\/wp\/v2\/media\/6464"}],"wp:attachment":[{"href":"https:\/\/revistaidees.cat\/es\/wp-json\/wp\/v2\/media?parent=9994"}],"wp:term":[{"taxonomy":"category","embeddable":true,"href":"https:\/\/revistaidees.cat\/es\/wp-json\/wp\/v2\/categories?post=9994"},{"taxonomy":"post_tag","embeddable":true,"href":"https:\/\/revistaidees.cat\/es\/wp-json\/wp\/v2\/tags?post=9994"},{"taxonomy":"segment","embeddable":true,"href":"https:\/\/revistaidees.cat\/es\/wp-json\/wp\/v2\/segment?post=9994"},{"taxonomy":"subject","embeddable":true,"href":"https:\/\/revistaidees.cat\/es\/wp-json\/wp\/v2\/subject?post=9994"}],"curies":[{"name":"wp","href":"https:\/\/api.w.org\/{rel}","templated":true}]}}